{"id":16893,"date":"2017-12-05T08:39:45","date_gmt":"2017-12-05T11:39:45","guid":{"rendered":"http:\/\/www.noticiasradioreflejos.com.ar\/noticias\/?p=16893"},"modified":"2017-12-05T08:39:45","modified_gmt":"2017-12-05T11:39:45","slug":"bordoni-considero-como-acertada-la-decision-del-sindicato-de-trabajadores-municipales","status":"publish","type":"post","link":"https:\/\/www.noticiasradioreflejos.com.ar\/2021\/bordoni-considero-como-acertada-la-decision-del-sindicato-de-trabajadores-municipales\/","title":{"rendered":"Bordoni consider\u00f3 como \u201cacertada\u201d la decisi\u00f3n del Sindicato de Trabajadores Municipales"},"content":{"rendered":"<p>El intendente municipal, Sergio Bordoni, consider\u00f3 como \u201cacertada\u201d la decisi\u00f3n del Sindicato de Trabajadores Municipales en declararse en estado de alerta y movilizaci\u00f3n ante la incertidumbre sobre el cobro de sueldos y aguinaldos en diciembre.<!--more--><br \/>\n\u201cMe parece que es l\u00f3gico que est\u00e9n preocupados por sus haberes y el aguinaldo, es una medida que tienen que tomar y no estoy en desacuerdo. Nosotros estamos haciendo todas las gestiones para que eso pueda llegar a buen puerto\u201d, expres\u00f3.<br \/>\n\u201cYo tambi\u00e9n estoy preocupado, para mi es prioritario pagarle los haberes a los empleados porque se lo merecen\u201d, a\u00f1adi\u00f3 y reiter\u00f3: \u201cLa medida del gremio no es descabellada, yo cuando era empleado tambi\u00e9n me preocupaba cuando la situaci\u00f3n del banco no era la que quisi\u00e9ramos tener. Me parece que es acertada y tiene todo el derecho de hacerla\u201d.<br \/>\nSin embargo, Bordoni confi\u00f3 en que \u201clos sueldos estar\u00edan garantizados porque nunca los dejamos de pagar, los empleados siempre han cobrado tiempo y forma, y la plata para el aguinaldo siempre tuvo que venir de naci\u00f3n o provincia\u201d. \u201cLo bueno de todo esto es que por mis declaraciones en LU2 y La Nueva supimos depues que no somos los \u00fanicos que estamos en la misma situaci\u00f3n, as\u00ed tambi\u00e9n est\u00e1n Puan, Coronel Pr\u00edngles, Coronel Su\u00e1rez, Carhu\u00e9 y Guamin\u00ed, entre otros\u201d, asegur\u00f3.<br \/>\nPor otra parte, Bordoni se refiri\u00f3 a declaraciones sobre su gesti\u00f3n publicadas en medios de la regi\u00f3n: \u201cMuy barato lo que publicaron, totalmente veros\u00edmil, la gente sabe qui\u00e9n soy, no tengo que dar explicaciones de nada, no me voy a prender en esa pol\u00edtica barata que hacen, que sigan trabajando que el resultado eleccionario dio la muestra de lo que la ciudadan\u00eda del distrito quiere. Que sigan con la mentira como han seguido durante a\u00f1os de gesti\u00f3n de gobierno y yo me sigo manejando con la verdad y transparencia que me caracterizan y no tengo que responder a nada que no sea cierto\u201d.<br \/>\nSobre la deuda con proveedores, el jefe comunal indic\u00f3 que es de tres meses, \u201calgo normal para un municipio, aunque antes el atraso era de dos. Hasta ahora ninguno nos ha cortado la canilla, estamos tratando de ser austeros y gastando lo menos posible para que esos proveedores no se sientan afectados por el tema econ\u00f3mico\u201d.<br \/>\n\u201cPara febrero y marzo la situaci\u00f3n se va a normalizar. Cuando me hice cargo del municipio hab\u00eda deudas de seis meses, hoy estamos con solo tres meses de atraso, aunque quiero estar al d\u00eda con todo\u201d, a\u00f1adi\u00f3 al respecto.<br \/>\nEn tanto, sobre el recorte de cargos pol\u00edticos que se lleva adelante a nivel provincial y en algunos municipios como Bah\u00eda Blanca, Bordoni asegur\u00f3 que en Tornquist \u201cvoy a seguir como estoy, no tengo secretar\u00edas de m\u00e1s, nos mantenemos como el organigrama lo dice\u201d. Inclusive, indic\u00f3 que a\u00fan se encuentra vacante el cargo de Subsecretario de Acci\u00f3n Social de Saldungaray, que \u201ces muy probable que pongamos a alguna persona para darle respiro a Fabio Gonz\u00e1lez\u201d.<br \/>\nPor \u00faltimo, sobre la dif\u00edcil situaci\u00f3n econ\u00f3mica de la comuna, analiz\u00f3: \u201cNo es que se ha manejado mal la cosa, si no que la recaudaci\u00f3n ha ca\u00eddo por las causas que yo estoy exponiendo. Yo no soy como intendentes anteriores, que eran obsecuentes con un gobierno que le ment\u00eda a la gente, que dec\u00eda que hab\u00eda una inflaci\u00f3n del 25% cuando en realidad era del 50%, que no hab\u00eda pobreza ni desocupados, eran todas mentiras. Yo veo la realidad y no tengo por qu\u00e9 ocultarla, y se la expreso tambi\u00e9n a mis pares a nivel provincial y nacional, puedo ser simp\u00e1tico o no para ellos, pero no me callo nada cuando veo las cosas mal y las digo\u201d.<br \/>\n\u201cEl aumento de tarifas nos impacta directa e indirectamente a nosotros, porque la va a priorizar pagar la luz y el gas antes que los impuestos municipales, es sentido com\u00fan. No me cabe duda que la situaci\u00f3n econ\u00f3mica va a mejorar, pero hoy a los municipios chicos nos cuesta poder acomodarnos\u201d, concluy\u00f3.<br \/>\n<iframe loading=\"lazy\" src=\"https:\/\/w.soundcloud.com\/player\/?url=https%3A\/\/api.soundcloud.com\/tracks\/365250383&amp;color=%23ff5500&amp;auto_play=false&amp;hide_related=false&amp;show_comments=true&amp;show_user=true&amp;show_reposts=false&amp;show_teaser=true\" width=\"100%\" height=\"166\" frameborder=\"no\" scrolling=\"no\"><\/iframe><br \/>\nGentileza <a href=\"http:\/\/noticiastornquist.com.ar\">Noticias Tornquist<\/a><\/p>\n","protected":false},"excerpt":{"rendered":"<p>El intendente municipal, Sergio Bordoni, consider\u00f3 como \u201cacertada\u201d la decisi\u00f3n del Sindicato de Trabajadores Municipales en declararse en estado de alerta y movilizaci\u00f3n ante la incertidumbre sobre el cobro de sueldos y aguinaldos en diciembre.<\/p>\n","protected":false},"author":3,"featured_media":0,"comment_status":"closed","ping_status":"open","sticky":false,"template":"","format":"standard","meta":{"footnotes":""},"categories":[24],"tags":[],"class_list":["post-16893","post","type-post","status-publish","format-standard","hentry","category-politica"],"yoast_head":"<!-- This site is optimized with the Yoast SEO plugin v25.9 - https:\/\/yoast.com\/wordpress\/plugins\/seo\/ -->\n<title>Bordoni consider\u00f3 como \u201cacertada\u201d la decisi\u00f3n del Sindicato de Trabajadores Municipales - Noticias Radio Reflejos<\/title>\n<meta name=\"robots\" content=\"index, follow, max-snippet:-1, max-image-preview:large, max-video-preview:-1\" \/>\n<link rel=\"canonical\" href=\"https:\/\/www.noticiasradioreflejos.com.ar\/2021\/bordoni-considero-como-acertada-la-decision-del-sindicato-de-trabajadores-municipales\/\" \/>\n<meta property=\"og:locale\" content=\"es_ES\" \/>\n<meta property=\"og:type\" content=\"article\" \/>\n<meta property=\"og:title\" content=\"Bordoni consider\u00f3 como \u201cacertada\u201d la decisi\u00f3n del Sindicato de Trabajadores Municipales - Noticias Radio Reflejos\" \/>\n<meta property=\"og:description\" content=\"El intendente municipal, Sergio Bordoni, consider\u00f3 como \u201cacertada\u201d la decisi\u00f3n del Sindicato de Trabajadores Municipales en declararse en estado de alerta y movilizaci\u00f3n ante la incertidumbre sobre el cobro de sueldos y aguinaldos en diciembre.\" \/>\n<meta property=\"og:url\" content=\"https:\/\/www.noticiasradioreflejos.com.ar\/2021\/bordoni-considero-como-acertada-la-decision-del-sindicato-de-trabajadores-municipales\/\" \/>\n<meta property=\"og:site_name\" content=\"Noticias Radio Reflejos\" \/>\n<meta property=\"article:published_time\" content=\"2017-12-05T11:39:45+00:00\" \/>\n<meta property=\"og:image\" content=\"https:\/\/www.noticiasradioreflejos.com.ar\/2021\/wp-content\/uploads\/2021\/07\/logosol300x200.png\" \/>\n\t<meta property=\"og:image:width\" content=\"300\" \/>\n\t<meta property=\"og:image:height\" content=\"200\" \/>\n\t<meta property=\"og:image:type\" content=\"image\/png\" \/>\n<meta name=\"author\" content=\"Arnaldo Botto\" \/>\n<meta name=\"twitter:card\" content=\"summary_large_image\" \/>\n<script type=\"application\/ld+json\" class=\"yoast-schema-graph\">{\"@context\":\"https:\/\/schema.org\",\"@graph\":[{\"@type\":\"WebPage\",\"@id\":\"https:\/\/www.noticiasradioreflejos.com.ar\/2021\/bordoni-considero-como-acertada-la-decision-del-sindicato-de-trabajadores-municipales\/\",\"url\":\"https:\/\/www.noticiasradioreflejos.com.ar\/2021\/bordoni-considero-como-acertada-la-decision-del-sindicato-de-trabajadores-municipales\/\",\"name\":\"Bordoni consider\u00f3 como \u201cacertada\u201d la decisi\u00f3n del Sindicato de Trabajadores Municipales - Noticias Radio Reflejos\",\"isPartOf\":{\"@id\":\"https:\/\/www.noticiasradioreflejos.com.ar\/2021\/#website\"},\"datePublished\":\"2017-12-05T11:39:45+00:00\",\"author\":{\"@id\":\"https:\/\/www.noticiasradioreflejos.com.ar\/2021\/#\/schema\/person\/ad82545263dcc5ec0996818884fd5fb1\"},\"breadcrumb\":{\"@id\":\"https:\/\/www.noticiasradioreflejos.com.ar\/2021\/bordoni-considero-como-acertada-la-decision-del-sindicato-de-trabajadores-municipales\/#breadcrumb\"},\"inLanguage\":\"es\",\"potentialAction\":[{\"@type\":\"ReadAction\",\"target\":[\"https:\/\/www.noticiasradioreflejos.com.ar\/2021\/bordoni-considero-como-acertada-la-decision-del-sindicato-de-trabajadores-municipales\/\"]}]},{\"@type\":\"BreadcrumbList\",\"@id\":\"https:\/\/www.noticiasradioreflejos.com.ar\/2021\/bordoni-considero-como-acertada-la-decision-del-sindicato-de-trabajadores-municipales\/#breadcrumb\",\"itemListElement\":[{\"@type\":\"ListItem\",\"position\":1,\"name\":\"Portada\",\"item\":\"https:\/\/www.noticiasradioreflejos.com.ar\/2021\/\"},{\"@type\":\"ListItem\",\"position\":2,\"name\":\"Bordoni consider\u00f3 como \u201cacertada\u201d la decisi\u00f3n del Sindicato de Trabajadores Municipales\"}]},{\"@type\":\"WebSite\",\"@id\":\"https:\/\/www.noticiasradioreflejos.com.ar\/2021\/#website\",\"url\":\"https:\/\/www.noticiasradioreflejos.com.ar\/2021\/\",\"name\":\"Noticias Radio Reflejos\",\"description\":\"Las noticias de mi comarca\",\"potentialAction\":[{\"@type\":\"SearchAction\",\"target\":{\"@type\":\"EntryPoint\",\"urlTemplate\":\"https:\/\/www.noticiasradioreflejos.com.ar\/2021\/?s={search_term_string}\"},\"query-input\":{\"@type\":\"PropertyValueSpecification\",\"valueRequired\":true,\"valueName\":\"search_term_string\"}}],\"inLanguage\":\"es\"},{\"@type\":\"Person\",\"@id\":\"https:\/\/www.noticiasradioreflejos.com.ar\/2021\/#\/schema\/person\/ad82545263dcc5ec0996818884fd5fb1\",\"name\":\"Arnaldo Botto\",\"image\":{\"@type\":\"ImageObject\",\"inLanguage\":\"es\",\"@id\":\"https:\/\/www.noticiasradioreflejos.com.ar\/2021\/#\/schema\/person\/image\/\",\"url\":\"https:\/\/secure.gravatar.com\/avatar\/55cb5e37c1efa326397366e6974cb338056df65cb50e7d64d1cf314e87504837?s=96&d=mm&r=g\",\"contentUrl\":\"https:\/\/secure.gravatar.com\/avatar\/55cb5e37c1efa326397366e6974cb338056df65cb50e7d64d1cf314e87504837?s=96&d=mm&r=g\",\"caption\":\"Arnaldo Botto\"},\"url\":\"https:\/\/www.noticiasradioreflejos.com.ar\/2021\/author\/arnaldo\/\"}]}<\/script>\n<!-- \/ Yoast SEO plugin. -->","yoast_head_json":{"title":"Bordoni consider\u00f3 como \u201cacertada\u201d la decisi\u00f3n del Sindicato de Trabajadores Municipales - Noticias Radio Reflejos","robots":{"index":"index","follow":"follow","max-snippet":"max-snippet:-1","max-image-preview":"max-image-preview:large","max-video-preview":"max-video-preview:-1"},"canonical":"https:\/\/www.noticiasradioreflejos.com.ar\/2021\/bordoni-considero-como-acertada-la-decision-del-sindicato-de-trabajadores-municipales\/","og_locale":"es_ES","og_type":"article","og_title":"Bordoni consider\u00f3 como \u201cacertada\u201d la decisi\u00f3n del Sindicato de Trabajadores Municipales - Noticias Radio Reflejos","og_description":"El intendente municipal, Sergio Bordoni, consider\u00f3 como \u201cacertada\u201d la decisi\u00f3n del Sindicato de Trabajadores Municipales en declararse en estado de alerta y movilizaci\u00f3n ante la incertidumbre sobre el cobro de sueldos y aguinaldos en diciembre.","og_url":"https:\/\/www.noticiasradioreflejos.com.ar\/2021\/bordoni-considero-como-acertada-la-decision-del-sindicato-de-trabajadores-municipales\/","og_site_name":"Noticias Radio Reflejos","article_published_time":"2017-12-05T11:39:45+00:00","og_image":[{"width":300,"height":200,"url":"https:\/\/www.noticiasradioreflejos.com.ar\/2021\/wp-content\/uploads\/2021\/07\/logosol300x200.png","type":"image\/png"}],"author":"Arnaldo Botto","twitter_card":"summary_large_image","schema":{"@context":"https:\/\/schema.org","@graph":[{"@type":"WebPage","@id":"https:\/\/www.noticiasradioreflejos.com.ar\/2021\/bordoni-considero-como-acertada-la-decision-del-sindicato-de-trabajadores-municipales\/","url":"https:\/\/www.noticiasradioreflejos.com.ar\/2021\/bordoni-considero-como-acertada-la-decision-del-sindicato-de-trabajadores-municipales\/","name":"Bordoni consider\u00f3 como \u201cacertada\u201d la decisi\u00f3n del Sindicato de Trabajadores Municipales - Noticias Radio Reflejos","isPartOf":{"@id":"https:\/\/www.noticiasradioreflejos.com.ar\/2021\/#website"},"datePublished":"2017-12-05T11:39:45+00:00","author":{"@id":"https:\/\/www.noticiasradioreflejos.com.ar\/2021\/#\/schema\/person\/ad82545263dcc5ec0996818884fd5fb1"},"breadcrumb":{"@id":"https:\/\/www.noticiasradioreflejos.com.ar\/2021\/bordoni-considero-como-acertada-la-decision-del-sindicato-de-trabajadores-municipales\/#breadcrumb"},"inLanguage":"es","potentialAction":[{"@type":"ReadAction","target":["https:\/\/www.noticiasradioreflejos.com.ar\/2021\/bordoni-considero-como-acertada-la-decision-del-sindicato-de-trabajadores-municipales\/"]}]},{"@type":"BreadcrumbList","@id":"https:\/\/www.noticiasradioreflejos.com.ar\/2021\/bordoni-considero-como-acertada-la-decision-del-sindicato-de-trabajadores-municipales\/#breadcrumb","itemListElement":[{"@type":"ListItem","position":1,"name":"Portada","item":"https:\/\/www.noticiasradioreflejos.com.ar\/2021\/"},{"@type":"ListItem","position":2,"name":"Bordoni consider\u00f3 como \u201cacertada\u201d la decisi\u00f3n del Sindicato de Trabajadores Municipales"}]},{"@type":"WebSite","@id":"https:\/\/www.noticiasradioreflejos.com.ar\/2021\/#website","url":"https:\/\/www.noticiasradioreflejos.com.ar\/2021\/","name":"Noticias Radio Reflejos","description":"Las noticias de mi comarca","potentialAction":[{"@type":"SearchAction","target":{"@type":"EntryPoint","urlTemplate":"https:\/\/www.noticiasradioreflejos.com.ar\/2021\/?s={search_term_string}"},"query-input":{"@type":"PropertyValueSpecification","valueRequired":true,"valueName":"search_term_string"}}],"inLanguage":"es"},{"@type":"Person","@id":"https:\/\/www.noticiasradioreflejos.com.ar\/2021\/#\/schema\/person\/ad82545263dcc5ec0996818884fd5fb1","name":"Arnaldo Botto","image":{"@type":"ImageObject","inLanguage":"es","@id":"https:\/\/www.noticiasradioreflejos.com.ar\/2021\/#\/schema\/person\/image\/","url":"https:\/\/secure.gravatar.com\/avatar\/55cb5e37c1efa326397366e6974cb338056df65cb50e7d64d1cf314e87504837?s=96&d=mm&r=g","contentUrl":"https:\/\/secure.gravatar.com\/avatar\/55cb5e37c1efa326397366e6974cb338056df65cb50e7d64d1cf314e87504837?s=96&d=mm&r=g","caption":"Arnaldo Botto"},"url":"https:\/\/www.noticiasradioreflejos.com.ar\/2021\/author\/arnaldo\/"}]}},"_links":{"self":[{"href":"https:\/\/www.noticiasradioreflejos.com.ar\/2021\/wp-json\/wp\/v2\/posts\/16893","targetHints":{"allow":["GET"]}}],"collection":[{"href":"https:\/\/www.noticiasradioreflejos.com.ar\/2021\/wp-json\/wp\/v2\/posts"}],"about":[{"href":"https:\/\/www.noticiasradioreflejos.com.ar\/2021\/wp-json\/wp\/v2\/types\/post"}],"author":[{"embeddable":true,"href":"https:\/\/www.noticiasradioreflejos.com.ar\/2021\/wp-json\/wp\/v2\/users\/3"}],"replies":[{"embeddable":true,"href":"https:\/\/www.noticiasradioreflejos.com.ar\/2021\/wp-json\/wp\/v2\/comments?post=16893"}],"version-history":[{"count":0,"href":"https:\/\/www.noticiasradioreflejos.com.ar\/2021\/wp-json\/wp\/v2\/posts\/16893\/revisions"}],"wp:attachment":[{"href":"https:\/\/www.noticiasradioreflejos.com.ar\/2021\/wp-json\/wp\/v2\/media?parent=16893"}],"wp:term":[{"taxonomy":"category","embeddable":true,"href":"https:\/\/www.noticiasradioreflejos.com.ar\/2021\/wp-json\/wp\/v2\/categories?post=16893"},{"taxonomy":"post_tag","embeddable":true,"href":"https:\/\/www.noticiasradioreflejos.com.ar\/2021\/wp-json\/wp\/v2\/tags?post=16893"}],"curies":[{"name":"wp","href":"https:\/\/api.w.org\/{rel}","templated":true}]}}