{"id":16882,"date":"2017-12-05T01:36:00","date_gmt":"2017-12-05T04:36:00","guid":{"rendered":"http:\/\/www.noticiasradioreflejos.com.ar\/noticias\/?p=16882"},"modified":"2017-12-05T01:36:00","modified_gmt":"2017-12-05T04:36:00","slug":"el-pj-presento-su-lista-de-unidad","status":"publish","type":"post","link":"https:\/\/www.noticiasradioreflejos.com.ar\/2021\/el-pj-presento-su-lista-de-unidad\/","title":{"rendered":"El PJ present\u00f3 su lista de unidad."},"content":{"rendered":"<p>Lo que parece imposible se convierte en posible. Esto ha ocurrido despu\u00e9s de varias reuniones en la sede del Partido Justicialista y a pesar de profundas diferencias entre varios de sus componentes hoy parece que las aguas turbulentas se han calmado y comienza una nueva etapa dentro del partido.<!--more--><br \/>\nEste lunes se present\u00f3 formalmente la lista de unidad del Justicialismo que encabezar\u00e1 el pr\u00f3ximo domingo 17 de Diciembre, V\u00edctor Leal como candidato a Presidente del mismo siendo secundado como Vice por el Ex Intendente Gustavo Trankels.<br \/>\nA prop\u00f3sito el ex jefe comunal era impulsado como cabeza de lista por el grupo que apoy\u00f3 a Cumplir aunque en la mesa chica se debi\u00f3 negociar con Unidad Ciudadana y se impuso el nombre del oriundo de Villa Serrana La Gruta que integr\u00f3 la lista de candidatos en las elecciones de Octubre.<br \/>\nEn la mesa, estuvieron el actual titular del partido Juan Carlos Gisler que continuar\u00e1 como vocal y otros integrantes que integran la lista.<br \/>\nLos tres hicieron uso de la palabra y dejaron en claro que la unidad es pregonada desde todo punto de vista luego de limar asperezas, cosa que no ha sido f\u00e1cil pero se ha logrado, seg\u00fan indicaron.<br \/>\nUna pata importante que resaltaron son los integrantes del massismo. Algunas caras se vieron en la unidad b\u00e1sica aunque restar\u00eda una confirmaci\u00f3n oficial de apoyo al grupo.<br \/>\nEl acto fue breve y luego adem\u00e1s de los choripanes se cant\u00f3 la tradicional marcha peronista.<br \/>\nLista del Consejo De Partido para las elecciones del 17 de Diciembre<br \/>\nPresidente: Victor Leal(Villa Serrana La Gruta)<br \/>\nVice: Gustavo Trankels(Tornquist)<br \/>\nSecretario: Julio Nicolini(Tornquist)<br \/>\nSec Administraci\u00f3n y Actas: Walter Taylor(Tornquist)<br \/>\nOrganizaci\u00f3n: Rub\u00e9n Testa(Villa Ventana)<br \/>\nAdoctrinamiento: Hector Dinunzio(Tornquist)<br \/>\nAccion Social: Patricia Vazquez(Tornquist)<br \/>\nRelaciones: Julo Gaggini(Tornquist)<br \/>\nFinanzas:Olga Schiebelbein(Tornquist)<br \/>\nCultura,Prensa y Propaganda: Andrea Camus(Tornquist)<br \/>\nDe la Mujer: Anabela Madue\u00f1a(Tornquist)<br \/>\nAsesoramiento gremial:Horacio Maldonado(Tornquist)<br \/>\nJuventud: Andrea Molina(Tornquist)<br \/>\nDerechos Humanos: Claudio Masson(Sierra de la Ventana)<br \/>\nT\u00e9cnico profesional: Luis Quintana(Tornquist)<br \/>\nDiscapacidad: Carolina Natali(Tornquist)<br \/>\nVocales:<br \/>\nJuan C.Gisler(Tornquist)<br \/>\nV\u00edctor Ant\u00f3n(Tornquist)<br \/>\nSoledad Davis(Saldungaray)<br \/>\nJulio Oviedo(Chasic\u00f3)<br \/>\nJos\u00e9 Luis Vallejos(Tornquist)<br \/>\nSonia Sartore(Tornquist)<br \/>\nOsvaldo Fernandez(Tornquist)<br \/>\nJorge Boyer(Sierra de la Ventana)<br \/>\nGraciela Molina(Sierra de la Ventana)<br \/>\nRub\u00e9n Panzitta(Tornquist)<br \/>\nDiego Ureta(Tornquist)<br \/>\nOsvaldo Manieri(Villa Ventana)<br \/>\nPablo Monteagudo(Chasico)<br \/>\nJorge Cabrera(Tornquist)<br \/>\nLudmila Becker(Tornquist)<br \/>\nMarcela Andriollo(Tornquist)<br \/>\nOscar Corvatta(Tornquist)<br \/>\nMaria Rojas(Saldungaray)<br \/>\nLeandro Guerrero(Saldungaray)<br \/>\nMaria del Carmen Olmos(Chasico)<br \/>\nCongresales(Tornquist)<br \/>\nGustavo Trankels<br \/>\nOscar Carlos Quiroz<br \/>\nSuplente<br \/>\nRodolfo Moldu<\/p>\n<div class=\"jeg_video_container jeg_video_content\"><iframe loading=\"lazy\" title=\"Marcha peronista PJ\" width=\"500\" height=\"281\" src=\"https:\/\/www.youtube.com\/embed\/n9rDCsbEfU0?feature=oembed\" frameborder=\"0\" allow=\"accelerometer; autoplay; clipboard-write; encrypted-media; gyroscope; picture-in-picture; web-share\" referrerpolicy=\"strict-origin-when-cross-origin\" allowfullscreen><\/iframe><\/div>\n<p><a title=\"PJ5\" href=\"http:\/\/farm5.staticflickr.com\/4528\/27067365939_f48aeb664d_z.jpg\" rel=\"\"><img loading=\"lazy\" decoding=\"async\" class=\"aligncenter\" title=\"PJ5\" src=\"http:\/\/farm5.staticflickr.com\/4528\/27067365939_f48aeb664d_z.jpg\" alt=\"PJ5\" width=\"640\" height=\"427\" \/><\/a><br \/>\n<a title=\"PJ3\" href=\"http:\/\/farm5.staticflickr.com\/4560\/27067366149_2fa1eb29b8_z.jpg\" rel=\"\"><img loading=\"lazy\" decoding=\"async\" class=\"aligncenter\" title=\"PJ3\" src=\"http:\/\/farm5.staticflickr.com\/4560\/27067366149_2fa1eb29b8_z.jpg\" alt=\"PJ3\" width=\"640\" height=\"427\" \/><\/a><br \/>\n<a title=\"PJ2\" href=\"http:\/\/farm5.staticflickr.com\/4556\/24971434538_9b0fe5510f_z.jpg\" rel=\"\"><img loading=\"lazy\" decoding=\"async\" class=\"aligncenter\" title=\"PJ2\" src=\"http:\/\/farm5.staticflickr.com\/4556\/24971434538_9b0fe5510f_z.jpg\" alt=\"PJ2\" width=\"640\" height=\"427\" \/><\/a><br \/>\n<a title=\"PJ\" href=\"http:\/\/farm5.staticflickr.com\/4515\/27067366299_1ac08dc5ed_z.jpg\" rel=\"\"><img loading=\"lazy\" decoding=\"async\" class=\"aligncenter\" title=\"PJ\" src=\"http:\/\/farm5.staticflickr.com\/4515\/27067366299_1ac08dc5ed_z.jpg\" alt=\"PJ\" width=\"640\" height=\"427\" \/><\/a><br \/>\n<iframe loading=\"lazy\" src=\"https:\/\/w.soundcloud.com\/player\/?url=https%3A\/\/api.soundcloud.com\/tracks\/365154041&amp;color=%23ff5500&amp;auto_play=false&amp;hide_related=false&amp;show_comments=true&amp;show_user=true&amp;show_reposts=false&amp;show_teaser=true\" width=\"100%\" height=\"166\" frameborder=\"no\" scrolling=\"no\"><\/iframe><br \/>\n<iframe loading=\"lazy\" src=\"https:\/\/w.soundcloud.com\/player\/?url=https%3A\/\/api.soundcloud.com\/tracks\/365158247&amp;color=%23ff5500&amp;auto_play=false&amp;hide_related=false&amp;show_comments=true&amp;show_user=true&amp;show_reposts=false&amp;show_teaser=true\" width=\"100%\" height=\"166\" frameborder=\"no\" scrolling=\"no\"><\/iframe><br \/>\n<iframe loading=\"lazy\" src=\"https:\/\/w.soundcloud.com\/player\/?url=https%3A\/\/api.soundcloud.com\/tracks\/365160482&amp;color=%23ff5500&amp;auto_play=false&amp;hide_related=false&amp;show_comments=true&amp;show_user=true&amp;show_reposts=false&amp;show_teaser=true\" width=\"100%\" height=\"166\" frameborder=\"no\" scrolling=\"no\"><\/iframe><br \/>\n<iframe loading=\"lazy\" src=\"https:\/\/w.soundcloud.com\/player\/?url=https%3A\/\/api.soundcloud.com\/tracks\/365162219&amp;color=%23ff5500&amp;auto_play=false&amp;hide_related=false&amp;show_comments=true&amp;show_user=true&amp;show_reposts=false&amp;show_teaser=true\" width=\"100%\" height=\"166\" frameborder=\"no\" scrolling=\"no\"><\/iframe><\/p>\n","protected":false},"excerpt":{"rendered":"<p>Lo que parece imposible se convierte en posible. Esto ha ocurrido despu\u00e9s de varias reuniones en la sede del Partido Justicialista y a pesar de profundas diferencias entre varios de sus componentes hoy parece que las aguas turbulentas se han calmado y comienza una nueva etapa dentro del partido.<\/p>\n","protected":false},"author":3,"featured_media":0,"comment_status":"closed","ping_status":"open","sticky":false,"template":"","format":"standard","meta":{"footnotes":""},"categories":[24],"tags":[],"class_list":["post-16882","post","type-post","status-publish","format-standard","hentry","category-politica"],"yoast_head":"<!-- This site is optimized with the Yoast SEO plugin v25.9 - https:\/\/yoast.com\/wordpress\/plugins\/seo\/ -->\n<title>El PJ present\u00f3 su lista de unidad. - Noticias Radio Reflejos<\/title>\n<meta name=\"robots\" content=\"index, follow, max-snippet:-1, max-image-preview:large, max-video-preview:-1\" \/>\n<link rel=\"canonical\" href=\"https:\/\/www.noticiasradioreflejos.com.ar\/2021\/el-pj-presento-su-lista-de-unidad\/\" \/>\n<meta property=\"og:locale\" content=\"es_ES\" \/>\n<meta property=\"og:type\" content=\"article\" \/>\n<meta property=\"og:title\" content=\"El PJ present\u00f3 su lista de unidad. - Noticias Radio Reflejos\" \/>\n<meta property=\"og:description\" content=\"Lo que parece imposible se convierte en posible. Esto ha ocurrido despu\u00e9s de varias reuniones en la sede del Partido Justicialista y a pesar de profundas diferencias entre varios de sus componentes hoy parece que las aguas turbulentas se han calmado y comienza una nueva etapa dentro del partido.\" \/>\n<meta property=\"og:url\" content=\"https:\/\/www.noticiasradioreflejos.com.ar\/2021\/el-pj-presento-su-lista-de-unidad\/\" \/>\n<meta property=\"og:site_name\" content=\"Noticias Radio Reflejos\" \/>\n<meta property=\"article:published_time\" content=\"2017-12-05T04:36:00+00:00\" \/>\n<meta property=\"og:image\" content=\"http:\/\/farm5.staticflickr.com\/4528\/27067365939_f48aeb664d_z.jpg\" \/>\n<meta name=\"author\" content=\"Arnaldo Botto\" \/>\n<meta name=\"twitter:card\" content=\"summary_large_image\" \/>\n<script type=\"application\/ld+json\" class=\"yoast-schema-graph\">{\"@context\":\"https:\/\/schema.org\",\"@graph\":[{\"@type\":\"WebPage\",\"@id\":\"https:\/\/www.noticiasradioreflejos.com.ar\/2021\/el-pj-presento-su-lista-de-unidad\/\",\"url\":\"https:\/\/www.noticiasradioreflejos.com.ar\/2021\/el-pj-presento-su-lista-de-unidad\/\",\"name\":\"El PJ present\u00f3 su lista de unidad. - Noticias Radio Reflejos\",\"isPartOf\":{\"@id\":\"https:\/\/www.noticiasradioreflejos.com.ar\/2021\/#website\"},\"primaryImageOfPage\":{\"@id\":\"https:\/\/www.noticiasradioreflejos.com.ar\/2021\/el-pj-presento-su-lista-de-unidad\/#primaryimage\"},\"image\":{\"@id\":\"https:\/\/www.noticiasradioreflejos.com.ar\/2021\/el-pj-presento-su-lista-de-unidad\/#primaryimage\"},\"thumbnailUrl\":\"http:\/\/farm5.staticflickr.com\/4528\/27067365939_f48aeb664d_z.jpg\",\"datePublished\":\"2017-12-05T04:36:00+00:00\",\"author\":{\"@id\":\"https:\/\/www.noticiasradioreflejos.com.ar\/2021\/#\/schema\/person\/ad82545263dcc5ec0996818884fd5fb1\"},\"breadcrumb\":{\"@id\":\"https:\/\/www.noticiasradioreflejos.com.ar\/2021\/el-pj-presento-su-lista-de-unidad\/#breadcrumb\"},\"inLanguage\":\"es\",\"potentialAction\":[{\"@type\":\"ReadAction\",\"target\":[\"https:\/\/www.noticiasradioreflejos.com.ar\/2021\/el-pj-presento-su-lista-de-unidad\/\"]}]},{\"@type\":\"ImageObject\",\"inLanguage\":\"es\",\"@id\":\"https:\/\/www.noticiasradioreflejos.com.ar\/2021\/el-pj-presento-su-lista-de-unidad\/#primaryimage\",\"url\":\"http:\/\/farm5.staticflickr.com\/4528\/27067365939_f48aeb664d_z.jpg\",\"contentUrl\":\"http:\/\/farm5.staticflickr.com\/4528\/27067365939_f48aeb664d_z.jpg\"},{\"@type\":\"BreadcrumbList\",\"@id\":\"https:\/\/www.noticiasradioreflejos.com.ar\/2021\/el-pj-presento-su-lista-de-unidad\/#breadcrumb\",\"itemListElement\":[{\"@type\":\"ListItem\",\"position\":1,\"name\":\"Portada\",\"item\":\"https:\/\/www.noticiasradioreflejos.com.ar\/2021\/\"},{\"@type\":\"ListItem\",\"position\":2,\"name\":\"El PJ present\u00f3 su lista de unidad.\"}]},{\"@type\":\"WebSite\",\"@id\":\"https:\/\/www.noticiasradioreflejos.com.ar\/2021\/#website\",\"url\":\"https:\/\/www.noticiasradioreflejos.com.ar\/2021\/\",\"name\":\"Noticias Radio Reflejos\",\"description\":\"Las noticias de mi comarca\",\"potentialAction\":[{\"@type\":\"SearchAction\",\"target\":{\"@type\":\"EntryPoint\",\"urlTemplate\":\"https:\/\/www.noticiasradioreflejos.com.ar\/2021\/?s={search_term_string}\"},\"query-input\":{\"@type\":\"PropertyValueSpecification\",\"valueRequired\":true,\"valueName\":\"search_term_string\"}}],\"inLanguage\":\"es\"},{\"@type\":\"Person\",\"@id\":\"https:\/\/www.noticiasradioreflejos.com.ar\/2021\/#\/schema\/person\/ad82545263dcc5ec0996818884fd5fb1\",\"name\":\"Arnaldo Botto\",\"image\":{\"@type\":\"ImageObject\",\"inLanguage\":\"es\",\"@id\":\"https:\/\/www.noticiasradioreflejos.com.ar\/2021\/#\/schema\/person\/image\/\",\"url\":\"https:\/\/secure.gravatar.com\/avatar\/55cb5e37c1efa326397366e6974cb338056df65cb50e7d64d1cf314e87504837?s=96&d=mm&r=g\",\"contentUrl\":\"https:\/\/secure.gravatar.com\/avatar\/55cb5e37c1efa326397366e6974cb338056df65cb50e7d64d1cf314e87504837?s=96&d=mm&r=g\",\"caption\":\"Arnaldo Botto\"},\"url\":\"https:\/\/www.noticiasradioreflejos.com.ar\/2021\/author\/arnaldo\/\"}]}<\/script>\n<!-- \/ Yoast SEO plugin. -->","yoast_head_json":{"title":"El PJ present\u00f3 su lista de unidad. - Noticias Radio Reflejos","robots":{"index":"index","follow":"follow","max-snippet":"max-snippet:-1","max-image-preview":"max-image-preview:large","max-video-preview":"max-video-preview:-1"},"canonical":"https:\/\/www.noticiasradioreflejos.com.ar\/2021\/el-pj-presento-su-lista-de-unidad\/","og_locale":"es_ES","og_type":"article","og_title":"El PJ present\u00f3 su lista de unidad. - Noticias Radio Reflejos","og_description":"Lo que parece imposible se convierte en posible. Esto ha ocurrido despu\u00e9s de varias reuniones en la sede del Partido Justicialista y a pesar de profundas diferencias entre varios de sus componentes hoy parece que las aguas turbulentas se han calmado y comienza una nueva etapa dentro del partido.","og_url":"https:\/\/www.noticiasradioreflejos.com.ar\/2021\/el-pj-presento-su-lista-de-unidad\/","og_site_name":"Noticias Radio Reflejos","article_published_time":"2017-12-05T04:36:00+00:00","og_image":[{"url":"http:\/\/farm5.staticflickr.com\/4528\/27067365939_f48aeb664d_z.jpg","type":"","width":"","height":""}],"author":"Arnaldo Botto","twitter_card":"summary_large_image","schema":{"@context":"https:\/\/schema.org","@graph":[{"@type":"WebPage","@id":"https:\/\/www.noticiasradioreflejos.com.ar\/2021\/el-pj-presento-su-lista-de-unidad\/","url":"https:\/\/www.noticiasradioreflejos.com.ar\/2021\/el-pj-presento-su-lista-de-unidad\/","name":"El PJ present\u00f3 su lista de unidad. - Noticias Radio Reflejos","isPartOf":{"@id":"https:\/\/www.noticiasradioreflejos.com.ar\/2021\/#website"},"primaryImageOfPage":{"@id":"https:\/\/www.noticiasradioreflejos.com.ar\/2021\/el-pj-presento-su-lista-de-unidad\/#primaryimage"},"image":{"@id":"https:\/\/www.noticiasradioreflejos.com.ar\/2021\/el-pj-presento-su-lista-de-unidad\/#primaryimage"},"thumbnailUrl":"http:\/\/farm5.staticflickr.com\/4528\/27067365939_f48aeb664d_z.jpg","datePublished":"2017-12-05T04:36:00+00:00","author":{"@id":"https:\/\/www.noticiasradioreflejos.com.ar\/2021\/#\/schema\/person\/ad82545263dcc5ec0996818884fd5fb1"},"breadcrumb":{"@id":"https:\/\/www.noticiasradioreflejos.com.ar\/2021\/el-pj-presento-su-lista-de-unidad\/#breadcrumb"},"inLanguage":"es","potentialAction":[{"@type":"ReadAction","target":["https:\/\/www.noticiasradioreflejos.com.ar\/2021\/el-pj-presento-su-lista-de-unidad\/"]}]},{"@type":"ImageObject","inLanguage":"es","@id":"https:\/\/www.noticiasradioreflejos.com.ar\/2021\/el-pj-presento-su-lista-de-unidad\/#primaryimage","url":"http:\/\/farm5.staticflickr.com\/4528\/27067365939_f48aeb664d_z.jpg","contentUrl":"http:\/\/farm5.staticflickr.com\/4528\/27067365939_f48aeb664d_z.jpg"},{"@type":"BreadcrumbList","@id":"https:\/\/www.noticiasradioreflejos.com.ar\/2021\/el-pj-presento-su-lista-de-unidad\/#breadcrumb","itemListElement":[{"@type":"ListItem","position":1,"name":"Portada","item":"https:\/\/www.noticiasradioreflejos.com.ar\/2021\/"},{"@type":"ListItem","position":2,"name":"El PJ present\u00f3 su lista de unidad."}]},{"@type":"WebSite","@id":"https:\/\/www.noticiasradioreflejos.com.ar\/2021\/#website","url":"https:\/\/www.noticiasradioreflejos.com.ar\/2021\/","name":"Noticias Radio Reflejos","description":"Las noticias de mi comarca","potentialAction":[{"@type":"SearchAction","target":{"@type":"EntryPoint","urlTemplate":"https:\/\/www.noticiasradioreflejos.com.ar\/2021\/?s={search_term_string}"},"query-input":{"@type":"PropertyValueSpecification","valueRequired":true,"valueName":"search_term_string"}}],"inLanguage":"es"},{"@type":"Person","@id":"https:\/\/www.noticiasradioreflejos.com.ar\/2021\/#\/schema\/person\/ad82545263dcc5ec0996818884fd5fb1","name":"Arnaldo Botto","image":{"@type":"ImageObject","inLanguage":"es","@id":"https:\/\/www.noticiasradioreflejos.com.ar\/2021\/#\/schema\/person\/image\/","url":"https:\/\/secure.gravatar.com\/avatar\/55cb5e37c1efa326397366e6974cb338056df65cb50e7d64d1cf314e87504837?s=96&d=mm&r=g","contentUrl":"https:\/\/secure.gravatar.com\/avatar\/55cb5e37c1efa326397366e6974cb338056df65cb50e7d64d1cf314e87504837?s=96&d=mm&r=g","caption":"Arnaldo Botto"},"url":"https:\/\/www.noticiasradioreflejos.com.ar\/2021\/author\/arnaldo\/"}]}},"_links":{"self":[{"href":"https:\/\/www.noticiasradioreflejos.com.ar\/2021\/wp-json\/wp\/v2\/posts\/16882","targetHints":{"allow":["GET"]}}],"collection":[{"href":"https:\/\/www.noticiasradioreflejos.com.ar\/2021\/wp-json\/wp\/v2\/posts"}],"about":[{"href":"https:\/\/www.noticiasradioreflejos.com.ar\/2021\/wp-json\/wp\/v2\/types\/post"}],"author":[{"embeddable":true,"href":"https:\/\/www.noticiasradioreflejos.com.ar\/2021\/wp-json\/wp\/v2\/users\/3"}],"replies":[{"embeddable":true,"href":"https:\/\/www.noticiasradioreflejos.com.ar\/2021\/wp-json\/wp\/v2\/comments?post=16882"}],"version-history":[{"count":0,"href":"https:\/\/www.noticiasradioreflejos.com.ar\/2021\/wp-json\/wp\/v2\/posts\/16882\/revisions"}],"wp:attachment":[{"href":"https:\/\/www.noticiasradioreflejos.com.ar\/2021\/wp-json\/wp\/v2\/media?parent=16882"}],"wp:term":[{"taxonomy":"category","embeddable":true,"href":"https:\/\/www.noticiasradioreflejos.com.ar\/2021\/wp-json\/wp\/v2\/categories?post=16882"},{"taxonomy":"post_tag","embeddable":true,"href":"https:\/\/www.noticiasradioreflejos.com.ar\/2021\/wp-json\/wp\/v2\/tags?post=16882"}],"curies":[{"name":"wp","href":"https:\/\/api.w.org\/{rel}","templated":true}]}}