{"id":16877,"date":"2017-12-05T01:06:22","date_gmt":"2017-12-05T04:06:22","guid":{"rendered":"http:\/\/www.noticiasradioreflejos.com.ar\/noticias\/?p=16877"},"modified":"2017-12-05T01:06:22","modified_gmt":"2017-12-05T04:06:22","slug":"se-realizaron-muestras-de-teatro-en-el-funke","status":"publish","type":"post","link":"https:\/\/www.noticiasradioreflejos.com.ar\/2021\/se-realizaron-muestras-de-teatro-en-el-funke\/","title":{"rendered":"Se realizaron muestras de TEATRO en el Funke."},"content":{"rendered":"<p>En los ultimos d\u00edas se han desarrollado las muestras de talleres de teatro de adultos y ni\u00f1os de las localidades de Tornquist, Sierra de la Ventana y Villa Ventana.<br \/>\nLos talleres est\u00e1n a cargo del profesor Fab\u00edan Pandelo. Actor y Director egresado de la escuela de Hedy Crilla. Realiz\u00f3 el Profesorado de Arte Dram\u00e1tico en Uruguay, en la Escuela Municipal Roberto Jones. Adem\u00e1s es instructor terapeuta psicocorporal , de la Fundaci\u00f3n Rio Abierto de Bs As. Trabaj\u00f3 en escuelas primarias, secundarias, programas de educaci\u00f3n no formal.<!--more--><br \/>\nLa propuesta de teatro de adultos denominada \u00abAxilas verdes\u00bb se llev\u00f3 a cabo el jueves 30 de noviembre.<br \/>\nLa muestra de teatro de ni\u00f1os se realiz\u00f3 el domingo 3 de diciembre.<br \/>\nEn ambas muestras se observ\u00f3 el esp\u00edritu de la propuesta de los talleres. En palabras de Pandelo: \u00abParte del objetivo de la muestra de fin de curso, consiste en expandir la capacidad de expresi\u00f3n. Es decir que luego de haber explorado bastante dentro de si mismos, mir\u00e1ndose hacia adentro, (impulsos, registro del cuerpo, de los estados emocionales, etc.) Y pasar a una segunda instancia de abrirse y compartir eso, con el grupo, a ver al compa\u00f1ero\/a, al contacto f\u00edsico, al ser observado\/a por ese micro clima de respeto e intenci\u00f3n art\u00edstica, queda por explorar un tercer paso de llegada al otro, y es desde una obra colectiva hacia el p\u00fablico abierto.<br \/>\nEsto es un hecho que solo se vive siendo parte de \u00e9l. Por eso la necesidad de esa experiencia, fuerte, desafiante y muy inspiradora, ya que el escenario revive con las luces y la energ\u00eda de un p\u00fablico llenando la sala.<br \/>\nHabr\u00e1n ni\u00f1os que apropi\u00e1ndose de este fen\u00f3meno, despliegan sus alas art\u00edsticas y vuelen m\u00e1s all\u00e1 de lo previsto, y otros que no logren subirse al caballo alado y galopar. Todo es para bien si se sabe cuidar.<br \/>\nPor eso, me siento obligado a tener siempre una breve reuni\u00f3n con sus padres antes de la funci\u00f3n, para acordar algunas pautas concretas sobre el proceso de los ni\u00f1os. El desaf\u00edo es inmenso y el solo hecho de estar ah\u00ed, ya es un logro, un avance en desarrollo de potencial. En una segunda oportunidad aquello que no aflor\u00f3, aflorar\u00e1. Es cuesti\u00f3n de tiempo, de madurez, nunca igual entre los ni\u00f1os, como entre las frutas.<br \/>\nA todo esto mi propuesta intenta equilibrar entre la libertad de expresarse como le surja, de improvisar, de crear en el momento, y de llevar adelante un trabajo con estructura que<br \/>\ntuvo que ser ensayado. Esto los ubica en un rol de constructores y los hace vivenciar la experiencia de logro, en la dimension tiempo, habiendo visualizado, ensayado y realizado conscientemente una obra.<br \/>\n<a href=\"http:\/\/farm5.staticflickr.com\/4547\/23978754747_0cab7dc1df_z.jpg\" title=\"teatro funke6\" rel=\"\"><img loading=\"lazy\" decoding=\"async\" src=\"http:\/\/farm5.staticflickr.com\/4547\/23978754747_0cab7dc1df_z.jpg\" width=\"640\" height=\"359\" alt=\"teatro funke6\" title=\"teatro funke6\" class=\"aligncenter\"><\/a><br \/>\n<a href=\"http:\/\/farm5.staticflickr.com\/4528\/27067254069_5423bcac7b_z.jpg\" title=\"teatro funke4\" rel=\"\"><img loading=\"lazy\" decoding=\"async\" src=\"http:\/\/farm5.staticflickr.com\/4528\/27067254069_5423bcac7b_z.jpg\" width=\"640\" height=\"480\" alt=\"teatro funke4\" title=\"teatro funke4\" class=\"aligncenter\"><\/a><br \/>\n<a href=\"http:\/\/farm5.staticflickr.com\/4558\/27067254219_93391e44d9_z.jpg\" title=\"teatro funke3\" rel=\"\"><img loading=\"lazy\" decoding=\"async\" src=\"http:\/\/farm5.staticflickr.com\/4558\/27067254219_93391e44d9_z.jpg\" width=\"640\" height=\"640\" alt=\"teatro funke3\" title=\"teatro funke3\" class=\"aligncenter\"><\/a><br \/>\n<a href=\"http:\/\/farm5.staticflickr.com\/4533\/27067254359_a8db9df0d0_z.jpg\" title=\"teatro funke2\" rel=\"\"><img loading=\"lazy\" decoding=\"async\" src=\"http:\/\/farm5.staticflickr.com\/4533\/27067254359_a8db9df0d0_z.jpg\" width=\"640\" height=\"480\" alt=\"teatro funke2\" title=\"teatro funke2\" class=\"aligncenter\"><\/a><\/p>\n","protected":false},"excerpt":{"rendered":"<p>En los ultimos d\u00edas se han desarrollado las muestras de talleres de teatro de adultos y ni\u00f1os de las localidades de Tornquist, Sierra de la Ventana y Villa Ventana. Los talleres est\u00e1n a cargo del profesor Fab\u00edan Pandelo. Actor y Director egresado de la escuela de Hedy Crilla. Realiz\u00f3 el Profesorado de Arte Dram\u00e1tico en [&hellip;]<\/p>\n","protected":false},"author":3,"featured_media":0,"comment_status":"closed","ping_status":"open","sticky":false,"template":"","format":"standard","meta":{"footnotes":""},"categories":[35],"tags":[],"class_list":["post-16877","post","type-post","status-publish","format-standard","hentry","category-cultura"],"yoast_head":"<!-- This site is optimized with the Yoast SEO plugin v25.9 - https:\/\/yoast.com\/wordpress\/plugins\/seo\/ -->\n<title>Se realizaron muestras de TEATRO en el Funke. - Noticias Radio Reflejos<\/title>\n<meta name=\"robots\" content=\"index, follow, max-snippet:-1, max-image-preview:large, max-video-preview:-1\" \/>\n<link rel=\"canonical\" href=\"https:\/\/www.noticiasradioreflejos.com.ar\/2021\/se-realizaron-muestras-de-teatro-en-el-funke\/\" \/>\n<meta property=\"og:locale\" content=\"es_ES\" \/>\n<meta property=\"og:type\" content=\"article\" \/>\n<meta property=\"og:title\" content=\"Se realizaron muestras de TEATRO en el Funke. - Noticias Radio Reflejos\" \/>\n<meta property=\"og:description\" content=\"En los ultimos d\u00edas se han desarrollado las muestras de talleres de teatro de adultos y ni\u00f1os de las localidades de Tornquist, Sierra de la Ventana y Villa Ventana. Los talleres est\u00e1n a cargo del profesor Fab\u00edan Pandelo. Actor y Director egresado de la escuela de Hedy Crilla. Realiz\u00f3 el Profesorado de Arte Dram\u00e1tico en [&hellip;]\" \/>\n<meta property=\"og:url\" content=\"https:\/\/www.noticiasradioreflejos.com.ar\/2021\/se-realizaron-muestras-de-teatro-en-el-funke\/\" \/>\n<meta property=\"og:site_name\" content=\"Noticias Radio Reflejos\" \/>\n<meta property=\"article:published_time\" content=\"2017-12-05T04:06:22+00:00\" \/>\n<meta property=\"og:image\" content=\"http:\/\/farm5.staticflickr.com\/4547\/23978754747_0cab7dc1df_z.jpg\" \/>\n<meta name=\"author\" content=\"Arnaldo Botto\" \/>\n<meta name=\"twitter:card\" content=\"summary_large_image\" \/>\n<script type=\"application\/ld+json\" class=\"yoast-schema-graph\">{\"@context\":\"https:\/\/schema.org\",\"@graph\":[{\"@type\":\"WebPage\",\"@id\":\"https:\/\/www.noticiasradioreflejos.com.ar\/2021\/se-realizaron-muestras-de-teatro-en-el-funke\/\",\"url\":\"https:\/\/www.noticiasradioreflejos.com.ar\/2021\/se-realizaron-muestras-de-teatro-en-el-funke\/\",\"name\":\"Se realizaron muestras de TEATRO en el Funke. - Noticias Radio Reflejos\",\"isPartOf\":{\"@id\":\"https:\/\/www.noticiasradioreflejos.com.ar\/2021\/#website\"},\"primaryImageOfPage\":{\"@id\":\"https:\/\/www.noticiasradioreflejos.com.ar\/2021\/se-realizaron-muestras-de-teatro-en-el-funke\/#primaryimage\"},\"image\":{\"@id\":\"https:\/\/www.noticiasradioreflejos.com.ar\/2021\/se-realizaron-muestras-de-teatro-en-el-funke\/#primaryimage\"},\"thumbnailUrl\":\"http:\/\/farm5.staticflickr.com\/4547\/23978754747_0cab7dc1df_z.jpg\",\"datePublished\":\"2017-12-05T04:06:22+00:00\",\"author\":{\"@id\":\"https:\/\/www.noticiasradioreflejos.com.ar\/2021\/#\/schema\/person\/ad82545263dcc5ec0996818884fd5fb1\"},\"breadcrumb\":{\"@id\":\"https:\/\/www.noticiasradioreflejos.com.ar\/2021\/se-realizaron-muestras-de-teatro-en-el-funke\/#breadcrumb\"},\"inLanguage\":\"es\",\"potentialAction\":[{\"@type\":\"ReadAction\",\"target\":[\"https:\/\/www.noticiasradioreflejos.com.ar\/2021\/se-realizaron-muestras-de-teatro-en-el-funke\/\"]}]},{\"@type\":\"ImageObject\",\"inLanguage\":\"es\",\"@id\":\"https:\/\/www.noticiasradioreflejos.com.ar\/2021\/se-realizaron-muestras-de-teatro-en-el-funke\/#primaryimage\",\"url\":\"http:\/\/farm5.staticflickr.com\/4547\/23978754747_0cab7dc1df_z.jpg\",\"contentUrl\":\"http:\/\/farm5.staticflickr.com\/4547\/23978754747_0cab7dc1df_z.jpg\"},{\"@type\":\"BreadcrumbList\",\"@id\":\"https:\/\/www.noticiasradioreflejos.com.ar\/2021\/se-realizaron-muestras-de-teatro-en-el-funke\/#breadcrumb\",\"itemListElement\":[{\"@type\":\"ListItem\",\"position\":1,\"name\":\"Portada\",\"item\":\"https:\/\/www.noticiasradioreflejos.com.ar\/2021\/\"},{\"@type\":\"ListItem\",\"position\":2,\"name\":\"Se realizaron muestras de TEATRO en el Funke.\"}]},{\"@type\":\"WebSite\",\"@id\":\"https:\/\/www.noticiasradioreflejos.com.ar\/2021\/#website\",\"url\":\"https:\/\/www.noticiasradioreflejos.com.ar\/2021\/\",\"name\":\"Noticias Radio Reflejos\",\"description\":\"Las noticias de mi comarca\",\"potentialAction\":[{\"@type\":\"SearchAction\",\"target\":{\"@type\":\"EntryPoint\",\"urlTemplate\":\"https:\/\/www.noticiasradioreflejos.com.ar\/2021\/?s={search_term_string}\"},\"query-input\":{\"@type\":\"PropertyValueSpecification\",\"valueRequired\":true,\"valueName\":\"search_term_string\"}}],\"inLanguage\":\"es\"},{\"@type\":\"Person\",\"@id\":\"https:\/\/www.noticiasradioreflejos.com.ar\/2021\/#\/schema\/person\/ad82545263dcc5ec0996818884fd5fb1\",\"name\":\"Arnaldo Botto\",\"image\":{\"@type\":\"ImageObject\",\"inLanguage\":\"es\",\"@id\":\"https:\/\/www.noticiasradioreflejos.com.ar\/2021\/#\/schema\/person\/image\/\",\"url\":\"https:\/\/secure.gravatar.com\/avatar\/55cb5e37c1efa326397366e6974cb338056df65cb50e7d64d1cf314e87504837?s=96&d=mm&r=g\",\"contentUrl\":\"https:\/\/secure.gravatar.com\/avatar\/55cb5e37c1efa326397366e6974cb338056df65cb50e7d64d1cf314e87504837?s=96&d=mm&r=g\",\"caption\":\"Arnaldo Botto\"},\"url\":\"https:\/\/www.noticiasradioreflejos.com.ar\/2021\/author\/arnaldo\/\"}]}<\/script>\n<!-- \/ Yoast SEO plugin. -->","yoast_head_json":{"title":"Se realizaron muestras de TEATRO en el Funke. - Noticias Radio Reflejos","robots":{"index":"index","follow":"follow","max-snippet":"max-snippet:-1","max-image-preview":"max-image-preview:large","max-video-preview":"max-video-preview:-1"},"canonical":"https:\/\/www.noticiasradioreflejos.com.ar\/2021\/se-realizaron-muestras-de-teatro-en-el-funke\/","og_locale":"es_ES","og_type":"article","og_title":"Se realizaron muestras de TEATRO en el Funke. - Noticias Radio Reflejos","og_description":"En los ultimos d\u00edas se han desarrollado las muestras de talleres de teatro de adultos y ni\u00f1os de las localidades de Tornquist, Sierra de la Ventana y Villa Ventana. Los talleres est\u00e1n a cargo del profesor Fab\u00edan Pandelo. Actor y Director egresado de la escuela de Hedy Crilla. Realiz\u00f3 el Profesorado de Arte Dram\u00e1tico en [&hellip;]","og_url":"https:\/\/www.noticiasradioreflejos.com.ar\/2021\/se-realizaron-muestras-de-teatro-en-el-funke\/","og_site_name":"Noticias Radio Reflejos","article_published_time":"2017-12-05T04:06:22+00:00","og_image":[{"url":"http:\/\/farm5.staticflickr.com\/4547\/23978754747_0cab7dc1df_z.jpg","type":"","width":"","height":""}],"author":"Arnaldo Botto","twitter_card":"summary_large_image","schema":{"@context":"https:\/\/schema.org","@graph":[{"@type":"WebPage","@id":"https:\/\/www.noticiasradioreflejos.com.ar\/2021\/se-realizaron-muestras-de-teatro-en-el-funke\/","url":"https:\/\/www.noticiasradioreflejos.com.ar\/2021\/se-realizaron-muestras-de-teatro-en-el-funke\/","name":"Se realizaron muestras de TEATRO en el Funke. - Noticias Radio Reflejos","isPartOf":{"@id":"https:\/\/www.noticiasradioreflejos.com.ar\/2021\/#website"},"primaryImageOfPage":{"@id":"https:\/\/www.noticiasradioreflejos.com.ar\/2021\/se-realizaron-muestras-de-teatro-en-el-funke\/#primaryimage"},"image":{"@id":"https:\/\/www.noticiasradioreflejos.com.ar\/2021\/se-realizaron-muestras-de-teatro-en-el-funke\/#primaryimage"},"thumbnailUrl":"http:\/\/farm5.staticflickr.com\/4547\/23978754747_0cab7dc1df_z.jpg","datePublished":"2017-12-05T04:06:22+00:00","author":{"@id":"https:\/\/www.noticiasradioreflejos.com.ar\/2021\/#\/schema\/person\/ad82545263dcc5ec0996818884fd5fb1"},"breadcrumb":{"@id":"https:\/\/www.noticiasradioreflejos.com.ar\/2021\/se-realizaron-muestras-de-teatro-en-el-funke\/#breadcrumb"},"inLanguage":"es","potentialAction":[{"@type":"ReadAction","target":["https:\/\/www.noticiasradioreflejos.com.ar\/2021\/se-realizaron-muestras-de-teatro-en-el-funke\/"]}]},{"@type":"ImageObject","inLanguage":"es","@id":"https:\/\/www.noticiasradioreflejos.com.ar\/2021\/se-realizaron-muestras-de-teatro-en-el-funke\/#primaryimage","url":"http:\/\/farm5.staticflickr.com\/4547\/23978754747_0cab7dc1df_z.jpg","contentUrl":"http:\/\/farm5.staticflickr.com\/4547\/23978754747_0cab7dc1df_z.jpg"},{"@type":"BreadcrumbList","@id":"https:\/\/www.noticiasradioreflejos.com.ar\/2021\/se-realizaron-muestras-de-teatro-en-el-funke\/#breadcrumb","itemListElement":[{"@type":"ListItem","position":1,"name":"Portada","item":"https:\/\/www.noticiasradioreflejos.com.ar\/2021\/"},{"@type":"ListItem","position":2,"name":"Se realizaron muestras de TEATRO en el Funke."}]},{"@type":"WebSite","@id":"https:\/\/www.noticiasradioreflejos.com.ar\/2021\/#website","url":"https:\/\/www.noticiasradioreflejos.com.ar\/2021\/","name":"Noticias Radio Reflejos","description":"Las noticias de mi comarca","potentialAction":[{"@type":"SearchAction","target":{"@type":"EntryPoint","urlTemplate":"https:\/\/www.noticiasradioreflejos.com.ar\/2021\/?s={search_term_string}"},"query-input":{"@type":"PropertyValueSpecification","valueRequired":true,"valueName":"search_term_string"}}],"inLanguage":"es"},{"@type":"Person","@id":"https:\/\/www.noticiasradioreflejos.com.ar\/2021\/#\/schema\/person\/ad82545263dcc5ec0996818884fd5fb1","name":"Arnaldo Botto","image":{"@type":"ImageObject","inLanguage":"es","@id":"https:\/\/www.noticiasradioreflejos.com.ar\/2021\/#\/schema\/person\/image\/","url":"https:\/\/secure.gravatar.com\/avatar\/55cb5e37c1efa326397366e6974cb338056df65cb50e7d64d1cf314e87504837?s=96&d=mm&r=g","contentUrl":"https:\/\/secure.gravatar.com\/avatar\/55cb5e37c1efa326397366e6974cb338056df65cb50e7d64d1cf314e87504837?s=96&d=mm&r=g","caption":"Arnaldo Botto"},"url":"https:\/\/www.noticiasradioreflejos.com.ar\/2021\/author\/arnaldo\/"}]}},"_links":{"self":[{"href":"https:\/\/www.noticiasradioreflejos.com.ar\/2021\/wp-json\/wp\/v2\/posts\/16877","targetHints":{"allow":["GET"]}}],"collection":[{"href":"https:\/\/www.noticiasradioreflejos.com.ar\/2021\/wp-json\/wp\/v2\/posts"}],"about":[{"href":"https:\/\/www.noticiasradioreflejos.com.ar\/2021\/wp-json\/wp\/v2\/types\/post"}],"author":[{"embeddable":true,"href":"https:\/\/www.noticiasradioreflejos.com.ar\/2021\/wp-json\/wp\/v2\/users\/3"}],"replies":[{"embeddable":true,"href":"https:\/\/www.noticiasradioreflejos.com.ar\/2021\/wp-json\/wp\/v2\/comments?post=16877"}],"version-history":[{"count":0,"href":"https:\/\/www.noticiasradioreflejos.com.ar\/2021\/wp-json\/wp\/v2\/posts\/16877\/revisions"}],"wp:attachment":[{"href":"https:\/\/www.noticiasradioreflejos.com.ar\/2021\/wp-json\/wp\/v2\/media?parent=16877"}],"wp:term":[{"taxonomy":"category","embeddable":true,"href":"https:\/\/www.noticiasradioreflejos.com.ar\/2021\/wp-json\/wp\/v2\/categories?post=16877"},{"taxonomy":"post_tag","embeddable":true,"href":"https:\/\/www.noticiasradioreflejos.com.ar\/2021\/wp-json\/wp\/v2\/tags?post=16877"}],"curies":[{"name":"wp","href":"https:\/\/api.w.org\/{rel}","templated":true}]}}