{"id":16738,"date":"2017-12-01T11:53:24","date_gmt":"2017-12-01T14:53:24","guid":{"rendered":"http:\/\/www.noticiasradioreflejos.com.ar\/noticias\/?p=16738"},"modified":"2017-12-01T11:53:24","modified_gmt":"2017-12-01T14:53:24","slug":"se-presento-el-plan-estrategico-tornquist-2020-junto-al-ministerio-de-ciencia-provincial","status":"publish","type":"post","link":"https:\/\/www.noticiasradioreflejos.com.ar\/2021\/se-presento-el-plan-estrategico-tornquist-2020-junto-al-ministerio-de-ciencia-provincial\/","title":{"rendered":"Se present\u00f3 el Plan Estrat\u00e9gico Tornquist 2020 junto al Ministerio de Ciencia Provincial"},"content":{"rendered":"<p><a title=\"WhatsApp Image 2017-11-30 at 11.10.53\" href=\"http:\/\/farm5.staticflickr.com\/4539\/38048796294_9468187218.jpg\" rel=\"\"><img loading=\"lazy\" decoding=\"async\" class=\"alignleft\" style=\"float: left;\" title=\"WhatsApp Image 2017-11-30 at 11.10.53\" src=\"http:\/\/farm5.staticflickr.com\/4539\/38048796294_9468187218.jpg\" alt=\"WhatsApp Image 2017-11-30 at 11.10.53\" width=\"500\" height=\"333\" \/><\/a>En el d\u00eda de ayer, la sala de situaciones del municipio de Tornquist fue el escenario para el desarrollo de la jornada de planificaci\u00f3n \u201cUna Provincia Pensada\u201d, organizada por la Agencia de Desarrollo municipal y el Ministerio de Ciencia, Tecnolog\u00eda e Innovaci\u00f3n de la Provincia de Buenos Aires.<!--more--><br \/>\nCon m\u00e1s de 45 asistentes, la apertura estuvo a cargo del Intendente Municipal, Sergio Bordoni, acompa\u00f1ado por el Secretario de Desarrollo Dr. Gonzalo Iparraguirre, el Ministro de Ciencia, Tecnolog\u00eda e Innovaci\u00f3n Jorge Elustondo, y el presidente de la Comisi\u00f3n de Investigaciones Cient\u00edficas (CIC), Pablo Romanazzi.<br \/>\nLa mesa de trabajo, de la cual participaron las \u00e1reas de obras p\u00fablicas, producci\u00f3n, medio ambiente, turismo y desarrollo de 8 municipios de la regi\u00f3n, tuvo como objetivo principal reflexionar y planificar soluciones a las problem\u00e1ticas h\u00eddricas en el desarrollo territorial.<br \/>\nPara finalizar el encuentro, se present\u00f3 el Plan Estrat\u00e9gico de desarrollo Tornquist 2020, producido por la Agencia de Desarrollo a cargo del Dr. Iparraguirre. Respecto del mismo, el Director Provincial de Vinculaci\u00f3n y Transferencia de la CIC, Dr. Sergio P\u00e9rez Rozzi, lo destac\u00f3 como un ejemplo de planificaci\u00f3n a escala municipal, para ser tenido en consideraci\u00f3n por otros municipios.<br \/>\nJorge Elustondo expres\u00f3 respecto de la Jornada que \u201ceste es un \u00e1mbito propicio para tratar temas de inter\u00e9s, sustent\u00e1ndonos en la ciencia como apalancamiento del desarrollo de la provincia y el pa\u00eds\u201d y agreg\u00f3 que \u201cesto va en l\u00ednea con el prop\u00f3sito que plantea la gobernadora Mar\u00eda Eugenia Vidal: superar las cosas que se hicieron mal durante tres d\u00e9cadas, con batallas cotidianas en los m\u00e1s diversos campos y disciplinas\u201d.<br \/>\nEl jefe comunal de nuestro distrito, agradeci\u00f3 la presencia de las autoridades y afirm\u00f3 que el acompa\u00f1amiento del Ministerio y la experiencia de quienes dirigen las distintas \u00e1reas hacen que podamos tener soluciones a las demandas que se presentan en las distintas zonas.<br \/>\n<a href=\"https:\/\/es.scribd.com\/document\/366042129\/Plan-2020-Resumen-Ejecutivo-Nov2017\">Resumen<\/a><br \/>\n<a href=\"https:\/\/es.scribd.com\/document\/366042229\/Presentacion-Plan-2020-30Nov-2017\">Presentaci\u00f3n :\u00a0<\/a><br \/>\n<a title=\"WhatsApp Image 2017-12-01 at 11.44.15\" href=\"http:\/\/farm5.staticflickr.com\/4560\/24891943498_2f7984581c_z.jpg\" rel=\"\"><img loading=\"lazy\" decoding=\"async\" class=\"aligncenter\" title=\"WhatsApp Image 2017-12-01 at 11.44.15\" src=\"http:\/\/farm5.staticflickr.com\/4560\/24891943498_2f7984581c_z.jpg\" alt=\"WhatsApp Image 2017-12-01 at 11.44.15\" width=\"640\" height=\"426\" \/><\/a><\/p>\n","protected":false},"excerpt":{"rendered":"<p>En el d\u00eda de ayer, la sala de situaciones del municipio de Tornquist fue el escenario para el desarrollo de la jornada de planificaci\u00f3n \u201cUna Provincia Pensada\u201d, organizada por la Agencia de Desarrollo municipal y el Ministerio de Ciencia, Tecnolog\u00eda e Innovaci\u00f3n de la Provincia de Buenos Aires.<\/p>\n","protected":false},"author":3,"featured_media":0,"comment_status":"closed","ping_status":"open","sticky":false,"template":"","format":"standard","meta":{"footnotes":""},"categories":[28],"tags":[],"class_list":["post-16738","post","type-post","status-publish","format-standard","hentry","category-municipales"],"yoast_head":"<!-- This site is optimized with the Yoast SEO plugin v25.9 - https:\/\/yoast.com\/wordpress\/plugins\/seo\/ -->\n<title>Se present\u00f3 el Plan Estrat\u00e9gico Tornquist 2020 junto al Ministerio de Ciencia Provincial - Noticias Radio Reflejos<\/title>\n<meta name=\"robots\" content=\"index, follow, max-snippet:-1, max-image-preview:large, max-video-preview:-1\" \/>\n<link rel=\"canonical\" href=\"https:\/\/www.noticiasradioreflejos.com.ar\/2021\/se-presento-el-plan-estrategico-tornquist-2020-junto-al-ministerio-de-ciencia-provincial\/\" \/>\n<meta property=\"og:locale\" content=\"es_ES\" \/>\n<meta property=\"og:type\" content=\"article\" \/>\n<meta property=\"og:title\" content=\"Se present\u00f3 el Plan Estrat\u00e9gico Tornquist 2020 junto al Ministerio de Ciencia Provincial - Noticias Radio Reflejos\" \/>\n<meta property=\"og:description\" content=\"En el d\u00eda de ayer, la sala de situaciones del municipio de Tornquist fue el escenario para el desarrollo de la jornada de planificaci\u00f3n \u201cUna Provincia Pensada\u201d, organizada por la Agencia de Desarrollo municipal y el Ministerio de Ciencia, Tecnolog\u00eda e Innovaci\u00f3n de la Provincia de Buenos Aires.\" \/>\n<meta property=\"og:url\" content=\"https:\/\/www.noticiasradioreflejos.com.ar\/2021\/se-presento-el-plan-estrategico-tornquist-2020-junto-al-ministerio-de-ciencia-provincial\/\" \/>\n<meta property=\"og:site_name\" content=\"Noticias Radio Reflejos\" \/>\n<meta property=\"article:published_time\" content=\"2017-12-01T14:53:24+00:00\" \/>\n<meta property=\"og:image\" content=\"http:\/\/farm5.staticflickr.com\/4539\/38048796294_9468187218.jpg\" \/>\n<meta name=\"author\" content=\"Arnaldo Botto\" \/>\n<meta name=\"twitter:card\" content=\"summary_large_image\" \/>\n<script type=\"application\/ld+json\" class=\"yoast-schema-graph\">{\"@context\":\"https:\/\/schema.org\",\"@graph\":[{\"@type\":\"WebPage\",\"@id\":\"https:\/\/www.noticiasradioreflejos.com.ar\/2021\/se-presento-el-plan-estrategico-tornquist-2020-junto-al-ministerio-de-ciencia-provincial\/\",\"url\":\"https:\/\/www.noticiasradioreflejos.com.ar\/2021\/se-presento-el-plan-estrategico-tornquist-2020-junto-al-ministerio-de-ciencia-provincial\/\",\"name\":\"Se present\u00f3 el Plan Estrat\u00e9gico Tornquist 2020 junto al Ministerio de Ciencia Provincial - Noticias Radio Reflejos\",\"isPartOf\":{\"@id\":\"https:\/\/www.noticiasradioreflejos.com.ar\/2021\/#website\"},\"primaryImageOfPage\":{\"@id\":\"https:\/\/www.noticiasradioreflejos.com.ar\/2021\/se-presento-el-plan-estrategico-tornquist-2020-junto-al-ministerio-de-ciencia-provincial\/#primaryimage\"},\"image\":{\"@id\":\"https:\/\/www.noticiasradioreflejos.com.ar\/2021\/se-presento-el-plan-estrategico-tornquist-2020-junto-al-ministerio-de-ciencia-provincial\/#primaryimage\"},\"thumbnailUrl\":\"http:\/\/farm5.staticflickr.com\/4539\/38048796294_9468187218.jpg\",\"datePublished\":\"2017-12-01T14:53:24+00:00\",\"author\":{\"@id\":\"https:\/\/www.noticiasradioreflejos.com.ar\/2021\/#\/schema\/person\/ad82545263dcc5ec0996818884fd5fb1\"},\"breadcrumb\":{\"@id\":\"https:\/\/www.noticiasradioreflejos.com.ar\/2021\/se-presento-el-plan-estrategico-tornquist-2020-junto-al-ministerio-de-ciencia-provincial\/#breadcrumb\"},\"inLanguage\":\"es\",\"potentialAction\":[{\"@type\":\"ReadAction\",\"target\":[\"https:\/\/www.noticiasradioreflejos.com.ar\/2021\/se-presento-el-plan-estrategico-tornquist-2020-junto-al-ministerio-de-ciencia-provincial\/\"]}]},{\"@type\":\"ImageObject\",\"inLanguage\":\"es\",\"@id\":\"https:\/\/www.noticiasradioreflejos.com.ar\/2021\/se-presento-el-plan-estrategico-tornquist-2020-junto-al-ministerio-de-ciencia-provincial\/#primaryimage\",\"url\":\"http:\/\/farm5.staticflickr.com\/4539\/38048796294_9468187218.jpg\",\"contentUrl\":\"http:\/\/farm5.staticflickr.com\/4539\/38048796294_9468187218.jpg\"},{\"@type\":\"BreadcrumbList\",\"@id\":\"https:\/\/www.noticiasradioreflejos.com.ar\/2021\/se-presento-el-plan-estrategico-tornquist-2020-junto-al-ministerio-de-ciencia-provincial\/#breadcrumb\",\"itemListElement\":[{\"@type\":\"ListItem\",\"position\":1,\"name\":\"Portada\",\"item\":\"https:\/\/www.noticiasradioreflejos.com.ar\/2021\/\"},{\"@type\":\"ListItem\",\"position\":2,\"name\":\"Se present\u00f3 el Plan Estrat\u00e9gico Tornquist 2020 junto al Ministerio de Ciencia Provincial\"}]},{\"@type\":\"WebSite\",\"@id\":\"https:\/\/www.noticiasradioreflejos.com.ar\/2021\/#website\",\"url\":\"https:\/\/www.noticiasradioreflejos.com.ar\/2021\/\",\"name\":\"Noticias Radio Reflejos\",\"description\":\"Las noticias de mi comarca\",\"potentialAction\":[{\"@type\":\"SearchAction\",\"target\":{\"@type\":\"EntryPoint\",\"urlTemplate\":\"https:\/\/www.noticiasradioreflejos.com.ar\/2021\/?s={search_term_string}\"},\"query-input\":{\"@type\":\"PropertyValueSpecification\",\"valueRequired\":true,\"valueName\":\"search_term_string\"}}],\"inLanguage\":\"es\"},{\"@type\":\"Person\",\"@id\":\"https:\/\/www.noticiasradioreflejos.com.ar\/2021\/#\/schema\/person\/ad82545263dcc5ec0996818884fd5fb1\",\"name\":\"Arnaldo Botto\",\"image\":{\"@type\":\"ImageObject\",\"inLanguage\":\"es\",\"@id\":\"https:\/\/www.noticiasradioreflejos.com.ar\/2021\/#\/schema\/person\/image\/\",\"url\":\"https:\/\/secure.gravatar.com\/avatar\/55cb5e37c1efa326397366e6974cb338056df65cb50e7d64d1cf314e87504837?s=96&d=mm&r=g\",\"contentUrl\":\"https:\/\/secure.gravatar.com\/avatar\/55cb5e37c1efa326397366e6974cb338056df65cb50e7d64d1cf314e87504837?s=96&d=mm&r=g\",\"caption\":\"Arnaldo Botto\"},\"url\":\"https:\/\/www.noticiasradioreflejos.com.ar\/2021\/author\/arnaldo\/\"}]}<\/script>\n<!-- \/ Yoast SEO plugin. -->","yoast_head_json":{"title":"Se present\u00f3 el Plan Estrat\u00e9gico Tornquist 2020 junto al Ministerio de Ciencia Provincial - Noticias Radio Reflejos","robots":{"index":"index","follow":"follow","max-snippet":"max-snippet:-1","max-image-preview":"max-image-preview:large","max-video-preview":"max-video-preview:-1"},"canonical":"https:\/\/www.noticiasradioreflejos.com.ar\/2021\/se-presento-el-plan-estrategico-tornquist-2020-junto-al-ministerio-de-ciencia-provincial\/","og_locale":"es_ES","og_type":"article","og_title":"Se present\u00f3 el Plan Estrat\u00e9gico Tornquist 2020 junto al Ministerio de Ciencia Provincial - Noticias Radio Reflejos","og_description":"En el d\u00eda de ayer, la sala de situaciones del municipio de Tornquist fue el escenario para el desarrollo de la jornada de planificaci\u00f3n \u201cUna Provincia Pensada\u201d, organizada por la Agencia de Desarrollo municipal y el Ministerio de Ciencia, Tecnolog\u00eda e Innovaci\u00f3n de la Provincia de Buenos Aires.","og_url":"https:\/\/www.noticiasradioreflejos.com.ar\/2021\/se-presento-el-plan-estrategico-tornquist-2020-junto-al-ministerio-de-ciencia-provincial\/","og_site_name":"Noticias Radio Reflejos","article_published_time":"2017-12-01T14:53:24+00:00","og_image":[{"url":"http:\/\/farm5.staticflickr.com\/4539\/38048796294_9468187218.jpg","type":"","width":"","height":""}],"author":"Arnaldo Botto","twitter_card":"summary_large_image","schema":{"@context":"https:\/\/schema.org","@graph":[{"@type":"WebPage","@id":"https:\/\/www.noticiasradioreflejos.com.ar\/2021\/se-presento-el-plan-estrategico-tornquist-2020-junto-al-ministerio-de-ciencia-provincial\/","url":"https:\/\/www.noticiasradioreflejos.com.ar\/2021\/se-presento-el-plan-estrategico-tornquist-2020-junto-al-ministerio-de-ciencia-provincial\/","name":"Se present\u00f3 el Plan Estrat\u00e9gico Tornquist 2020 junto al Ministerio de Ciencia Provincial - Noticias Radio Reflejos","isPartOf":{"@id":"https:\/\/www.noticiasradioreflejos.com.ar\/2021\/#website"},"primaryImageOfPage":{"@id":"https:\/\/www.noticiasradioreflejos.com.ar\/2021\/se-presento-el-plan-estrategico-tornquist-2020-junto-al-ministerio-de-ciencia-provincial\/#primaryimage"},"image":{"@id":"https:\/\/www.noticiasradioreflejos.com.ar\/2021\/se-presento-el-plan-estrategico-tornquist-2020-junto-al-ministerio-de-ciencia-provincial\/#primaryimage"},"thumbnailUrl":"http:\/\/farm5.staticflickr.com\/4539\/38048796294_9468187218.jpg","datePublished":"2017-12-01T14:53:24+00:00","author":{"@id":"https:\/\/www.noticiasradioreflejos.com.ar\/2021\/#\/schema\/person\/ad82545263dcc5ec0996818884fd5fb1"},"breadcrumb":{"@id":"https:\/\/www.noticiasradioreflejos.com.ar\/2021\/se-presento-el-plan-estrategico-tornquist-2020-junto-al-ministerio-de-ciencia-provincial\/#breadcrumb"},"inLanguage":"es","potentialAction":[{"@type":"ReadAction","target":["https:\/\/www.noticiasradioreflejos.com.ar\/2021\/se-presento-el-plan-estrategico-tornquist-2020-junto-al-ministerio-de-ciencia-provincial\/"]}]},{"@type":"ImageObject","inLanguage":"es","@id":"https:\/\/www.noticiasradioreflejos.com.ar\/2021\/se-presento-el-plan-estrategico-tornquist-2020-junto-al-ministerio-de-ciencia-provincial\/#primaryimage","url":"http:\/\/farm5.staticflickr.com\/4539\/38048796294_9468187218.jpg","contentUrl":"http:\/\/farm5.staticflickr.com\/4539\/38048796294_9468187218.jpg"},{"@type":"BreadcrumbList","@id":"https:\/\/www.noticiasradioreflejos.com.ar\/2021\/se-presento-el-plan-estrategico-tornquist-2020-junto-al-ministerio-de-ciencia-provincial\/#breadcrumb","itemListElement":[{"@type":"ListItem","position":1,"name":"Portada","item":"https:\/\/www.noticiasradioreflejos.com.ar\/2021\/"},{"@type":"ListItem","position":2,"name":"Se present\u00f3 el Plan Estrat\u00e9gico Tornquist 2020 junto al Ministerio de Ciencia Provincial"}]},{"@type":"WebSite","@id":"https:\/\/www.noticiasradioreflejos.com.ar\/2021\/#website","url":"https:\/\/www.noticiasradioreflejos.com.ar\/2021\/","name":"Noticias Radio Reflejos","description":"Las noticias de mi comarca","potentialAction":[{"@type":"SearchAction","target":{"@type":"EntryPoint","urlTemplate":"https:\/\/www.noticiasradioreflejos.com.ar\/2021\/?s={search_term_string}"},"query-input":{"@type":"PropertyValueSpecification","valueRequired":true,"valueName":"search_term_string"}}],"inLanguage":"es"},{"@type":"Person","@id":"https:\/\/www.noticiasradioreflejos.com.ar\/2021\/#\/schema\/person\/ad82545263dcc5ec0996818884fd5fb1","name":"Arnaldo Botto","image":{"@type":"ImageObject","inLanguage":"es","@id":"https:\/\/www.noticiasradioreflejos.com.ar\/2021\/#\/schema\/person\/image\/","url":"https:\/\/secure.gravatar.com\/avatar\/55cb5e37c1efa326397366e6974cb338056df65cb50e7d64d1cf314e87504837?s=96&d=mm&r=g","contentUrl":"https:\/\/secure.gravatar.com\/avatar\/55cb5e37c1efa326397366e6974cb338056df65cb50e7d64d1cf314e87504837?s=96&d=mm&r=g","caption":"Arnaldo Botto"},"url":"https:\/\/www.noticiasradioreflejos.com.ar\/2021\/author\/arnaldo\/"}]}},"_links":{"self":[{"href":"https:\/\/www.noticiasradioreflejos.com.ar\/2021\/wp-json\/wp\/v2\/posts\/16738","targetHints":{"allow":["GET"]}}],"collection":[{"href":"https:\/\/www.noticiasradioreflejos.com.ar\/2021\/wp-json\/wp\/v2\/posts"}],"about":[{"href":"https:\/\/www.noticiasradioreflejos.com.ar\/2021\/wp-json\/wp\/v2\/types\/post"}],"author":[{"embeddable":true,"href":"https:\/\/www.noticiasradioreflejos.com.ar\/2021\/wp-json\/wp\/v2\/users\/3"}],"replies":[{"embeddable":true,"href":"https:\/\/www.noticiasradioreflejos.com.ar\/2021\/wp-json\/wp\/v2\/comments?post=16738"}],"version-history":[{"count":0,"href":"https:\/\/www.noticiasradioreflejos.com.ar\/2021\/wp-json\/wp\/v2\/posts\/16738\/revisions"}],"wp:attachment":[{"href":"https:\/\/www.noticiasradioreflejos.com.ar\/2021\/wp-json\/wp\/v2\/media?parent=16738"}],"wp:term":[{"taxonomy":"category","embeddable":true,"href":"https:\/\/www.noticiasradioreflejos.com.ar\/2021\/wp-json\/wp\/v2\/categories?post=16738"},{"taxonomy":"post_tag","embeddable":true,"href":"https:\/\/www.noticiasradioreflejos.com.ar\/2021\/wp-json\/wp\/v2\/tags?post=16738"}],"curies":[{"name":"wp","href":"https:\/\/api.w.org\/{rel}","templated":true}]}}