{"id":16685,"date":"2017-11-30T08:41:09","date_gmt":"2017-11-30T11:41:09","guid":{"rendered":"http:\/\/www.noticiasradioreflejos.com.ar\/noticias\/?p=16685"},"modified":"2017-11-30T08:41:09","modified_gmt":"2017-11-30T11:41:09","slug":"sesion-de-entrega-de-diplomas-a-abanderados-del-distrito","status":"publish","type":"post","link":"https:\/\/www.noticiasradioreflejos.com.ar\/2021\/sesion-de-entrega-de-diplomas-a-abanderados-del-distrito\/","title":{"rendered":"Sesi\u00f3n de entrega de diplomas a abanderados del distrito."},"content":{"rendered":"<p><a title=\"DSC_0502\" href=\"http:\/\/farm5.staticflickr.com\/4566\/38741660791_49435924f8.jpg\" rel=\"\"><img loading=\"lazy\" decoding=\"async\" class=\"alignleft\" style=\"float: left;\" title=\"DSC_0502\" src=\"http:\/\/farm5.staticflickr.com\/4566\/38741660791_49435924f8.jpg\" alt=\"DSC_0502\" width=\"500\" height=\"334\" \/><\/a>El martes 28 de noviembre a partir de las 20:20 hs. se realiz\u00f3 la primer Sesi\u00f3n Extraordinaria de entrega de Diplomas a Abanderados y Escoltas de algunas de las Escuelas del Distrito de Tornquist, convocadas por el Decreto N\u00ba 15\/17 del Honorable Concejo Deliberante, seg\u00fan la Resoluci\u00f3n N\u00ba 17\/17.<!--more--><br \/>\nEstaban presentes el Secretario de Gobierno y Hacienda Ezequiel Gabella, el Subsecretario de Servicios P\u00fablicos urbanos Naldo Mart\u00ednez, la Inspectora de Primaria Patricia Larrainzar, la Presidente del Consejo Escolar Claudia Marcolini, y la Consejera Escolar Jorgelina Lencina, autoridades y docentes de las instituciones educativas, familiares y amigos de los agasajados.<br \/>\nEn esta oportunidad recibieron su distinci\u00f3n:<br \/>\nABANDERADOS Y ESCOLTAS 2017<br \/>\nEscuela N\u00ba 1 (Tornquist): Bandera Nacional: Abanderado: Agostina Grischinsky Meriggi, 1\u00ba Escolta: Giovanna Trinidad Marcolini, 2\u00ba Escolta: Bianca Agostina Palavecino Bartolini; Bandera Bonaerense: Abanderado: Abril Ludmila Rodr\u00edguez, 1\u00ba Escolta: Milagros Ayl\u00e9n Bual\u00f3, 2\u00ba Escolta: Lucas Hekel Palacio.<br \/>\nEscuela N\u00ba 3 (Tres Picos): Bandera Nacional: Abanderado: Ayrton Ferreyra, 1\u00ba Escolta: Agustina Zurita, 2\u00ba Escolta: Sebasti\u00e1n Requeira, Bandera Bonaerense: Abanderado: Santiago Lloret, 1\u00ba Escolta: Ezequiel Castro, 2\u00ba Escolta: Lautaro Riefle<br \/>\nEscuela N\u00ba 13 (Paraje La Querencia): Bandera Nacional: Abanderado: Valeria Mengui, 1\u00ba Escolta: Dylan Aguado, 2\u00ba Escolta: Caterina Mond\u00f3n;<br \/>\nEscuela N\u00ba 28 (Tornquist): Bandera Nacional: Abanderado: Bianca Martin, Abril Canle; Escoltas: Nahuel Canle, Delfina Cassano, Ludmila Salas, Bandera Bonaerense: Abanderado: Sof\u00eda Delgado, 1\u00ba Escolta: Kugler Ger\u00f3nimo, 2\u00ba Escolta: Lautaro Ferreyra;<br \/>\nColegio Nuestra Se\u00f1ora De Lujan Primaria (Tornquist): Bandera Nacional: Abanderado: Genaro Gandini, 1\u00ba Escolta: Martina L\u00f3pez Tourn, 2\u00ba Escolta: Clara Rinc\u00f3n Giampieri, Bandera Bonaerense: Abanderado: Rafael Molinero, 1\u00ba Escolta: Ainara Echegu\u00eda, 2\u00ba Escolta: Morena Medina Venanzi<br \/>\n<a title=\"DSC_0532\" href=\"http:\/\/farm5.staticflickr.com\/4572\/38741659891_aef3b72319_z.jpg\" rel=\"\"><img loading=\"lazy\" decoding=\"async\" class=\"aligncenter\" title=\"DSC_0532\" src=\"http:\/\/farm5.staticflickr.com\/4572\/38741659891_aef3b72319_z.jpg\" alt=\"DSC_0532\" width=\"640\" height=\"428\" \/><\/a><br \/>\nEscuela de Educaci\u00f3n Especial N\u00ba 501 (Tornquist): Bandera Nacional: Abanderado: Sof\u00eda Colado, 1\u00ba Escolta: Ger\u00f3nimo Sep\u00falveda, 2\u00ba Escolta: Gast\u00f3n Veloso, Bandera Bonaerense: Abanderado: M\u00e1ximo Cisterna, 1\u00ba Escolta: Magali Aguado, 2\u00ba Escolta: Tamara Colado<br \/>\nEscuela de Educaci\u00f3n Secundaria N\u00ba 1 (Tornquist): Turno Ma\u00f1ana. Bandera Nacional: Abanderado: Roc\u00edo Pettinari, 1\u00ba Escolta: Mayra Segura, 2\u00ba Escolta: Franco Schmidt; Bandera Bonaerense: Abanderado: Mat\u00edas Prescher, 1\u00ba Escolta: Augusto L\u00f3pez, 2\u00ba Escolta: Aar\u00f3n Rodr\u00edguez<br \/>\nTurno Tarde. Bandera Nacional: Abanderado: Lucia Topa Kloster, 1\u00ba Escolta: Ana Luz Aldaz, 2\u00ba Escolta: Juliana Mart\u00ednez Lencinas, Bandera Bonaerense: Abanderado: Camila Meriggi, 1\u00ba Escolta: Joaqu\u00edn Nori, 2\u00ba Escolta: Ana Victoria Schmit<br \/>\nEscuela De Educaci\u00f3n Secundaria N\u00ba 3 (Tornquist): Bandera Nacional: Abanderado: Giuliana Marcolini, 1\u00ba Escolta: Agust\u00edn Mazzarini, 2\u00ba Escolta: Valent\u00edn Spialtini, Suplente: Bruno Buschi, Bandera Bonaerense: Abanderado: Camila Quintana, 1\u00ba Escolta: Ana Oro\u00f1o, 2\u00ba Escolta: Agust\u00edn Kloster<br \/>\nColegio Nuestra Se\u00f1ora de Luj\u00e1n Secundaria (Tornquist) : Bandera Nacional: Abanderado: Mateo Minuj\u00edn, 1\u00ba Escolta: Agust\u00edn Leucke Saenz Rozas, 2\u00ba Escolta: Jenaro Minuj\u00edn, Bandera Bonaerense: Abanderado: Agust\u00edn Maipach, 1\u00ba Escolta: Bautista Echegu\u00eda, 2\u00ba Escolta: Laura Gim\u00e9nez<br \/>\nEscuela de Educaci\u00f3n T\u00e9cnica N\u00ba 1 (Tornquist): Bandera Nacional: Abanderado: Benjam\u00edn C\u00f3nsoli, 1\u00ba Escolta: Braian Garrido, 2\u00ba Escolta: Thomas Rolheiser, Bandera Bonaerense: Abanderado: Juan Cabrera, 1\u00ba Escolta: Tob\u00edas Riccomi, 2\u00ba Escolta: Francisco Verolo<br \/>\nEscuela de Educaci\u00f3n Agraria N\u00ba 1: Bandera Nacional: Abanderado: Mat\u00edas Botto, 1\u00ba Escolta: Facundo Fagioli Errecart, 2\u00ba Escolta: Javier Emanuel Rueda, Bandera Bonaerense: Abanderado: Ivan Marcelo Crisol, 1\u00ba Escolta: Micaela Galv\u00e1n, 2\u00ba Escolta: Ayel\u00e9n Romano.<br \/>\nBachillerato de Adultos (Tornquist): Bandera Nacional: Abanderado: Brian Lacear, 1\u00ba Escolta: Antonela Saez, 2\u00ba Escolta: Braian Sandoval, Bandera Bonaerense: Abanderado: Marcela Conrero, 1\u00ba Escolta: Patricia Lacear, 2\u00ba Escolta: Mauro Acu\u00f1a<br \/>\nCentro Educaci\u00f3n de Adultos N\u00ba 701 (Tornquist): Bandera Nacional: Abanderado: Elizabeth Ferrer, 1\u00ba Escolta: Celina Cristaldo L\u00f3pez, Bandera Bonaerense: Abanderado: Juan Omar Bartet, 1\u00ba Escolta: Jorgelina Rold\u00e1n<br \/>\nNO ASISTIERON:<br \/>\nEscuela N\u00ba 7 (Paraje Funke), Escuela N\u00ba 10 (Estancia Chica), Escuela N\u00ba 12 (Fuerte Argentino), Centro de Formaci\u00f3n Profesional N\u00ba 402 (Tornquist), Instituto de Formaci\u00f3n Docente y T\u00e9cnica N\u00ba 162 (Tornquist)<br \/>\nHicieron uso de la palabra los Concejales:<br \/>\nConcejal Garc\u00eda Laura:<br \/>\n\u201cPrimeramente, buenas noches a todos, quiero agradecer la presencia de las se\u00f1oras Consejeras Escolares, La se\u00f1ora Inspectora., y miembros del Departamento Ejecutivo. Quiero felicitar a quienes tienen el honor de recibir este reconocimiento, es un logro por la constancia, el esfuerzo, la dedicaci\u00f3n, y tantos otros valores. Este logro es en conjunto, supone el rol del docente, y por sobre todo lo adquirido en la familia. Tengan la certeza que el \u00fanico camino para superarse y obtener mejor calidad de vida es la educaci\u00f3n. Muchas gracias a todos, nada m\u00e1s se\u00f1or Presidente\u201d.<br \/>\nConcejal Ant\u00f3n V\u00edctor:<br \/>\n\u201cBuenas noches, muchas gracias por su presencia. Bueno, para m\u00ed es una de las \u00faltimas sesiones que me toca en el Concejo Deliberante, porque finaliza mi mandato el 10 de diciembre. Y como lo he dicho en estos a\u00f1os que me ha tocado hacer este reconocimiento, creo que es una de las sesiones m\u00e1s lindas que tenemos, porque seguramente que todos vamos a concordar que han transitado un a\u00f1o como lo dice el diploma que se llevaron \u00bfno?, con compromiso, con responsabilidad, con dedicaci\u00f3n, y eso implica todo el esfuerzo que han realizado. No quiero extenderme mucho pero s\u00ed quiero hacer un pedido. En estos momentos transitamos horas dif\u00edciles en nuestro pa\u00eds, donde la palabra pol\u00edtica muchas veces se ve devaluada, y yo les aseguro que la mayor\u00eda de los que hacemos pol\u00edtica, la mayor\u00eda de los que estamos en la pol\u00edtica venimos a la pol\u00edtica para darle una mano a la comunidad, para ayudar. Entonces, a ustedes que son el futuro de nuestro pa\u00eds quiero humildemente pedirles que se comprometan, que se comprometan en su escuela como lo vienen haciendo, que se comprometan con las instituciones de la comunidad, y que se comprometan con el estudio. Es la \u00fanica herramienta que les va a dar la posibilidad de ser libres. Nada m\u00e1s, much\u00edsimas gracias, felicitaciones, y muy buenas vacaciones para todos\u201d.<br \/>\nConcejal Musso Mar\u00eda Graciela:<br \/>\n\u201cMuy buenas tardes a todos, quer\u00eda felicitar a los ni\u00f1os, j\u00f3venes, y adultos que han recibido esta distinci\u00f3n, muy merecida por cierto, y quer\u00eda hacer una apreciaci\u00f3n respecto de lo que significa en este caso ser abanderados o escoltas tanto de la Bandera Argentina como de la Bandera Bonaerense. Todos lo tienen seguramente merecido, por el esfuerzo que han puesto en la tarea diaria. Pero quiero destacar especialmente a aquellos que por circunstancias de la vida han suspendido tanto la escuela primaria como la secundaria, y han vuelto a retomar, eso significa el compromiso para con la cultura, y hoy han recibido la distinci\u00f3n. Algunos como abanderados o escoltas, y otros simplemente por haber retomado los estudios. Eso implica para estas personas un esfuerzo mayor, porque seguramente es gente que est\u00e1 trabajando, amas de casa, y personas que no solamente tienen que hacer lo \u00fanico que tienen que hacer ustedes queridos chicos y j\u00f3venes, que es estudiar. Aprovechen este tiempo que es espec\u00edficamente para eso, traten en lo posible de no suspender, porque despu\u00e9s el esfuerzo, seguramente se lo podr\u00e1n decir los adultos, es much\u00edsimo mayor. A todos muchas felicitaciones, tambi\u00e9n al personal directivo, porque seguramente acompa\u00f1an en este proceso educativo, y felices vacaciones para todos. Gracias\u201d.<br \/>\nPasada la Sesi\u00f3n de Abanderados, los Ediles resolvieron autoconvocarse en Sesi\u00f3n Extraordinaria, seg\u00fan las facultades otorgadas por el Art\u00edculo 68\u00ba inciso 5 de la Ley Org\u00e1nica de las Municipalidades, para tratar el Expediente N\u00ba 364\/17 caratulado: \u201cD.E. Ampliaci\u00f3n del plazo y modificaci\u00f3n parcial del Contrato de Concesi\u00f3n para la prestaci\u00f3n de Servicio P\u00fablico de Pasajeros por Automotor de jurisdicci\u00f3n Municipal, tramo Saldungaray- Tornquist\u201d.<br \/>\nSe aprueba por unanimidad la Ordenanza con el N\u00ba 2997\/17 por la que se convalidad la ampliaci\u00f3n del plazo y modificaci\u00f3n parcial del Contrato de Concesi\u00f3n para la prestaci\u00f3n del Servicio P\u00fablico de Pasajeros por Automotor, de jurisdicci\u00f3n Municipal, tramo Saldungaray- Tornquist.<br \/>\n<a title=\"DSC_0562\" href=\"http:\/\/farm5.staticflickr.com\/4538\/37854229795_2622e614e6_z.jpg\" rel=\"\"><img loading=\"lazy\" decoding=\"async\" class=\"aligncenter\" title=\"DSC_0562\" src=\"http:\/\/farm5.staticflickr.com\/4538\/37854229795_2622e614e6_z.jpg\" alt=\"DSC_0562\" width=\"640\" height=\"428\" \/><\/a><a title=\"DSC_0483\" href=\"http:\/\/farm5.staticflickr.com\/4574\/38741663781_8d183dc3a9_z.jpg\" rel=\"\"><img loading=\"lazy\" decoding=\"async\" class=\"aligncenter\" title=\"DSC_0483\" src=\"http:\/\/farm5.staticflickr.com\/4574\/38741663781_8d183dc3a9_z.jpg\" alt=\"DSC_0483\" width=\"640\" height=\"428\" \/><\/a><\/p>\n","protected":false},"excerpt":{"rendered":"<p>El martes 28 de noviembre a partir de las 20:20 hs. se realiz\u00f3 la primer Sesi\u00f3n Extraordinaria de entrega de Diplomas a Abanderados y Escoltas de algunas de las Escuelas del Distrito de Tornquist, convocadas por el Decreto N\u00ba 15\/17 del Honorable Concejo Deliberante, seg\u00fan la Resoluci\u00f3n N\u00ba 17\/17.<\/p>\n","protected":false},"author":3,"featured_media":0,"comment_status":"closed","ping_status":"open","sticky":false,"template":"","format":"standard","meta":{"footnotes":""},"categories":[28],"tags":[],"class_list":["post-16685","post","type-post","status-publish","format-standard","hentry","category-municipales"],"yoast_head":"<!-- This site is optimized with the Yoast SEO plugin v25.9 - https:\/\/yoast.com\/wordpress\/plugins\/seo\/ -->\n<title>Sesi\u00f3n de entrega de diplomas a abanderados del distrito. - Noticias Radio Reflejos<\/title>\n<meta name=\"robots\" content=\"index, follow, max-snippet:-1, max-image-preview:large, max-video-preview:-1\" \/>\n<link rel=\"canonical\" href=\"https:\/\/www.noticiasradioreflejos.com.ar\/2021\/sesion-de-entrega-de-diplomas-a-abanderados-del-distrito\/\" \/>\n<meta property=\"og:locale\" content=\"es_ES\" \/>\n<meta property=\"og:type\" content=\"article\" \/>\n<meta property=\"og:title\" content=\"Sesi\u00f3n de entrega de diplomas a abanderados del distrito. - Noticias Radio Reflejos\" \/>\n<meta property=\"og:description\" content=\"El martes 28 de noviembre a partir de las 20:20 hs. se realiz\u00f3 la primer Sesi\u00f3n Extraordinaria de entrega de Diplomas a Abanderados y Escoltas de algunas de las Escuelas del Distrito de Tornquist, convocadas por el Decreto N\u00ba 15\/17 del Honorable Concejo Deliberante, seg\u00fan la Resoluci\u00f3n N\u00ba 17\/17.\" \/>\n<meta property=\"og:url\" content=\"https:\/\/www.noticiasradioreflejos.com.ar\/2021\/sesion-de-entrega-de-diplomas-a-abanderados-del-distrito\/\" \/>\n<meta property=\"og:site_name\" content=\"Noticias Radio Reflejos\" \/>\n<meta property=\"article:published_time\" content=\"2017-11-30T11:41:09+00:00\" \/>\n<meta property=\"og:image\" content=\"http:\/\/farm5.staticflickr.com\/4566\/38741660791_49435924f8.jpg\" \/>\n<meta name=\"author\" content=\"Arnaldo Botto\" \/>\n<meta name=\"twitter:card\" content=\"summary_large_image\" \/>\n<script type=\"application\/ld+json\" class=\"yoast-schema-graph\">{\"@context\":\"https:\/\/schema.org\",\"@graph\":[{\"@type\":\"WebPage\",\"@id\":\"https:\/\/www.noticiasradioreflejos.com.ar\/2021\/sesion-de-entrega-de-diplomas-a-abanderados-del-distrito\/\",\"url\":\"https:\/\/www.noticiasradioreflejos.com.ar\/2021\/sesion-de-entrega-de-diplomas-a-abanderados-del-distrito\/\",\"name\":\"Sesi\u00f3n de entrega de diplomas a abanderados del distrito. - Noticias Radio Reflejos\",\"isPartOf\":{\"@id\":\"https:\/\/www.noticiasradioreflejos.com.ar\/2021\/#website\"},\"primaryImageOfPage\":{\"@id\":\"https:\/\/www.noticiasradioreflejos.com.ar\/2021\/sesion-de-entrega-de-diplomas-a-abanderados-del-distrito\/#primaryimage\"},\"image\":{\"@id\":\"https:\/\/www.noticiasradioreflejos.com.ar\/2021\/sesion-de-entrega-de-diplomas-a-abanderados-del-distrito\/#primaryimage\"},\"thumbnailUrl\":\"http:\/\/farm5.staticflickr.com\/4566\/38741660791_49435924f8.jpg\",\"datePublished\":\"2017-11-30T11:41:09+00:00\",\"author\":{\"@id\":\"https:\/\/www.noticiasradioreflejos.com.ar\/2021\/#\/schema\/person\/ad82545263dcc5ec0996818884fd5fb1\"},\"breadcrumb\":{\"@id\":\"https:\/\/www.noticiasradioreflejos.com.ar\/2021\/sesion-de-entrega-de-diplomas-a-abanderados-del-distrito\/#breadcrumb\"},\"inLanguage\":\"es\",\"potentialAction\":[{\"@type\":\"ReadAction\",\"target\":[\"https:\/\/www.noticiasradioreflejos.com.ar\/2021\/sesion-de-entrega-de-diplomas-a-abanderados-del-distrito\/\"]}]},{\"@type\":\"ImageObject\",\"inLanguage\":\"es\",\"@id\":\"https:\/\/www.noticiasradioreflejos.com.ar\/2021\/sesion-de-entrega-de-diplomas-a-abanderados-del-distrito\/#primaryimage\",\"url\":\"http:\/\/farm5.staticflickr.com\/4566\/38741660791_49435924f8.jpg\",\"contentUrl\":\"http:\/\/farm5.staticflickr.com\/4566\/38741660791_49435924f8.jpg\"},{\"@type\":\"BreadcrumbList\",\"@id\":\"https:\/\/www.noticiasradioreflejos.com.ar\/2021\/sesion-de-entrega-de-diplomas-a-abanderados-del-distrito\/#breadcrumb\",\"itemListElement\":[{\"@type\":\"ListItem\",\"position\":1,\"name\":\"Portada\",\"item\":\"https:\/\/www.noticiasradioreflejos.com.ar\/2021\/\"},{\"@type\":\"ListItem\",\"position\":2,\"name\":\"Sesi\u00f3n de entrega de diplomas a abanderados del distrito.\"}]},{\"@type\":\"WebSite\",\"@id\":\"https:\/\/www.noticiasradioreflejos.com.ar\/2021\/#website\",\"url\":\"https:\/\/www.noticiasradioreflejos.com.ar\/2021\/\",\"name\":\"Noticias Radio Reflejos\",\"description\":\"Las noticias de mi comarca\",\"potentialAction\":[{\"@type\":\"SearchAction\",\"target\":{\"@type\":\"EntryPoint\",\"urlTemplate\":\"https:\/\/www.noticiasradioreflejos.com.ar\/2021\/?s={search_term_string}\"},\"query-input\":{\"@type\":\"PropertyValueSpecification\",\"valueRequired\":true,\"valueName\":\"search_term_string\"}}],\"inLanguage\":\"es\"},{\"@type\":\"Person\",\"@id\":\"https:\/\/www.noticiasradioreflejos.com.ar\/2021\/#\/schema\/person\/ad82545263dcc5ec0996818884fd5fb1\",\"name\":\"Arnaldo Botto\",\"image\":{\"@type\":\"ImageObject\",\"inLanguage\":\"es\",\"@id\":\"https:\/\/www.noticiasradioreflejos.com.ar\/2021\/#\/schema\/person\/image\/\",\"url\":\"https:\/\/secure.gravatar.com\/avatar\/55cb5e37c1efa326397366e6974cb338056df65cb50e7d64d1cf314e87504837?s=96&d=mm&r=g\",\"contentUrl\":\"https:\/\/secure.gravatar.com\/avatar\/55cb5e37c1efa326397366e6974cb338056df65cb50e7d64d1cf314e87504837?s=96&d=mm&r=g\",\"caption\":\"Arnaldo Botto\"},\"url\":\"https:\/\/www.noticiasradioreflejos.com.ar\/2021\/author\/arnaldo\/\"}]}<\/script>\n<!-- \/ Yoast SEO plugin. -->","yoast_head_json":{"title":"Sesi\u00f3n de entrega de diplomas a abanderados del distrito. - Noticias Radio Reflejos","robots":{"index":"index","follow":"follow","max-snippet":"max-snippet:-1","max-image-preview":"max-image-preview:large","max-video-preview":"max-video-preview:-1"},"canonical":"https:\/\/www.noticiasradioreflejos.com.ar\/2021\/sesion-de-entrega-de-diplomas-a-abanderados-del-distrito\/","og_locale":"es_ES","og_type":"article","og_title":"Sesi\u00f3n de entrega de diplomas a abanderados del distrito. - Noticias Radio Reflejos","og_description":"El martes 28 de noviembre a partir de las 20:20 hs. se realiz\u00f3 la primer Sesi\u00f3n Extraordinaria de entrega de Diplomas a Abanderados y Escoltas de algunas de las Escuelas del Distrito de Tornquist, convocadas por el Decreto N\u00ba 15\/17 del Honorable Concejo Deliberante, seg\u00fan la Resoluci\u00f3n N\u00ba 17\/17.","og_url":"https:\/\/www.noticiasradioreflejos.com.ar\/2021\/sesion-de-entrega-de-diplomas-a-abanderados-del-distrito\/","og_site_name":"Noticias Radio Reflejos","article_published_time":"2017-11-30T11:41:09+00:00","og_image":[{"url":"http:\/\/farm5.staticflickr.com\/4566\/38741660791_49435924f8.jpg","type":"","width":"","height":""}],"author":"Arnaldo Botto","twitter_card":"summary_large_image","schema":{"@context":"https:\/\/schema.org","@graph":[{"@type":"WebPage","@id":"https:\/\/www.noticiasradioreflejos.com.ar\/2021\/sesion-de-entrega-de-diplomas-a-abanderados-del-distrito\/","url":"https:\/\/www.noticiasradioreflejos.com.ar\/2021\/sesion-de-entrega-de-diplomas-a-abanderados-del-distrito\/","name":"Sesi\u00f3n de entrega de diplomas a abanderados del distrito. - Noticias Radio Reflejos","isPartOf":{"@id":"https:\/\/www.noticiasradioreflejos.com.ar\/2021\/#website"},"primaryImageOfPage":{"@id":"https:\/\/www.noticiasradioreflejos.com.ar\/2021\/sesion-de-entrega-de-diplomas-a-abanderados-del-distrito\/#primaryimage"},"image":{"@id":"https:\/\/www.noticiasradioreflejos.com.ar\/2021\/sesion-de-entrega-de-diplomas-a-abanderados-del-distrito\/#primaryimage"},"thumbnailUrl":"http:\/\/farm5.staticflickr.com\/4566\/38741660791_49435924f8.jpg","datePublished":"2017-11-30T11:41:09+00:00","author":{"@id":"https:\/\/www.noticiasradioreflejos.com.ar\/2021\/#\/schema\/person\/ad82545263dcc5ec0996818884fd5fb1"},"breadcrumb":{"@id":"https:\/\/www.noticiasradioreflejos.com.ar\/2021\/sesion-de-entrega-de-diplomas-a-abanderados-del-distrito\/#breadcrumb"},"inLanguage":"es","potentialAction":[{"@type":"ReadAction","target":["https:\/\/www.noticiasradioreflejos.com.ar\/2021\/sesion-de-entrega-de-diplomas-a-abanderados-del-distrito\/"]}]},{"@type":"ImageObject","inLanguage":"es","@id":"https:\/\/www.noticiasradioreflejos.com.ar\/2021\/sesion-de-entrega-de-diplomas-a-abanderados-del-distrito\/#primaryimage","url":"http:\/\/farm5.staticflickr.com\/4566\/38741660791_49435924f8.jpg","contentUrl":"http:\/\/farm5.staticflickr.com\/4566\/38741660791_49435924f8.jpg"},{"@type":"BreadcrumbList","@id":"https:\/\/www.noticiasradioreflejos.com.ar\/2021\/sesion-de-entrega-de-diplomas-a-abanderados-del-distrito\/#breadcrumb","itemListElement":[{"@type":"ListItem","position":1,"name":"Portada","item":"https:\/\/www.noticiasradioreflejos.com.ar\/2021\/"},{"@type":"ListItem","position":2,"name":"Sesi\u00f3n de entrega de diplomas a abanderados del distrito."}]},{"@type":"WebSite","@id":"https:\/\/www.noticiasradioreflejos.com.ar\/2021\/#website","url":"https:\/\/www.noticiasradioreflejos.com.ar\/2021\/","name":"Noticias Radio Reflejos","description":"Las noticias de mi comarca","potentialAction":[{"@type":"SearchAction","target":{"@type":"EntryPoint","urlTemplate":"https:\/\/www.noticiasradioreflejos.com.ar\/2021\/?s={search_term_string}"},"query-input":{"@type":"PropertyValueSpecification","valueRequired":true,"valueName":"search_term_string"}}],"inLanguage":"es"},{"@type":"Person","@id":"https:\/\/www.noticiasradioreflejos.com.ar\/2021\/#\/schema\/person\/ad82545263dcc5ec0996818884fd5fb1","name":"Arnaldo Botto","image":{"@type":"ImageObject","inLanguage":"es","@id":"https:\/\/www.noticiasradioreflejos.com.ar\/2021\/#\/schema\/person\/image\/","url":"https:\/\/secure.gravatar.com\/avatar\/55cb5e37c1efa326397366e6974cb338056df65cb50e7d64d1cf314e87504837?s=96&d=mm&r=g","contentUrl":"https:\/\/secure.gravatar.com\/avatar\/55cb5e37c1efa326397366e6974cb338056df65cb50e7d64d1cf314e87504837?s=96&d=mm&r=g","caption":"Arnaldo Botto"},"url":"https:\/\/www.noticiasradioreflejos.com.ar\/2021\/author\/arnaldo\/"}]}},"_links":{"self":[{"href":"https:\/\/www.noticiasradioreflejos.com.ar\/2021\/wp-json\/wp\/v2\/posts\/16685","targetHints":{"allow":["GET"]}}],"collection":[{"href":"https:\/\/www.noticiasradioreflejos.com.ar\/2021\/wp-json\/wp\/v2\/posts"}],"about":[{"href":"https:\/\/www.noticiasradioreflejos.com.ar\/2021\/wp-json\/wp\/v2\/types\/post"}],"author":[{"embeddable":true,"href":"https:\/\/www.noticiasradioreflejos.com.ar\/2021\/wp-json\/wp\/v2\/users\/3"}],"replies":[{"embeddable":true,"href":"https:\/\/www.noticiasradioreflejos.com.ar\/2021\/wp-json\/wp\/v2\/comments?post=16685"}],"version-history":[{"count":0,"href":"https:\/\/www.noticiasradioreflejos.com.ar\/2021\/wp-json\/wp\/v2\/posts\/16685\/revisions"}],"wp:attachment":[{"href":"https:\/\/www.noticiasradioreflejos.com.ar\/2021\/wp-json\/wp\/v2\/media?parent=16685"}],"wp:term":[{"taxonomy":"category","embeddable":true,"href":"https:\/\/www.noticiasradioreflejos.com.ar\/2021\/wp-json\/wp\/v2\/categories?post=16685"},{"taxonomy":"post_tag","embeddable":true,"href":"https:\/\/www.noticiasradioreflejos.com.ar\/2021\/wp-json\/wp\/v2\/tags?post=16685"}],"curies":[{"name":"wp","href":"https:\/\/api.w.org\/{rel}","templated":true}]}}