{"id":16663,"date":"2017-11-29T12:52:37","date_gmt":"2017-11-29T15:52:37","guid":{"rendered":"http:\/\/www.noticiasradioreflejos.com.ar\/noticias\/?p=16663"},"modified":"2017-11-29T12:52:37","modified_gmt":"2017-11-29T15:52:37","slug":"muestras-de-teatro-en-el-funke","status":"publish","type":"post","link":"https:\/\/www.noticiasradioreflejos.com.ar\/2021\/muestras-de-teatro-en-el-funke\/","title":{"rendered":"Muestras de TEATRO en el Funke"},"content":{"rendered":"<p><a title=\"TEATRO NI\u00d1OS\" href=\"http:\/\/farm5.staticflickr.com\/4565\/38692531782_4b5f9cc4c5_z.jpg\" rel=\"\"><img loading=\"lazy\" decoding=\"async\" class=\"alignleft\" style=\"float: left;\" title=\"TEATRO NI\u00d1OS\" src=\"http:\/\/farm5.staticflickr.com\/4565\/38692531782_4b5f9cc4c5_z.jpg\" alt=\"TEATRO NI\u00d1OS\" width=\"444\" height=\"640\" \/><\/a>Llegan las muestras de talleres de teatro de adultos y ni\u00f1os de las localidades de Tornquist, Sierra de la Ventana y Villa Ventana. <!--more--><br \/>\nLos talleres est\u00e1n a cargo del profesor Fab\u00edan Pandelo y se ofrecer\u00e1n dos muestras teatrales.<br \/>\nLa propuesta de teatro de adultos denominada \u00abAxilas verdes\u00bb se desarrollar\u00e1 el jueves 30 de noviembre a las 21:00, en el Teatro Municipal Rodolfo Funke, con entrada gratuita y esta destinada a p\u00fablico adulto.<br \/>\nLa muestra de teatro de ni\u00f1os se realizar\u00e1 el domingo 3 de diciembre a las 18:00, tambi\u00e9n en el Funke, con entrada libre y gratuita.<br \/>\n\u00a1Los esperamos!<\/p>\n","protected":false},"excerpt":{"rendered":"<p>Llegan las muestras de talleres de teatro de adultos y ni\u00f1os de las localidades de Tornquist, Sierra de la Ventana y Villa Ventana.<\/p>\n","protected":false},"author":3,"featured_media":0,"comment_status":"closed","ping_status":"open","sticky":false,"template":"","format":"standard","meta":{"footnotes":""},"categories":[35],"tags":[],"class_list":["post-16663","post","type-post","status-publish","format-standard","hentry","category-cultura"],"yoast_head":"<!-- This site is optimized with the Yoast SEO plugin v25.9 - https:\/\/yoast.com\/wordpress\/plugins\/seo\/ -->\n<title>Muestras de TEATRO en el Funke - Noticias Radio Reflejos<\/title>\n<meta name=\"robots\" content=\"index, follow, max-snippet:-1, max-image-preview:large, max-video-preview:-1\" \/>\n<link rel=\"canonical\" href=\"https:\/\/www.noticiasradioreflejos.com.ar\/2021\/muestras-de-teatro-en-el-funke\/\" \/>\n<meta property=\"og:locale\" content=\"es_ES\" \/>\n<meta property=\"og:type\" content=\"article\" \/>\n<meta property=\"og:title\" content=\"Muestras de TEATRO en el Funke - Noticias Radio Reflejos\" \/>\n<meta property=\"og:description\" content=\"Llegan las muestras de talleres de teatro de adultos y ni\u00f1os de las localidades de Tornquist, Sierra de la Ventana y Villa Ventana.\" \/>\n<meta property=\"og:url\" content=\"https:\/\/www.noticiasradioreflejos.com.ar\/2021\/muestras-de-teatro-en-el-funke\/\" \/>\n<meta property=\"og:site_name\" content=\"Noticias Radio Reflejos\" \/>\n<meta property=\"article:published_time\" content=\"2017-11-29T15:52:37+00:00\" \/>\n<meta property=\"og:image\" content=\"http:\/\/farm5.staticflickr.com\/4565\/38692531782_4b5f9cc4c5_z.jpg\" \/>\n<meta name=\"author\" content=\"Arnaldo Botto\" \/>\n<meta name=\"twitter:card\" content=\"summary_large_image\" \/>\n<script type=\"application\/ld+json\" class=\"yoast-schema-graph\">{\"@context\":\"https:\/\/schema.org\",\"@graph\":[{\"@type\":\"WebPage\",\"@id\":\"https:\/\/www.noticiasradioreflejos.com.ar\/2021\/muestras-de-teatro-en-el-funke\/\",\"url\":\"https:\/\/www.noticiasradioreflejos.com.ar\/2021\/muestras-de-teatro-en-el-funke\/\",\"name\":\"Muestras de TEATRO en el Funke - Noticias Radio Reflejos\",\"isPartOf\":{\"@id\":\"https:\/\/www.noticiasradioreflejos.com.ar\/2021\/#website\"},\"primaryImageOfPage\":{\"@id\":\"https:\/\/www.noticiasradioreflejos.com.ar\/2021\/muestras-de-teatro-en-el-funke\/#primaryimage\"},\"image\":{\"@id\":\"https:\/\/www.noticiasradioreflejos.com.ar\/2021\/muestras-de-teatro-en-el-funke\/#primaryimage\"},\"thumbnailUrl\":\"http:\/\/farm5.staticflickr.com\/4565\/38692531782_4b5f9cc4c5_z.jpg\",\"datePublished\":\"2017-11-29T15:52:37+00:00\",\"author\":{\"@id\":\"https:\/\/www.noticiasradioreflejos.com.ar\/2021\/#\/schema\/person\/ad82545263dcc5ec0996818884fd5fb1\"},\"breadcrumb\":{\"@id\":\"https:\/\/www.noticiasradioreflejos.com.ar\/2021\/muestras-de-teatro-en-el-funke\/#breadcrumb\"},\"inLanguage\":\"es\",\"potentialAction\":[{\"@type\":\"ReadAction\",\"target\":[\"https:\/\/www.noticiasradioreflejos.com.ar\/2021\/muestras-de-teatro-en-el-funke\/\"]}]},{\"@type\":\"ImageObject\",\"inLanguage\":\"es\",\"@id\":\"https:\/\/www.noticiasradioreflejos.com.ar\/2021\/muestras-de-teatro-en-el-funke\/#primaryimage\",\"url\":\"http:\/\/farm5.staticflickr.com\/4565\/38692531782_4b5f9cc4c5_z.jpg\",\"contentUrl\":\"http:\/\/farm5.staticflickr.com\/4565\/38692531782_4b5f9cc4c5_z.jpg\"},{\"@type\":\"BreadcrumbList\",\"@id\":\"https:\/\/www.noticiasradioreflejos.com.ar\/2021\/muestras-de-teatro-en-el-funke\/#breadcrumb\",\"itemListElement\":[{\"@type\":\"ListItem\",\"position\":1,\"name\":\"Portada\",\"item\":\"https:\/\/www.noticiasradioreflejos.com.ar\/2021\/\"},{\"@type\":\"ListItem\",\"position\":2,\"name\":\"Muestras de TEATRO en el Funke\"}]},{\"@type\":\"WebSite\",\"@id\":\"https:\/\/www.noticiasradioreflejos.com.ar\/2021\/#website\",\"url\":\"https:\/\/www.noticiasradioreflejos.com.ar\/2021\/\",\"name\":\"Noticias Radio Reflejos\",\"description\":\"Las noticias de mi comarca\",\"potentialAction\":[{\"@type\":\"SearchAction\",\"target\":{\"@type\":\"EntryPoint\",\"urlTemplate\":\"https:\/\/www.noticiasradioreflejos.com.ar\/2021\/?s={search_term_string}\"},\"query-input\":{\"@type\":\"PropertyValueSpecification\",\"valueRequired\":true,\"valueName\":\"search_term_string\"}}],\"inLanguage\":\"es\"},{\"@type\":\"Person\",\"@id\":\"https:\/\/www.noticiasradioreflejos.com.ar\/2021\/#\/schema\/person\/ad82545263dcc5ec0996818884fd5fb1\",\"name\":\"Arnaldo Botto\",\"image\":{\"@type\":\"ImageObject\",\"inLanguage\":\"es\",\"@id\":\"https:\/\/www.noticiasradioreflejos.com.ar\/2021\/#\/schema\/person\/image\/\",\"url\":\"https:\/\/secure.gravatar.com\/avatar\/55cb5e37c1efa326397366e6974cb338056df65cb50e7d64d1cf314e87504837?s=96&d=mm&r=g\",\"contentUrl\":\"https:\/\/secure.gravatar.com\/avatar\/55cb5e37c1efa326397366e6974cb338056df65cb50e7d64d1cf314e87504837?s=96&d=mm&r=g\",\"caption\":\"Arnaldo Botto\"},\"url\":\"https:\/\/www.noticiasradioreflejos.com.ar\/2021\/author\/arnaldo\/\"}]}<\/script>\n<!-- \/ Yoast SEO plugin. -->","yoast_head_json":{"title":"Muestras de TEATRO en el Funke - Noticias Radio Reflejos","robots":{"index":"index","follow":"follow","max-snippet":"max-snippet:-1","max-image-preview":"max-image-preview:large","max-video-preview":"max-video-preview:-1"},"canonical":"https:\/\/www.noticiasradioreflejos.com.ar\/2021\/muestras-de-teatro-en-el-funke\/","og_locale":"es_ES","og_type":"article","og_title":"Muestras de TEATRO en el Funke - Noticias Radio Reflejos","og_description":"Llegan las muestras de talleres de teatro de adultos y ni\u00f1os de las localidades de Tornquist, Sierra de la Ventana y Villa Ventana.","og_url":"https:\/\/www.noticiasradioreflejos.com.ar\/2021\/muestras-de-teatro-en-el-funke\/","og_site_name":"Noticias Radio Reflejos","article_published_time":"2017-11-29T15:52:37+00:00","og_image":[{"url":"http:\/\/farm5.staticflickr.com\/4565\/38692531782_4b5f9cc4c5_z.jpg","type":"","width":"","height":""}],"author":"Arnaldo Botto","twitter_card":"summary_large_image","schema":{"@context":"https:\/\/schema.org","@graph":[{"@type":"WebPage","@id":"https:\/\/www.noticiasradioreflejos.com.ar\/2021\/muestras-de-teatro-en-el-funke\/","url":"https:\/\/www.noticiasradioreflejos.com.ar\/2021\/muestras-de-teatro-en-el-funke\/","name":"Muestras de TEATRO en el Funke - Noticias Radio Reflejos","isPartOf":{"@id":"https:\/\/www.noticiasradioreflejos.com.ar\/2021\/#website"},"primaryImageOfPage":{"@id":"https:\/\/www.noticiasradioreflejos.com.ar\/2021\/muestras-de-teatro-en-el-funke\/#primaryimage"},"image":{"@id":"https:\/\/www.noticiasradioreflejos.com.ar\/2021\/muestras-de-teatro-en-el-funke\/#primaryimage"},"thumbnailUrl":"http:\/\/farm5.staticflickr.com\/4565\/38692531782_4b5f9cc4c5_z.jpg","datePublished":"2017-11-29T15:52:37+00:00","author":{"@id":"https:\/\/www.noticiasradioreflejos.com.ar\/2021\/#\/schema\/person\/ad82545263dcc5ec0996818884fd5fb1"},"breadcrumb":{"@id":"https:\/\/www.noticiasradioreflejos.com.ar\/2021\/muestras-de-teatro-en-el-funke\/#breadcrumb"},"inLanguage":"es","potentialAction":[{"@type":"ReadAction","target":["https:\/\/www.noticiasradioreflejos.com.ar\/2021\/muestras-de-teatro-en-el-funke\/"]}]},{"@type":"ImageObject","inLanguage":"es","@id":"https:\/\/www.noticiasradioreflejos.com.ar\/2021\/muestras-de-teatro-en-el-funke\/#primaryimage","url":"http:\/\/farm5.staticflickr.com\/4565\/38692531782_4b5f9cc4c5_z.jpg","contentUrl":"http:\/\/farm5.staticflickr.com\/4565\/38692531782_4b5f9cc4c5_z.jpg"},{"@type":"BreadcrumbList","@id":"https:\/\/www.noticiasradioreflejos.com.ar\/2021\/muestras-de-teatro-en-el-funke\/#breadcrumb","itemListElement":[{"@type":"ListItem","position":1,"name":"Portada","item":"https:\/\/www.noticiasradioreflejos.com.ar\/2021\/"},{"@type":"ListItem","position":2,"name":"Muestras de TEATRO en el Funke"}]},{"@type":"WebSite","@id":"https:\/\/www.noticiasradioreflejos.com.ar\/2021\/#website","url":"https:\/\/www.noticiasradioreflejos.com.ar\/2021\/","name":"Noticias Radio Reflejos","description":"Las noticias de mi comarca","potentialAction":[{"@type":"SearchAction","target":{"@type":"EntryPoint","urlTemplate":"https:\/\/www.noticiasradioreflejos.com.ar\/2021\/?s={search_term_string}"},"query-input":{"@type":"PropertyValueSpecification","valueRequired":true,"valueName":"search_term_string"}}],"inLanguage":"es"},{"@type":"Person","@id":"https:\/\/www.noticiasradioreflejos.com.ar\/2021\/#\/schema\/person\/ad82545263dcc5ec0996818884fd5fb1","name":"Arnaldo Botto","image":{"@type":"ImageObject","inLanguage":"es","@id":"https:\/\/www.noticiasradioreflejos.com.ar\/2021\/#\/schema\/person\/image\/","url":"https:\/\/secure.gravatar.com\/avatar\/55cb5e37c1efa326397366e6974cb338056df65cb50e7d64d1cf314e87504837?s=96&d=mm&r=g","contentUrl":"https:\/\/secure.gravatar.com\/avatar\/55cb5e37c1efa326397366e6974cb338056df65cb50e7d64d1cf314e87504837?s=96&d=mm&r=g","caption":"Arnaldo Botto"},"url":"https:\/\/www.noticiasradioreflejos.com.ar\/2021\/author\/arnaldo\/"}]}},"_links":{"self":[{"href":"https:\/\/www.noticiasradioreflejos.com.ar\/2021\/wp-json\/wp\/v2\/posts\/16663","targetHints":{"allow":["GET"]}}],"collection":[{"href":"https:\/\/www.noticiasradioreflejos.com.ar\/2021\/wp-json\/wp\/v2\/posts"}],"about":[{"href":"https:\/\/www.noticiasradioreflejos.com.ar\/2021\/wp-json\/wp\/v2\/types\/post"}],"author":[{"embeddable":true,"href":"https:\/\/www.noticiasradioreflejos.com.ar\/2021\/wp-json\/wp\/v2\/users\/3"}],"replies":[{"embeddable":true,"href":"https:\/\/www.noticiasradioreflejos.com.ar\/2021\/wp-json\/wp\/v2\/comments?post=16663"}],"version-history":[{"count":0,"href":"https:\/\/www.noticiasradioreflejos.com.ar\/2021\/wp-json\/wp\/v2\/posts\/16663\/revisions"}],"wp:attachment":[{"href":"https:\/\/www.noticiasradioreflejos.com.ar\/2021\/wp-json\/wp\/v2\/media?parent=16663"}],"wp:term":[{"taxonomy":"category","embeddable":true,"href":"https:\/\/www.noticiasradioreflejos.com.ar\/2021\/wp-json\/wp\/v2\/categories?post=16663"},{"taxonomy":"post_tag","embeddable":true,"href":"https:\/\/www.noticiasradioreflejos.com.ar\/2021\/wp-json\/wp\/v2\/tags?post=16663"}],"curies":[{"name":"wp","href":"https:\/\/api.w.org\/{rel}","templated":true}]}}