{"id":16645,"date":"2017-11-29T08:27:47","date_gmt":"2017-11-29T11:27:47","guid":{"rendered":"http:\/\/www.noticiasradioreflejos.com.ar\/noticias\/?p=16645"},"modified":"2017-11-29T08:27:47","modified_gmt":"2017-11-29T11:27:47","slug":"fallecimiento-de-la-sra-irma-esponda","status":"publish","type":"post","link":"https:\/\/www.noticiasradioreflejos.com.ar\/2021\/fallecimiento-de-la-sra-irma-esponda\/","title":{"rendered":"Fallecimiento de la Sra. Irma Clelia Esponda de Salerno."},"content":{"rendered":"<p>Publicamos a continuaci\u00f3n todas las participaciones que llegaron a nuestra redacci\u00f3n \u00a0con motivo del fallecimiento de la SRA. Irma Clelia Esponda de Salerno.<!--more--> La comunidad educativa del CEPT N\u00b0 12 de Villa Ventana expresa su profundo dolor ante el fallecimiento de la Sra. Irma Esponda y acompa\u00f1a a su familia en este dif\u00edcil momento.\u00a0Irma fue una constante colaboradora del CEPT, en el cual form\u00f3 parte del Consejo de Administraci\u00f3n por muchos a\u00f1os. El amor y trabajo que dedic\u00f3 a la escuela dej\u00f3 huellas imborrables en todos nosotros.<br \/>\n&#8212;&#8212;&#8212;&#8212;&#8212;&#8212;&#8212;&#8212;&#8212;&#8212;&#8212;&#8212;&#8212;&#8212;&#8212;&#8212;&#8212;&#8212;&#8212;&#8212;<br \/>\nLa Comisi\u00f3n Directiva y Cuerpo Activo de la Asociaci\u00f3n de Bomberos Voluntarios de Villa Ventana expresan su dolor por el fallecimiento de la Sra. Irma Esponda, esposa de nuestro Presidente Ra\u00fal Salerno y madre de nuestra ex-cobradora Sra. Clelia.<span id=\"more-16647\"><\/span><br \/>\nAcompa\u00f1amos a la familia en este dif\u00edcil momento que le toca atravesar y rogamos una oraci\u00f3n por el eterno descanso de su alma.<br \/>\nGIORMENTI MARIA SOLEDAD<br \/>\nSECRETARIA DE FINANZAS<br \/>\nASOC. BOMBEROS VOLUNTARIOS<br \/>\nDE VILLA VENTANA<br \/>\nAVDA.CRUZ DEL SUR S\/N\u00ba<br \/>\nCP: 8168 \u2013 VILLA VENTANA<br \/>\n&#8212;&#8212;&#8212;&#8212;&#8212;&#8212;&#8212;&#8212;&#8212;&#8212;&#8212;&#8212;&#8212;&#8212;&#8212;&#8212;&#8212;&#8212;&#8212;&#8212;&#8211;<br \/>\nLa Uni\u00f3n C\u00edvica Radical de Tornquist despide con profundo dolor a Irma Clelia Esponda, quien fuera en vida afiliada del partido y quien tambi\u00e9n desempe\u00f1ara cargos p\u00fablicos como el de Consejera Escolar del distrito.<br \/>\nAl despedirla rogamos una oraci\u00f3n en su memoria y por el consuelo de sus familiares.<br \/>\n&#8212;&#8212;&#8212;&#8212;&#8212;&#8212;&#8212;&#8212;&#8212;&#8212;&#8212;&#8212;&#8212;&#8212;&#8212;&#8212;&#8212;&#8212;&#8212;&#8212;&#8212;&#8212;&#8212;<br \/>\nLa Asociaci\u00f3n de Prestadores Tur\u00edsticos y Comerciantes de Villa Ventana, ante el fallecimiento de la Sra Irma Esponda hace llegar sus condolencias a todos sus familiares y allegados.<\/p>\n<div class=\"social-sharing ss-social-sharing\">\u00a0 \u00a0 \u00a0 \u00a0 \u00a0 \u00a0 \u00a0 \u00a0 \u00a0 \u00a0 \u00a0 \u00a0 \u00a0 \u00a0 \u00a0 \u00a0 \u00a0 \u00a0 \u00a0 \u00a0 \u00a0 \u00a0 \u00a0 \u00a0 \u00a0 \u00a0 \u00a0 \u00a0 \u00a0 \u00a0 \u00a0 \u00a0 \u00a0 \u00a0 \u00a0&#8212;&#8212;&#8212;&#8212;&#8212;&#8212;&#8212;&#8212;&#8212;&#8212;&#8212;&#8212;&#8212;&#8212;&#8212;&#8212;&#8212;&#8212;&#8212;&#8212;&#8212;&#8212;-<\/div>\n<div class=\"social-sharing ss-social-sharing\">El personal docente no docente y la Comisi\u00f3n Cooperadora del Jard\u00edn de Infantes N\u00b0 903 de Sierra de la Ventana, participan del fallecimiento de la madre de la docente Sra. Clelia Salerno y la acompa\u00f1an a ella y a su familia en este dif\u00edcil momento, rogando una oraci\u00f3n por el eterno descanso de su alma.<\/div>\n<div class=\"social-sharing ss-social-sharing\">\u00a0 \u00a0 \u00a0 \u00a0 \u00a0 \u00a0 \u00a0 \u00a0 \u00a0 \u00a0 \u00a0 \u00a0 \u00a0 \u00a0 \u00a0 \u00a0 \u00a0 \u00a0 \u00a0 \u00a0 \u00a0 \u00a0 \u00a0 \u00a0 \u00a0 \u00a0 \u00a0 \u00a0 \u00a0 \u00a0 \u00a0 \u00a0 \u00a0&#8212;&#8212;&#8212;&#8212;&#8212;&#8212;&#8212;&#8212;&#8212;&#8212;&#8212;&#8212;&#8212;&#8212;&#8212;&#8212;&#8212;&#8212;&#8212;&#8212;&#8212;&#8212;&#8212;&#8212;<\/div>\n<div class=\"social-sharing ss-social-sharing\">La Biblioteca Popular Macedonio Fern\u00e1ndez recordar\u00e1 siempre con mucho cari\u00f1o a la Sra. Irma Esponda y su paso por nuestra instituci\u00f3n como socia y como compa\u00f1era de trabajo en su momento en la comisi\u00f3n directiva. Nuestro abrazo y condolencias a la familia. Comisi\u00f3n Directiva Biblioteca Popular Macedonio Fern\u00e1ndez.<\/div>\n<div class=\"social-sharing ss-social-sharing\"><\/div>\n<div class=\"social-sharing ss-social-sharing\">\u00a0 \u00a0 \u00a0 \u00a0 \u00a0 \u00a0 \u00a0 \u00a0 \u00a0 \u00a0 \u00a0 \u00a0 \u00a0 \u00a0 \u00a0 \u00a0 \u00a0 \u00a0 \u00a0 \u00a0 \u00a0 \u00a0 \u00a0 \u00a0 \u00a0 \u00a0 \u00a0 \u00a0 \u00a0 \u00a0 \u00a0 \u00a0 \u00a0 &#8212;&#8212;&#8212;&#8212;&#8212;&#8212;&#8212;&#8212;&#8212;&#8212;&#8212;&#8212;&#8212;&#8212;&#8212;&#8212;&#8212;&#8212;&#8212;&#8212;&#8212;&#8212;&#8212;&#8212;&#8212;<\/div>\n<div class=\"social-sharing ss-social-sharing\">\nEl Centro de Jubilados y Pensionados despide con mucho cari\u00f1o a la Sra. Irma Esponda y siempre recordaremos su paso como integrante de la Comisi\u00f3n Directiva y socia de nuestra instituci\u00f3n. Excelente compa\u00f1era y amiga, extra\u00f1aremos tu valiosa presencia y tus talleres de chocolate y bombones. Nuestro abrazo y condolencias a la familia. Comisi\u00f3n Directiva Centro de Jubilados y Pensionados de Villa Ventana.<br \/>\n&#8212;&#8212;&#8212;&#8212;&#8212;&#8212;&#8212;&#8212;&#8212;&#8212;&#8212;&#8212;&#8212;&#8212;&#8212;&#8212;&#8212;&#8212;-\n<\/div>\n<div class=\"social-sharing ss-social-sharing\"><\/div>\n<div class=\"social-sharing ss-social-sharing\">La Comisi\u00f3n Directiva de la C\u00e1mara de Comercio y Turismo de Villa Ventana, participan del fallecimiento de la Sra. Irma Clelia Esponda de Salerno. Acompa\u00f1amos con un fuerte abrazo y condolencias a su familia en este dif\u00edcil momento. Atentamente Comisi\u00f3n Directiva.<\/div>\n<div class=\"social-sharing ss-social-sharing\"><\/div>\n<div class=\"social-sharing ss-social-sharing\">\u00a0 \u00a0 \u00a0 \u00a0 \u00a0 \u00a0 \u00a0 \u00a0 \u00a0 \u00a0 \u00a0 \u00a0 \u00a0 \u00a0 \u00a0 \u00a0 \u00a0 \u00a0 \u00a0 \u00a0 \u00a0 \u00a0 \u00a0 \u00a0 \u00a0 \u00a0 \u00a0 \u00a0 \u00a0 \u00a0 \u00a0 \u00a0 \u00a0 \u00a0 \u00a0 \u00a0 \u00a0 \u00a0 \u00a0 \u00a0 \u00a0 \u00a0 \u00a0 \u00a0 \u00a0 \u00a0 \u00a0 \u00a0&#8212;&#8212;&#8212;&#8212;&#8212;&#8212;&#8212;&#8212;&#8212;&#8212;&#8212;&#8212;&#8212;&#8212;&#8212;&#8212;&#8212;&#8211;<\/div>\n<div class=\"social-sharing ss-social-sharing\">\u00a0LA DELEGACI\u00d3N MUNICIPAL DE VILLA VENTANA, SR DELEGADO HUGO ALBERTO SCABUSO Y EMPLEADOS MUNICIPALES, PARTICIPAN DEL FALLECIMIENTO DE LA SRA. IRMA CLELIA ESPONDA DE SALERNO.<\/div>\n<div class=\"social-sharing ss-social-sharing\">\nACOMPA\u00d1ANDO CON UN FUERTE ABRAZO Y CONDOLENCIAS A SU FAMILIA EN ESTE DIF\u00cdCIL MOMENTO.\n<\/div>\n<div class=\"social-sharing ss-social-sharing\"><\/div>\n","protected":false},"excerpt":{"rendered":"<p>Publicamos a continuaci\u00f3n todas las participaciones que llegaron a nuestra redacci\u00f3n \u00a0con motivo del fallecimiento de la SRA. Irma Clelia Esponda de Salerno.<\/p>\n","protected":false},"author":3,"featured_media":0,"comment_status":"closed","ping_status":"open","sticky":false,"template":"","format":"standard","meta":{"footnotes":""},"categories":[26],"tags":[],"class_list":["post-16645","post","type-post","status-publish","format-standard","hentry","category-sociedad"],"yoast_head":"<!-- This site is optimized with the Yoast SEO plugin v25.9 - https:\/\/yoast.com\/wordpress\/plugins\/seo\/ -->\n<title>Fallecimiento de la Sra. Irma Clelia Esponda de Salerno. - Noticias Radio Reflejos<\/title>\n<meta name=\"robots\" content=\"index, follow, max-snippet:-1, max-image-preview:large, max-video-preview:-1\" \/>\n<link rel=\"canonical\" href=\"https:\/\/www.noticiasradioreflejos.com.ar\/2021\/fallecimiento-de-la-sra-irma-esponda\/\" \/>\n<meta property=\"og:locale\" content=\"es_ES\" \/>\n<meta property=\"og:type\" content=\"article\" \/>\n<meta property=\"og:title\" content=\"Fallecimiento de la Sra. Irma Clelia Esponda de Salerno. - Noticias Radio Reflejos\" \/>\n<meta property=\"og:description\" content=\"Publicamos a continuaci\u00f3n todas las participaciones que llegaron a nuestra redacci\u00f3n \u00a0con motivo del fallecimiento de la SRA. Irma Clelia Esponda de Salerno.\" \/>\n<meta property=\"og:url\" content=\"https:\/\/www.noticiasradioreflejos.com.ar\/2021\/fallecimiento-de-la-sra-irma-esponda\/\" \/>\n<meta property=\"og:site_name\" content=\"Noticias Radio Reflejos\" \/>\n<meta property=\"article:published_time\" content=\"2017-11-29T11:27:47+00:00\" \/>\n<meta property=\"og:image\" content=\"https:\/\/www.noticiasradioreflejos.com.ar\/2021\/wp-content\/uploads\/2021\/07\/logosol300x200.png\" \/>\n\t<meta property=\"og:image:width\" content=\"300\" \/>\n\t<meta property=\"og:image:height\" content=\"200\" \/>\n\t<meta property=\"og:image:type\" content=\"image\/png\" \/>\n<meta name=\"author\" content=\"Arnaldo Botto\" \/>\n<meta name=\"twitter:card\" content=\"summary_large_image\" \/>\n<script type=\"application\/ld+json\" class=\"yoast-schema-graph\">{\"@context\":\"https:\/\/schema.org\",\"@graph\":[{\"@type\":\"WebPage\",\"@id\":\"https:\/\/www.noticiasradioreflejos.com.ar\/2021\/fallecimiento-de-la-sra-irma-esponda\/\",\"url\":\"https:\/\/www.noticiasradioreflejos.com.ar\/2021\/fallecimiento-de-la-sra-irma-esponda\/\",\"name\":\"Fallecimiento de la Sra. Irma Clelia Esponda de Salerno. - Noticias Radio Reflejos\",\"isPartOf\":{\"@id\":\"https:\/\/www.noticiasradioreflejos.com.ar\/2021\/#website\"},\"datePublished\":\"2017-11-29T11:27:47+00:00\",\"author\":{\"@id\":\"https:\/\/www.noticiasradioreflejos.com.ar\/2021\/#\/schema\/person\/ad82545263dcc5ec0996818884fd5fb1\"},\"breadcrumb\":{\"@id\":\"https:\/\/www.noticiasradioreflejos.com.ar\/2021\/fallecimiento-de-la-sra-irma-esponda\/#breadcrumb\"},\"inLanguage\":\"es\",\"potentialAction\":[{\"@type\":\"ReadAction\",\"target\":[\"https:\/\/www.noticiasradioreflejos.com.ar\/2021\/fallecimiento-de-la-sra-irma-esponda\/\"]}]},{\"@type\":\"BreadcrumbList\",\"@id\":\"https:\/\/www.noticiasradioreflejos.com.ar\/2021\/fallecimiento-de-la-sra-irma-esponda\/#breadcrumb\",\"itemListElement\":[{\"@type\":\"ListItem\",\"position\":1,\"name\":\"Portada\",\"item\":\"https:\/\/www.noticiasradioreflejos.com.ar\/2021\/\"},{\"@type\":\"ListItem\",\"position\":2,\"name\":\"Fallecimiento de la Sra. Irma Clelia Esponda de Salerno.\"}]},{\"@type\":\"WebSite\",\"@id\":\"https:\/\/www.noticiasradioreflejos.com.ar\/2021\/#website\",\"url\":\"https:\/\/www.noticiasradioreflejos.com.ar\/2021\/\",\"name\":\"Noticias Radio Reflejos\",\"description\":\"Las noticias de mi comarca\",\"potentialAction\":[{\"@type\":\"SearchAction\",\"target\":{\"@type\":\"EntryPoint\",\"urlTemplate\":\"https:\/\/www.noticiasradioreflejos.com.ar\/2021\/?s={search_term_string}\"},\"query-input\":{\"@type\":\"PropertyValueSpecification\",\"valueRequired\":true,\"valueName\":\"search_term_string\"}}],\"inLanguage\":\"es\"},{\"@type\":\"Person\",\"@id\":\"https:\/\/www.noticiasradioreflejos.com.ar\/2021\/#\/schema\/person\/ad82545263dcc5ec0996818884fd5fb1\",\"name\":\"Arnaldo Botto\",\"image\":{\"@type\":\"ImageObject\",\"inLanguage\":\"es\",\"@id\":\"https:\/\/www.noticiasradioreflejos.com.ar\/2021\/#\/schema\/person\/image\/\",\"url\":\"https:\/\/secure.gravatar.com\/avatar\/55cb5e37c1efa326397366e6974cb338056df65cb50e7d64d1cf314e87504837?s=96&d=mm&r=g\",\"contentUrl\":\"https:\/\/secure.gravatar.com\/avatar\/55cb5e37c1efa326397366e6974cb338056df65cb50e7d64d1cf314e87504837?s=96&d=mm&r=g\",\"caption\":\"Arnaldo Botto\"},\"url\":\"https:\/\/www.noticiasradioreflejos.com.ar\/2021\/author\/arnaldo\/\"}]}<\/script>\n<!-- \/ Yoast SEO plugin. -->","yoast_head_json":{"title":"Fallecimiento de la Sra. Irma Clelia Esponda de Salerno. - Noticias Radio Reflejos","robots":{"index":"index","follow":"follow","max-snippet":"max-snippet:-1","max-image-preview":"max-image-preview:large","max-video-preview":"max-video-preview:-1"},"canonical":"https:\/\/www.noticiasradioreflejos.com.ar\/2021\/fallecimiento-de-la-sra-irma-esponda\/","og_locale":"es_ES","og_type":"article","og_title":"Fallecimiento de la Sra. Irma Clelia Esponda de Salerno. - Noticias Radio Reflejos","og_description":"Publicamos a continuaci\u00f3n todas las participaciones que llegaron a nuestra redacci\u00f3n \u00a0con motivo del fallecimiento de la SRA. Irma Clelia Esponda de Salerno.","og_url":"https:\/\/www.noticiasradioreflejos.com.ar\/2021\/fallecimiento-de-la-sra-irma-esponda\/","og_site_name":"Noticias Radio Reflejos","article_published_time":"2017-11-29T11:27:47+00:00","og_image":[{"width":300,"height":200,"url":"https:\/\/www.noticiasradioreflejos.com.ar\/2021\/wp-content\/uploads\/2021\/07\/logosol300x200.png","type":"image\/png"}],"author":"Arnaldo Botto","twitter_card":"summary_large_image","schema":{"@context":"https:\/\/schema.org","@graph":[{"@type":"WebPage","@id":"https:\/\/www.noticiasradioreflejos.com.ar\/2021\/fallecimiento-de-la-sra-irma-esponda\/","url":"https:\/\/www.noticiasradioreflejos.com.ar\/2021\/fallecimiento-de-la-sra-irma-esponda\/","name":"Fallecimiento de la Sra. Irma Clelia Esponda de Salerno. - Noticias Radio Reflejos","isPartOf":{"@id":"https:\/\/www.noticiasradioreflejos.com.ar\/2021\/#website"},"datePublished":"2017-11-29T11:27:47+00:00","author":{"@id":"https:\/\/www.noticiasradioreflejos.com.ar\/2021\/#\/schema\/person\/ad82545263dcc5ec0996818884fd5fb1"},"breadcrumb":{"@id":"https:\/\/www.noticiasradioreflejos.com.ar\/2021\/fallecimiento-de-la-sra-irma-esponda\/#breadcrumb"},"inLanguage":"es","potentialAction":[{"@type":"ReadAction","target":["https:\/\/www.noticiasradioreflejos.com.ar\/2021\/fallecimiento-de-la-sra-irma-esponda\/"]}]},{"@type":"BreadcrumbList","@id":"https:\/\/www.noticiasradioreflejos.com.ar\/2021\/fallecimiento-de-la-sra-irma-esponda\/#breadcrumb","itemListElement":[{"@type":"ListItem","position":1,"name":"Portada","item":"https:\/\/www.noticiasradioreflejos.com.ar\/2021\/"},{"@type":"ListItem","position":2,"name":"Fallecimiento de la Sra. Irma Clelia Esponda de Salerno."}]},{"@type":"WebSite","@id":"https:\/\/www.noticiasradioreflejos.com.ar\/2021\/#website","url":"https:\/\/www.noticiasradioreflejos.com.ar\/2021\/","name":"Noticias Radio Reflejos","description":"Las noticias de mi comarca","potentialAction":[{"@type":"SearchAction","target":{"@type":"EntryPoint","urlTemplate":"https:\/\/www.noticiasradioreflejos.com.ar\/2021\/?s={search_term_string}"},"query-input":{"@type":"PropertyValueSpecification","valueRequired":true,"valueName":"search_term_string"}}],"inLanguage":"es"},{"@type":"Person","@id":"https:\/\/www.noticiasradioreflejos.com.ar\/2021\/#\/schema\/person\/ad82545263dcc5ec0996818884fd5fb1","name":"Arnaldo Botto","image":{"@type":"ImageObject","inLanguage":"es","@id":"https:\/\/www.noticiasradioreflejos.com.ar\/2021\/#\/schema\/person\/image\/","url":"https:\/\/secure.gravatar.com\/avatar\/55cb5e37c1efa326397366e6974cb338056df65cb50e7d64d1cf314e87504837?s=96&d=mm&r=g","contentUrl":"https:\/\/secure.gravatar.com\/avatar\/55cb5e37c1efa326397366e6974cb338056df65cb50e7d64d1cf314e87504837?s=96&d=mm&r=g","caption":"Arnaldo Botto"},"url":"https:\/\/www.noticiasradioreflejos.com.ar\/2021\/author\/arnaldo\/"}]}},"_links":{"self":[{"href":"https:\/\/www.noticiasradioreflejos.com.ar\/2021\/wp-json\/wp\/v2\/posts\/16645","targetHints":{"allow":["GET"]}}],"collection":[{"href":"https:\/\/www.noticiasradioreflejos.com.ar\/2021\/wp-json\/wp\/v2\/posts"}],"about":[{"href":"https:\/\/www.noticiasradioreflejos.com.ar\/2021\/wp-json\/wp\/v2\/types\/post"}],"author":[{"embeddable":true,"href":"https:\/\/www.noticiasradioreflejos.com.ar\/2021\/wp-json\/wp\/v2\/users\/3"}],"replies":[{"embeddable":true,"href":"https:\/\/www.noticiasradioreflejos.com.ar\/2021\/wp-json\/wp\/v2\/comments?post=16645"}],"version-history":[{"count":0,"href":"https:\/\/www.noticiasradioreflejos.com.ar\/2021\/wp-json\/wp\/v2\/posts\/16645\/revisions"}],"wp:attachment":[{"href":"https:\/\/www.noticiasradioreflejos.com.ar\/2021\/wp-json\/wp\/v2\/media?parent=16645"}],"wp:term":[{"taxonomy":"category","embeddable":true,"href":"https:\/\/www.noticiasradioreflejos.com.ar\/2021\/wp-json\/wp\/v2\/categories?post=16645"},{"taxonomy":"post_tag","embeddable":true,"href":"https:\/\/www.noticiasradioreflejos.com.ar\/2021\/wp-json\/wp\/v2\/tags?post=16645"}],"curies":[{"name":"wp","href":"https:\/\/api.w.org\/{rel}","templated":true}]}}