{"id":16610,"date":"2017-11-28T17:46:26","date_gmt":"2017-11-28T20:46:26","guid":{"rendered":"http:\/\/www.noticiasradioreflejos.com.ar\/noticias\/?p=16610"},"modified":"2017-11-28T17:46:26","modified_gmt":"2017-11-28T20:46:26","slug":"el-campo-de-juego-del-club-a-ventana-llevara-el-nombre-emmanuel-yiye-grenz","status":"publish","type":"post","link":"https:\/\/www.noticiasradioreflejos.com.ar\/2021\/el-campo-de-juego-del-club-a-ventana-llevara-el-nombre-emmanuel-yiye-grenz\/","title":{"rendered":"El campo de juego del Club A. Ventana llevar\u00e1 el nombre Emmanuel &quot;Yiye&quot; Grenz."},"content":{"rendered":"<p><a title=\"201711230306396558444abccd6af0e1812bbcc9821bec-700x437\" href=\"http:\/\/farm5.staticflickr.com\/4517\/37820323745_9fec13d3f5.jpg\" rel=\"\"><img loading=\"lazy\" decoding=\"async\" class=\"alignleft\" style=\"float: left;\" title=\"201711230306396558444abccd6af0e1812bbcc9821bec-700x437\" src=\"http:\/\/farm5.staticflickr.com\/4517\/37820323745_9fec13d3f5.jpg\" alt=\"201711230306396558444abccd6af0e1812bbcc9821bec-700x437\" width=\"500\" height=\"312\" \/><\/a>El acto est\u00e1 previsto para el domingo 3 de diciembre a las 11,30 horas, previo a la disputa del segundo partido por la final del torneo de la Liga, donde el local enfrentar\u00e1 a Independiente de Pringles.<!--more--><br \/>\nGrenz, fallecido en agosto del 2015 con 32 a\u00f1os, muri\u00f3 en Sierra de la Ventana, en el predio del Club Atl\u00e9tico Ventana, al ser aplastado por una de las ramas de un \u00e1rbol que estaba podando. El hecho se produjo alrededor de las 16:00, cuando estaba trabajando en un eucaliptus y una rama de unos 6\u00d71 metros se precipit\u00f3 e impact\u00f3 contra la v\u00edctima.<br \/>\nBomberos Voluntarios y m\u00e9dicos concurrieron al sitio, aunque Grenz falleci\u00f3 de manera instant\u00e1nea como consecuencia de las heridas sufridas.<br \/>\nEmanuel visti\u00f3 la camiseta de \u2018El Progreso\u2019 de Cnia. Santa Mar\u00eda, en donde tienen un excelente recuerdo, tanto humano como deportivo, pasando adem\u00e1s por otros clubes de la Liga Regional de F\u00fatbol de Coronel Su\u00e1rez, del distrito de Tornquist, Porte\u00f1o de Saldungaray y Atl\u00e9tico de Sierra de la Ventana.<br \/>\n\u00abYiye\u00bb, como lo apodaban sus compa\u00f1eros de equipo, dej\u00f3 un imborrable recuerdo en Atl\u00e9tico, es por ello, que el club lo homenajear\u00e1 con su nombre en el estadio, el cual ve\u00eda todas las ma\u00f1anas, desde la ventana de su carpinter\u00eda.<br \/>\nAs\u00ed lo informan autoridades de la instituci\u00f3n serrana: <!--more--><br \/>\nEste domingo 3 de diciembre a las 11:30 hs concretaremos el nombramiento de nuestro campo de f\u00fatbol, algo que dese\u00e1bamos hacer hace tiempo.<br \/>\nAhora s\u00ed lo damos a conocer e invitamos a toda la comunidad a acompa\u00f1arnos en este sentido homenaje. La familia Tricolor conoce la importancia de este momento y cu\u00e1nto amor conlleva.<br \/>\nYiye, el amigo, el l\u00edder, el incansable, el querido por todos, estar\u00e1 formalmente en nuestro campo como lo ha estado todo este tiempo en nuestro coraz\u00f3n.<br \/>\nCompartamos juntos este sentido momento.<br \/>\nLos esperamos.<\/p>\n","protected":false},"excerpt":{"rendered":"<p>El acto est\u00e1 previsto para el domingo 3 de diciembre a las 11,30 horas, previo a la disputa del segundo partido por la final del torneo de la Liga, donde el local enfrentar\u00e1 a Independiente de Pringles.<\/p>\n","protected":false},"author":3,"featured_media":0,"comment_status":"closed","ping_status":"open","sticky":false,"template":"","format":"standard","meta":{"footnotes":""},"categories":[26],"tags":[],"class_list":["post-16610","post","type-post","status-publish","format-standard","hentry","category-sociedad"],"yoast_head":"<!-- This site is optimized with the Yoast SEO plugin v25.9 - https:\/\/yoast.com\/wordpress\/plugins\/seo\/ -->\n<title>El campo de juego del Club A. Ventana llevar\u00e1 el nombre Emmanuel &quot;Yiye&quot; Grenz. - Noticias Radio Reflejos<\/title>\n<meta name=\"robots\" content=\"index, follow, max-snippet:-1, max-image-preview:large, max-video-preview:-1\" \/>\n<link rel=\"canonical\" href=\"https:\/\/www.noticiasradioreflejos.com.ar\/2021\/el-campo-de-juego-del-club-a-ventana-llevara-el-nombre-emmanuel-yiye-grenz\/\" \/>\n<meta property=\"og:locale\" content=\"es_ES\" \/>\n<meta property=\"og:type\" content=\"article\" \/>\n<meta property=\"og:title\" content=\"El campo de juego del Club A. Ventana llevar\u00e1 el nombre Emmanuel &quot;Yiye&quot; Grenz. - Noticias Radio Reflejos\" \/>\n<meta property=\"og:description\" content=\"El acto est\u00e1 previsto para el domingo 3 de diciembre a las 11,30 horas, previo a la disputa del segundo partido por la final del torneo de la Liga, donde el local enfrentar\u00e1 a Independiente de Pringles.\" \/>\n<meta property=\"og:url\" content=\"https:\/\/www.noticiasradioreflejos.com.ar\/2021\/el-campo-de-juego-del-club-a-ventana-llevara-el-nombre-emmanuel-yiye-grenz\/\" \/>\n<meta property=\"og:site_name\" content=\"Noticias Radio Reflejos\" \/>\n<meta property=\"article:published_time\" content=\"2017-11-28T20:46:26+00:00\" \/>\n<meta property=\"og:image\" content=\"http:\/\/farm5.staticflickr.com\/4517\/37820323745_9fec13d3f5.jpg\" \/>\n<meta name=\"author\" content=\"Arnaldo Botto\" \/>\n<meta name=\"twitter:card\" content=\"summary_large_image\" \/>\n<script type=\"application\/ld+json\" class=\"yoast-schema-graph\">{\"@context\":\"https:\/\/schema.org\",\"@graph\":[{\"@type\":\"WebPage\",\"@id\":\"https:\/\/www.noticiasradioreflejos.com.ar\/2021\/el-campo-de-juego-del-club-a-ventana-llevara-el-nombre-emmanuel-yiye-grenz\/\",\"url\":\"https:\/\/www.noticiasradioreflejos.com.ar\/2021\/el-campo-de-juego-del-club-a-ventana-llevara-el-nombre-emmanuel-yiye-grenz\/\",\"name\":\"El campo de juego del Club A. Ventana llevar\u00e1 el nombre Emmanuel &quot;Yiye&quot; Grenz. - Noticias Radio Reflejos\",\"isPartOf\":{\"@id\":\"https:\/\/www.noticiasradioreflejos.com.ar\/2021\/#website\"},\"primaryImageOfPage\":{\"@id\":\"https:\/\/www.noticiasradioreflejos.com.ar\/2021\/el-campo-de-juego-del-club-a-ventana-llevara-el-nombre-emmanuel-yiye-grenz\/#primaryimage\"},\"image\":{\"@id\":\"https:\/\/www.noticiasradioreflejos.com.ar\/2021\/el-campo-de-juego-del-club-a-ventana-llevara-el-nombre-emmanuel-yiye-grenz\/#primaryimage\"},\"thumbnailUrl\":\"http:\/\/farm5.staticflickr.com\/4517\/37820323745_9fec13d3f5.jpg\",\"datePublished\":\"2017-11-28T20:46:26+00:00\",\"author\":{\"@id\":\"https:\/\/www.noticiasradioreflejos.com.ar\/2021\/#\/schema\/person\/ad82545263dcc5ec0996818884fd5fb1\"},\"breadcrumb\":{\"@id\":\"https:\/\/www.noticiasradioreflejos.com.ar\/2021\/el-campo-de-juego-del-club-a-ventana-llevara-el-nombre-emmanuel-yiye-grenz\/#breadcrumb\"},\"inLanguage\":\"es\",\"potentialAction\":[{\"@type\":\"ReadAction\",\"target\":[\"https:\/\/www.noticiasradioreflejos.com.ar\/2021\/el-campo-de-juego-del-club-a-ventana-llevara-el-nombre-emmanuel-yiye-grenz\/\"]}]},{\"@type\":\"ImageObject\",\"inLanguage\":\"es\",\"@id\":\"https:\/\/www.noticiasradioreflejos.com.ar\/2021\/el-campo-de-juego-del-club-a-ventana-llevara-el-nombre-emmanuel-yiye-grenz\/#primaryimage\",\"url\":\"http:\/\/farm5.staticflickr.com\/4517\/37820323745_9fec13d3f5.jpg\",\"contentUrl\":\"http:\/\/farm5.staticflickr.com\/4517\/37820323745_9fec13d3f5.jpg\"},{\"@type\":\"BreadcrumbList\",\"@id\":\"https:\/\/www.noticiasradioreflejos.com.ar\/2021\/el-campo-de-juego-del-club-a-ventana-llevara-el-nombre-emmanuel-yiye-grenz\/#breadcrumb\",\"itemListElement\":[{\"@type\":\"ListItem\",\"position\":1,\"name\":\"Portada\",\"item\":\"https:\/\/www.noticiasradioreflejos.com.ar\/2021\/\"},{\"@type\":\"ListItem\",\"position\":2,\"name\":\"El campo de juego del Club A. Ventana llevar\u00e1 el nombre Emmanuel &quot;Yiye&quot; Grenz.\"}]},{\"@type\":\"WebSite\",\"@id\":\"https:\/\/www.noticiasradioreflejos.com.ar\/2021\/#website\",\"url\":\"https:\/\/www.noticiasradioreflejos.com.ar\/2021\/\",\"name\":\"Noticias Radio Reflejos\",\"description\":\"Las noticias de mi comarca\",\"potentialAction\":[{\"@type\":\"SearchAction\",\"target\":{\"@type\":\"EntryPoint\",\"urlTemplate\":\"https:\/\/www.noticiasradioreflejos.com.ar\/2021\/?s={search_term_string}\"},\"query-input\":{\"@type\":\"PropertyValueSpecification\",\"valueRequired\":true,\"valueName\":\"search_term_string\"}}],\"inLanguage\":\"es\"},{\"@type\":\"Person\",\"@id\":\"https:\/\/www.noticiasradioreflejos.com.ar\/2021\/#\/schema\/person\/ad82545263dcc5ec0996818884fd5fb1\",\"name\":\"Arnaldo Botto\",\"image\":{\"@type\":\"ImageObject\",\"inLanguage\":\"es\",\"@id\":\"https:\/\/www.noticiasradioreflejos.com.ar\/2021\/#\/schema\/person\/image\/\",\"url\":\"https:\/\/secure.gravatar.com\/avatar\/55cb5e37c1efa326397366e6974cb338056df65cb50e7d64d1cf314e87504837?s=96&d=mm&r=g\",\"contentUrl\":\"https:\/\/secure.gravatar.com\/avatar\/55cb5e37c1efa326397366e6974cb338056df65cb50e7d64d1cf314e87504837?s=96&d=mm&r=g\",\"caption\":\"Arnaldo Botto\"},\"url\":\"https:\/\/www.noticiasradioreflejos.com.ar\/2021\/author\/arnaldo\/\"}]}<\/script>\n<!-- \/ Yoast SEO plugin. -->","yoast_head_json":{"title":"El campo de juego del Club A. Ventana llevar\u00e1 el nombre Emmanuel &quot;Yiye&quot; Grenz. - Noticias Radio Reflejos","robots":{"index":"index","follow":"follow","max-snippet":"max-snippet:-1","max-image-preview":"max-image-preview:large","max-video-preview":"max-video-preview:-1"},"canonical":"https:\/\/www.noticiasradioreflejos.com.ar\/2021\/el-campo-de-juego-del-club-a-ventana-llevara-el-nombre-emmanuel-yiye-grenz\/","og_locale":"es_ES","og_type":"article","og_title":"El campo de juego del Club A. Ventana llevar\u00e1 el nombre Emmanuel &quot;Yiye&quot; Grenz. - Noticias Radio Reflejos","og_description":"El acto est\u00e1 previsto para el domingo 3 de diciembre a las 11,30 horas, previo a la disputa del segundo partido por la final del torneo de la Liga, donde el local enfrentar\u00e1 a Independiente de Pringles.","og_url":"https:\/\/www.noticiasradioreflejos.com.ar\/2021\/el-campo-de-juego-del-club-a-ventana-llevara-el-nombre-emmanuel-yiye-grenz\/","og_site_name":"Noticias Radio Reflejos","article_published_time":"2017-11-28T20:46:26+00:00","og_image":[{"url":"http:\/\/farm5.staticflickr.com\/4517\/37820323745_9fec13d3f5.jpg","type":"","width":"","height":""}],"author":"Arnaldo Botto","twitter_card":"summary_large_image","schema":{"@context":"https:\/\/schema.org","@graph":[{"@type":"WebPage","@id":"https:\/\/www.noticiasradioreflejos.com.ar\/2021\/el-campo-de-juego-del-club-a-ventana-llevara-el-nombre-emmanuel-yiye-grenz\/","url":"https:\/\/www.noticiasradioreflejos.com.ar\/2021\/el-campo-de-juego-del-club-a-ventana-llevara-el-nombre-emmanuel-yiye-grenz\/","name":"El campo de juego del Club A. Ventana llevar\u00e1 el nombre Emmanuel &quot;Yiye&quot; Grenz. - Noticias Radio Reflejos","isPartOf":{"@id":"https:\/\/www.noticiasradioreflejos.com.ar\/2021\/#website"},"primaryImageOfPage":{"@id":"https:\/\/www.noticiasradioreflejos.com.ar\/2021\/el-campo-de-juego-del-club-a-ventana-llevara-el-nombre-emmanuel-yiye-grenz\/#primaryimage"},"image":{"@id":"https:\/\/www.noticiasradioreflejos.com.ar\/2021\/el-campo-de-juego-del-club-a-ventana-llevara-el-nombre-emmanuel-yiye-grenz\/#primaryimage"},"thumbnailUrl":"http:\/\/farm5.staticflickr.com\/4517\/37820323745_9fec13d3f5.jpg","datePublished":"2017-11-28T20:46:26+00:00","author":{"@id":"https:\/\/www.noticiasradioreflejos.com.ar\/2021\/#\/schema\/person\/ad82545263dcc5ec0996818884fd5fb1"},"breadcrumb":{"@id":"https:\/\/www.noticiasradioreflejos.com.ar\/2021\/el-campo-de-juego-del-club-a-ventana-llevara-el-nombre-emmanuel-yiye-grenz\/#breadcrumb"},"inLanguage":"es","potentialAction":[{"@type":"ReadAction","target":["https:\/\/www.noticiasradioreflejos.com.ar\/2021\/el-campo-de-juego-del-club-a-ventana-llevara-el-nombre-emmanuel-yiye-grenz\/"]}]},{"@type":"ImageObject","inLanguage":"es","@id":"https:\/\/www.noticiasradioreflejos.com.ar\/2021\/el-campo-de-juego-del-club-a-ventana-llevara-el-nombre-emmanuel-yiye-grenz\/#primaryimage","url":"http:\/\/farm5.staticflickr.com\/4517\/37820323745_9fec13d3f5.jpg","contentUrl":"http:\/\/farm5.staticflickr.com\/4517\/37820323745_9fec13d3f5.jpg"},{"@type":"BreadcrumbList","@id":"https:\/\/www.noticiasradioreflejos.com.ar\/2021\/el-campo-de-juego-del-club-a-ventana-llevara-el-nombre-emmanuel-yiye-grenz\/#breadcrumb","itemListElement":[{"@type":"ListItem","position":1,"name":"Portada","item":"https:\/\/www.noticiasradioreflejos.com.ar\/2021\/"},{"@type":"ListItem","position":2,"name":"El campo de juego del Club A. Ventana llevar\u00e1 el nombre Emmanuel &quot;Yiye&quot; Grenz."}]},{"@type":"WebSite","@id":"https:\/\/www.noticiasradioreflejos.com.ar\/2021\/#website","url":"https:\/\/www.noticiasradioreflejos.com.ar\/2021\/","name":"Noticias Radio Reflejos","description":"Las noticias de mi comarca","potentialAction":[{"@type":"SearchAction","target":{"@type":"EntryPoint","urlTemplate":"https:\/\/www.noticiasradioreflejos.com.ar\/2021\/?s={search_term_string}"},"query-input":{"@type":"PropertyValueSpecification","valueRequired":true,"valueName":"search_term_string"}}],"inLanguage":"es"},{"@type":"Person","@id":"https:\/\/www.noticiasradioreflejos.com.ar\/2021\/#\/schema\/person\/ad82545263dcc5ec0996818884fd5fb1","name":"Arnaldo Botto","image":{"@type":"ImageObject","inLanguage":"es","@id":"https:\/\/www.noticiasradioreflejos.com.ar\/2021\/#\/schema\/person\/image\/","url":"https:\/\/secure.gravatar.com\/avatar\/55cb5e37c1efa326397366e6974cb338056df65cb50e7d64d1cf314e87504837?s=96&d=mm&r=g","contentUrl":"https:\/\/secure.gravatar.com\/avatar\/55cb5e37c1efa326397366e6974cb338056df65cb50e7d64d1cf314e87504837?s=96&d=mm&r=g","caption":"Arnaldo Botto"},"url":"https:\/\/www.noticiasradioreflejos.com.ar\/2021\/author\/arnaldo\/"}]}},"_links":{"self":[{"href":"https:\/\/www.noticiasradioreflejos.com.ar\/2021\/wp-json\/wp\/v2\/posts\/16610","targetHints":{"allow":["GET"]}}],"collection":[{"href":"https:\/\/www.noticiasradioreflejos.com.ar\/2021\/wp-json\/wp\/v2\/posts"}],"about":[{"href":"https:\/\/www.noticiasradioreflejos.com.ar\/2021\/wp-json\/wp\/v2\/types\/post"}],"author":[{"embeddable":true,"href":"https:\/\/www.noticiasradioreflejos.com.ar\/2021\/wp-json\/wp\/v2\/users\/3"}],"replies":[{"embeddable":true,"href":"https:\/\/www.noticiasradioreflejos.com.ar\/2021\/wp-json\/wp\/v2\/comments?post=16610"}],"version-history":[{"count":0,"href":"https:\/\/www.noticiasradioreflejos.com.ar\/2021\/wp-json\/wp\/v2\/posts\/16610\/revisions"}],"wp:attachment":[{"href":"https:\/\/www.noticiasradioreflejos.com.ar\/2021\/wp-json\/wp\/v2\/media?parent=16610"}],"wp:term":[{"taxonomy":"category","embeddable":true,"href":"https:\/\/www.noticiasradioreflejos.com.ar\/2021\/wp-json\/wp\/v2\/categories?post=16610"},{"taxonomy":"post_tag","embeddable":true,"href":"https:\/\/www.noticiasradioreflejos.com.ar\/2021\/wp-json\/wp\/v2\/tags?post=16610"}],"curies":[{"name":"wp","href":"https:\/\/api.w.org\/{rel}","templated":true}]}}