{"id":16594,"date":"2017-11-28T08:33:25","date_gmt":"2017-11-28T11:33:25","guid":{"rendered":"http:\/\/www.noticiasradioreflejos.com.ar\/noticias\/?p=16594"},"modified":"2017-11-28T08:33:25","modified_gmt":"2017-11-28T11:33:25","slug":"una-mujer-pringlense-condenada-por-golpear-a-su-hijo","status":"publish","type":"post","link":"https:\/\/www.noticiasradioreflejos.com.ar\/2021\/una-mujer-pringlense-condenada-por-golpear-a-su-hijo\/","title":{"rendered":"Una mujer pringlense condenada por golpear a su hijo"},"content":{"rendered":"<p>En las \u00faltimas horas se conoci\u00f3 un fallo de la justicia correccional bahiense, en el que sentenciaron a nueve meses de prisi\u00f3n en suspenso a una mujer de nuestra ciudad acusada de golpear en al menos dos ocasiones a su hijo, quien por entonces ten\u00eda 9 a\u00f1os.<!--more--><br \/>\nTan grave result\u00f3 la situaci\u00f3n que el peque\u00f1o le dijo a una abogada del Servicio Local que le ten\u00eda mucho miedo a su mam\u00e1 y que sent\u00eda escalofr\u00edos cuando ella estaba cerca.<br \/>\nEn ambas oportunidades las denuncias fueron realizadas por el padre del chico, quien no conviv\u00eda con la imputada.<br \/>\nEl fallo fue resuelto en tr\u00e1mite de juicio abreviado por el titular del Juzgado N\u00ba 1, Jos\u00e9 Luis Ares, quien sentenci\u00f3 a la procesada \u2013de 47 a\u00f1os y a quien no se la identifica para preservar al ni\u00f1o- por el delito de lesiones leves calificadas.<br \/>\nAdem\u00e1s le impuso una serie de reglas de conducta que deber\u00e1 cumplir por el plazo de dos a\u00f1os, entre ellas la realizaci\u00f3n de un tratamiento psicol\u00f3gico en caso de ser indicado por un profesional una vez que el fallo quede firme.<br \/>\nPreviamente, la fiscal\u00eda y el defensor hab\u00edan acordado la sanci\u00f3n y calificaci\u00f3n legal del caso.<br \/>\nSeg\u00fan la resoluci\u00f3n, el primero de los hechos se produjo el 8 de julio de 2014, cuando la acusada golpe\u00f3 con un cintur\u00f3n a su hijo, produci\u00e9ndole hematomas en el brazo, muslo y om\u00f3plato izquierdos y el hombro derecho.<br \/>\nEl progenitor del menor declar\u00f3 que al d\u00eda siguiente fue a cenar y jugar al bowling con el nene, quien en un momento le indic\u00f3 que le dol\u00eda un brazo.<br \/>\nDijo que al levantarle la remera observ\u00f3 las marcas que ten\u00eda el cuerpo y que el ni\u00f1o le cont\u00f3 lo ocurrido.<br \/>\nDe inmediato lo llev\u00f3 al hospital y luego realiz\u00f3 la denuncia penal.<br \/>\nLa letrada que cumple funciones para la comuna labr\u00f3 un acta en la que describi\u00f3 que el chico le mencion\u00f3 episodios violentos que habr\u00eda sufrido y el deseo de no vivir m\u00e1s con su madre.<br \/>\nTambi\u00e9n se encuentra agregada a la causa la declaraci\u00f3n del m\u00e9dico que atendi\u00f3 a la v\u00edctima, quien refiri\u00f3 que los golpes \u201cpudieron haber sido producidos por una goma, un cinto o una manguera\u201d.<br \/>\nViolencia y humillaci\u00f3n<br \/>\nEl otro episodio se desencaden\u00f3 el 27 de noviembre de ese mismo a\u00f1o y fue advertido por autoridades del colegio al que asist\u00eda el menor, quienes descubrieron signos de haber recibido un golpe en su rostro.<br \/>\nAl ser interrogado por los docentes, el estudiante indic\u00f3 que lo hab\u00eda agredido su madre \u201cporque no le sal\u00edan las cuentas\u201d.<br \/>\nEl padre mencion\u00f3 que su hijo le cont\u00f3 que la procesada \u201cle propin\u00f3 varios golpes en la cara, en la cabeza y en otras partes del cuerpo, torci\u00e9ndole el brazo y oblig\u00e1ndolo a pegar la cara contra el cuaderno, mientras lo insultaba y lo humillaba\u201d.<br \/>\nEl menor dijo que no le sal\u00edan los deberes y que la madre no lo quer\u00eda ayudar porque estaba hablando por tel\u00e9fono.<br \/>\nMencion\u00f3 tambi\u00e9n que no pudo hacer la tarea y que por esa raz\u00f3n la mujer lo mand\u00f3 a dormir sin cenar.<br \/>\nRelat\u00f3 que el d\u00eda siguiente su madre no lo despert\u00f3, por lo que se le hizo tarde para ir al colegio y concurri\u00f3 sin haber desayunado.<br \/>\nA partir de la prueba reunida (declaraciones testimoniales, informes m\u00e9dicos y fotograf\u00edas), el magistrado consider\u00f3 que adem\u00e1s de \u00absumar elementos de cargo respecto del hecho y la autor\u00eda, pone en evidencia el contexto de violencia al que ha sometido la imputada a su hijo\u00bb.<br \/>\nAgreg\u00f3 que \u00abtodo lo expuesto resulta un plexo probatorio abrumador acerca de la existencia de las lesiones\u00bb, adem\u00e1s de destacar que \u00abesto se ha prolongado en el tiempo\u00bb.<br \/>\nPor todo ello, hall\u00f3 culpable a la imputada del delito atribuido y le impuso la sanci\u00f3n de ejecuci\u00f3n condicional.<br \/>\nNumerosas intervenciones<br \/>\nUna importante cantidad de actas labradas entre 2011 y 2015 por el Servicio Local de Promoci\u00f3n y Protecci\u00f3n de los Derechos del Ni\u00f1o, dependiente de la comuna pringlense, se encuentran agregadas a la causa.<br \/>\nEn ellas se describe la intervenci\u00f3n en varias ocasiones por situaciones de conflicto relacionadas con el menor.<br \/>\nIndican que informes psicol\u00f3gicos y de desempe\u00f1o escolar \u00abpermiten vislumbrar la dif\u00edcil, conflictiva y violenta situaci\u00f3n a la que se ha sometido al peque\u00f1o\u00bb.<br \/>\nTambi\u00e9n agregan las \u00abdisvaliosas consecuencias que han impactado de manera negativa en su personalidad (en la del menor), especialmente en lo atinente a su autopercepci\u00f3n y su vinculaci\u00f3n con los dem\u00e1s\u00bb<br \/>\nResultan muy importantes las secuelas que el maltrato y la violencia provocan en los chicos, m\u00e1s a\u00fan cuando el agresor resulta ser un familiar.<br \/>\nFUENTE LA NUEVA<br \/>\n.<\/p>\n","protected":false},"excerpt":{"rendered":"<p>En las \u00faltimas horas se conoci\u00f3 un fallo de la justicia correccional bahiense, en el que sentenciaron a nueve meses de prisi\u00f3n en suspenso a una mujer de nuestra ciudad acusada de golpear en al menos dos ocasiones a su hijo, quien por entonces ten\u00eda 9 a\u00f1os.<\/p>\n","protected":false},"author":3,"featured_media":0,"comment_status":"closed","ping_status":"open","sticky":false,"template":"","format":"standard","meta":{"footnotes":""},"categories":[29],"tags":[],"class_list":["post-16594","post","type-post","status-publish","format-standard","hentry","category-policiales"],"yoast_head":"<!-- This site is optimized with the Yoast SEO plugin v25.9 - https:\/\/yoast.com\/wordpress\/plugins\/seo\/ -->\n<title>Una mujer pringlense condenada por golpear a su hijo - Noticias Radio Reflejos<\/title>\n<meta name=\"robots\" content=\"index, follow, max-snippet:-1, max-image-preview:large, max-video-preview:-1\" \/>\n<link rel=\"canonical\" href=\"https:\/\/www.noticiasradioreflejos.com.ar\/2021\/una-mujer-pringlense-condenada-por-golpear-a-su-hijo\/\" \/>\n<meta property=\"og:locale\" content=\"es_ES\" \/>\n<meta property=\"og:type\" content=\"article\" \/>\n<meta property=\"og:title\" content=\"Una mujer pringlense condenada por golpear a su hijo - Noticias Radio Reflejos\" \/>\n<meta property=\"og:description\" content=\"En las \u00faltimas horas se conoci\u00f3 un fallo de la justicia correccional bahiense, en el que sentenciaron a nueve meses de prisi\u00f3n en suspenso a una mujer de nuestra ciudad acusada de golpear en al menos dos ocasiones a su hijo, quien por entonces ten\u00eda 9 a\u00f1os.\" \/>\n<meta property=\"og:url\" content=\"https:\/\/www.noticiasradioreflejos.com.ar\/2021\/una-mujer-pringlense-condenada-por-golpear-a-su-hijo\/\" \/>\n<meta property=\"og:site_name\" content=\"Noticias Radio Reflejos\" \/>\n<meta property=\"article:published_time\" content=\"2017-11-28T11:33:25+00:00\" \/>\n<meta property=\"og:image\" content=\"https:\/\/www.noticiasradioreflejos.com.ar\/2021\/wp-content\/uploads\/2021\/07\/logosol300x200.png\" \/>\n\t<meta property=\"og:image:width\" content=\"300\" \/>\n\t<meta property=\"og:image:height\" content=\"200\" \/>\n\t<meta property=\"og:image:type\" content=\"image\/png\" \/>\n<meta name=\"author\" content=\"Arnaldo Botto\" \/>\n<meta name=\"twitter:card\" content=\"summary_large_image\" \/>\n<script type=\"application\/ld+json\" class=\"yoast-schema-graph\">{\"@context\":\"https:\/\/schema.org\",\"@graph\":[{\"@type\":\"WebPage\",\"@id\":\"https:\/\/www.noticiasradioreflejos.com.ar\/2021\/una-mujer-pringlense-condenada-por-golpear-a-su-hijo\/\",\"url\":\"https:\/\/www.noticiasradioreflejos.com.ar\/2021\/una-mujer-pringlense-condenada-por-golpear-a-su-hijo\/\",\"name\":\"Una mujer pringlense condenada por golpear a su hijo - Noticias Radio Reflejos\",\"isPartOf\":{\"@id\":\"https:\/\/www.noticiasradioreflejos.com.ar\/2021\/#website\"},\"datePublished\":\"2017-11-28T11:33:25+00:00\",\"author\":{\"@id\":\"https:\/\/www.noticiasradioreflejos.com.ar\/2021\/#\/schema\/person\/ad82545263dcc5ec0996818884fd5fb1\"},\"breadcrumb\":{\"@id\":\"https:\/\/www.noticiasradioreflejos.com.ar\/2021\/una-mujer-pringlense-condenada-por-golpear-a-su-hijo\/#breadcrumb\"},\"inLanguage\":\"es\",\"potentialAction\":[{\"@type\":\"ReadAction\",\"target\":[\"https:\/\/www.noticiasradioreflejos.com.ar\/2021\/una-mujer-pringlense-condenada-por-golpear-a-su-hijo\/\"]}]},{\"@type\":\"BreadcrumbList\",\"@id\":\"https:\/\/www.noticiasradioreflejos.com.ar\/2021\/una-mujer-pringlense-condenada-por-golpear-a-su-hijo\/#breadcrumb\",\"itemListElement\":[{\"@type\":\"ListItem\",\"position\":1,\"name\":\"Portada\",\"item\":\"https:\/\/www.noticiasradioreflejos.com.ar\/2021\/\"},{\"@type\":\"ListItem\",\"position\":2,\"name\":\"Una mujer pringlense condenada por golpear a su hijo\"}]},{\"@type\":\"WebSite\",\"@id\":\"https:\/\/www.noticiasradioreflejos.com.ar\/2021\/#website\",\"url\":\"https:\/\/www.noticiasradioreflejos.com.ar\/2021\/\",\"name\":\"Noticias Radio Reflejos\",\"description\":\"Las noticias de mi comarca\",\"potentialAction\":[{\"@type\":\"SearchAction\",\"target\":{\"@type\":\"EntryPoint\",\"urlTemplate\":\"https:\/\/www.noticiasradioreflejos.com.ar\/2021\/?s={search_term_string}\"},\"query-input\":{\"@type\":\"PropertyValueSpecification\",\"valueRequired\":true,\"valueName\":\"search_term_string\"}}],\"inLanguage\":\"es\"},{\"@type\":\"Person\",\"@id\":\"https:\/\/www.noticiasradioreflejos.com.ar\/2021\/#\/schema\/person\/ad82545263dcc5ec0996818884fd5fb1\",\"name\":\"Arnaldo Botto\",\"image\":{\"@type\":\"ImageObject\",\"inLanguage\":\"es\",\"@id\":\"https:\/\/www.noticiasradioreflejos.com.ar\/2021\/#\/schema\/person\/image\/\",\"url\":\"https:\/\/secure.gravatar.com\/avatar\/55cb5e37c1efa326397366e6974cb338056df65cb50e7d64d1cf314e87504837?s=96&d=mm&r=g\",\"contentUrl\":\"https:\/\/secure.gravatar.com\/avatar\/55cb5e37c1efa326397366e6974cb338056df65cb50e7d64d1cf314e87504837?s=96&d=mm&r=g\",\"caption\":\"Arnaldo Botto\"},\"url\":\"https:\/\/www.noticiasradioreflejos.com.ar\/2021\/author\/arnaldo\/\"}]}<\/script>\n<!-- \/ Yoast SEO plugin. -->","yoast_head_json":{"title":"Una mujer pringlense condenada por golpear a su hijo - Noticias Radio Reflejos","robots":{"index":"index","follow":"follow","max-snippet":"max-snippet:-1","max-image-preview":"max-image-preview:large","max-video-preview":"max-video-preview:-1"},"canonical":"https:\/\/www.noticiasradioreflejos.com.ar\/2021\/una-mujer-pringlense-condenada-por-golpear-a-su-hijo\/","og_locale":"es_ES","og_type":"article","og_title":"Una mujer pringlense condenada por golpear a su hijo - Noticias Radio Reflejos","og_description":"En las \u00faltimas horas se conoci\u00f3 un fallo de la justicia correccional bahiense, en el que sentenciaron a nueve meses de prisi\u00f3n en suspenso a una mujer de nuestra ciudad acusada de golpear en al menos dos ocasiones a su hijo, quien por entonces ten\u00eda 9 a\u00f1os.","og_url":"https:\/\/www.noticiasradioreflejos.com.ar\/2021\/una-mujer-pringlense-condenada-por-golpear-a-su-hijo\/","og_site_name":"Noticias Radio Reflejos","article_published_time":"2017-11-28T11:33:25+00:00","og_image":[{"width":300,"height":200,"url":"https:\/\/www.noticiasradioreflejos.com.ar\/2021\/wp-content\/uploads\/2021\/07\/logosol300x200.png","type":"image\/png"}],"author":"Arnaldo Botto","twitter_card":"summary_large_image","schema":{"@context":"https:\/\/schema.org","@graph":[{"@type":"WebPage","@id":"https:\/\/www.noticiasradioreflejos.com.ar\/2021\/una-mujer-pringlense-condenada-por-golpear-a-su-hijo\/","url":"https:\/\/www.noticiasradioreflejos.com.ar\/2021\/una-mujer-pringlense-condenada-por-golpear-a-su-hijo\/","name":"Una mujer pringlense condenada por golpear a su hijo - Noticias Radio Reflejos","isPartOf":{"@id":"https:\/\/www.noticiasradioreflejos.com.ar\/2021\/#website"},"datePublished":"2017-11-28T11:33:25+00:00","author":{"@id":"https:\/\/www.noticiasradioreflejos.com.ar\/2021\/#\/schema\/person\/ad82545263dcc5ec0996818884fd5fb1"},"breadcrumb":{"@id":"https:\/\/www.noticiasradioreflejos.com.ar\/2021\/una-mujer-pringlense-condenada-por-golpear-a-su-hijo\/#breadcrumb"},"inLanguage":"es","potentialAction":[{"@type":"ReadAction","target":["https:\/\/www.noticiasradioreflejos.com.ar\/2021\/una-mujer-pringlense-condenada-por-golpear-a-su-hijo\/"]}]},{"@type":"BreadcrumbList","@id":"https:\/\/www.noticiasradioreflejos.com.ar\/2021\/una-mujer-pringlense-condenada-por-golpear-a-su-hijo\/#breadcrumb","itemListElement":[{"@type":"ListItem","position":1,"name":"Portada","item":"https:\/\/www.noticiasradioreflejos.com.ar\/2021\/"},{"@type":"ListItem","position":2,"name":"Una mujer pringlense condenada por golpear a su hijo"}]},{"@type":"WebSite","@id":"https:\/\/www.noticiasradioreflejos.com.ar\/2021\/#website","url":"https:\/\/www.noticiasradioreflejos.com.ar\/2021\/","name":"Noticias Radio Reflejos","description":"Las noticias de mi comarca","potentialAction":[{"@type":"SearchAction","target":{"@type":"EntryPoint","urlTemplate":"https:\/\/www.noticiasradioreflejos.com.ar\/2021\/?s={search_term_string}"},"query-input":{"@type":"PropertyValueSpecification","valueRequired":true,"valueName":"search_term_string"}}],"inLanguage":"es"},{"@type":"Person","@id":"https:\/\/www.noticiasradioreflejos.com.ar\/2021\/#\/schema\/person\/ad82545263dcc5ec0996818884fd5fb1","name":"Arnaldo Botto","image":{"@type":"ImageObject","inLanguage":"es","@id":"https:\/\/www.noticiasradioreflejos.com.ar\/2021\/#\/schema\/person\/image\/","url":"https:\/\/secure.gravatar.com\/avatar\/55cb5e37c1efa326397366e6974cb338056df65cb50e7d64d1cf314e87504837?s=96&d=mm&r=g","contentUrl":"https:\/\/secure.gravatar.com\/avatar\/55cb5e37c1efa326397366e6974cb338056df65cb50e7d64d1cf314e87504837?s=96&d=mm&r=g","caption":"Arnaldo Botto"},"url":"https:\/\/www.noticiasradioreflejos.com.ar\/2021\/author\/arnaldo\/"}]}},"_links":{"self":[{"href":"https:\/\/www.noticiasradioreflejos.com.ar\/2021\/wp-json\/wp\/v2\/posts\/16594","targetHints":{"allow":["GET"]}}],"collection":[{"href":"https:\/\/www.noticiasradioreflejos.com.ar\/2021\/wp-json\/wp\/v2\/posts"}],"about":[{"href":"https:\/\/www.noticiasradioreflejos.com.ar\/2021\/wp-json\/wp\/v2\/types\/post"}],"author":[{"embeddable":true,"href":"https:\/\/www.noticiasradioreflejos.com.ar\/2021\/wp-json\/wp\/v2\/users\/3"}],"replies":[{"embeddable":true,"href":"https:\/\/www.noticiasradioreflejos.com.ar\/2021\/wp-json\/wp\/v2\/comments?post=16594"}],"version-history":[{"count":0,"href":"https:\/\/www.noticiasradioreflejos.com.ar\/2021\/wp-json\/wp\/v2\/posts\/16594\/revisions"}],"wp:attachment":[{"href":"https:\/\/www.noticiasradioreflejos.com.ar\/2021\/wp-json\/wp\/v2\/media?parent=16594"}],"wp:term":[{"taxonomy":"category","embeddable":true,"href":"https:\/\/www.noticiasradioreflejos.com.ar\/2021\/wp-json\/wp\/v2\/categories?post=16594"},{"taxonomy":"post_tag","embeddable":true,"href":"https:\/\/www.noticiasradioreflejos.com.ar\/2021\/wp-json\/wp\/v2\/tags?post=16594"}],"curies":[{"name":"wp","href":"https:\/\/api.w.org\/{rel}","templated":true}]}}