{"id":16581,"date":"2017-11-27T20:36:49","date_gmt":"2017-11-27T23:36:49","guid":{"rendered":"http:\/\/www.noticiasradioreflejos.com.ar\/noticias\/?p=16581"},"modified":"2017-11-27T20:36:49","modified_gmt":"2017-11-27T23:36:49","slug":"en-sierra-de-la-ventana-dijimos-no-a-la-violencia-contra-la-mujer","status":"publish","type":"post","link":"https:\/\/www.noticiasradioreflejos.com.ar\/2021\/en-sierra-de-la-ventana-dijimos-no-a-la-violencia-contra-la-mujer\/","title":{"rendered":"En Sierra de la Ventana Dijimos &quot;\u00a1No! a la violencia contra la mujer\u201d"},"content":{"rendered":"<p>PORQUE UNA VIDA SIN VIOLENCIA ES UN DERECHO HUMANO FUNDAMENTAL.<br \/>\nEl 25 de Noviembre, en el D\u00cdA INTERNACIONAL DE LA ELIMINACI\u00d3N DE LA VIOLENCIA CONTRA LA MUJER, <!--more-->en la Plaza del Reloj de Sierra de la Ventana, un importante n\u00famero de mujeres, algunas con sus ni\u00f1o\/as, algunas con sus compa\u00f1eros de vida, algunas m\u00e1s j\u00f3venes y otras no tanto, respondimos a la convocatoria de juntarnos para poner a girar la rueda  que teje historias, que escucha atenta,   que comparte  risas, sue\u00f1os,  rebeld\u00edas y la promesa de reencuentros pr\u00f3ximos.<!--more--><br \/>\nLa diversidad de mujeres hizo valioso el encuentro. Escuchar las diferentes voces relatando experiencias, manifestando inquietudes, buscando respuestas hizo que nos enriqueci\u00e9ramos mutuamente.<br \/>\nTodos los temas que nos preocupan fueron debatidos y analizados, le\u00edmos textos interesantes y de las diversas propuestas surgieron proyectos que se concretar\u00e1n en el a\u00f1o 2018.<br \/>\nMujer, arte y memoria reitera la invitaci\u00f3n a sumarse a este espacio pensado  para albergar  ideas e inquietudes tendientes a lograr cambios imprescindibles en el desarrollo personal y colectivo de las mujeres; para \u201cpensar y hacer cultura\u201d mediante el arte en todas sus manifestaciones y  para  reafirmar el concepto  MEMORIA, VERDAD, JUSTICIA como principio irrenunciable,  innegociable y como garant\u00eda del fortalecimiento de  nuestra democracia, en un \u00e1mbito de respeto, tolerancia y libertad.<\/p>\n","protected":false},"excerpt":{"rendered":"<p>PORQUE UNA VIDA SIN VIOLENCIA ES UN DERECHO HUMANO FUNDAMENTAL. El 25 de Noviembre, en el D\u00cdA INTERNACIONAL DE LA ELIMINACI\u00d3N DE LA VIOLENCIA CONTRA LA MUJER,<\/p>\n","protected":false},"author":3,"featured_media":0,"comment_status":"closed","ping_status":"open","sticky":false,"template":"","format":"standard","meta":{"footnotes":""},"categories":[26],"tags":[],"class_list":["post-16581","post","type-post","status-publish","format-standard","hentry","category-sociedad"],"yoast_head":"<!-- This site is optimized with the Yoast SEO plugin v25.9 - https:\/\/yoast.com\/wordpress\/plugins\/seo\/ -->\n<title>En Sierra de la Ventana Dijimos &quot;\u00a1No! a la violencia contra la mujer\u201d - Noticias Radio Reflejos<\/title>\n<meta name=\"robots\" content=\"index, follow, max-snippet:-1, max-image-preview:large, max-video-preview:-1\" \/>\n<link rel=\"canonical\" href=\"https:\/\/www.noticiasradioreflejos.com.ar\/2021\/en-sierra-de-la-ventana-dijimos-no-a-la-violencia-contra-la-mujer\/\" \/>\n<meta property=\"og:locale\" content=\"es_ES\" \/>\n<meta property=\"og:type\" content=\"article\" \/>\n<meta property=\"og:title\" content=\"En Sierra de la Ventana Dijimos &quot;\u00a1No! a la violencia contra la mujer\u201d - Noticias Radio Reflejos\" \/>\n<meta property=\"og:description\" content=\"PORQUE UNA VIDA SIN VIOLENCIA ES UN DERECHO HUMANO FUNDAMENTAL. El 25 de Noviembre, en el D\u00cdA INTERNACIONAL DE LA ELIMINACI\u00d3N DE LA VIOLENCIA CONTRA LA MUJER,\" \/>\n<meta property=\"og:url\" content=\"https:\/\/www.noticiasradioreflejos.com.ar\/2021\/en-sierra-de-la-ventana-dijimos-no-a-la-violencia-contra-la-mujer\/\" \/>\n<meta property=\"og:site_name\" content=\"Noticias Radio Reflejos\" \/>\n<meta property=\"article:published_time\" content=\"2017-11-27T23:36:49+00:00\" \/>\n<meta property=\"og:image\" content=\"https:\/\/www.noticiasradioreflejos.com.ar\/2021\/wp-content\/uploads\/2021\/07\/logosol300x200.png\" \/>\n\t<meta property=\"og:image:width\" content=\"300\" \/>\n\t<meta property=\"og:image:height\" content=\"200\" \/>\n\t<meta property=\"og:image:type\" content=\"image\/png\" \/>\n<meta name=\"author\" content=\"Arnaldo Botto\" \/>\n<meta name=\"twitter:card\" content=\"summary_large_image\" \/>\n<script type=\"application\/ld+json\" class=\"yoast-schema-graph\">{\"@context\":\"https:\/\/schema.org\",\"@graph\":[{\"@type\":\"WebPage\",\"@id\":\"https:\/\/www.noticiasradioreflejos.com.ar\/2021\/en-sierra-de-la-ventana-dijimos-no-a-la-violencia-contra-la-mujer\/\",\"url\":\"https:\/\/www.noticiasradioreflejos.com.ar\/2021\/en-sierra-de-la-ventana-dijimos-no-a-la-violencia-contra-la-mujer\/\",\"name\":\"En Sierra de la Ventana Dijimos &quot;\u00a1No! a la violencia contra la mujer\u201d - Noticias Radio Reflejos\",\"isPartOf\":{\"@id\":\"https:\/\/www.noticiasradioreflejos.com.ar\/2021\/#website\"},\"datePublished\":\"2017-11-27T23:36:49+00:00\",\"author\":{\"@id\":\"https:\/\/www.noticiasradioreflejos.com.ar\/2021\/#\/schema\/person\/ad82545263dcc5ec0996818884fd5fb1\"},\"breadcrumb\":{\"@id\":\"https:\/\/www.noticiasradioreflejos.com.ar\/2021\/en-sierra-de-la-ventana-dijimos-no-a-la-violencia-contra-la-mujer\/#breadcrumb\"},\"inLanguage\":\"es\",\"potentialAction\":[{\"@type\":\"ReadAction\",\"target\":[\"https:\/\/www.noticiasradioreflejos.com.ar\/2021\/en-sierra-de-la-ventana-dijimos-no-a-la-violencia-contra-la-mujer\/\"]}]},{\"@type\":\"BreadcrumbList\",\"@id\":\"https:\/\/www.noticiasradioreflejos.com.ar\/2021\/en-sierra-de-la-ventana-dijimos-no-a-la-violencia-contra-la-mujer\/#breadcrumb\",\"itemListElement\":[{\"@type\":\"ListItem\",\"position\":1,\"name\":\"Portada\",\"item\":\"https:\/\/www.noticiasradioreflejos.com.ar\/2021\/\"},{\"@type\":\"ListItem\",\"position\":2,\"name\":\"En Sierra de la Ventana Dijimos &quot;\u00a1No! a la violencia contra la mujer\u201d\"}]},{\"@type\":\"WebSite\",\"@id\":\"https:\/\/www.noticiasradioreflejos.com.ar\/2021\/#website\",\"url\":\"https:\/\/www.noticiasradioreflejos.com.ar\/2021\/\",\"name\":\"Noticias Radio Reflejos\",\"description\":\"Las noticias de mi comarca\",\"potentialAction\":[{\"@type\":\"SearchAction\",\"target\":{\"@type\":\"EntryPoint\",\"urlTemplate\":\"https:\/\/www.noticiasradioreflejos.com.ar\/2021\/?s={search_term_string}\"},\"query-input\":{\"@type\":\"PropertyValueSpecification\",\"valueRequired\":true,\"valueName\":\"search_term_string\"}}],\"inLanguage\":\"es\"},{\"@type\":\"Person\",\"@id\":\"https:\/\/www.noticiasradioreflejos.com.ar\/2021\/#\/schema\/person\/ad82545263dcc5ec0996818884fd5fb1\",\"name\":\"Arnaldo Botto\",\"image\":{\"@type\":\"ImageObject\",\"inLanguage\":\"es\",\"@id\":\"https:\/\/www.noticiasradioreflejos.com.ar\/2021\/#\/schema\/person\/image\/\",\"url\":\"https:\/\/secure.gravatar.com\/avatar\/55cb5e37c1efa326397366e6974cb338056df65cb50e7d64d1cf314e87504837?s=96&d=mm&r=g\",\"contentUrl\":\"https:\/\/secure.gravatar.com\/avatar\/55cb5e37c1efa326397366e6974cb338056df65cb50e7d64d1cf314e87504837?s=96&d=mm&r=g\",\"caption\":\"Arnaldo Botto\"},\"url\":\"https:\/\/www.noticiasradioreflejos.com.ar\/2021\/author\/arnaldo\/\"}]}<\/script>\n<!-- \/ Yoast SEO plugin. -->","yoast_head_json":{"title":"En Sierra de la Ventana Dijimos &quot;\u00a1No! a la violencia contra la mujer\u201d - Noticias Radio Reflejos","robots":{"index":"index","follow":"follow","max-snippet":"max-snippet:-1","max-image-preview":"max-image-preview:large","max-video-preview":"max-video-preview:-1"},"canonical":"https:\/\/www.noticiasradioreflejos.com.ar\/2021\/en-sierra-de-la-ventana-dijimos-no-a-la-violencia-contra-la-mujer\/","og_locale":"es_ES","og_type":"article","og_title":"En Sierra de la Ventana Dijimos &quot;\u00a1No! a la violencia contra la mujer\u201d - Noticias Radio Reflejos","og_description":"PORQUE UNA VIDA SIN VIOLENCIA ES UN DERECHO HUMANO FUNDAMENTAL. El 25 de Noviembre, en el D\u00cdA INTERNACIONAL DE LA ELIMINACI\u00d3N DE LA VIOLENCIA CONTRA LA MUJER,","og_url":"https:\/\/www.noticiasradioreflejos.com.ar\/2021\/en-sierra-de-la-ventana-dijimos-no-a-la-violencia-contra-la-mujer\/","og_site_name":"Noticias Radio Reflejos","article_published_time":"2017-11-27T23:36:49+00:00","og_image":[{"width":300,"height":200,"url":"https:\/\/www.noticiasradioreflejos.com.ar\/2021\/wp-content\/uploads\/2021\/07\/logosol300x200.png","type":"image\/png"}],"author":"Arnaldo Botto","twitter_card":"summary_large_image","schema":{"@context":"https:\/\/schema.org","@graph":[{"@type":"WebPage","@id":"https:\/\/www.noticiasradioreflejos.com.ar\/2021\/en-sierra-de-la-ventana-dijimos-no-a-la-violencia-contra-la-mujer\/","url":"https:\/\/www.noticiasradioreflejos.com.ar\/2021\/en-sierra-de-la-ventana-dijimos-no-a-la-violencia-contra-la-mujer\/","name":"En Sierra de la Ventana Dijimos &quot;\u00a1No! a la violencia contra la mujer\u201d - Noticias Radio Reflejos","isPartOf":{"@id":"https:\/\/www.noticiasradioreflejos.com.ar\/2021\/#website"},"datePublished":"2017-11-27T23:36:49+00:00","author":{"@id":"https:\/\/www.noticiasradioreflejos.com.ar\/2021\/#\/schema\/person\/ad82545263dcc5ec0996818884fd5fb1"},"breadcrumb":{"@id":"https:\/\/www.noticiasradioreflejos.com.ar\/2021\/en-sierra-de-la-ventana-dijimos-no-a-la-violencia-contra-la-mujer\/#breadcrumb"},"inLanguage":"es","potentialAction":[{"@type":"ReadAction","target":["https:\/\/www.noticiasradioreflejos.com.ar\/2021\/en-sierra-de-la-ventana-dijimos-no-a-la-violencia-contra-la-mujer\/"]}]},{"@type":"BreadcrumbList","@id":"https:\/\/www.noticiasradioreflejos.com.ar\/2021\/en-sierra-de-la-ventana-dijimos-no-a-la-violencia-contra-la-mujer\/#breadcrumb","itemListElement":[{"@type":"ListItem","position":1,"name":"Portada","item":"https:\/\/www.noticiasradioreflejos.com.ar\/2021\/"},{"@type":"ListItem","position":2,"name":"En Sierra de la Ventana Dijimos &quot;\u00a1No! a la violencia contra la mujer\u201d"}]},{"@type":"WebSite","@id":"https:\/\/www.noticiasradioreflejos.com.ar\/2021\/#website","url":"https:\/\/www.noticiasradioreflejos.com.ar\/2021\/","name":"Noticias Radio Reflejos","description":"Las noticias de mi comarca","potentialAction":[{"@type":"SearchAction","target":{"@type":"EntryPoint","urlTemplate":"https:\/\/www.noticiasradioreflejos.com.ar\/2021\/?s={search_term_string}"},"query-input":{"@type":"PropertyValueSpecification","valueRequired":true,"valueName":"search_term_string"}}],"inLanguage":"es"},{"@type":"Person","@id":"https:\/\/www.noticiasradioreflejos.com.ar\/2021\/#\/schema\/person\/ad82545263dcc5ec0996818884fd5fb1","name":"Arnaldo Botto","image":{"@type":"ImageObject","inLanguage":"es","@id":"https:\/\/www.noticiasradioreflejos.com.ar\/2021\/#\/schema\/person\/image\/","url":"https:\/\/secure.gravatar.com\/avatar\/55cb5e37c1efa326397366e6974cb338056df65cb50e7d64d1cf314e87504837?s=96&d=mm&r=g","contentUrl":"https:\/\/secure.gravatar.com\/avatar\/55cb5e37c1efa326397366e6974cb338056df65cb50e7d64d1cf314e87504837?s=96&d=mm&r=g","caption":"Arnaldo Botto"},"url":"https:\/\/www.noticiasradioreflejos.com.ar\/2021\/author\/arnaldo\/"}]}},"_links":{"self":[{"href":"https:\/\/www.noticiasradioreflejos.com.ar\/2021\/wp-json\/wp\/v2\/posts\/16581","targetHints":{"allow":["GET"]}}],"collection":[{"href":"https:\/\/www.noticiasradioreflejos.com.ar\/2021\/wp-json\/wp\/v2\/posts"}],"about":[{"href":"https:\/\/www.noticiasradioreflejos.com.ar\/2021\/wp-json\/wp\/v2\/types\/post"}],"author":[{"embeddable":true,"href":"https:\/\/www.noticiasradioreflejos.com.ar\/2021\/wp-json\/wp\/v2\/users\/3"}],"replies":[{"embeddable":true,"href":"https:\/\/www.noticiasradioreflejos.com.ar\/2021\/wp-json\/wp\/v2\/comments?post=16581"}],"version-history":[{"count":0,"href":"https:\/\/www.noticiasradioreflejos.com.ar\/2021\/wp-json\/wp\/v2\/posts\/16581\/revisions"}],"wp:attachment":[{"href":"https:\/\/www.noticiasradioreflejos.com.ar\/2021\/wp-json\/wp\/v2\/media?parent=16581"}],"wp:term":[{"taxonomy":"category","embeddable":true,"href":"https:\/\/www.noticiasradioreflejos.com.ar\/2021\/wp-json\/wp\/v2\/categories?post=16581"},{"taxonomy":"post_tag","embeddable":true,"href":"https:\/\/www.noticiasradioreflejos.com.ar\/2021\/wp-json\/wp\/v2\/tags?post=16581"}],"curies":[{"name":"wp","href":"https:\/\/api.w.org\/{rel}","templated":true}]}}