{"id":16575,"date":"2017-11-27T19:40:15","date_gmt":"2017-11-27T22:40:15","guid":{"rendered":"http:\/\/www.noticiasradioreflejos.com.ar\/noticias\/?p=16575"},"modified":"2017-11-27T19:40:15","modified_gmt":"2017-11-27T22:40:15","slug":"ventana-pego-primero-y-busca-romper-la-mala-racha-en-finales","status":"publish","type":"post","link":"https:\/\/www.noticiasradioreflejos.com.ar\/2021\/ventana-pego-primero-y-busca-romper-la-mala-racha-en-finales\/","title":{"rendered":"Ventana peg\u00f3 primero y busca romper la mala racha en finales."},"content":{"rendered":"<p><a title=\"23915476_825097950996949_3251384777803886795_n\" href=\"http:\/\/farm5.staticflickr.com\/4540\/38688088191_c0f1fb2f60.jpg\" rel=\"\"><img loading=\"lazy\" decoding=\"async\" class=\"alignleft\" style=\"float: left;\" title=\"23915476_825097950996949_3251384777803886795_n\" src=\"http:\/\/farm5.staticflickr.com\/4540\/38688088191_c0f1fb2f60.jpg\" alt=\"23915476_825097950996949_3251384777803886795_n\" width=\"500\" height=\"262\" \/><\/a>Atl\u00e9tico Ventana gan\u00f3 en Pringles ante Independiente en la ida por 2 a 1 con los goles de Mart\u00edn Welsh y Ariel Esp\u00ednola, hab\u00eda empatado transitoriamente Jos\u00e9 Luis Acosta para Independiente. La revancha ser\u00e1 el pr\u00f3ximo domingo en Sierra.<!--more--><br \/>\nEn un partido donde pas\u00f3 muy poco durante la mayor cantidad de tiempo de juego, Ventana termin\u00f3 festejando una victoria especial. Quiz\u00e1s no lo gan\u00f3 desde el juego solamente, porque en el primer tiempo pr\u00e1cticamente no tuvo llegadas, pero en el complemento no solo demostr\u00f3 ser eficaz con las pocas ocasiones de gol, sino que entreg\u00f3 algo mas, se vio sed, hambre, ganas, de torcer la mala racha en las finales, claro est\u00e1.<br \/>\nFutbol\u00edsticamente, el primer tiempo dej\u00f3 muy poco, desde el arranque Independiente tuvo dos ocasiones claras, la de Agust\u00edn \u00c1lvarez que se fue apenas desviada y la de \u00abRafa\u00bb P\u00e9rez, que tuvo la misma suerte.<br \/>\nPor el lado visitante, solo una jugada, la del \u00abZorrito\u00bb Arias por derecha, defini\u00f3 bien pero se la terminaron sacando en la l\u00ednea.<br \/>\nEl equipo de Sierra se par\u00f3 bien en la cancha, durante los primeros 45 minutos no tuvo apetito ofensivo, se dedic\u00f3 a neutralizar las ideas del local, sobre todo cancelando las bandas, uno de los mayores fuertes de Independiente, tanto por derecha como por izquierda, Ventana resign\u00f3 de lo suyo para poder controlar ese tramo.<br \/>\nEn el complemento. Atl\u00e9tico volvi\u00f3 a repetir aquel segundo tiempo de la primera fase, donde cont\u00f3 con buenas ocasiones de gol ante Independiente, sin embargo, en esta final si pudo lograr convertir.<br \/>\nPoco a poco fueron inclinando la cancha, empezaron a tener otro tipo de protagonismo los volantes, ya no tanto el de destruir, sino el de crear, y de esa manera llegaron las ocasiones de gol.<br \/>\nEl primero. A los 16 minutos, el lateral derecho Mart\u00edn Welsh subi\u00f3 al ataque y fue asistido en el momento justo, levant\u00f3 la cabeza y remat\u00f3 al arco, una especie de emboquillada que se meti\u00f3 en el \u00e1ngulo derecho de Angladette, golazo de Ventana, 0 &#8211; 1.<br \/>\nDe all\u00ed en m\u00e1s, empezaron a pasar todas las cosas que no hab\u00edan pasado, es decir, Ventana pas\u00f3 por su mejor momento teniendo varias ocasiones como para ampliar las cifras, y al poco tiempo Independiente reaccion\u00f3, como si hubiese necesitado el mazazo para empezar a crear otra vez situaciones de gol.<br \/>\nEl empate. A los 43 minutos, pelota al vac\u00edo para \u00abRafa\u00bb P\u00e9rez, el ex Alumni gan\u00f3 en velocidad y antes de entrar al \u00e1rea le cometieron infracci\u00f3n. Del tiro libre se hizo cargo Jos\u00e9 Luis Acosta, el \u00abLoli\u00bb remat\u00f3 al palo del arquero, la pelota le pic\u00f3 antes de que pueda cachetearla firmemente, y se termin\u00f3 metiendo, 1 &#8211; 1.<br \/>\nLo gan\u00f3 Ventana. Ya en tiempo de descuento (46 minutos), largo pelotazo de Ventana, en busca de lo que sea, el bal\u00f3n tenia destino de arquero, Angladette sali\u00f3 a buscar el centro y el \u00abParagua\u00bb Esp\u00ednola lo anticip\u00f3 en lo alto, con un gran cabezazo logr\u00f3 el 2 &#8211; 1 con el cual Ventana se llev\u00f3 la victoria.<br \/>\nSobre el final, Independiente tuvo dos ocasiones claras pero no pudo lograr el empate, la pelota le qued\u00f3 a \u00abRafa\u00bb P\u00e9rez dentro del \u00e1rea, el delantero remat\u00f3 antes de que Rinaldi pueda salir a achicar, y la pelota pas\u00f3 apenas desviada.<br \/>\nEn la ultima del partido, centro al \u00e1rea y cabezazo del \u00abLoli\u00bb Acosta que se fue apenas desviado. Fue victoria en la ida para Ventana, 1 &#8211; 2, demostrando cierta fortaleza que no hab\u00edamos visto en las finales pasadas. MJH<br \/>\n<a title=\"20171127112846eb90e8bebc927b12fa9582da7815cb1f\" href=\"http:\/\/farm5.staticflickr.com\/4519\/38687974451_95813ddab6_n.jpg\" rel=\"\"><img loading=\"lazy\" decoding=\"async\" class=\"alignleft\" style=\"float: left;\" title=\"20171127112846eb90e8bebc927b12fa9582da7815cb1f\" src=\"http:\/\/farm5.staticflickr.com\/4519\/38687974451_95813ddab6_n.jpg\" alt=\"20171127112846eb90e8bebc927b12fa9582da7815cb1f\" width=\"120\" height=\"320\" \/><\/a><br \/>\n<strong>Minuto a minuto<\/strong><br \/>\nMinuto 5. La primera clara del partido estuvo en los pies de Independiente, Agust\u00edn \u00c1lvarez entr\u00f3 solo por derecha, remat\u00f3 cruzado y su disparo sali\u00f3 apenas desviado, sobre el palo derecho de Rinaldi.<br \/>\nMinuto 10. Independiente segu\u00eda avisando, con otro intento peligroso, gambeta de \u00abRafa\u00bb P\u00e9rez de derecha a izquierda y remate que sali\u00f3 apenas desviado, besando el palo derecho de Rinaldi.<br \/>\nMinuto 17. Muy clara fue la oportunidad de Ventana en ataque, gan\u00f3 por derecha el \u00abZorro\u00bb Arias y cuando se enfrent\u00f3 mano a mano con Angladette toc\u00f3 correctamente por un costado, el bal\u00f3n se met\u00eda lentamente pero \u00abCuti\u00bb Villarreal logr\u00f3 sacarla en la l\u00ednea.<br \/>\nMinuto 23. Desborde de \u00abLeo\u00bb Lorca por izquierda a pura gambeta, centro rasante y nadie la empuj\u00f3.<br \/>\nMinuto 26. Gran jugada personal de Agust\u00edn \u00c1lvarez por derecha, tenia que desbordar y tirar el centro, pero se escondi\u00f3 con la pelota sobre la banda derecha y lo encerraron, parec\u00eda que la jugada se diluida pero \u00c1lvarez tir\u00f3 un ca\u00f1o repentino y qued\u00f3 en posici\u00f3n de centro, su env\u00edo al \u00e1rea no fue aprovechado por nadie.<br \/>\nMinuto 33. La ultima del primer tiempo la tuvo Ventana, con un disparo desde fuera del \u00e1rea del \u00abGula\u00bb Dar\u00edo Gonz\u00e1lez, su remate se fue por encima del travesa\u00f1o.<br \/>\nSegundo tiempo<br \/>\nMinuto 5. Ventana tuvo la primera, con una media vuelta en la media luna del \u00e1rea del \u00abParagua\u00bb Dar\u00edo Esp\u00ednola, el bal\u00f3n se fue por encima del travesa\u00f1o.<br \/>\nMinuto 12. Habilitaci\u00f3n por derecha para la entrada en soledad de Lucas Arias, su remate desde la media luna del \u00e1rea se fue apenas desviado, rozando el palo derecho de Angladette.<br \/>\nMinuto 16. Lleg\u00f3 la apertura del marcador, el lateral derecho Mart\u00edn Welsh subi\u00f3 al ataque y fue asistido en el momento justo, levant\u00f3 la cabeza y remat\u00f3 al arco, una especie de emboquillada que se meti\u00f3 en el \u00e1ngulo derecho de Angladette, golazo de Ventana, 0 &#8211; 1.<br \/>\nMinuto 26. En su mejor momento, Ventana tuvo dos ocasiones en una, como para poder estirar las cifras, primero fue un remate de Esp\u00ednola mano a mano con Angladette, el \u00ab1\u00bb tap\u00f3 con sus pies y dio rebote, en el punto del penal la tom\u00f3 Ezequ\u00edas Sonzini, remat\u00f3 y el arquero de Independiente volvi\u00f3 a responder satisfactoriamente.<br \/>\nMinuto 43. Pelota al vac\u00edo para \u00abRafa\u00bb P\u00e9rez, el ex Alumni gan\u00f3 en velocidad y antes de entrar al \u00e1rea le cometieron infracci\u00f3n. Del tiro libre se hizo cargo Jos\u00e9 Luis Acosta, el \u00abLoli\u00bb remat\u00f3 al palo del arquero, la pelota le pic\u00f3 antes de que pueda cachetearla firmemente, y se termin\u00f3 metiendo, 1 &#8211; 1.<br \/>\nMinuto 46. Ya en tiempo de descuento, largo pelotazo de Ventana, en busca de lo que sea, el bal\u00f3n tenia destino de arquero, Angladette sali\u00f3 a buscar el centro y el \u00abParagua\u00bb Esp\u00ednola lo anticip\u00f3 en lo alto, con un gran cabezazo logr\u00f3 el 2 &#8211; 1 con el cual Ventana se llev\u00f3 la victoria.<br \/>\nMinuto 47. La pelota le qued\u00f3 a \u00abRafa\u00bb P\u00e9rez dentro del \u00e1rea, el delantero remat\u00f3 antes de que Rinaldi pueda salir a achicar, y la pelota pas\u00f3 apenas desviada.<br \/>\nMinuto 48. En la ultima del partido, centro al \u00e1rea y cabezazo del \u00abLoli\u00bb Acosta que se fue apenas desviado.<br \/>\n&nbsp;<br \/>\nFuente:<strong> El Orden de Prinlges<\/strong><\/p>\n","protected":false},"excerpt":{"rendered":"<p>Atl\u00e9tico Ventana gan\u00f3 en Pringles ante Independiente en la ida por 2 a 1 con los goles de Mart\u00edn Welsh y Ariel Esp\u00ednola, hab\u00eda empatado transitoriamente Jos\u00e9 Luis Acosta para Independiente. La revancha ser\u00e1 el pr\u00f3ximo domingo en Sierra.<\/p>\n","protected":false},"author":3,"featured_media":0,"comment_status":"closed","ping_status":"open","sticky":false,"template":"","format":"standard","meta":{"footnotes":""},"categories":[27],"tags":[],"class_list":["post-16575","post","type-post","status-publish","format-standard","hentry","category-deportes"],"yoast_head":"<!-- This site is optimized with the Yoast SEO plugin v25.9 - https:\/\/yoast.com\/wordpress\/plugins\/seo\/ -->\n<title>Ventana peg\u00f3 primero y busca romper la mala racha en finales. - Noticias Radio Reflejos<\/title>\n<meta name=\"robots\" content=\"index, follow, max-snippet:-1, max-image-preview:large, max-video-preview:-1\" \/>\n<link rel=\"canonical\" href=\"https:\/\/www.noticiasradioreflejos.com.ar\/2021\/ventana-pego-primero-y-busca-romper-la-mala-racha-en-finales\/\" \/>\n<meta property=\"og:locale\" content=\"es_ES\" \/>\n<meta property=\"og:type\" content=\"article\" \/>\n<meta property=\"og:title\" content=\"Ventana peg\u00f3 primero y busca romper la mala racha en finales. - Noticias Radio Reflejos\" \/>\n<meta property=\"og:description\" content=\"Atl\u00e9tico Ventana gan\u00f3 en Pringles ante Independiente en la ida por 2 a 1 con los goles de Mart\u00edn Welsh y Ariel Esp\u00ednola, hab\u00eda empatado transitoriamente Jos\u00e9 Luis Acosta para Independiente. La revancha ser\u00e1 el pr\u00f3ximo domingo en Sierra.\" \/>\n<meta property=\"og:url\" content=\"https:\/\/www.noticiasradioreflejos.com.ar\/2021\/ventana-pego-primero-y-busca-romper-la-mala-racha-en-finales\/\" \/>\n<meta property=\"og:site_name\" content=\"Noticias Radio Reflejos\" \/>\n<meta property=\"article:published_time\" content=\"2017-11-27T22:40:15+00:00\" \/>\n<meta property=\"og:image\" content=\"http:\/\/farm5.staticflickr.com\/4540\/38688088191_c0f1fb2f60.jpg\" \/>\n<meta name=\"author\" content=\"Arnaldo Botto\" \/>\n<meta name=\"twitter:card\" content=\"summary_large_image\" \/>\n<script type=\"application\/ld+json\" class=\"yoast-schema-graph\">{\"@context\":\"https:\/\/schema.org\",\"@graph\":[{\"@type\":\"WebPage\",\"@id\":\"https:\/\/www.noticiasradioreflejos.com.ar\/2021\/ventana-pego-primero-y-busca-romper-la-mala-racha-en-finales\/\",\"url\":\"https:\/\/www.noticiasradioreflejos.com.ar\/2021\/ventana-pego-primero-y-busca-romper-la-mala-racha-en-finales\/\",\"name\":\"Ventana peg\u00f3 primero y busca romper la mala racha en finales. - Noticias Radio Reflejos\",\"isPartOf\":{\"@id\":\"https:\/\/www.noticiasradioreflejos.com.ar\/2021\/#website\"},\"primaryImageOfPage\":{\"@id\":\"https:\/\/www.noticiasradioreflejos.com.ar\/2021\/ventana-pego-primero-y-busca-romper-la-mala-racha-en-finales\/#primaryimage\"},\"image\":{\"@id\":\"https:\/\/www.noticiasradioreflejos.com.ar\/2021\/ventana-pego-primero-y-busca-romper-la-mala-racha-en-finales\/#primaryimage\"},\"thumbnailUrl\":\"http:\/\/farm5.staticflickr.com\/4540\/38688088191_c0f1fb2f60.jpg\",\"datePublished\":\"2017-11-27T22:40:15+00:00\",\"author\":{\"@id\":\"https:\/\/www.noticiasradioreflejos.com.ar\/2021\/#\/schema\/person\/ad82545263dcc5ec0996818884fd5fb1\"},\"breadcrumb\":{\"@id\":\"https:\/\/www.noticiasradioreflejos.com.ar\/2021\/ventana-pego-primero-y-busca-romper-la-mala-racha-en-finales\/#breadcrumb\"},\"inLanguage\":\"es\",\"potentialAction\":[{\"@type\":\"ReadAction\",\"target\":[\"https:\/\/www.noticiasradioreflejos.com.ar\/2021\/ventana-pego-primero-y-busca-romper-la-mala-racha-en-finales\/\"]}]},{\"@type\":\"ImageObject\",\"inLanguage\":\"es\",\"@id\":\"https:\/\/www.noticiasradioreflejos.com.ar\/2021\/ventana-pego-primero-y-busca-romper-la-mala-racha-en-finales\/#primaryimage\",\"url\":\"http:\/\/farm5.staticflickr.com\/4540\/38688088191_c0f1fb2f60.jpg\",\"contentUrl\":\"http:\/\/farm5.staticflickr.com\/4540\/38688088191_c0f1fb2f60.jpg\"},{\"@type\":\"BreadcrumbList\",\"@id\":\"https:\/\/www.noticiasradioreflejos.com.ar\/2021\/ventana-pego-primero-y-busca-romper-la-mala-racha-en-finales\/#breadcrumb\",\"itemListElement\":[{\"@type\":\"ListItem\",\"position\":1,\"name\":\"Portada\",\"item\":\"https:\/\/www.noticiasradioreflejos.com.ar\/2021\/\"},{\"@type\":\"ListItem\",\"position\":2,\"name\":\"Ventana peg\u00f3 primero y busca romper la mala racha en finales.\"}]},{\"@type\":\"WebSite\",\"@id\":\"https:\/\/www.noticiasradioreflejos.com.ar\/2021\/#website\",\"url\":\"https:\/\/www.noticiasradioreflejos.com.ar\/2021\/\",\"name\":\"Noticias Radio Reflejos\",\"description\":\"Las noticias de mi comarca\",\"potentialAction\":[{\"@type\":\"SearchAction\",\"target\":{\"@type\":\"EntryPoint\",\"urlTemplate\":\"https:\/\/www.noticiasradioreflejos.com.ar\/2021\/?s={search_term_string}\"},\"query-input\":{\"@type\":\"PropertyValueSpecification\",\"valueRequired\":true,\"valueName\":\"search_term_string\"}}],\"inLanguage\":\"es\"},{\"@type\":\"Person\",\"@id\":\"https:\/\/www.noticiasradioreflejos.com.ar\/2021\/#\/schema\/person\/ad82545263dcc5ec0996818884fd5fb1\",\"name\":\"Arnaldo Botto\",\"image\":{\"@type\":\"ImageObject\",\"inLanguage\":\"es\",\"@id\":\"https:\/\/www.noticiasradioreflejos.com.ar\/2021\/#\/schema\/person\/image\/\",\"url\":\"https:\/\/secure.gravatar.com\/avatar\/55cb5e37c1efa326397366e6974cb338056df65cb50e7d64d1cf314e87504837?s=96&d=mm&r=g\",\"contentUrl\":\"https:\/\/secure.gravatar.com\/avatar\/55cb5e37c1efa326397366e6974cb338056df65cb50e7d64d1cf314e87504837?s=96&d=mm&r=g\",\"caption\":\"Arnaldo Botto\"},\"url\":\"https:\/\/www.noticiasradioreflejos.com.ar\/2021\/author\/arnaldo\/\"}]}<\/script>\n<!-- \/ Yoast SEO plugin. -->","yoast_head_json":{"title":"Ventana peg\u00f3 primero y busca romper la mala racha en finales. - Noticias Radio Reflejos","robots":{"index":"index","follow":"follow","max-snippet":"max-snippet:-1","max-image-preview":"max-image-preview:large","max-video-preview":"max-video-preview:-1"},"canonical":"https:\/\/www.noticiasradioreflejos.com.ar\/2021\/ventana-pego-primero-y-busca-romper-la-mala-racha-en-finales\/","og_locale":"es_ES","og_type":"article","og_title":"Ventana peg\u00f3 primero y busca romper la mala racha en finales. - Noticias Radio Reflejos","og_description":"Atl\u00e9tico Ventana gan\u00f3 en Pringles ante Independiente en la ida por 2 a 1 con los goles de Mart\u00edn Welsh y Ariel Esp\u00ednola, hab\u00eda empatado transitoriamente Jos\u00e9 Luis Acosta para Independiente. La revancha ser\u00e1 el pr\u00f3ximo domingo en Sierra.","og_url":"https:\/\/www.noticiasradioreflejos.com.ar\/2021\/ventana-pego-primero-y-busca-romper-la-mala-racha-en-finales\/","og_site_name":"Noticias Radio Reflejos","article_published_time":"2017-11-27T22:40:15+00:00","og_image":[{"url":"http:\/\/farm5.staticflickr.com\/4540\/38688088191_c0f1fb2f60.jpg","type":"","width":"","height":""}],"author":"Arnaldo Botto","twitter_card":"summary_large_image","schema":{"@context":"https:\/\/schema.org","@graph":[{"@type":"WebPage","@id":"https:\/\/www.noticiasradioreflejos.com.ar\/2021\/ventana-pego-primero-y-busca-romper-la-mala-racha-en-finales\/","url":"https:\/\/www.noticiasradioreflejos.com.ar\/2021\/ventana-pego-primero-y-busca-romper-la-mala-racha-en-finales\/","name":"Ventana peg\u00f3 primero y busca romper la mala racha en finales. - Noticias Radio Reflejos","isPartOf":{"@id":"https:\/\/www.noticiasradioreflejos.com.ar\/2021\/#website"},"primaryImageOfPage":{"@id":"https:\/\/www.noticiasradioreflejos.com.ar\/2021\/ventana-pego-primero-y-busca-romper-la-mala-racha-en-finales\/#primaryimage"},"image":{"@id":"https:\/\/www.noticiasradioreflejos.com.ar\/2021\/ventana-pego-primero-y-busca-romper-la-mala-racha-en-finales\/#primaryimage"},"thumbnailUrl":"http:\/\/farm5.staticflickr.com\/4540\/38688088191_c0f1fb2f60.jpg","datePublished":"2017-11-27T22:40:15+00:00","author":{"@id":"https:\/\/www.noticiasradioreflejos.com.ar\/2021\/#\/schema\/person\/ad82545263dcc5ec0996818884fd5fb1"},"breadcrumb":{"@id":"https:\/\/www.noticiasradioreflejos.com.ar\/2021\/ventana-pego-primero-y-busca-romper-la-mala-racha-en-finales\/#breadcrumb"},"inLanguage":"es","potentialAction":[{"@type":"ReadAction","target":["https:\/\/www.noticiasradioreflejos.com.ar\/2021\/ventana-pego-primero-y-busca-romper-la-mala-racha-en-finales\/"]}]},{"@type":"ImageObject","inLanguage":"es","@id":"https:\/\/www.noticiasradioreflejos.com.ar\/2021\/ventana-pego-primero-y-busca-romper-la-mala-racha-en-finales\/#primaryimage","url":"http:\/\/farm5.staticflickr.com\/4540\/38688088191_c0f1fb2f60.jpg","contentUrl":"http:\/\/farm5.staticflickr.com\/4540\/38688088191_c0f1fb2f60.jpg"},{"@type":"BreadcrumbList","@id":"https:\/\/www.noticiasradioreflejos.com.ar\/2021\/ventana-pego-primero-y-busca-romper-la-mala-racha-en-finales\/#breadcrumb","itemListElement":[{"@type":"ListItem","position":1,"name":"Portada","item":"https:\/\/www.noticiasradioreflejos.com.ar\/2021\/"},{"@type":"ListItem","position":2,"name":"Ventana peg\u00f3 primero y busca romper la mala racha en finales."}]},{"@type":"WebSite","@id":"https:\/\/www.noticiasradioreflejos.com.ar\/2021\/#website","url":"https:\/\/www.noticiasradioreflejos.com.ar\/2021\/","name":"Noticias Radio Reflejos","description":"Las noticias de mi comarca","potentialAction":[{"@type":"SearchAction","target":{"@type":"EntryPoint","urlTemplate":"https:\/\/www.noticiasradioreflejos.com.ar\/2021\/?s={search_term_string}"},"query-input":{"@type":"PropertyValueSpecification","valueRequired":true,"valueName":"search_term_string"}}],"inLanguage":"es"},{"@type":"Person","@id":"https:\/\/www.noticiasradioreflejos.com.ar\/2021\/#\/schema\/person\/ad82545263dcc5ec0996818884fd5fb1","name":"Arnaldo Botto","image":{"@type":"ImageObject","inLanguage":"es","@id":"https:\/\/www.noticiasradioreflejos.com.ar\/2021\/#\/schema\/person\/image\/","url":"https:\/\/secure.gravatar.com\/avatar\/55cb5e37c1efa326397366e6974cb338056df65cb50e7d64d1cf314e87504837?s=96&d=mm&r=g","contentUrl":"https:\/\/secure.gravatar.com\/avatar\/55cb5e37c1efa326397366e6974cb338056df65cb50e7d64d1cf314e87504837?s=96&d=mm&r=g","caption":"Arnaldo Botto"},"url":"https:\/\/www.noticiasradioreflejos.com.ar\/2021\/author\/arnaldo\/"}]}},"_links":{"self":[{"href":"https:\/\/www.noticiasradioreflejos.com.ar\/2021\/wp-json\/wp\/v2\/posts\/16575","targetHints":{"allow":["GET"]}}],"collection":[{"href":"https:\/\/www.noticiasradioreflejos.com.ar\/2021\/wp-json\/wp\/v2\/posts"}],"about":[{"href":"https:\/\/www.noticiasradioreflejos.com.ar\/2021\/wp-json\/wp\/v2\/types\/post"}],"author":[{"embeddable":true,"href":"https:\/\/www.noticiasradioreflejos.com.ar\/2021\/wp-json\/wp\/v2\/users\/3"}],"replies":[{"embeddable":true,"href":"https:\/\/www.noticiasradioreflejos.com.ar\/2021\/wp-json\/wp\/v2\/comments?post=16575"}],"version-history":[{"count":0,"href":"https:\/\/www.noticiasradioreflejos.com.ar\/2021\/wp-json\/wp\/v2\/posts\/16575\/revisions"}],"wp:attachment":[{"href":"https:\/\/www.noticiasradioreflejos.com.ar\/2021\/wp-json\/wp\/v2\/media?parent=16575"}],"wp:term":[{"taxonomy":"category","embeddable":true,"href":"https:\/\/www.noticiasradioreflejos.com.ar\/2021\/wp-json\/wp\/v2\/categories?post=16575"},{"taxonomy":"post_tag","embeddable":true,"href":"https:\/\/www.noticiasradioreflejos.com.ar\/2021\/wp-json\/wp\/v2\/tags?post=16575"}],"curies":[{"name":"wp","href":"https:\/\/api.w.org\/{rel}","templated":true}]}}