{"id":16573,"date":"2017-11-27T19:31:11","date_gmt":"2017-11-27T22:31:11","guid":{"rendered":"http:\/\/www.noticiasradioreflejos.com.ar\/noticias\/?p=16573"},"modified":"2017-11-27T19:31:11","modified_gmt":"2017-11-27T22:31:11","slug":"repudio-contra-la-salvaje-represion","status":"publish","type":"post","link":"https:\/\/www.noticiasradioreflejos.com.ar\/2021\/repudio-contra-la-salvaje-represion\/","title":{"rendered":"Repudio contra la salvaje represi\u00f3n"},"content":{"rendered":"<p>Desde <strong>SUTEBA Tornquist<\/strong> repudiamos en\u00e9rgicamente el desalojo violento y la represi\u00f3n por parte del Estado Nacional a la comunidad lof Lafken Winkul Mapu que concluy\u00f3 con la vida del joven mapuche Rafael Nahuel.<!--more--><br \/>\nMiramos con especial Preocupaci\u00f3n la escalada de violencia y represi\u00f3n de las manifestaciones populares y el especial ensa\u00f1amiento con los hermanos de las comunidades de pueblos originarios. Como docentes somos defensores de la vida y de la vida digna. No podemos llegar a entender y mucho menos a aceptar  que el Estado, encargado de cuidarnos a todos, dirima los conflictos a fuerza de palos y balas hacia los m\u00e1s d\u00e9biles. Nuevamente estamos ante una nueva represi\u00f3n al pueblo mapuche, ahora el de la comunidad lof Lafken Winkul Mapu de Bariloche.<br \/>\nAdem\u00e1s se da en un marco de desconocimiento de las leyes vigentes. Hace apenas d\u00edas se logr\u00f3 la pr\u00f3rroga de la Ley 26.160, que impide el desalojo de pueblos originarios, para poder proteger sus derechos. Pero en discordancia con este prop\u00f3sito, se realiz\u00f3 igual un desalojo violento, con represi\u00f3n, que ha causado un muerto y dos heridos.<br \/>\nAl igual que la represi\u00f3n brutal a la Lof en Resistencia de Cushamen, en Esquel, donde perdiera la vida Santiago Maldonado, fuerzas del Estado vuelven a estar involucradas en un hecho que termina con otra persona muerta, conformando as\u00ed, un escenario ausente de todo derecho y garant\u00eda.<br \/>\nAcomp\u00e1\u00f1anos al pueblo mapuche, ultrajado una vez m\u00e1s, perdiendo un hermano, como todo parece indicar, a manos de \u00abfuerzas de seguridad\u00bb.<br \/>\nExigimos al Gobierno Nacional y al Ministerio de Seguridad que cese la represi\u00f3n y que la Justicia investigue y condene a los responsables de este violento accionar.<br \/>\nInvitamos a la comunidad toda, a reflexionar ante estos acontecimientos y a no acompa\u00f1ar ninguna justificaci\u00f3n de asesinato.<br \/>\nTornquist, Lunes 27 de noviembre de 2017<br \/>\nComisi\u00f3n directiva de Suteba Tornquist y cuerpo de delegados<\/p>\n","protected":false},"excerpt":{"rendered":"<p>Desde SUTEBA Tornquist repudiamos en\u00e9rgicamente el desalojo violento y la represi\u00f3n por parte del Estado Nacional a la comunidad lof Lafken Winkul Mapu que concluy\u00f3 con la vida del joven mapuche Rafael Nahuel.<\/p>\n","protected":false},"author":3,"featured_media":2623,"comment_status":"closed","ping_status":"open","sticky":false,"template":"","format":"standard","meta":{"footnotes":""},"categories":[24],"tags":[],"class_list":["post-16573","post","type-post","status-publish","format-standard","has-post-thumbnail","hentry","category-politica"],"yoast_head":"<!-- This site is optimized with the Yoast SEO plugin v25.9 - https:\/\/yoast.com\/wordpress\/plugins\/seo\/ -->\n<title>Repudio contra la salvaje represi\u00f3n - Noticias Radio Reflejos<\/title>\n<meta name=\"robots\" content=\"index, follow, max-snippet:-1, max-image-preview:large, max-video-preview:-1\" \/>\n<link rel=\"canonical\" href=\"https:\/\/www.noticiasradioreflejos.com.ar\/2021\/repudio-contra-la-salvaje-represion\/\" \/>\n<meta property=\"og:locale\" content=\"es_ES\" \/>\n<meta property=\"og:type\" content=\"article\" \/>\n<meta property=\"og:title\" content=\"Repudio contra la salvaje represi\u00f3n - Noticias Radio Reflejos\" \/>\n<meta property=\"og:description\" content=\"Desde SUTEBA Tornquist repudiamos en\u00e9rgicamente el desalojo violento y la represi\u00f3n por parte del Estado Nacional a la comunidad lof Lafken Winkul Mapu que concluy\u00f3 con la vida del joven mapuche Rafael Nahuel.\" \/>\n<meta property=\"og:url\" content=\"https:\/\/www.noticiasradioreflejos.com.ar\/2021\/repudio-contra-la-salvaje-represion\/\" \/>\n<meta property=\"og:site_name\" content=\"Noticias Radio Reflejos\" \/>\n<meta property=\"article:published_time\" content=\"2017-11-27T22:31:11+00:00\" \/>\n<meta property=\"og:image\" content=\"https:\/\/www.noticiasradioreflejos.com.ar\/2021\/wp-content\/uploads\/2016\/10\/Suteba-logo-640x360-1.jpg\" \/>\n\t<meta property=\"og:image:width\" content=\"640\" \/>\n\t<meta property=\"og:image:height\" content=\"360\" \/>\n\t<meta property=\"og:image:type\" content=\"image\/jpeg\" \/>\n<meta name=\"author\" content=\"Arnaldo Botto\" \/>\n<meta name=\"twitter:card\" content=\"summary_large_image\" \/>\n<script type=\"application\/ld+json\" class=\"yoast-schema-graph\">{\"@context\":\"https:\/\/schema.org\",\"@graph\":[{\"@type\":\"WebPage\",\"@id\":\"https:\/\/www.noticiasradioreflejos.com.ar\/2021\/repudio-contra-la-salvaje-represion\/\",\"url\":\"https:\/\/www.noticiasradioreflejos.com.ar\/2021\/repudio-contra-la-salvaje-represion\/\",\"name\":\"Repudio contra la salvaje represi\u00f3n - Noticias Radio Reflejos\",\"isPartOf\":{\"@id\":\"https:\/\/www.noticiasradioreflejos.com.ar\/2021\/#website\"},\"primaryImageOfPage\":{\"@id\":\"https:\/\/www.noticiasradioreflejos.com.ar\/2021\/repudio-contra-la-salvaje-represion\/#primaryimage\"},\"image\":{\"@id\":\"https:\/\/www.noticiasradioreflejos.com.ar\/2021\/repudio-contra-la-salvaje-represion\/#primaryimage\"},\"thumbnailUrl\":\"https:\/\/www.noticiasradioreflejos.com.ar\/2021\/wp-content\/uploads\/2016\/10\/Suteba-logo-640x360-1.jpg\",\"datePublished\":\"2017-11-27T22:31:11+00:00\",\"author\":{\"@id\":\"https:\/\/www.noticiasradioreflejos.com.ar\/2021\/#\/schema\/person\/ad82545263dcc5ec0996818884fd5fb1\"},\"breadcrumb\":{\"@id\":\"https:\/\/www.noticiasradioreflejos.com.ar\/2021\/repudio-contra-la-salvaje-represion\/#breadcrumb\"},\"inLanguage\":\"es\",\"potentialAction\":[{\"@type\":\"ReadAction\",\"target\":[\"https:\/\/www.noticiasradioreflejos.com.ar\/2021\/repudio-contra-la-salvaje-represion\/\"]}]},{\"@type\":\"ImageObject\",\"inLanguage\":\"es\",\"@id\":\"https:\/\/www.noticiasradioreflejos.com.ar\/2021\/repudio-contra-la-salvaje-represion\/#primaryimage\",\"url\":\"https:\/\/www.noticiasradioreflejos.com.ar\/2021\/wp-content\/uploads\/2016\/10\/Suteba-logo-640x360-1.jpg\",\"contentUrl\":\"https:\/\/www.noticiasradioreflejos.com.ar\/2021\/wp-content\/uploads\/2016\/10\/Suteba-logo-640x360-1.jpg\",\"width\":640,\"height\":360},{\"@type\":\"BreadcrumbList\",\"@id\":\"https:\/\/www.noticiasradioreflejos.com.ar\/2021\/repudio-contra-la-salvaje-represion\/#breadcrumb\",\"itemListElement\":[{\"@type\":\"ListItem\",\"position\":1,\"name\":\"Portada\",\"item\":\"https:\/\/www.noticiasradioreflejos.com.ar\/2021\/\"},{\"@type\":\"ListItem\",\"position\":2,\"name\":\"Repudio contra la salvaje represi\u00f3n\"}]},{\"@type\":\"WebSite\",\"@id\":\"https:\/\/www.noticiasradioreflejos.com.ar\/2021\/#website\",\"url\":\"https:\/\/www.noticiasradioreflejos.com.ar\/2021\/\",\"name\":\"Noticias Radio Reflejos\",\"description\":\"Las noticias de mi comarca\",\"potentialAction\":[{\"@type\":\"SearchAction\",\"target\":{\"@type\":\"EntryPoint\",\"urlTemplate\":\"https:\/\/www.noticiasradioreflejos.com.ar\/2021\/?s={search_term_string}\"},\"query-input\":{\"@type\":\"PropertyValueSpecification\",\"valueRequired\":true,\"valueName\":\"search_term_string\"}}],\"inLanguage\":\"es\"},{\"@type\":\"Person\",\"@id\":\"https:\/\/www.noticiasradioreflejos.com.ar\/2021\/#\/schema\/person\/ad82545263dcc5ec0996818884fd5fb1\",\"name\":\"Arnaldo Botto\",\"image\":{\"@type\":\"ImageObject\",\"inLanguage\":\"es\",\"@id\":\"https:\/\/www.noticiasradioreflejos.com.ar\/2021\/#\/schema\/person\/image\/\",\"url\":\"https:\/\/secure.gravatar.com\/avatar\/55cb5e37c1efa326397366e6974cb338056df65cb50e7d64d1cf314e87504837?s=96&d=mm&r=g\",\"contentUrl\":\"https:\/\/secure.gravatar.com\/avatar\/55cb5e37c1efa326397366e6974cb338056df65cb50e7d64d1cf314e87504837?s=96&d=mm&r=g\",\"caption\":\"Arnaldo Botto\"},\"url\":\"https:\/\/www.noticiasradioreflejos.com.ar\/2021\/author\/arnaldo\/\"}]}<\/script>\n<!-- \/ Yoast SEO plugin. -->","yoast_head_json":{"title":"Repudio contra la salvaje represi\u00f3n - Noticias Radio Reflejos","robots":{"index":"index","follow":"follow","max-snippet":"max-snippet:-1","max-image-preview":"max-image-preview:large","max-video-preview":"max-video-preview:-1"},"canonical":"https:\/\/www.noticiasradioreflejos.com.ar\/2021\/repudio-contra-la-salvaje-represion\/","og_locale":"es_ES","og_type":"article","og_title":"Repudio contra la salvaje represi\u00f3n - Noticias Radio Reflejos","og_description":"Desde SUTEBA Tornquist repudiamos en\u00e9rgicamente el desalojo violento y la represi\u00f3n por parte del Estado Nacional a la comunidad lof Lafken Winkul Mapu que concluy\u00f3 con la vida del joven mapuche Rafael Nahuel.","og_url":"https:\/\/www.noticiasradioreflejos.com.ar\/2021\/repudio-contra-la-salvaje-represion\/","og_site_name":"Noticias Radio Reflejos","article_published_time":"2017-11-27T22:31:11+00:00","og_image":[{"width":640,"height":360,"url":"https:\/\/www.noticiasradioreflejos.com.ar\/2021\/wp-content\/uploads\/2016\/10\/Suteba-logo-640x360-1.jpg","type":"image\/jpeg"}],"author":"Arnaldo Botto","twitter_card":"summary_large_image","schema":{"@context":"https:\/\/schema.org","@graph":[{"@type":"WebPage","@id":"https:\/\/www.noticiasradioreflejos.com.ar\/2021\/repudio-contra-la-salvaje-represion\/","url":"https:\/\/www.noticiasradioreflejos.com.ar\/2021\/repudio-contra-la-salvaje-represion\/","name":"Repudio contra la salvaje represi\u00f3n - Noticias Radio Reflejos","isPartOf":{"@id":"https:\/\/www.noticiasradioreflejos.com.ar\/2021\/#website"},"primaryImageOfPage":{"@id":"https:\/\/www.noticiasradioreflejos.com.ar\/2021\/repudio-contra-la-salvaje-represion\/#primaryimage"},"image":{"@id":"https:\/\/www.noticiasradioreflejos.com.ar\/2021\/repudio-contra-la-salvaje-represion\/#primaryimage"},"thumbnailUrl":"https:\/\/www.noticiasradioreflejos.com.ar\/2021\/wp-content\/uploads\/2016\/10\/Suteba-logo-640x360-1.jpg","datePublished":"2017-11-27T22:31:11+00:00","author":{"@id":"https:\/\/www.noticiasradioreflejos.com.ar\/2021\/#\/schema\/person\/ad82545263dcc5ec0996818884fd5fb1"},"breadcrumb":{"@id":"https:\/\/www.noticiasradioreflejos.com.ar\/2021\/repudio-contra-la-salvaje-represion\/#breadcrumb"},"inLanguage":"es","potentialAction":[{"@type":"ReadAction","target":["https:\/\/www.noticiasradioreflejos.com.ar\/2021\/repudio-contra-la-salvaje-represion\/"]}]},{"@type":"ImageObject","inLanguage":"es","@id":"https:\/\/www.noticiasradioreflejos.com.ar\/2021\/repudio-contra-la-salvaje-represion\/#primaryimage","url":"https:\/\/www.noticiasradioreflejos.com.ar\/2021\/wp-content\/uploads\/2016\/10\/Suteba-logo-640x360-1.jpg","contentUrl":"https:\/\/www.noticiasradioreflejos.com.ar\/2021\/wp-content\/uploads\/2016\/10\/Suteba-logo-640x360-1.jpg","width":640,"height":360},{"@type":"BreadcrumbList","@id":"https:\/\/www.noticiasradioreflejos.com.ar\/2021\/repudio-contra-la-salvaje-represion\/#breadcrumb","itemListElement":[{"@type":"ListItem","position":1,"name":"Portada","item":"https:\/\/www.noticiasradioreflejos.com.ar\/2021\/"},{"@type":"ListItem","position":2,"name":"Repudio contra la salvaje represi\u00f3n"}]},{"@type":"WebSite","@id":"https:\/\/www.noticiasradioreflejos.com.ar\/2021\/#website","url":"https:\/\/www.noticiasradioreflejos.com.ar\/2021\/","name":"Noticias Radio Reflejos","description":"Las noticias de mi comarca","potentialAction":[{"@type":"SearchAction","target":{"@type":"EntryPoint","urlTemplate":"https:\/\/www.noticiasradioreflejos.com.ar\/2021\/?s={search_term_string}"},"query-input":{"@type":"PropertyValueSpecification","valueRequired":true,"valueName":"search_term_string"}}],"inLanguage":"es"},{"@type":"Person","@id":"https:\/\/www.noticiasradioreflejos.com.ar\/2021\/#\/schema\/person\/ad82545263dcc5ec0996818884fd5fb1","name":"Arnaldo Botto","image":{"@type":"ImageObject","inLanguage":"es","@id":"https:\/\/www.noticiasradioreflejos.com.ar\/2021\/#\/schema\/person\/image\/","url":"https:\/\/secure.gravatar.com\/avatar\/55cb5e37c1efa326397366e6974cb338056df65cb50e7d64d1cf314e87504837?s=96&d=mm&r=g","contentUrl":"https:\/\/secure.gravatar.com\/avatar\/55cb5e37c1efa326397366e6974cb338056df65cb50e7d64d1cf314e87504837?s=96&d=mm&r=g","caption":"Arnaldo Botto"},"url":"https:\/\/www.noticiasradioreflejos.com.ar\/2021\/author\/arnaldo\/"}]}},"_links":{"self":[{"href":"https:\/\/www.noticiasradioreflejos.com.ar\/2021\/wp-json\/wp\/v2\/posts\/16573","targetHints":{"allow":["GET"]}}],"collection":[{"href":"https:\/\/www.noticiasradioreflejos.com.ar\/2021\/wp-json\/wp\/v2\/posts"}],"about":[{"href":"https:\/\/www.noticiasradioreflejos.com.ar\/2021\/wp-json\/wp\/v2\/types\/post"}],"author":[{"embeddable":true,"href":"https:\/\/www.noticiasradioreflejos.com.ar\/2021\/wp-json\/wp\/v2\/users\/3"}],"replies":[{"embeddable":true,"href":"https:\/\/www.noticiasradioreflejos.com.ar\/2021\/wp-json\/wp\/v2\/comments?post=16573"}],"version-history":[{"count":0,"href":"https:\/\/www.noticiasradioreflejos.com.ar\/2021\/wp-json\/wp\/v2\/posts\/16573\/revisions"}],"wp:featuredmedia":[{"embeddable":true,"href":"https:\/\/www.noticiasradioreflejos.com.ar\/2021\/wp-json\/wp\/v2\/media\/2623"}],"wp:attachment":[{"href":"https:\/\/www.noticiasradioreflejos.com.ar\/2021\/wp-json\/wp\/v2\/media?parent=16573"}],"wp:term":[{"taxonomy":"category","embeddable":true,"href":"https:\/\/www.noticiasradioreflejos.com.ar\/2021\/wp-json\/wp\/v2\/categories?post=16573"},{"taxonomy":"post_tag","embeddable":true,"href":"https:\/\/www.noticiasradioreflejos.com.ar\/2021\/wp-json\/wp\/v2\/tags?post=16573"}],"curies":[{"name":"wp","href":"https:\/\/api.w.org\/{rel}","templated":true}]}}