{"id":16566,"date":"2017-11-27T15:59:30","date_gmt":"2017-11-27T18:59:30","guid":{"rendered":"http:\/\/www.noticiasradioreflejos.com.ar\/noticias\/?p=16566"},"modified":"2017-11-27T15:59:30","modified_gmt":"2017-11-27T18:59:30","slug":"la-escuelita-azulgrana-participo-de-un-encuentro-en-bahia","status":"publish","type":"post","link":"https:\/\/www.noticiasradioreflejos.com.ar\/2021\/la-escuelita-azulgrana-participo-de-un-encuentro-en-bahia\/","title":{"rendered":"La Escuelita Azulgrana particip\u00f3 de un encuentro en Bah\u00eda."},"content":{"rendered":"<p><a title=\"Outlook-1458315721\" href=\"http:\/\/farm5.staticflickr.com\/4526\/38533713636_ab8354f2b6_m.jpg\" rel=\"\"><img loading=\"lazy\" decoding=\"async\" class=\"alignleft\" style=\"float: left;\" title=\"Outlook-1458315721\" src=\"http:\/\/farm5.staticflickr.com\/4526\/38533713636_ab8354f2b6_m.jpg\" alt=\"Outlook-1458315721\" width=\"110\" height=\"110\" \/><\/a>Tres categor\u00edas de la Escuelita Azulgrana participaron de un encuentro organizado en el Club Dublin de Bah\u00eda Blanca, juntamente con la entidad anfitriona, Bella Vista, Olimpo y Efubi, que se encuentra a cargo de Mart\u00edn \u201cGula\u201d Aguirre, ex jugador de River Plate, entre otros equipos.<!--more--><br \/>\nLa delegaci\u00f3n de Automoto estuvo conformada por chicos pertenecientes a las categor\u00edas 2007, 2008 y 2009. El detalle de los chicos que concurrieron es el siguiente:<br \/>\n&#8211; 2009: Facundo Abalos, Bautista Schwab, Juli\u00e1n Trankels, Juan Ignacio Abreg\u00fa, Ian Borches, Emiliano Solano y Mat\u00edas Luna.<br \/>\n&#8211; 2008: Alessandro Marzialetti, Nahuel Garc\u00eda, Benjam\u00edn Gallo, Tiziano Solano, Robertino Rossi, Juan Cabrera y Dante Mancinelli.<br \/>\n&#8211; 2007: Luca Montiel Solano, Ezequiel Heine, Guido David, Gianni Polio, Juan Mart\u00edn Flores, Mateo Toy, Bautista Fretes y Santiago Fretes.<br \/>\nLos participantes concurrieron en autos particulares, por lo que se agradece a los padres que hicieron posible que los chicos disfrutaran de una linda jornada de f\u00fatbol, amistad y compa\u00f1erismo.<br \/>\nEl pr\u00f3ximo encuentro del cual participar\u00e1 la Escuelita Azulgrana ser\u00e1 el pr\u00f3ximo s\u00e1bado, en Saavedra, organizado por San Mart\u00edn de esa localidad. Automoto estar\u00e1 representado por las categor\u00edas 2010 y 2011.<br \/>\n<a title=\"automoto4\" href=\"http:\/\/farm5.staticflickr.com\/4520\/37796532385_72673dbb9e_z.jpg\" rel=\"\"><img loading=\"lazy\" decoding=\"async\" class=\"aligncenter\" title=\"automoto4\" src=\"http:\/\/farm5.staticflickr.com\/4520\/37796532385_72673dbb9e_z.jpg\" alt=\"automoto4\" width=\"640\" height=\"361\" \/><\/a><br \/>\n<a title=\"automoto3\" href=\"http:\/\/farm5.staticflickr.com\/4520\/38627734566_c1eef4c1e7_z.jpg\" rel=\"\"><img loading=\"lazy\" decoding=\"async\" class=\"aligncenter\" title=\"automoto3\" src=\"http:\/\/farm5.staticflickr.com\/4520\/38627734566_c1eef4c1e7_z.jpg\" alt=\"automoto3\" width=\"640\" height=\"361\" \/><\/a><br \/>\n<a title=\"automoto2\" href=\"http:\/\/farm5.staticflickr.com\/4570\/38684197561_e45432a358_z.jpg\" rel=\"\"><img loading=\"lazy\" decoding=\"async\" class=\"aligncenter\" title=\"automoto2\" src=\"http:\/\/farm5.staticflickr.com\/4570\/38684197561_e45432a358_z.jpg\" alt=\"automoto2\" width=\"640\" height=\"361\" \/><\/a><\/p>\n","protected":false},"excerpt":{"rendered":"<p>Tres categor\u00edas de la Escuelita Azulgrana participaron de un encuentro organizado en el Club Dublin de Bah\u00eda Blanca, juntamente con la entidad anfitriona, Bella Vista, Olimpo y Efubi, que se encuentra a cargo de Mart\u00edn \u201cGula\u201d Aguirre, ex jugador de River Plate, entre otros equipos.<\/p>\n","protected":false},"author":3,"featured_media":0,"comment_status":"closed","ping_status":"open","sticky":false,"template":"","format":"standard","meta":{"footnotes":""},"categories":[27],"tags":[],"class_list":["post-16566","post","type-post","status-publish","format-standard","hentry","category-deportes"],"yoast_head":"<!-- This site is optimized with the Yoast SEO plugin v25.9 - https:\/\/yoast.com\/wordpress\/plugins\/seo\/ -->\n<title>La Escuelita Azulgrana particip\u00f3 de un encuentro en Bah\u00eda. - Noticias Radio Reflejos<\/title>\n<meta name=\"robots\" content=\"index, follow, max-snippet:-1, max-image-preview:large, max-video-preview:-1\" \/>\n<link rel=\"canonical\" href=\"https:\/\/www.noticiasradioreflejos.com.ar\/2021\/la-escuelita-azulgrana-participo-de-un-encuentro-en-bahia\/\" \/>\n<meta property=\"og:locale\" content=\"es_ES\" \/>\n<meta property=\"og:type\" content=\"article\" \/>\n<meta property=\"og:title\" content=\"La Escuelita Azulgrana particip\u00f3 de un encuentro en Bah\u00eda. - Noticias Radio Reflejos\" \/>\n<meta property=\"og:description\" content=\"Tres categor\u00edas de la Escuelita Azulgrana participaron de un encuentro organizado en el Club Dublin de Bah\u00eda Blanca, juntamente con la entidad anfitriona, Bella Vista, Olimpo y Efubi, que se encuentra a cargo de Mart\u00edn \u201cGula\u201d Aguirre, ex jugador de River Plate, entre otros equipos.\" \/>\n<meta property=\"og:url\" content=\"https:\/\/www.noticiasradioreflejos.com.ar\/2021\/la-escuelita-azulgrana-participo-de-un-encuentro-en-bahia\/\" \/>\n<meta property=\"og:site_name\" content=\"Noticias Radio Reflejos\" \/>\n<meta property=\"article:published_time\" content=\"2017-11-27T18:59:30+00:00\" \/>\n<meta property=\"og:image\" content=\"http:\/\/farm5.staticflickr.com\/4526\/38533713636_ab8354f2b6_m.jpg\" \/>\n<meta name=\"author\" content=\"Arnaldo Botto\" \/>\n<meta name=\"twitter:card\" content=\"summary_large_image\" \/>\n<script type=\"application\/ld+json\" class=\"yoast-schema-graph\">{\"@context\":\"https:\/\/schema.org\",\"@graph\":[{\"@type\":\"WebPage\",\"@id\":\"https:\/\/www.noticiasradioreflejos.com.ar\/2021\/la-escuelita-azulgrana-participo-de-un-encuentro-en-bahia\/\",\"url\":\"https:\/\/www.noticiasradioreflejos.com.ar\/2021\/la-escuelita-azulgrana-participo-de-un-encuentro-en-bahia\/\",\"name\":\"La Escuelita Azulgrana particip\u00f3 de un encuentro en Bah\u00eda. - Noticias Radio Reflejos\",\"isPartOf\":{\"@id\":\"https:\/\/www.noticiasradioreflejos.com.ar\/2021\/#website\"},\"primaryImageOfPage\":{\"@id\":\"https:\/\/www.noticiasradioreflejos.com.ar\/2021\/la-escuelita-azulgrana-participo-de-un-encuentro-en-bahia\/#primaryimage\"},\"image\":{\"@id\":\"https:\/\/www.noticiasradioreflejos.com.ar\/2021\/la-escuelita-azulgrana-participo-de-un-encuentro-en-bahia\/#primaryimage\"},\"thumbnailUrl\":\"http:\/\/farm5.staticflickr.com\/4526\/38533713636_ab8354f2b6_m.jpg\",\"datePublished\":\"2017-11-27T18:59:30+00:00\",\"author\":{\"@id\":\"https:\/\/www.noticiasradioreflejos.com.ar\/2021\/#\/schema\/person\/ad82545263dcc5ec0996818884fd5fb1\"},\"breadcrumb\":{\"@id\":\"https:\/\/www.noticiasradioreflejos.com.ar\/2021\/la-escuelita-azulgrana-participo-de-un-encuentro-en-bahia\/#breadcrumb\"},\"inLanguage\":\"es\",\"potentialAction\":[{\"@type\":\"ReadAction\",\"target\":[\"https:\/\/www.noticiasradioreflejos.com.ar\/2021\/la-escuelita-azulgrana-participo-de-un-encuentro-en-bahia\/\"]}]},{\"@type\":\"ImageObject\",\"inLanguage\":\"es\",\"@id\":\"https:\/\/www.noticiasradioreflejos.com.ar\/2021\/la-escuelita-azulgrana-participo-de-un-encuentro-en-bahia\/#primaryimage\",\"url\":\"http:\/\/farm5.staticflickr.com\/4526\/38533713636_ab8354f2b6_m.jpg\",\"contentUrl\":\"http:\/\/farm5.staticflickr.com\/4526\/38533713636_ab8354f2b6_m.jpg\"},{\"@type\":\"BreadcrumbList\",\"@id\":\"https:\/\/www.noticiasradioreflejos.com.ar\/2021\/la-escuelita-azulgrana-participo-de-un-encuentro-en-bahia\/#breadcrumb\",\"itemListElement\":[{\"@type\":\"ListItem\",\"position\":1,\"name\":\"Portada\",\"item\":\"https:\/\/www.noticiasradioreflejos.com.ar\/2021\/\"},{\"@type\":\"ListItem\",\"position\":2,\"name\":\"La Escuelita Azulgrana particip\u00f3 de un encuentro en Bah\u00eda.\"}]},{\"@type\":\"WebSite\",\"@id\":\"https:\/\/www.noticiasradioreflejos.com.ar\/2021\/#website\",\"url\":\"https:\/\/www.noticiasradioreflejos.com.ar\/2021\/\",\"name\":\"Noticias Radio Reflejos\",\"description\":\"Las noticias de mi comarca\",\"potentialAction\":[{\"@type\":\"SearchAction\",\"target\":{\"@type\":\"EntryPoint\",\"urlTemplate\":\"https:\/\/www.noticiasradioreflejos.com.ar\/2021\/?s={search_term_string}\"},\"query-input\":{\"@type\":\"PropertyValueSpecification\",\"valueRequired\":true,\"valueName\":\"search_term_string\"}}],\"inLanguage\":\"es\"},{\"@type\":\"Person\",\"@id\":\"https:\/\/www.noticiasradioreflejos.com.ar\/2021\/#\/schema\/person\/ad82545263dcc5ec0996818884fd5fb1\",\"name\":\"Arnaldo Botto\",\"image\":{\"@type\":\"ImageObject\",\"inLanguage\":\"es\",\"@id\":\"https:\/\/www.noticiasradioreflejos.com.ar\/2021\/#\/schema\/person\/image\/\",\"url\":\"https:\/\/secure.gravatar.com\/avatar\/55cb5e37c1efa326397366e6974cb338056df65cb50e7d64d1cf314e87504837?s=96&d=mm&r=g\",\"contentUrl\":\"https:\/\/secure.gravatar.com\/avatar\/55cb5e37c1efa326397366e6974cb338056df65cb50e7d64d1cf314e87504837?s=96&d=mm&r=g\",\"caption\":\"Arnaldo Botto\"},\"url\":\"https:\/\/www.noticiasradioreflejos.com.ar\/2021\/author\/arnaldo\/\"}]}<\/script>\n<!-- \/ Yoast SEO plugin. -->","yoast_head_json":{"title":"La Escuelita Azulgrana particip\u00f3 de un encuentro en Bah\u00eda. - Noticias Radio Reflejos","robots":{"index":"index","follow":"follow","max-snippet":"max-snippet:-1","max-image-preview":"max-image-preview:large","max-video-preview":"max-video-preview:-1"},"canonical":"https:\/\/www.noticiasradioreflejos.com.ar\/2021\/la-escuelita-azulgrana-participo-de-un-encuentro-en-bahia\/","og_locale":"es_ES","og_type":"article","og_title":"La Escuelita Azulgrana particip\u00f3 de un encuentro en Bah\u00eda. - Noticias Radio Reflejos","og_description":"Tres categor\u00edas de la Escuelita Azulgrana participaron de un encuentro organizado en el Club Dublin de Bah\u00eda Blanca, juntamente con la entidad anfitriona, Bella Vista, Olimpo y Efubi, que se encuentra a cargo de Mart\u00edn \u201cGula\u201d Aguirre, ex jugador de River Plate, entre otros equipos.","og_url":"https:\/\/www.noticiasradioreflejos.com.ar\/2021\/la-escuelita-azulgrana-participo-de-un-encuentro-en-bahia\/","og_site_name":"Noticias Radio Reflejos","article_published_time":"2017-11-27T18:59:30+00:00","og_image":[{"url":"http:\/\/farm5.staticflickr.com\/4526\/38533713636_ab8354f2b6_m.jpg","type":"","width":"","height":""}],"author":"Arnaldo Botto","twitter_card":"summary_large_image","schema":{"@context":"https:\/\/schema.org","@graph":[{"@type":"WebPage","@id":"https:\/\/www.noticiasradioreflejos.com.ar\/2021\/la-escuelita-azulgrana-participo-de-un-encuentro-en-bahia\/","url":"https:\/\/www.noticiasradioreflejos.com.ar\/2021\/la-escuelita-azulgrana-participo-de-un-encuentro-en-bahia\/","name":"La Escuelita Azulgrana particip\u00f3 de un encuentro en Bah\u00eda. - Noticias Radio Reflejos","isPartOf":{"@id":"https:\/\/www.noticiasradioreflejos.com.ar\/2021\/#website"},"primaryImageOfPage":{"@id":"https:\/\/www.noticiasradioreflejos.com.ar\/2021\/la-escuelita-azulgrana-participo-de-un-encuentro-en-bahia\/#primaryimage"},"image":{"@id":"https:\/\/www.noticiasradioreflejos.com.ar\/2021\/la-escuelita-azulgrana-participo-de-un-encuentro-en-bahia\/#primaryimage"},"thumbnailUrl":"http:\/\/farm5.staticflickr.com\/4526\/38533713636_ab8354f2b6_m.jpg","datePublished":"2017-11-27T18:59:30+00:00","author":{"@id":"https:\/\/www.noticiasradioreflejos.com.ar\/2021\/#\/schema\/person\/ad82545263dcc5ec0996818884fd5fb1"},"breadcrumb":{"@id":"https:\/\/www.noticiasradioreflejos.com.ar\/2021\/la-escuelita-azulgrana-participo-de-un-encuentro-en-bahia\/#breadcrumb"},"inLanguage":"es","potentialAction":[{"@type":"ReadAction","target":["https:\/\/www.noticiasradioreflejos.com.ar\/2021\/la-escuelita-azulgrana-participo-de-un-encuentro-en-bahia\/"]}]},{"@type":"ImageObject","inLanguage":"es","@id":"https:\/\/www.noticiasradioreflejos.com.ar\/2021\/la-escuelita-azulgrana-participo-de-un-encuentro-en-bahia\/#primaryimage","url":"http:\/\/farm5.staticflickr.com\/4526\/38533713636_ab8354f2b6_m.jpg","contentUrl":"http:\/\/farm5.staticflickr.com\/4526\/38533713636_ab8354f2b6_m.jpg"},{"@type":"BreadcrumbList","@id":"https:\/\/www.noticiasradioreflejos.com.ar\/2021\/la-escuelita-azulgrana-participo-de-un-encuentro-en-bahia\/#breadcrumb","itemListElement":[{"@type":"ListItem","position":1,"name":"Portada","item":"https:\/\/www.noticiasradioreflejos.com.ar\/2021\/"},{"@type":"ListItem","position":2,"name":"La Escuelita Azulgrana particip\u00f3 de un encuentro en Bah\u00eda."}]},{"@type":"WebSite","@id":"https:\/\/www.noticiasradioreflejos.com.ar\/2021\/#website","url":"https:\/\/www.noticiasradioreflejos.com.ar\/2021\/","name":"Noticias Radio Reflejos","description":"Las noticias de mi comarca","potentialAction":[{"@type":"SearchAction","target":{"@type":"EntryPoint","urlTemplate":"https:\/\/www.noticiasradioreflejos.com.ar\/2021\/?s={search_term_string}"},"query-input":{"@type":"PropertyValueSpecification","valueRequired":true,"valueName":"search_term_string"}}],"inLanguage":"es"},{"@type":"Person","@id":"https:\/\/www.noticiasradioreflejos.com.ar\/2021\/#\/schema\/person\/ad82545263dcc5ec0996818884fd5fb1","name":"Arnaldo Botto","image":{"@type":"ImageObject","inLanguage":"es","@id":"https:\/\/www.noticiasradioreflejos.com.ar\/2021\/#\/schema\/person\/image\/","url":"https:\/\/secure.gravatar.com\/avatar\/55cb5e37c1efa326397366e6974cb338056df65cb50e7d64d1cf314e87504837?s=96&d=mm&r=g","contentUrl":"https:\/\/secure.gravatar.com\/avatar\/55cb5e37c1efa326397366e6974cb338056df65cb50e7d64d1cf314e87504837?s=96&d=mm&r=g","caption":"Arnaldo Botto"},"url":"https:\/\/www.noticiasradioreflejos.com.ar\/2021\/author\/arnaldo\/"}]}},"_links":{"self":[{"href":"https:\/\/www.noticiasradioreflejos.com.ar\/2021\/wp-json\/wp\/v2\/posts\/16566","targetHints":{"allow":["GET"]}}],"collection":[{"href":"https:\/\/www.noticiasradioreflejos.com.ar\/2021\/wp-json\/wp\/v2\/posts"}],"about":[{"href":"https:\/\/www.noticiasradioreflejos.com.ar\/2021\/wp-json\/wp\/v2\/types\/post"}],"author":[{"embeddable":true,"href":"https:\/\/www.noticiasradioreflejos.com.ar\/2021\/wp-json\/wp\/v2\/users\/3"}],"replies":[{"embeddable":true,"href":"https:\/\/www.noticiasradioreflejos.com.ar\/2021\/wp-json\/wp\/v2\/comments?post=16566"}],"version-history":[{"count":0,"href":"https:\/\/www.noticiasradioreflejos.com.ar\/2021\/wp-json\/wp\/v2\/posts\/16566\/revisions"}],"wp:attachment":[{"href":"https:\/\/www.noticiasradioreflejos.com.ar\/2021\/wp-json\/wp\/v2\/media?parent=16566"}],"wp:term":[{"taxonomy":"category","embeddable":true,"href":"https:\/\/www.noticiasradioreflejos.com.ar\/2021\/wp-json\/wp\/v2\/categories?post=16566"},{"taxonomy":"post_tag","embeddable":true,"href":"https:\/\/www.noticiasradioreflejos.com.ar\/2021\/wp-json\/wp\/v2\/tags?post=16566"}],"curies":[{"name":"wp","href":"https:\/\/api.w.org\/{rel}","templated":true}]}}