{"id":16528,"date":"2017-11-27T08:07:29","date_gmt":"2017-11-27T11:07:29","guid":{"rendered":"http:\/\/www.noticiasradioreflejos.com.ar\/noticias\/?p=16528"},"modified":"2017-11-27T08:07:29","modified_gmt":"2017-11-27T11:07:29","slug":"la-causa-justa-obra-de-teatro-en-sierra-de-la-ventana","status":"publish","type":"post","link":"https:\/\/www.noticiasradioreflejos.com.ar\/2021\/la-causa-justa-obra-de-teatro-en-sierra-de-la-ventana\/","title":{"rendered":"&quot;LA CAUSA JUSTA&quot;, obra de Teatro en Sierra de la Ventana"},"content":{"rendered":"<p>Llega al Centro Cultural Sierra de la Ventana: \u00abLA CAUSA JUSTA\u00bb, espect\u00e1culo que cuenta con el apoyo del INSTITUTO NACIONAL del TEATRO y del Fondo Nacional de las Artes<br \/>\nDuraci\u00f3n: 60 minutos<br \/>\nSABADO 9 de DICIEMBRE &#8211; 21:00 Hs &#8211;<br \/>\nEntrada $100<!--more--><br \/>\nTexto: Osvaldo Lamborghini | Dramaturgia: Mariano Bassi y Cristian Palacios<br \/>\nAct\u00faa: Mariano Bassi<br \/>\nVestuario: Natalia Alay\u00f3n Bustamante<br \/>\nDise\u00f1o Lum\u00ednico: Javier V\u00e1zquez<br \/>\nAsistencia de Direcci\u00f3n: Tom\u00e1s Graziano<br \/>\nDirecci\u00f3n: Cristian Palacios<br \/>\nProducci\u00f3n: Compa\u00f1\u00eda Nacional de F\u00f3sforos y Eterna Compa\u00f1\u00eda<br \/>\n\u00bfPor qu\u00e9 LA CAUSA JUSTA? Por todo lo que en este cuento nos fascina, por lo que nos oculta, por lo que no entendemos, por lo que nos produce en el cuerpo, por lo que nos conmueve, por lo que, por sobre todas las cosas, nos hace re\u00edr, con esa risa extraordinaria que se coloca en la justa distancia entre el delirio hist\u00e9rico y la m\u00e1s profunda melancol\u00eda. Publicado de manera p\u00f3stuma LA CAUSA JUSTA es hoy uno de los textos fundamentales de la literatura argentina. La obra de Lamborghini, calificada por Leopoldo Marechal como \u201cuna perfecta bola de mierda\u201d, resplandece con brillo propio en el paisaje de nuestra narrativa.<\/p>\n","protected":false},"excerpt":{"rendered":"<p>Llega al Centro Cultural Sierra de la Ventana: \u00abLA CAUSA JUSTA\u00bb, espect\u00e1culo que cuenta con el apoyo del INSTITUTO NACIONAL del TEATRO y del Fondo Nacional de las Artes Duraci\u00f3n: 60 minutos SABADO 9 de DICIEMBRE &#8211; 21:00 Hs &#8211; Entrada $100<\/p>\n","protected":false},"author":3,"featured_media":0,"comment_status":"closed","ping_status":"open","sticky":false,"template":"","format":"standard","meta":{"footnotes":""},"categories":[35],"tags":[],"class_list":["post-16528","post","type-post","status-publish","format-standard","hentry","category-cultura"],"yoast_head":"<!-- This site is optimized with the Yoast SEO plugin v25.9 - https:\/\/yoast.com\/wordpress\/plugins\/seo\/ -->\n<title>&quot;LA CAUSA JUSTA&quot;, obra de Teatro en Sierra de la Ventana - Noticias Radio Reflejos<\/title>\n<meta name=\"robots\" content=\"index, follow, max-snippet:-1, max-image-preview:large, max-video-preview:-1\" \/>\n<link rel=\"canonical\" href=\"https:\/\/www.noticiasradioreflejos.com.ar\/2021\/la-causa-justa-obra-de-teatro-en-sierra-de-la-ventana\/\" \/>\n<meta property=\"og:locale\" content=\"es_ES\" \/>\n<meta property=\"og:type\" content=\"article\" \/>\n<meta property=\"og:title\" content=\"&quot;LA CAUSA JUSTA&quot;, obra de Teatro en Sierra de la Ventana - Noticias Radio Reflejos\" \/>\n<meta property=\"og:description\" content=\"Llega al Centro Cultural Sierra de la Ventana: \u00abLA CAUSA JUSTA\u00bb, espect\u00e1culo que cuenta con el apoyo del INSTITUTO NACIONAL del TEATRO y del Fondo Nacional de las Artes Duraci\u00f3n: 60 minutos SABADO 9 de DICIEMBRE &#8211; 21:00 Hs &#8211; Entrada $100\" \/>\n<meta property=\"og:url\" content=\"https:\/\/www.noticiasradioreflejos.com.ar\/2021\/la-causa-justa-obra-de-teatro-en-sierra-de-la-ventana\/\" \/>\n<meta property=\"og:site_name\" content=\"Noticias Radio Reflejos\" \/>\n<meta property=\"article:published_time\" content=\"2017-11-27T11:07:29+00:00\" \/>\n<meta property=\"og:image\" content=\"https:\/\/www.noticiasradioreflejos.com.ar\/2021\/wp-content\/uploads\/2021\/07\/logosol300x200.png\" \/>\n\t<meta property=\"og:image:width\" content=\"300\" \/>\n\t<meta property=\"og:image:height\" content=\"200\" \/>\n\t<meta property=\"og:image:type\" content=\"image\/png\" \/>\n<meta name=\"author\" content=\"Arnaldo Botto\" \/>\n<meta name=\"twitter:card\" content=\"summary_large_image\" \/>\n<script type=\"application\/ld+json\" class=\"yoast-schema-graph\">{\"@context\":\"https:\/\/schema.org\",\"@graph\":[{\"@type\":\"WebPage\",\"@id\":\"https:\/\/www.noticiasradioreflejos.com.ar\/2021\/la-causa-justa-obra-de-teatro-en-sierra-de-la-ventana\/\",\"url\":\"https:\/\/www.noticiasradioreflejos.com.ar\/2021\/la-causa-justa-obra-de-teatro-en-sierra-de-la-ventana\/\",\"name\":\"&quot;LA CAUSA JUSTA&quot;, obra de Teatro en Sierra de la Ventana - Noticias Radio Reflejos\",\"isPartOf\":{\"@id\":\"https:\/\/www.noticiasradioreflejos.com.ar\/2021\/#website\"},\"datePublished\":\"2017-11-27T11:07:29+00:00\",\"author\":{\"@id\":\"https:\/\/www.noticiasradioreflejos.com.ar\/2021\/#\/schema\/person\/ad82545263dcc5ec0996818884fd5fb1\"},\"breadcrumb\":{\"@id\":\"https:\/\/www.noticiasradioreflejos.com.ar\/2021\/la-causa-justa-obra-de-teatro-en-sierra-de-la-ventana\/#breadcrumb\"},\"inLanguage\":\"es\",\"potentialAction\":[{\"@type\":\"ReadAction\",\"target\":[\"https:\/\/www.noticiasradioreflejos.com.ar\/2021\/la-causa-justa-obra-de-teatro-en-sierra-de-la-ventana\/\"]}]},{\"@type\":\"BreadcrumbList\",\"@id\":\"https:\/\/www.noticiasradioreflejos.com.ar\/2021\/la-causa-justa-obra-de-teatro-en-sierra-de-la-ventana\/#breadcrumb\",\"itemListElement\":[{\"@type\":\"ListItem\",\"position\":1,\"name\":\"Portada\",\"item\":\"https:\/\/www.noticiasradioreflejos.com.ar\/2021\/\"},{\"@type\":\"ListItem\",\"position\":2,\"name\":\"&quot;LA CAUSA JUSTA&quot;, obra de Teatro en Sierra de la Ventana\"}]},{\"@type\":\"WebSite\",\"@id\":\"https:\/\/www.noticiasradioreflejos.com.ar\/2021\/#website\",\"url\":\"https:\/\/www.noticiasradioreflejos.com.ar\/2021\/\",\"name\":\"Noticias Radio Reflejos\",\"description\":\"Las noticias de mi comarca\",\"potentialAction\":[{\"@type\":\"SearchAction\",\"target\":{\"@type\":\"EntryPoint\",\"urlTemplate\":\"https:\/\/www.noticiasradioreflejos.com.ar\/2021\/?s={search_term_string}\"},\"query-input\":{\"@type\":\"PropertyValueSpecification\",\"valueRequired\":true,\"valueName\":\"search_term_string\"}}],\"inLanguage\":\"es\"},{\"@type\":\"Person\",\"@id\":\"https:\/\/www.noticiasradioreflejos.com.ar\/2021\/#\/schema\/person\/ad82545263dcc5ec0996818884fd5fb1\",\"name\":\"Arnaldo Botto\",\"image\":{\"@type\":\"ImageObject\",\"inLanguage\":\"es\",\"@id\":\"https:\/\/www.noticiasradioreflejos.com.ar\/2021\/#\/schema\/person\/image\/\",\"url\":\"https:\/\/secure.gravatar.com\/avatar\/55cb5e37c1efa326397366e6974cb338056df65cb50e7d64d1cf314e87504837?s=96&d=mm&r=g\",\"contentUrl\":\"https:\/\/secure.gravatar.com\/avatar\/55cb5e37c1efa326397366e6974cb338056df65cb50e7d64d1cf314e87504837?s=96&d=mm&r=g\",\"caption\":\"Arnaldo Botto\"},\"url\":\"https:\/\/www.noticiasradioreflejos.com.ar\/2021\/author\/arnaldo\/\"}]}<\/script>\n<!-- \/ Yoast SEO plugin. -->","yoast_head_json":{"title":"&quot;LA CAUSA JUSTA&quot;, obra de Teatro en Sierra de la Ventana - Noticias Radio Reflejos","robots":{"index":"index","follow":"follow","max-snippet":"max-snippet:-1","max-image-preview":"max-image-preview:large","max-video-preview":"max-video-preview:-1"},"canonical":"https:\/\/www.noticiasradioreflejos.com.ar\/2021\/la-causa-justa-obra-de-teatro-en-sierra-de-la-ventana\/","og_locale":"es_ES","og_type":"article","og_title":"&quot;LA CAUSA JUSTA&quot;, obra de Teatro en Sierra de la Ventana - Noticias Radio Reflejos","og_description":"Llega al Centro Cultural Sierra de la Ventana: \u00abLA CAUSA JUSTA\u00bb, espect\u00e1culo que cuenta con el apoyo del INSTITUTO NACIONAL del TEATRO y del Fondo Nacional de las Artes Duraci\u00f3n: 60 minutos SABADO 9 de DICIEMBRE &#8211; 21:00 Hs &#8211; Entrada $100","og_url":"https:\/\/www.noticiasradioreflejos.com.ar\/2021\/la-causa-justa-obra-de-teatro-en-sierra-de-la-ventana\/","og_site_name":"Noticias Radio Reflejos","article_published_time":"2017-11-27T11:07:29+00:00","og_image":[{"width":300,"height":200,"url":"https:\/\/www.noticiasradioreflejos.com.ar\/2021\/wp-content\/uploads\/2021\/07\/logosol300x200.png","type":"image\/png"}],"author":"Arnaldo Botto","twitter_card":"summary_large_image","schema":{"@context":"https:\/\/schema.org","@graph":[{"@type":"WebPage","@id":"https:\/\/www.noticiasradioreflejos.com.ar\/2021\/la-causa-justa-obra-de-teatro-en-sierra-de-la-ventana\/","url":"https:\/\/www.noticiasradioreflejos.com.ar\/2021\/la-causa-justa-obra-de-teatro-en-sierra-de-la-ventana\/","name":"&quot;LA CAUSA JUSTA&quot;, obra de Teatro en Sierra de la Ventana - Noticias Radio Reflejos","isPartOf":{"@id":"https:\/\/www.noticiasradioreflejos.com.ar\/2021\/#website"},"datePublished":"2017-11-27T11:07:29+00:00","author":{"@id":"https:\/\/www.noticiasradioreflejos.com.ar\/2021\/#\/schema\/person\/ad82545263dcc5ec0996818884fd5fb1"},"breadcrumb":{"@id":"https:\/\/www.noticiasradioreflejos.com.ar\/2021\/la-causa-justa-obra-de-teatro-en-sierra-de-la-ventana\/#breadcrumb"},"inLanguage":"es","potentialAction":[{"@type":"ReadAction","target":["https:\/\/www.noticiasradioreflejos.com.ar\/2021\/la-causa-justa-obra-de-teatro-en-sierra-de-la-ventana\/"]}]},{"@type":"BreadcrumbList","@id":"https:\/\/www.noticiasradioreflejos.com.ar\/2021\/la-causa-justa-obra-de-teatro-en-sierra-de-la-ventana\/#breadcrumb","itemListElement":[{"@type":"ListItem","position":1,"name":"Portada","item":"https:\/\/www.noticiasradioreflejos.com.ar\/2021\/"},{"@type":"ListItem","position":2,"name":"&quot;LA CAUSA JUSTA&quot;, obra de Teatro en Sierra de la Ventana"}]},{"@type":"WebSite","@id":"https:\/\/www.noticiasradioreflejos.com.ar\/2021\/#website","url":"https:\/\/www.noticiasradioreflejos.com.ar\/2021\/","name":"Noticias Radio Reflejos","description":"Las noticias de mi comarca","potentialAction":[{"@type":"SearchAction","target":{"@type":"EntryPoint","urlTemplate":"https:\/\/www.noticiasradioreflejos.com.ar\/2021\/?s={search_term_string}"},"query-input":{"@type":"PropertyValueSpecification","valueRequired":true,"valueName":"search_term_string"}}],"inLanguage":"es"},{"@type":"Person","@id":"https:\/\/www.noticiasradioreflejos.com.ar\/2021\/#\/schema\/person\/ad82545263dcc5ec0996818884fd5fb1","name":"Arnaldo Botto","image":{"@type":"ImageObject","inLanguage":"es","@id":"https:\/\/www.noticiasradioreflejos.com.ar\/2021\/#\/schema\/person\/image\/","url":"https:\/\/secure.gravatar.com\/avatar\/55cb5e37c1efa326397366e6974cb338056df65cb50e7d64d1cf314e87504837?s=96&d=mm&r=g","contentUrl":"https:\/\/secure.gravatar.com\/avatar\/55cb5e37c1efa326397366e6974cb338056df65cb50e7d64d1cf314e87504837?s=96&d=mm&r=g","caption":"Arnaldo Botto"},"url":"https:\/\/www.noticiasradioreflejos.com.ar\/2021\/author\/arnaldo\/"}]}},"_links":{"self":[{"href":"https:\/\/www.noticiasradioreflejos.com.ar\/2021\/wp-json\/wp\/v2\/posts\/16528","targetHints":{"allow":["GET"]}}],"collection":[{"href":"https:\/\/www.noticiasradioreflejos.com.ar\/2021\/wp-json\/wp\/v2\/posts"}],"about":[{"href":"https:\/\/www.noticiasradioreflejos.com.ar\/2021\/wp-json\/wp\/v2\/types\/post"}],"author":[{"embeddable":true,"href":"https:\/\/www.noticiasradioreflejos.com.ar\/2021\/wp-json\/wp\/v2\/users\/3"}],"replies":[{"embeddable":true,"href":"https:\/\/www.noticiasradioreflejos.com.ar\/2021\/wp-json\/wp\/v2\/comments?post=16528"}],"version-history":[{"count":0,"href":"https:\/\/www.noticiasradioreflejos.com.ar\/2021\/wp-json\/wp\/v2\/posts\/16528\/revisions"}],"wp:attachment":[{"href":"https:\/\/www.noticiasradioreflejos.com.ar\/2021\/wp-json\/wp\/v2\/media?parent=16528"}],"wp:term":[{"taxonomy":"category","embeddable":true,"href":"https:\/\/www.noticiasradioreflejos.com.ar\/2021\/wp-json\/wp\/v2\/categories?post=16528"},{"taxonomy":"post_tag","embeddable":true,"href":"https:\/\/www.noticiasradioreflejos.com.ar\/2021\/wp-json\/wp\/v2\/tags?post=16528"}],"curies":[{"name":"wp","href":"https:\/\/api.w.org\/{rel}","templated":true}]}}