{"id":16420,"date":"2017-11-21T13:28:30","date_gmt":"2017-11-21T16:28:30","guid":{"rendered":"http:\/\/www.noticiasradioreflejos.com.ar\/noticias\/?p=16420"},"modified":"2017-11-21T13:28:30","modified_gmt":"2017-11-21T16:28:30","slug":"sin-comunicacion-democratica-no-hay-democracia-politica","status":"publish","type":"post","link":"https:\/\/www.noticiasradioreflejos.com.ar\/2021\/sin-comunicacion-democratica-no-hay-democracia-politica\/","title":{"rendered":"&quot;Sin comunicaci\u00f3n democr\u00e1tica no hay democracia pol\u00edtica&quot;."},"content":{"rendered":"<p>\u00bfPORQUE SE ACALLAN ALGUNAS VOCES?<br \/>\nDesde Unidad Ciudadana Tornquist queremos rechazar las medidas del actual gobierno que buscan acallar las voces discordantes, especialmente en los medios de comunicaci\u00f3n aunque tambi\u00e9n en la justicia, en el sistema educativo, el sanitario, el de seguridad, etc .<!--more--><br \/>\nSomos conscientes que tambi\u00e9n son presa de estos actos de censura los periodistas y medios que muestran los casos de corrupci\u00f3n del actual gobierno de CAMBIEMOS (UCR-PRO-CC) y especialmente las consecuencias de las pol\u00edticas neoliberales que se vienen desarrollando desde hace casi dos a\u00f1os, y que el actual gobierno ha acentuado a partir de los resultados electorales que obtuvo en las \u00faltimas elecciones.<br \/>\nDesocupaci\u00f3n, Inflaci\u00f3n, corrupci\u00f3n, fuga de capitales, apertura salvaje de las importaciones, presos pol\u00edticos sin condena, ajuste en planes y programas sociales, educativos y sanitarios; son algunas de las realidades sobre las cuales el gobierno anestesia la conciencia de la poblaci\u00f3n con diarias dosis de adoctrinamiento para que los ciudadanos identifiquen como la madre de todos los males al anterior gobierno, no vean lo que pasa en la realidad, o vean otras \u201cdistracciones\u201d  mientras se acent\u00faan las reformas y el ajuste del supuesto CAMBIO.<br \/>\nLo hemos dicho muchas veces y vale la pena repetirlo hoy, sin comunicaci\u00f3n democr\u00e1tica no hay democracia pol\u00edtica. En nuestras sociedades la comunicaci\u00f3n habilita el juego de las ideas, las miradas distintas, las perspectivas diferentes.<br \/>\nCuando las voces se acallan, cuando desaparecen los matices, cuando la comunicaci\u00f3n se vuelve concentrada y monocorde, c\u00f3mplice, complaciente y aliada con los grupos de poder, no queda espacio para la democracia.<br \/>\nConvocamos a todos los ciudadanos democr\u00e1ticos a seguir construyendo un espacio de trabajo que sea mejor que lo que propone el actual gobierno.<br \/>\nUNIDAD CIUDADANA TORNQUIST.<\/p>\n","protected":false},"excerpt":{"rendered":"<p>\u00bfPORQUE SE ACALLAN ALGUNAS VOCES? Desde Unidad Ciudadana Tornquist queremos rechazar las medidas del actual gobierno que buscan acallar las voces discordantes, especialmente en los medios de comunicaci\u00f3n aunque tambi\u00e9n en la justicia, en el sistema educativo, el sanitario, el de seguridad, etc .<\/p>\n","protected":false},"author":3,"featured_media":0,"comment_status":"closed","ping_status":"open","sticky":false,"template":"","format":"standard","meta":{"footnotes":""},"categories":[24],"tags":[],"class_list":["post-16420","post","type-post","status-publish","format-standard","hentry","category-politica"],"yoast_head":"<!-- This site is optimized with the Yoast SEO plugin v25.9 - https:\/\/yoast.com\/wordpress\/plugins\/seo\/ -->\n<title>&quot;Sin comunicaci\u00f3n democr\u00e1tica no hay democracia pol\u00edtica&quot;. - Noticias Radio Reflejos<\/title>\n<meta name=\"robots\" content=\"index, follow, max-snippet:-1, max-image-preview:large, max-video-preview:-1\" \/>\n<link rel=\"canonical\" href=\"https:\/\/www.noticiasradioreflejos.com.ar\/2021\/sin-comunicacion-democratica-no-hay-democracia-politica\/\" \/>\n<meta property=\"og:locale\" content=\"es_ES\" \/>\n<meta property=\"og:type\" content=\"article\" \/>\n<meta property=\"og:title\" content=\"&quot;Sin comunicaci\u00f3n democr\u00e1tica no hay democracia pol\u00edtica&quot;. - Noticias Radio Reflejos\" \/>\n<meta property=\"og:description\" content=\"\u00bfPORQUE SE ACALLAN ALGUNAS VOCES? Desde Unidad Ciudadana Tornquist queremos rechazar las medidas del actual gobierno que buscan acallar las voces discordantes, especialmente en los medios de comunicaci\u00f3n aunque tambi\u00e9n en la justicia, en el sistema educativo, el sanitario, el de seguridad, etc .\" \/>\n<meta property=\"og:url\" content=\"https:\/\/www.noticiasradioreflejos.com.ar\/2021\/sin-comunicacion-democratica-no-hay-democracia-politica\/\" \/>\n<meta property=\"og:site_name\" content=\"Noticias Radio Reflejos\" \/>\n<meta property=\"article:published_time\" content=\"2017-11-21T16:28:30+00:00\" \/>\n<meta property=\"og:image\" content=\"https:\/\/www.noticiasradioreflejos.com.ar\/2021\/wp-content\/uploads\/2021\/07\/logosol300x200.png\" \/>\n\t<meta property=\"og:image:width\" content=\"300\" \/>\n\t<meta property=\"og:image:height\" content=\"200\" \/>\n\t<meta property=\"og:image:type\" content=\"image\/png\" \/>\n<meta name=\"author\" content=\"Arnaldo Botto\" \/>\n<meta name=\"twitter:card\" content=\"summary_large_image\" \/>\n<script type=\"application\/ld+json\" class=\"yoast-schema-graph\">{\"@context\":\"https:\/\/schema.org\",\"@graph\":[{\"@type\":\"WebPage\",\"@id\":\"https:\/\/www.noticiasradioreflejos.com.ar\/2021\/sin-comunicacion-democratica-no-hay-democracia-politica\/\",\"url\":\"https:\/\/www.noticiasradioreflejos.com.ar\/2021\/sin-comunicacion-democratica-no-hay-democracia-politica\/\",\"name\":\"&quot;Sin comunicaci\u00f3n democr\u00e1tica no hay democracia pol\u00edtica&quot;. - Noticias Radio Reflejos\",\"isPartOf\":{\"@id\":\"https:\/\/www.noticiasradioreflejos.com.ar\/2021\/#website\"},\"datePublished\":\"2017-11-21T16:28:30+00:00\",\"author\":{\"@id\":\"https:\/\/www.noticiasradioreflejos.com.ar\/2021\/#\/schema\/person\/ad82545263dcc5ec0996818884fd5fb1\"},\"breadcrumb\":{\"@id\":\"https:\/\/www.noticiasradioreflejos.com.ar\/2021\/sin-comunicacion-democratica-no-hay-democracia-politica\/#breadcrumb\"},\"inLanguage\":\"es\",\"potentialAction\":[{\"@type\":\"ReadAction\",\"target\":[\"https:\/\/www.noticiasradioreflejos.com.ar\/2021\/sin-comunicacion-democratica-no-hay-democracia-politica\/\"]}]},{\"@type\":\"BreadcrumbList\",\"@id\":\"https:\/\/www.noticiasradioreflejos.com.ar\/2021\/sin-comunicacion-democratica-no-hay-democracia-politica\/#breadcrumb\",\"itemListElement\":[{\"@type\":\"ListItem\",\"position\":1,\"name\":\"Portada\",\"item\":\"https:\/\/www.noticiasradioreflejos.com.ar\/2021\/\"},{\"@type\":\"ListItem\",\"position\":2,\"name\":\"&quot;Sin comunicaci\u00f3n democr\u00e1tica no hay democracia pol\u00edtica&quot;.\"}]},{\"@type\":\"WebSite\",\"@id\":\"https:\/\/www.noticiasradioreflejos.com.ar\/2021\/#website\",\"url\":\"https:\/\/www.noticiasradioreflejos.com.ar\/2021\/\",\"name\":\"Noticias Radio Reflejos\",\"description\":\"Las noticias de mi comarca\",\"potentialAction\":[{\"@type\":\"SearchAction\",\"target\":{\"@type\":\"EntryPoint\",\"urlTemplate\":\"https:\/\/www.noticiasradioreflejos.com.ar\/2021\/?s={search_term_string}\"},\"query-input\":{\"@type\":\"PropertyValueSpecification\",\"valueRequired\":true,\"valueName\":\"search_term_string\"}}],\"inLanguage\":\"es\"},{\"@type\":\"Person\",\"@id\":\"https:\/\/www.noticiasradioreflejos.com.ar\/2021\/#\/schema\/person\/ad82545263dcc5ec0996818884fd5fb1\",\"name\":\"Arnaldo Botto\",\"image\":{\"@type\":\"ImageObject\",\"inLanguage\":\"es\",\"@id\":\"https:\/\/www.noticiasradioreflejos.com.ar\/2021\/#\/schema\/person\/image\/\",\"url\":\"https:\/\/secure.gravatar.com\/avatar\/55cb5e37c1efa326397366e6974cb338056df65cb50e7d64d1cf314e87504837?s=96&d=mm&r=g\",\"contentUrl\":\"https:\/\/secure.gravatar.com\/avatar\/55cb5e37c1efa326397366e6974cb338056df65cb50e7d64d1cf314e87504837?s=96&d=mm&r=g\",\"caption\":\"Arnaldo Botto\"},\"url\":\"https:\/\/www.noticiasradioreflejos.com.ar\/2021\/author\/arnaldo\/\"}]}<\/script>\n<!-- \/ Yoast SEO plugin. -->","yoast_head_json":{"title":"&quot;Sin comunicaci\u00f3n democr\u00e1tica no hay democracia pol\u00edtica&quot;. - Noticias Radio Reflejos","robots":{"index":"index","follow":"follow","max-snippet":"max-snippet:-1","max-image-preview":"max-image-preview:large","max-video-preview":"max-video-preview:-1"},"canonical":"https:\/\/www.noticiasradioreflejos.com.ar\/2021\/sin-comunicacion-democratica-no-hay-democracia-politica\/","og_locale":"es_ES","og_type":"article","og_title":"&quot;Sin comunicaci\u00f3n democr\u00e1tica no hay democracia pol\u00edtica&quot;. - Noticias Radio Reflejos","og_description":"\u00bfPORQUE SE ACALLAN ALGUNAS VOCES? Desde Unidad Ciudadana Tornquist queremos rechazar las medidas del actual gobierno que buscan acallar las voces discordantes, especialmente en los medios de comunicaci\u00f3n aunque tambi\u00e9n en la justicia, en el sistema educativo, el sanitario, el de seguridad, etc .","og_url":"https:\/\/www.noticiasradioreflejos.com.ar\/2021\/sin-comunicacion-democratica-no-hay-democracia-politica\/","og_site_name":"Noticias Radio Reflejos","article_published_time":"2017-11-21T16:28:30+00:00","og_image":[{"width":300,"height":200,"url":"https:\/\/www.noticiasradioreflejos.com.ar\/2021\/wp-content\/uploads\/2021\/07\/logosol300x200.png","type":"image\/png"}],"author":"Arnaldo Botto","twitter_card":"summary_large_image","schema":{"@context":"https:\/\/schema.org","@graph":[{"@type":"WebPage","@id":"https:\/\/www.noticiasradioreflejos.com.ar\/2021\/sin-comunicacion-democratica-no-hay-democracia-politica\/","url":"https:\/\/www.noticiasradioreflejos.com.ar\/2021\/sin-comunicacion-democratica-no-hay-democracia-politica\/","name":"&quot;Sin comunicaci\u00f3n democr\u00e1tica no hay democracia pol\u00edtica&quot;. - Noticias Radio Reflejos","isPartOf":{"@id":"https:\/\/www.noticiasradioreflejos.com.ar\/2021\/#website"},"datePublished":"2017-11-21T16:28:30+00:00","author":{"@id":"https:\/\/www.noticiasradioreflejos.com.ar\/2021\/#\/schema\/person\/ad82545263dcc5ec0996818884fd5fb1"},"breadcrumb":{"@id":"https:\/\/www.noticiasradioreflejos.com.ar\/2021\/sin-comunicacion-democratica-no-hay-democracia-politica\/#breadcrumb"},"inLanguage":"es","potentialAction":[{"@type":"ReadAction","target":["https:\/\/www.noticiasradioreflejos.com.ar\/2021\/sin-comunicacion-democratica-no-hay-democracia-politica\/"]}]},{"@type":"BreadcrumbList","@id":"https:\/\/www.noticiasradioreflejos.com.ar\/2021\/sin-comunicacion-democratica-no-hay-democracia-politica\/#breadcrumb","itemListElement":[{"@type":"ListItem","position":1,"name":"Portada","item":"https:\/\/www.noticiasradioreflejos.com.ar\/2021\/"},{"@type":"ListItem","position":2,"name":"&quot;Sin comunicaci\u00f3n democr\u00e1tica no hay democracia pol\u00edtica&quot;."}]},{"@type":"WebSite","@id":"https:\/\/www.noticiasradioreflejos.com.ar\/2021\/#website","url":"https:\/\/www.noticiasradioreflejos.com.ar\/2021\/","name":"Noticias Radio Reflejos","description":"Las noticias de mi comarca","potentialAction":[{"@type":"SearchAction","target":{"@type":"EntryPoint","urlTemplate":"https:\/\/www.noticiasradioreflejos.com.ar\/2021\/?s={search_term_string}"},"query-input":{"@type":"PropertyValueSpecification","valueRequired":true,"valueName":"search_term_string"}}],"inLanguage":"es"},{"@type":"Person","@id":"https:\/\/www.noticiasradioreflejos.com.ar\/2021\/#\/schema\/person\/ad82545263dcc5ec0996818884fd5fb1","name":"Arnaldo Botto","image":{"@type":"ImageObject","inLanguage":"es","@id":"https:\/\/www.noticiasradioreflejos.com.ar\/2021\/#\/schema\/person\/image\/","url":"https:\/\/secure.gravatar.com\/avatar\/55cb5e37c1efa326397366e6974cb338056df65cb50e7d64d1cf314e87504837?s=96&d=mm&r=g","contentUrl":"https:\/\/secure.gravatar.com\/avatar\/55cb5e37c1efa326397366e6974cb338056df65cb50e7d64d1cf314e87504837?s=96&d=mm&r=g","caption":"Arnaldo Botto"},"url":"https:\/\/www.noticiasradioreflejos.com.ar\/2021\/author\/arnaldo\/"}]}},"_links":{"self":[{"href":"https:\/\/www.noticiasradioreflejos.com.ar\/2021\/wp-json\/wp\/v2\/posts\/16420","targetHints":{"allow":["GET"]}}],"collection":[{"href":"https:\/\/www.noticiasradioreflejos.com.ar\/2021\/wp-json\/wp\/v2\/posts"}],"about":[{"href":"https:\/\/www.noticiasradioreflejos.com.ar\/2021\/wp-json\/wp\/v2\/types\/post"}],"author":[{"embeddable":true,"href":"https:\/\/www.noticiasradioreflejos.com.ar\/2021\/wp-json\/wp\/v2\/users\/3"}],"replies":[{"embeddable":true,"href":"https:\/\/www.noticiasradioreflejos.com.ar\/2021\/wp-json\/wp\/v2\/comments?post=16420"}],"version-history":[{"count":0,"href":"https:\/\/www.noticiasradioreflejos.com.ar\/2021\/wp-json\/wp\/v2\/posts\/16420\/revisions"}],"wp:attachment":[{"href":"https:\/\/www.noticiasradioreflejos.com.ar\/2021\/wp-json\/wp\/v2\/media?parent=16420"}],"wp:term":[{"taxonomy":"category","embeddable":true,"href":"https:\/\/www.noticiasradioreflejos.com.ar\/2021\/wp-json\/wp\/v2\/categories?post=16420"},{"taxonomy":"post_tag","embeddable":true,"href":"https:\/\/www.noticiasradioreflejos.com.ar\/2021\/wp-json\/wp\/v2\/tags?post=16420"}],"curies":[{"name":"wp","href":"https:\/\/api.w.org\/{rel}","templated":true}]}}