{"id":16316,"date":"2017-11-15T18:22:17","date_gmt":"2017-11-15T21:22:17","guid":{"rendered":"http:\/\/www.noticiasradioreflejos.com.ar\/noticias\/?p=16316"},"modified":"2017-11-15T18:22:17","modified_gmt":"2017-11-15T21:22:17","slug":"uso-responsable-de-drones","status":"publish","type":"post","link":"https:\/\/www.noticiasradioreflejos.com.ar\/2021\/uso-responsable-de-drones\/","title":{"rendered":"Uso responsable de Drones &#8211; Escribe Ulises Nicolini &#8211;"},"content":{"rendered":"<p style=\"text-align: justify;\">El pasado s\u00e1bado por la ma\u00f1ana, la noticia de que un Drone colision\u00f3 con un vuelo de Aerol\u00edneas Argentinas en inmediaciones del Aeroparque Jorge Newbery, ocup\u00f3 r\u00e1pidamente las planas y titulares de todos los noticieros y portales digitales del pa\u00eds. No es la primera vez que un accidente con drones ocupa un lugar destacado en las noticias, pero el hecho de que un vuelo comercial con un centenar de pasajeros colisione en el aire con un drone no es algo menor.<\/p>\n<p><img loading=\"lazy\" decoding=\"async\" class=\"alignnone wp-image-16319 size-full\" src=\"http:\/\/www.noticiasradioreflejos.com.ar\/noticias\/wp-content\/uploads\/2017\/11\/drone-aerolineas.jpg\" alt=\"drone-aerolineas\" width=\"770\" height=\"471\" \/><\/p>\n<p style=\"text-align: justify;\">\u00bfQu\u00e9 es lo que sucede? \u00bfSe trata de una falta de regulaci\u00f3n en materia de leyes?. Lo cierto es que todos podemos comprar un drone por medio de internet con un par de clicks, como si se tratase de otro artilugio tecnol\u00f3gico m\u00e1s como lo son tablets o smartphones. Habitualmente se compra como un juguete con el cual divertirse y este error de concepto comienza la cadena de errores que en muchas ocasiones termina con malas consecuencias.<\/p>\n<p style=\"text-align: justify;\">\n<p style=\"text-align: justify;\">Un Drone no es un juguete, es una aeronave y como tal est\u00e1 regida por las regulaciones de las entidades aeron\u00e1uticas de cada pa\u00eds. M\u00e1s all\u00e1 de cualquier legislaci\u00f3n, como toda aeronave, debe ser operada con responsabilidad. Despu\u00e9s de todo es normal juzgar un drone como \u201cjuguete\u201d por su tama\u00f1o a la hora de realizar la compra, pero lo aconsejable es siempre asesorarse con alguna persona instruida en la materia antes de adquirir uno de estos curiosos equipos voladores.<\/p>\n<p style=\"text-align: justify;\">\n<p style=\"text-align: justify;\">En la Argentina la Agencia Nacional de Aviaci\u00f3n Civil, emiti\u00f3 en el a\u00f1o 2015 una Resoluci\u00f3n Previsional donde se imponen algunas limitaciones y prohibiciones por ejemplo:<\/p>\n<p style=\"text-align: justify;\">&#8211; No se puede volar en cercan\u00edas de aeropuertos o aer\u00f3dromos<br \/>\n&#8211; No se puede volar sobre zonas pobladas<br \/>\n&#8211; No se puede volar sobre aglomeraciones de personas<br \/>\n&#8211; La altura m\u00e1xima de vuelo permitida es de 120 metros<\/p>\n<p style=\"text-align: justify;\">\n<p style=\"text-align: justify;\">Esa situaci\u00f3n no es particular de la Argentina, sino que en el mes de octubre se dio una situaci\u00f3n similar en Canad\u00e1, al impactar un drone con un vuelo de l\u00ednea en cercan\u00edas del aeropuerto internacional de Quebec.<\/p>\n<p style=\"text-align: justify;\">\n<p style=\"text-align: justify;\">Muchos fabricantes de Drones, equipan sus productos con GPS de manera de limitar su funcionamiento en zonas restringidas como aeropuertos o espacios de gobierno\/militares.<\/p>\n<p style=\"text-align: justify;\">\n<p style=\"text-align: justify;\">De todas maneras, la tecnolog\u00eda de los Drones es algo que lleg\u00f3 para quedarse entre nosotros, encontrando muchos usos pr\u00e1cticos en diferentes \u00e1reas como lo son la agricultura de precisi\u00f3n, relevamientos industriales, geolog\u00eda y miner\u00eda, b\u00fasqueda y rescate de personas entre otras.<\/p>\n<p><img loading=\"lazy\" decoding=\"async\" class=\"alignnone wp-image-16320 size-full\" src=\"http:\/\/www.noticiasradioreflejos.com.ar\/noticias\/wp-content\/uploads\/2017\/11\/dji-phantom-3-professional.jpg\" alt=\"dji-phantom-3-professional\" width=\"800\" height=\"441\" \/><br \/>\n&nbsp;<br \/>\nA modo de conclusi\u00f3n dejo una serie de recomendaciones a tener en cuenta si es que usted quiere adquirir uno de estos equipos.<br \/>\n&#8211; Antes de realizar una compra asesorese con una persona que est\u00e9 en tema. Hay muchas ofertas en el mercado, con diferentes calidades y capacidades. Existe una que es la indicada para usted.<br \/>\n&#8211; De la misma manera realice su primer vuelo y configuraci\u00f3n junto a una persona con experiencia.<br \/>\n&#8211; Cuando usted despegue o aterrice su Drone aseg\u00farese de que no existan obst\u00e1culos o peen un radio de al menos tres metros. Tambi\u00e9n observe cuidadosamente las cercan\u00edas del lugar de vuelo en b\u00fasqueda de antenas, cables, arboledas, etc.<br \/>\n&#8211; Si no tiene experiencia no lleve su equipo a los l\u00edmites impuestos por el fabricante (altura, distancia, velocidad, etc).<br \/>\n&#8211; De ser posible realice un curso de operador de drone, de manera de adquirir seguridad y t\u00e9cnicas de vuelo.<br \/>\nIng. Ulises Nicolini<br \/>\nINTELIGENCIA DRONES &#8211; SimpleUAV<br \/>\ninteligenciadrones@gmail.com<\/p>\n<div class=\"jeg_video_container jeg_video_content\"><iframe loading=\"lazy\" title=\"DJI - Introducing the Phantom 4\" width=\"500\" height=\"281\" src=\"https:\/\/www.youtube.com\/embed\/JJPSSqMQajA?feature=oembed\" frameborder=\"0\" allow=\"accelerometer; autoplay; clipboard-write; encrypted-media; gyroscope; picture-in-picture; web-share\" referrerpolicy=\"strict-origin-when-cross-origin\" allowfullscreen><\/iframe><\/div>\n","protected":false},"excerpt":{"rendered":"<p>El pasado s\u00e1bado por la ma\u00f1ana, la noticia de que un Drone colision\u00f3 con un vuelo de Aerol\u00edneas Argentinas en inmediaciones del Aeroparque Jorge Newbery, ocup\u00f3 r\u00e1pidamente las planas y titulares de todos los noticieros y portales digitales del pa\u00eds. No es la primera vez que un accidente con drones ocupa un lugar destacado en las noticias, pero el hecho de que un vuelo comercial con un centenar de pasajeros colisione en el aire con un drone no es algo menor.<\/p>\n","protected":false},"author":1,"featured_media":0,"comment_status":"closed","ping_status":"open","sticky":false,"template":"","format":"standard","meta":{"footnotes":""},"categories":[26],"tags":[],"class_list":["post-16316","post","type-post","status-publish","format-standard","hentry","category-sociedad"],"yoast_head":"<!-- This site is optimized with the Yoast SEO plugin v25.9 - https:\/\/yoast.com\/wordpress\/plugins\/seo\/ -->\n<title>Uso responsable de Drones - Escribe Ulises Nicolini - Noticias Radio Reflejos<\/title>\n<meta name=\"robots\" content=\"index, follow, max-snippet:-1, max-image-preview:large, max-video-preview:-1\" \/>\n<link rel=\"canonical\" href=\"https:\/\/www.noticiasradioreflejos.com.ar\/2021\/uso-responsable-de-drones\/\" \/>\n<meta property=\"og:locale\" content=\"es_ES\" \/>\n<meta property=\"og:type\" content=\"article\" \/>\n<meta property=\"og:title\" content=\"Uso responsable de Drones - Escribe Ulises Nicolini - Noticias Radio Reflejos\" \/>\n<meta property=\"og:description\" content=\"El pasado s\u00e1bado por la ma\u00f1ana, la noticia de que un Drone colision\u00f3 con un vuelo de Aerol\u00edneas Argentinas en inmediaciones del Aeroparque Jorge Newbery, ocup\u00f3 r\u00e1pidamente las planas y titulares de todos los noticieros y portales digitales del pa\u00eds. No es la primera vez que un accidente con drones ocupa un lugar destacado en las noticias, pero el hecho de que un vuelo comercial con un centenar de pasajeros colisione en el aire con un drone no es algo menor.\" \/>\n<meta property=\"og:url\" content=\"https:\/\/www.noticiasradioreflejos.com.ar\/2021\/uso-responsable-de-drones\/\" \/>\n<meta property=\"og:site_name\" content=\"Noticias Radio Reflejos\" \/>\n<meta property=\"article:published_time\" content=\"2017-11-15T21:22:17+00:00\" \/>\n<meta property=\"og:image\" content=\"https:\/\/www.noticiasradioreflejos.com.ar\/2021\/wp-content\/uploads\/2021\/07\/logosol300x200.png\" \/>\n\t<meta property=\"og:image:width\" content=\"300\" \/>\n\t<meta property=\"og:image:height\" content=\"200\" \/>\n\t<meta property=\"og:image:type\" content=\"image\/png\" \/>\n<meta name=\"author\" content=\"Ulises Nicolini\" \/>\n<meta name=\"twitter:card\" content=\"summary_large_image\" \/>\n<script type=\"application\/ld+json\" class=\"yoast-schema-graph\">{\"@context\":\"https:\/\/schema.org\",\"@graph\":[{\"@type\":\"WebPage\",\"@id\":\"https:\/\/www.noticiasradioreflejos.com.ar\/2021\/uso-responsable-de-drones\/\",\"url\":\"https:\/\/www.noticiasradioreflejos.com.ar\/2021\/uso-responsable-de-drones\/\",\"name\":\"Uso responsable de Drones - Escribe Ulises Nicolini - Noticias Radio Reflejos\",\"isPartOf\":{\"@id\":\"https:\/\/www.noticiasradioreflejos.com.ar\/2021\/#website\"},\"primaryImageOfPage\":{\"@id\":\"https:\/\/www.noticiasradioreflejos.com.ar\/2021\/uso-responsable-de-drones\/#primaryimage\"},\"image\":{\"@id\":\"https:\/\/www.noticiasradioreflejos.com.ar\/2021\/uso-responsable-de-drones\/#primaryimage\"},\"thumbnailUrl\":\"http:\/\/www.noticiasradioreflejos.com.ar\/noticias\/wp-content\/uploads\/2017\/11\/drone-aerolineas.jpg\",\"datePublished\":\"2017-11-15T21:22:17+00:00\",\"author\":{\"@id\":\"https:\/\/www.noticiasradioreflejos.com.ar\/2021\/#\/schema\/person\/63bcc26111c5fc0e3cd7ca4e2bf77a60\"},\"breadcrumb\":{\"@id\":\"https:\/\/www.noticiasradioreflejos.com.ar\/2021\/uso-responsable-de-drones\/#breadcrumb\"},\"inLanguage\":\"es\",\"potentialAction\":[{\"@type\":\"ReadAction\",\"target\":[\"https:\/\/www.noticiasradioreflejos.com.ar\/2021\/uso-responsable-de-drones\/\"]}]},{\"@type\":\"ImageObject\",\"inLanguage\":\"es\",\"@id\":\"https:\/\/www.noticiasradioreflejos.com.ar\/2021\/uso-responsable-de-drones\/#primaryimage\",\"url\":\"http:\/\/www.noticiasradioreflejos.com.ar\/noticias\/wp-content\/uploads\/2017\/11\/drone-aerolineas.jpg\",\"contentUrl\":\"http:\/\/www.noticiasradioreflejos.com.ar\/noticias\/wp-content\/uploads\/2017\/11\/drone-aerolineas.jpg\"},{\"@type\":\"BreadcrumbList\",\"@id\":\"https:\/\/www.noticiasradioreflejos.com.ar\/2021\/uso-responsable-de-drones\/#breadcrumb\",\"itemListElement\":[{\"@type\":\"ListItem\",\"position\":1,\"name\":\"Portada\",\"item\":\"https:\/\/www.noticiasradioreflejos.com.ar\/2021\/\"},{\"@type\":\"ListItem\",\"position\":2,\"name\":\"Uso responsable de Drones &#8211; Escribe Ulises Nicolini &#8211;\"}]},{\"@type\":\"WebSite\",\"@id\":\"https:\/\/www.noticiasradioreflejos.com.ar\/2021\/#website\",\"url\":\"https:\/\/www.noticiasradioreflejos.com.ar\/2021\/\",\"name\":\"Noticias Radio Reflejos\",\"description\":\"Las noticias de mi comarca\",\"potentialAction\":[{\"@type\":\"SearchAction\",\"target\":{\"@type\":\"EntryPoint\",\"urlTemplate\":\"https:\/\/www.noticiasradioreflejos.com.ar\/2021\/?s={search_term_string}\"},\"query-input\":{\"@type\":\"PropertyValueSpecification\",\"valueRequired\":true,\"valueName\":\"search_term_string\"}}],\"inLanguage\":\"es\"},{\"@type\":\"Person\",\"@id\":\"https:\/\/www.noticiasradioreflejos.com.ar\/2021\/#\/schema\/person\/63bcc26111c5fc0e3cd7ca4e2bf77a60\",\"name\":\"Ulises Nicolini\",\"image\":{\"@type\":\"ImageObject\",\"inLanguage\":\"es\",\"@id\":\"https:\/\/www.noticiasradioreflejos.com.ar\/2021\/#\/schema\/person\/image\/\",\"url\":\"https:\/\/secure.gravatar.com\/avatar\/7f2c48bdc33b30088f941fb6082e555f2874c98e20cb159d7b92b50eadfce793?s=96&d=mm&r=g\",\"contentUrl\":\"https:\/\/secure.gravatar.com\/avatar\/7f2c48bdc33b30088f941fb6082e555f2874c98e20cb159d7b92b50eadfce793?s=96&d=mm&r=g\",\"caption\":\"Ulises Nicolini\"},\"sameAs\":[\"http:\/\/www.noticiasradioreflejos.com.ar\/2021\"],\"url\":\"https:\/\/www.noticiasradioreflejos.com.ar\/2021\/author\/admin\/\"}]}<\/script>\n<!-- \/ Yoast SEO plugin. -->","yoast_head_json":{"title":"Uso responsable de Drones - Escribe Ulises Nicolini - Noticias Radio Reflejos","robots":{"index":"index","follow":"follow","max-snippet":"max-snippet:-1","max-image-preview":"max-image-preview:large","max-video-preview":"max-video-preview:-1"},"canonical":"https:\/\/www.noticiasradioreflejos.com.ar\/2021\/uso-responsable-de-drones\/","og_locale":"es_ES","og_type":"article","og_title":"Uso responsable de Drones - Escribe Ulises Nicolini - Noticias Radio Reflejos","og_description":"El pasado s\u00e1bado por la ma\u00f1ana, la noticia de que un Drone colision\u00f3 con un vuelo de Aerol\u00edneas Argentinas en inmediaciones del Aeroparque Jorge Newbery, ocup\u00f3 r\u00e1pidamente las planas y titulares de todos los noticieros y portales digitales del pa\u00eds. No es la primera vez que un accidente con drones ocupa un lugar destacado en las noticias, pero el hecho de que un vuelo comercial con un centenar de pasajeros colisione en el aire con un drone no es algo menor.","og_url":"https:\/\/www.noticiasradioreflejos.com.ar\/2021\/uso-responsable-de-drones\/","og_site_name":"Noticias Radio Reflejos","article_published_time":"2017-11-15T21:22:17+00:00","og_image":[{"width":300,"height":200,"url":"https:\/\/www.noticiasradioreflejos.com.ar\/2021\/wp-content\/uploads\/2021\/07\/logosol300x200.png","type":"image\/png"}],"author":"Ulises Nicolini","twitter_card":"summary_large_image","schema":{"@context":"https:\/\/schema.org","@graph":[{"@type":"WebPage","@id":"https:\/\/www.noticiasradioreflejos.com.ar\/2021\/uso-responsable-de-drones\/","url":"https:\/\/www.noticiasradioreflejos.com.ar\/2021\/uso-responsable-de-drones\/","name":"Uso responsable de Drones - Escribe Ulises Nicolini - Noticias Radio Reflejos","isPartOf":{"@id":"https:\/\/www.noticiasradioreflejos.com.ar\/2021\/#website"},"primaryImageOfPage":{"@id":"https:\/\/www.noticiasradioreflejos.com.ar\/2021\/uso-responsable-de-drones\/#primaryimage"},"image":{"@id":"https:\/\/www.noticiasradioreflejos.com.ar\/2021\/uso-responsable-de-drones\/#primaryimage"},"thumbnailUrl":"http:\/\/www.noticiasradioreflejos.com.ar\/noticias\/wp-content\/uploads\/2017\/11\/drone-aerolineas.jpg","datePublished":"2017-11-15T21:22:17+00:00","author":{"@id":"https:\/\/www.noticiasradioreflejos.com.ar\/2021\/#\/schema\/person\/63bcc26111c5fc0e3cd7ca4e2bf77a60"},"breadcrumb":{"@id":"https:\/\/www.noticiasradioreflejos.com.ar\/2021\/uso-responsable-de-drones\/#breadcrumb"},"inLanguage":"es","potentialAction":[{"@type":"ReadAction","target":["https:\/\/www.noticiasradioreflejos.com.ar\/2021\/uso-responsable-de-drones\/"]}]},{"@type":"ImageObject","inLanguage":"es","@id":"https:\/\/www.noticiasradioreflejos.com.ar\/2021\/uso-responsable-de-drones\/#primaryimage","url":"http:\/\/www.noticiasradioreflejos.com.ar\/noticias\/wp-content\/uploads\/2017\/11\/drone-aerolineas.jpg","contentUrl":"http:\/\/www.noticiasradioreflejos.com.ar\/noticias\/wp-content\/uploads\/2017\/11\/drone-aerolineas.jpg"},{"@type":"BreadcrumbList","@id":"https:\/\/www.noticiasradioreflejos.com.ar\/2021\/uso-responsable-de-drones\/#breadcrumb","itemListElement":[{"@type":"ListItem","position":1,"name":"Portada","item":"https:\/\/www.noticiasradioreflejos.com.ar\/2021\/"},{"@type":"ListItem","position":2,"name":"Uso responsable de Drones &#8211; Escribe Ulises Nicolini &#8211;"}]},{"@type":"WebSite","@id":"https:\/\/www.noticiasradioreflejos.com.ar\/2021\/#website","url":"https:\/\/www.noticiasradioreflejos.com.ar\/2021\/","name":"Noticias Radio Reflejos","description":"Las noticias de mi comarca","potentialAction":[{"@type":"SearchAction","target":{"@type":"EntryPoint","urlTemplate":"https:\/\/www.noticiasradioreflejos.com.ar\/2021\/?s={search_term_string}"},"query-input":{"@type":"PropertyValueSpecification","valueRequired":true,"valueName":"search_term_string"}}],"inLanguage":"es"},{"@type":"Person","@id":"https:\/\/www.noticiasradioreflejos.com.ar\/2021\/#\/schema\/person\/63bcc26111c5fc0e3cd7ca4e2bf77a60","name":"Ulises Nicolini","image":{"@type":"ImageObject","inLanguage":"es","@id":"https:\/\/www.noticiasradioreflejos.com.ar\/2021\/#\/schema\/person\/image\/","url":"https:\/\/secure.gravatar.com\/avatar\/7f2c48bdc33b30088f941fb6082e555f2874c98e20cb159d7b92b50eadfce793?s=96&d=mm&r=g","contentUrl":"https:\/\/secure.gravatar.com\/avatar\/7f2c48bdc33b30088f941fb6082e555f2874c98e20cb159d7b92b50eadfce793?s=96&d=mm&r=g","caption":"Ulises Nicolini"},"sameAs":["http:\/\/www.noticiasradioreflejos.com.ar\/2021"],"url":"https:\/\/www.noticiasradioreflejos.com.ar\/2021\/author\/admin\/"}]}},"_links":{"self":[{"href":"https:\/\/www.noticiasradioreflejos.com.ar\/2021\/wp-json\/wp\/v2\/posts\/16316","targetHints":{"allow":["GET"]}}],"collection":[{"href":"https:\/\/www.noticiasradioreflejos.com.ar\/2021\/wp-json\/wp\/v2\/posts"}],"about":[{"href":"https:\/\/www.noticiasradioreflejos.com.ar\/2021\/wp-json\/wp\/v2\/types\/post"}],"author":[{"embeddable":true,"href":"https:\/\/www.noticiasradioreflejos.com.ar\/2021\/wp-json\/wp\/v2\/users\/1"}],"replies":[{"embeddable":true,"href":"https:\/\/www.noticiasradioreflejos.com.ar\/2021\/wp-json\/wp\/v2\/comments?post=16316"}],"version-history":[{"count":0,"href":"https:\/\/www.noticiasradioreflejos.com.ar\/2021\/wp-json\/wp\/v2\/posts\/16316\/revisions"}],"wp:attachment":[{"href":"https:\/\/www.noticiasradioreflejos.com.ar\/2021\/wp-json\/wp\/v2\/media?parent=16316"}],"wp:term":[{"taxonomy":"category","embeddable":true,"href":"https:\/\/www.noticiasradioreflejos.com.ar\/2021\/wp-json\/wp\/v2\/categories?post=16316"},{"taxonomy":"post_tag","embeddable":true,"href":"https:\/\/www.noticiasradioreflejos.com.ar\/2021\/wp-json\/wp\/v2\/tags?post=16316"}],"curies":[{"name":"wp","href":"https:\/\/api.w.org\/{rel}","templated":true}]}}