{"id":16270,"date":"2017-11-14T10:07:14","date_gmt":"2017-11-14T13:07:14","guid":{"rendered":"http:\/\/www.noticiasradioreflejos.com.ar\/noticias\/?p=16270"},"modified":"2017-11-14T10:07:14","modified_gmt":"2017-11-14T13:07:14","slug":"la-orquesta-escuela-presenta-su-concierto-de-cierre-del-ano","status":"publish","type":"post","link":"https:\/\/www.noticiasradioreflejos.com.ar\/2021\/la-orquesta-escuela-presenta-su-concierto-de-cierre-del-ano\/","title":{"rendered":"La Orquesta Escuela presenta su Concierto de Cierre del A\u00f1o."},"content":{"rendered":"<p>Tornquist Municipio invita al \u201cConcierto de Fin del A\u00f1o\u201d de la Orquesta Escuela de Tornquist.<br \/>\nComo cierre de un nuevo per\u00edodo de trabajo, la Orquesta Escuela de Tornquist ofrecer\u00e1 el pr\u00f3ximo lunes 20, su concierto de fin de a\u00f1o,  a las 19 hs. en el Teatro Municipal \u201cRodolfo Funke\u201d.<!--more--><br \/>\nQuienes asistan podr\u00e1n disfrutar del repertorio trabajado durante el a\u00f1o por los alumnos,  que incluye piezas populares y cl\u00e1sicas. Adem\u00e1s, el cuerpo de profesores tambi\u00e9n ser\u00e1 parte del concierto.<br \/>\nLa entrada ser\u00e1 libre y gratuita.<br \/>\nLos Esperamos!<\/p>\n","protected":false},"excerpt":{"rendered":"<p>Tornquist Municipio invita al \u201cConcierto de Fin del A\u00f1o\u201d de la Orquesta Escuela de Tornquist. Como cierre de un nuevo per\u00edodo de trabajo, la Orquesta Escuela de Tornquist ofrecer\u00e1 el pr\u00f3ximo lunes 20, su concierto de fin de a\u00f1o, a las 19 hs. en el Teatro Municipal \u201cRodolfo Funke\u201d.<\/p>\n","protected":false},"author":3,"featured_media":0,"comment_status":"closed","ping_status":"open","sticky":false,"template":"","format":"standard","meta":{"footnotes":""},"categories":[35],"tags":[],"class_list":["post-16270","post","type-post","status-publish","format-standard","hentry","category-cultura"],"yoast_head":"<!-- This site is optimized with the Yoast SEO plugin v25.9 - https:\/\/yoast.com\/wordpress\/plugins\/seo\/ -->\n<title>La Orquesta Escuela presenta su Concierto de Cierre del A\u00f1o. - Noticias Radio Reflejos<\/title>\n<meta name=\"robots\" content=\"index, follow, max-snippet:-1, max-image-preview:large, max-video-preview:-1\" \/>\n<link rel=\"canonical\" href=\"https:\/\/www.noticiasradioreflejos.com.ar\/2021\/la-orquesta-escuela-presenta-su-concierto-de-cierre-del-ano\/\" \/>\n<meta property=\"og:locale\" content=\"es_ES\" \/>\n<meta property=\"og:type\" content=\"article\" \/>\n<meta property=\"og:title\" content=\"La Orquesta Escuela presenta su Concierto de Cierre del A\u00f1o. - Noticias Radio Reflejos\" \/>\n<meta property=\"og:description\" content=\"Tornquist Municipio invita al \u201cConcierto de Fin del A\u00f1o\u201d de la Orquesta Escuela de Tornquist. Como cierre de un nuevo per\u00edodo de trabajo, la Orquesta Escuela de Tornquist ofrecer\u00e1 el pr\u00f3ximo lunes 20, su concierto de fin de a\u00f1o, a las 19 hs. en el Teatro Municipal \u201cRodolfo Funke\u201d.\" \/>\n<meta property=\"og:url\" content=\"https:\/\/www.noticiasradioreflejos.com.ar\/2021\/la-orquesta-escuela-presenta-su-concierto-de-cierre-del-ano\/\" \/>\n<meta property=\"og:site_name\" content=\"Noticias Radio Reflejos\" \/>\n<meta property=\"article:published_time\" content=\"2017-11-14T13:07:14+00:00\" \/>\n<meta property=\"og:image\" content=\"https:\/\/www.noticiasradioreflejos.com.ar\/2021\/wp-content\/uploads\/2021\/07\/logosol300x200.png\" \/>\n\t<meta property=\"og:image:width\" content=\"300\" \/>\n\t<meta property=\"og:image:height\" content=\"200\" \/>\n\t<meta property=\"og:image:type\" content=\"image\/png\" \/>\n<meta name=\"author\" content=\"Arnaldo Botto\" \/>\n<meta name=\"twitter:card\" content=\"summary_large_image\" \/>\n<script type=\"application\/ld+json\" class=\"yoast-schema-graph\">{\"@context\":\"https:\/\/schema.org\",\"@graph\":[{\"@type\":\"WebPage\",\"@id\":\"https:\/\/www.noticiasradioreflejos.com.ar\/2021\/la-orquesta-escuela-presenta-su-concierto-de-cierre-del-ano\/\",\"url\":\"https:\/\/www.noticiasradioreflejos.com.ar\/2021\/la-orquesta-escuela-presenta-su-concierto-de-cierre-del-ano\/\",\"name\":\"La Orquesta Escuela presenta su Concierto de Cierre del A\u00f1o. - Noticias Radio Reflejos\",\"isPartOf\":{\"@id\":\"https:\/\/www.noticiasradioreflejos.com.ar\/2021\/#website\"},\"datePublished\":\"2017-11-14T13:07:14+00:00\",\"author\":{\"@id\":\"https:\/\/www.noticiasradioreflejos.com.ar\/2021\/#\/schema\/person\/ad82545263dcc5ec0996818884fd5fb1\"},\"breadcrumb\":{\"@id\":\"https:\/\/www.noticiasradioreflejos.com.ar\/2021\/la-orquesta-escuela-presenta-su-concierto-de-cierre-del-ano\/#breadcrumb\"},\"inLanguage\":\"es\",\"potentialAction\":[{\"@type\":\"ReadAction\",\"target\":[\"https:\/\/www.noticiasradioreflejos.com.ar\/2021\/la-orquesta-escuela-presenta-su-concierto-de-cierre-del-ano\/\"]}]},{\"@type\":\"BreadcrumbList\",\"@id\":\"https:\/\/www.noticiasradioreflejos.com.ar\/2021\/la-orquesta-escuela-presenta-su-concierto-de-cierre-del-ano\/#breadcrumb\",\"itemListElement\":[{\"@type\":\"ListItem\",\"position\":1,\"name\":\"Portada\",\"item\":\"https:\/\/www.noticiasradioreflejos.com.ar\/2021\/\"},{\"@type\":\"ListItem\",\"position\":2,\"name\":\"La Orquesta Escuela presenta su Concierto de Cierre del A\u00f1o.\"}]},{\"@type\":\"WebSite\",\"@id\":\"https:\/\/www.noticiasradioreflejos.com.ar\/2021\/#website\",\"url\":\"https:\/\/www.noticiasradioreflejos.com.ar\/2021\/\",\"name\":\"Noticias Radio Reflejos\",\"description\":\"Las noticias de mi comarca\",\"potentialAction\":[{\"@type\":\"SearchAction\",\"target\":{\"@type\":\"EntryPoint\",\"urlTemplate\":\"https:\/\/www.noticiasradioreflejos.com.ar\/2021\/?s={search_term_string}\"},\"query-input\":{\"@type\":\"PropertyValueSpecification\",\"valueRequired\":true,\"valueName\":\"search_term_string\"}}],\"inLanguage\":\"es\"},{\"@type\":\"Person\",\"@id\":\"https:\/\/www.noticiasradioreflejos.com.ar\/2021\/#\/schema\/person\/ad82545263dcc5ec0996818884fd5fb1\",\"name\":\"Arnaldo Botto\",\"image\":{\"@type\":\"ImageObject\",\"inLanguage\":\"es\",\"@id\":\"https:\/\/www.noticiasradioreflejos.com.ar\/2021\/#\/schema\/person\/image\/\",\"url\":\"https:\/\/secure.gravatar.com\/avatar\/55cb5e37c1efa326397366e6974cb338056df65cb50e7d64d1cf314e87504837?s=96&d=mm&r=g\",\"contentUrl\":\"https:\/\/secure.gravatar.com\/avatar\/55cb5e37c1efa326397366e6974cb338056df65cb50e7d64d1cf314e87504837?s=96&d=mm&r=g\",\"caption\":\"Arnaldo Botto\"},\"url\":\"https:\/\/www.noticiasradioreflejos.com.ar\/2021\/author\/arnaldo\/\"}]}<\/script>\n<!-- \/ Yoast SEO plugin. -->","yoast_head_json":{"title":"La Orquesta Escuela presenta su Concierto de Cierre del A\u00f1o. - Noticias Radio Reflejos","robots":{"index":"index","follow":"follow","max-snippet":"max-snippet:-1","max-image-preview":"max-image-preview:large","max-video-preview":"max-video-preview:-1"},"canonical":"https:\/\/www.noticiasradioreflejos.com.ar\/2021\/la-orquesta-escuela-presenta-su-concierto-de-cierre-del-ano\/","og_locale":"es_ES","og_type":"article","og_title":"La Orquesta Escuela presenta su Concierto de Cierre del A\u00f1o. - Noticias Radio Reflejos","og_description":"Tornquist Municipio invita al \u201cConcierto de Fin del A\u00f1o\u201d de la Orquesta Escuela de Tornquist. Como cierre de un nuevo per\u00edodo de trabajo, la Orquesta Escuela de Tornquist ofrecer\u00e1 el pr\u00f3ximo lunes 20, su concierto de fin de a\u00f1o, a las 19 hs. en el Teatro Municipal \u201cRodolfo Funke\u201d.","og_url":"https:\/\/www.noticiasradioreflejos.com.ar\/2021\/la-orquesta-escuela-presenta-su-concierto-de-cierre-del-ano\/","og_site_name":"Noticias Radio Reflejos","article_published_time":"2017-11-14T13:07:14+00:00","og_image":[{"width":300,"height":200,"url":"https:\/\/www.noticiasradioreflejos.com.ar\/2021\/wp-content\/uploads\/2021\/07\/logosol300x200.png","type":"image\/png"}],"author":"Arnaldo Botto","twitter_card":"summary_large_image","schema":{"@context":"https:\/\/schema.org","@graph":[{"@type":"WebPage","@id":"https:\/\/www.noticiasradioreflejos.com.ar\/2021\/la-orquesta-escuela-presenta-su-concierto-de-cierre-del-ano\/","url":"https:\/\/www.noticiasradioreflejos.com.ar\/2021\/la-orquesta-escuela-presenta-su-concierto-de-cierre-del-ano\/","name":"La Orquesta Escuela presenta su Concierto de Cierre del A\u00f1o. - Noticias Radio Reflejos","isPartOf":{"@id":"https:\/\/www.noticiasradioreflejos.com.ar\/2021\/#website"},"datePublished":"2017-11-14T13:07:14+00:00","author":{"@id":"https:\/\/www.noticiasradioreflejos.com.ar\/2021\/#\/schema\/person\/ad82545263dcc5ec0996818884fd5fb1"},"breadcrumb":{"@id":"https:\/\/www.noticiasradioreflejos.com.ar\/2021\/la-orquesta-escuela-presenta-su-concierto-de-cierre-del-ano\/#breadcrumb"},"inLanguage":"es","potentialAction":[{"@type":"ReadAction","target":["https:\/\/www.noticiasradioreflejos.com.ar\/2021\/la-orquesta-escuela-presenta-su-concierto-de-cierre-del-ano\/"]}]},{"@type":"BreadcrumbList","@id":"https:\/\/www.noticiasradioreflejos.com.ar\/2021\/la-orquesta-escuela-presenta-su-concierto-de-cierre-del-ano\/#breadcrumb","itemListElement":[{"@type":"ListItem","position":1,"name":"Portada","item":"https:\/\/www.noticiasradioreflejos.com.ar\/2021\/"},{"@type":"ListItem","position":2,"name":"La Orquesta Escuela presenta su Concierto de Cierre del A\u00f1o."}]},{"@type":"WebSite","@id":"https:\/\/www.noticiasradioreflejos.com.ar\/2021\/#website","url":"https:\/\/www.noticiasradioreflejos.com.ar\/2021\/","name":"Noticias Radio Reflejos","description":"Las noticias de mi comarca","potentialAction":[{"@type":"SearchAction","target":{"@type":"EntryPoint","urlTemplate":"https:\/\/www.noticiasradioreflejos.com.ar\/2021\/?s={search_term_string}"},"query-input":{"@type":"PropertyValueSpecification","valueRequired":true,"valueName":"search_term_string"}}],"inLanguage":"es"},{"@type":"Person","@id":"https:\/\/www.noticiasradioreflejos.com.ar\/2021\/#\/schema\/person\/ad82545263dcc5ec0996818884fd5fb1","name":"Arnaldo Botto","image":{"@type":"ImageObject","inLanguage":"es","@id":"https:\/\/www.noticiasradioreflejos.com.ar\/2021\/#\/schema\/person\/image\/","url":"https:\/\/secure.gravatar.com\/avatar\/55cb5e37c1efa326397366e6974cb338056df65cb50e7d64d1cf314e87504837?s=96&d=mm&r=g","contentUrl":"https:\/\/secure.gravatar.com\/avatar\/55cb5e37c1efa326397366e6974cb338056df65cb50e7d64d1cf314e87504837?s=96&d=mm&r=g","caption":"Arnaldo Botto"},"url":"https:\/\/www.noticiasradioreflejos.com.ar\/2021\/author\/arnaldo\/"}]}},"_links":{"self":[{"href":"https:\/\/www.noticiasradioreflejos.com.ar\/2021\/wp-json\/wp\/v2\/posts\/16270","targetHints":{"allow":["GET"]}}],"collection":[{"href":"https:\/\/www.noticiasradioreflejos.com.ar\/2021\/wp-json\/wp\/v2\/posts"}],"about":[{"href":"https:\/\/www.noticiasradioreflejos.com.ar\/2021\/wp-json\/wp\/v2\/types\/post"}],"author":[{"embeddable":true,"href":"https:\/\/www.noticiasradioreflejos.com.ar\/2021\/wp-json\/wp\/v2\/users\/3"}],"replies":[{"embeddable":true,"href":"https:\/\/www.noticiasradioreflejos.com.ar\/2021\/wp-json\/wp\/v2\/comments?post=16270"}],"version-history":[{"count":0,"href":"https:\/\/www.noticiasradioreflejos.com.ar\/2021\/wp-json\/wp\/v2\/posts\/16270\/revisions"}],"wp:attachment":[{"href":"https:\/\/www.noticiasradioreflejos.com.ar\/2021\/wp-json\/wp\/v2\/media?parent=16270"}],"wp:term":[{"taxonomy":"category","embeddable":true,"href":"https:\/\/www.noticiasradioreflejos.com.ar\/2021\/wp-json\/wp\/v2\/categories?post=16270"},{"taxonomy":"post_tag","embeddable":true,"href":"https:\/\/www.noticiasradioreflejos.com.ar\/2021\/wp-json\/wp\/v2\/tags?post=16270"}],"curies":[{"name":"wp","href":"https:\/\/api.w.org\/{rel}","templated":true}]}}