{"id":16260,"date":"2017-11-14T08:10:33","date_gmt":"2017-11-14T11:10:33","guid":{"rendered":"http:\/\/www.noticiasradioreflejos.com.ar\/noticias\/?p=16260"},"modified":"2017-11-14T08:10:33","modified_gmt":"2017-11-14T11:10:33","slug":"charla-informativa-sobre-practica-del-derecho-animal","status":"publish","type":"post","link":"https:\/\/www.noticiasradioreflejos.com.ar\/2021\/charla-informativa-sobre-practica-del-derecho-animal\/","title":{"rendered":"Charla informativa sobre Pr\u00e1ctica del Derecho Animal."},"content":{"rendered":"<p>Con el t\u00edtulo \u201cEl rol del Estado, la Sociedad y los Particulares en la Puesta en Pr\u00e1ctica del Derecho Animal\u201d, este jueves 16 de noviembre  a las 16 hs en el Auditorio del Colegio de Abogados de Bah\u00eda Blanca, Sarmiento N\u00b0 54.<!--more--><br \/>\nDECLARADA DE INTER\u00c9S MUNICIPAL por HCD 1071\/2017<br \/>\nEl Instituto de Estudios de Derecho Animal invita a la sociedad bahiense a una charla informativa cuyo objeto es evacuar las inquietudes de los particulares recepcionadas por el Instituto de Estudios de Derecho Animal del Colegio de Abogados de Bah\u00eda Blanca, el Equipo de Trabajo en causas de Malos Tratos y Crueldad contra los Animales de la Fiscal\u00eda General de Bah\u00eda Blanca y aquellas vinculadas a la Justicia de Faltas. La misi\u00f3n ser\u00e1 transmitir conocimientos que generen incentivos para el uso de las herramientas que brinda el Derecho Animal o, en su caso, mejorar su utilizaci\u00f3n, con ansias de lograr a un aprovechamiento armonioso de las mismas por todos los sectores de la comunidad.<br \/>\nDisertantes<br \/>\nDra. Alejandra C. Gonz\u00e1lez Laserna Abogada, Miembro del Instituto de Estudios de Derecho Animal del CABB, Fundadora y Presidenta del Centro de Recuperaci\u00f3n Equino Nelquihue. Vicepresidenta de ARIBA.<br \/>\nDr. Santiago A. Garrido Abogado, Secretario General del Ministerio P\u00fablico Fiscal del Departamento Judicial de Bah\u00eda Blanca, Director del Equipo de Trabajo en causas de Malos Tratos y Actos de Crueldad contra los Animales.<br \/>\nDr. Ricardo Germani Abogado, Juez de Faltas de la ciudad de Bah\u00eda Blanca.<br \/>\nOrganiza Instituto de Estudios de Derecho Animal del Colegio de Abogados de Bah\u00eda Blanca.<br \/>\n16 de noviembre 2017 ~ 16:00 hs.<br \/>\nAuditorio Colegio de Abogados de Bah\u00eda Blanca,<br \/>\nSarmiento 54, Bah\u00eda Blanca.<br \/>\nConsultas: ieda.cabb@gmail.com<br \/>\nENTRADA LIBRE Y GRATUITA<br \/>\nContactos: GRACIELA REGINA ADRE: 291 &#8211; 4068362<br \/>\n                    SANTIAGO GARRIDO: 291 &#8211; 4239810<br \/>\n                    ALEJANDRA CLAUDIA GONZ\u00c1LEZ LASERNA: 291 &#8211; 4725137<br \/>\n                    RICARDO GERMANI 291-4616052<\/p>\n","protected":false},"excerpt":{"rendered":"<p>Con el t\u00edtulo \u201cEl rol del Estado, la Sociedad y los Particulares en la Puesta en Pr\u00e1ctica del Derecho Animal\u201d, este jueves 16 de noviembre a las 16 hs en el Auditorio del Colegio de Abogados de Bah\u00eda Blanca, Sarmiento N\u00b0 54.<\/p>\n","protected":false},"author":3,"featured_media":0,"comment_status":"closed","ping_status":"open","sticky":false,"template":"","format":"standard","meta":{"footnotes":""},"categories":[26],"tags":[],"class_list":["post-16260","post","type-post","status-publish","format-standard","hentry","category-sociedad"],"yoast_head":"<!-- This site is optimized with the Yoast SEO plugin v25.9 - https:\/\/yoast.com\/wordpress\/plugins\/seo\/ -->\n<title>Charla informativa sobre Pr\u00e1ctica del Derecho Animal. - Noticias Radio Reflejos<\/title>\n<meta name=\"robots\" content=\"index, follow, max-snippet:-1, max-image-preview:large, max-video-preview:-1\" \/>\n<link rel=\"canonical\" href=\"https:\/\/www.noticiasradioreflejos.com.ar\/2021\/charla-informativa-sobre-practica-del-derecho-animal\/\" \/>\n<meta property=\"og:locale\" content=\"es_ES\" \/>\n<meta property=\"og:type\" content=\"article\" \/>\n<meta property=\"og:title\" content=\"Charla informativa sobre Pr\u00e1ctica del Derecho Animal. - Noticias Radio Reflejos\" \/>\n<meta property=\"og:description\" content=\"Con el t\u00edtulo \u201cEl rol del Estado, la Sociedad y los Particulares en la Puesta en Pr\u00e1ctica del Derecho Animal\u201d, este jueves 16 de noviembre a las 16 hs en el Auditorio del Colegio de Abogados de Bah\u00eda Blanca, Sarmiento N\u00b0 54.\" \/>\n<meta property=\"og:url\" content=\"https:\/\/www.noticiasradioreflejos.com.ar\/2021\/charla-informativa-sobre-practica-del-derecho-animal\/\" \/>\n<meta property=\"og:site_name\" content=\"Noticias Radio Reflejos\" \/>\n<meta property=\"article:published_time\" content=\"2017-11-14T11:10:33+00:00\" \/>\n<meta property=\"og:image\" content=\"https:\/\/www.noticiasradioreflejos.com.ar\/2021\/wp-content\/uploads\/2021\/07\/logosol300x200.png\" \/>\n\t<meta property=\"og:image:width\" content=\"300\" \/>\n\t<meta property=\"og:image:height\" content=\"200\" \/>\n\t<meta property=\"og:image:type\" content=\"image\/png\" \/>\n<meta name=\"author\" content=\"Arnaldo Botto\" \/>\n<meta name=\"twitter:card\" content=\"summary_large_image\" \/>\n<script type=\"application\/ld+json\" class=\"yoast-schema-graph\">{\"@context\":\"https:\/\/schema.org\",\"@graph\":[{\"@type\":\"WebPage\",\"@id\":\"https:\/\/www.noticiasradioreflejos.com.ar\/2021\/charla-informativa-sobre-practica-del-derecho-animal\/\",\"url\":\"https:\/\/www.noticiasradioreflejos.com.ar\/2021\/charla-informativa-sobre-practica-del-derecho-animal\/\",\"name\":\"Charla informativa sobre Pr\u00e1ctica del Derecho Animal. - Noticias Radio Reflejos\",\"isPartOf\":{\"@id\":\"https:\/\/www.noticiasradioreflejos.com.ar\/2021\/#website\"},\"datePublished\":\"2017-11-14T11:10:33+00:00\",\"author\":{\"@id\":\"https:\/\/www.noticiasradioreflejos.com.ar\/2021\/#\/schema\/person\/ad82545263dcc5ec0996818884fd5fb1\"},\"breadcrumb\":{\"@id\":\"https:\/\/www.noticiasradioreflejos.com.ar\/2021\/charla-informativa-sobre-practica-del-derecho-animal\/#breadcrumb\"},\"inLanguage\":\"es\",\"potentialAction\":[{\"@type\":\"ReadAction\",\"target\":[\"https:\/\/www.noticiasradioreflejos.com.ar\/2021\/charla-informativa-sobre-practica-del-derecho-animal\/\"]}]},{\"@type\":\"BreadcrumbList\",\"@id\":\"https:\/\/www.noticiasradioreflejos.com.ar\/2021\/charla-informativa-sobre-practica-del-derecho-animal\/#breadcrumb\",\"itemListElement\":[{\"@type\":\"ListItem\",\"position\":1,\"name\":\"Portada\",\"item\":\"https:\/\/www.noticiasradioreflejos.com.ar\/2021\/\"},{\"@type\":\"ListItem\",\"position\":2,\"name\":\"Charla informativa sobre Pr\u00e1ctica del Derecho Animal.\"}]},{\"@type\":\"WebSite\",\"@id\":\"https:\/\/www.noticiasradioreflejos.com.ar\/2021\/#website\",\"url\":\"https:\/\/www.noticiasradioreflejos.com.ar\/2021\/\",\"name\":\"Noticias Radio Reflejos\",\"description\":\"Las noticias de mi comarca\",\"potentialAction\":[{\"@type\":\"SearchAction\",\"target\":{\"@type\":\"EntryPoint\",\"urlTemplate\":\"https:\/\/www.noticiasradioreflejos.com.ar\/2021\/?s={search_term_string}\"},\"query-input\":{\"@type\":\"PropertyValueSpecification\",\"valueRequired\":true,\"valueName\":\"search_term_string\"}}],\"inLanguage\":\"es\"},{\"@type\":\"Person\",\"@id\":\"https:\/\/www.noticiasradioreflejos.com.ar\/2021\/#\/schema\/person\/ad82545263dcc5ec0996818884fd5fb1\",\"name\":\"Arnaldo Botto\",\"image\":{\"@type\":\"ImageObject\",\"inLanguage\":\"es\",\"@id\":\"https:\/\/www.noticiasradioreflejos.com.ar\/2021\/#\/schema\/person\/image\/\",\"url\":\"https:\/\/secure.gravatar.com\/avatar\/55cb5e37c1efa326397366e6974cb338056df65cb50e7d64d1cf314e87504837?s=96&d=mm&r=g\",\"contentUrl\":\"https:\/\/secure.gravatar.com\/avatar\/55cb5e37c1efa326397366e6974cb338056df65cb50e7d64d1cf314e87504837?s=96&d=mm&r=g\",\"caption\":\"Arnaldo Botto\"},\"url\":\"https:\/\/www.noticiasradioreflejos.com.ar\/2021\/author\/arnaldo\/\"}]}<\/script>\n<!-- \/ Yoast SEO plugin. -->","yoast_head_json":{"title":"Charla informativa sobre Pr\u00e1ctica del Derecho Animal. - Noticias Radio Reflejos","robots":{"index":"index","follow":"follow","max-snippet":"max-snippet:-1","max-image-preview":"max-image-preview:large","max-video-preview":"max-video-preview:-1"},"canonical":"https:\/\/www.noticiasradioreflejos.com.ar\/2021\/charla-informativa-sobre-practica-del-derecho-animal\/","og_locale":"es_ES","og_type":"article","og_title":"Charla informativa sobre Pr\u00e1ctica del Derecho Animal. - Noticias Radio Reflejos","og_description":"Con el t\u00edtulo \u201cEl rol del Estado, la Sociedad y los Particulares en la Puesta en Pr\u00e1ctica del Derecho Animal\u201d, este jueves 16 de noviembre a las 16 hs en el Auditorio del Colegio de Abogados de Bah\u00eda Blanca, Sarmiento N\u00b0 54.","og_url":"https:\/\/www.noticiasradioreflejos.com.ar\/2021\/charla-informativa-sobre-practica-del-derecho-animal\/","og_site_name":"Noticias Radio Reflejos","article_published_time":"2017-11-14T11:10:33+00:00","og_image":[{"width":300,"height":200,"url":"https:\/\/www.noticiasradioreflejos.com.ar\/2021\/wp-content\/uploads\/2021\/07\/logosol300x200.png","type":"image\/png"}],"author":"Arnaldo Botto","twitter_card":"summary_large_image","schema":{"@context":"https:\/\/schema.org","@graph":[{"@type":"WebPage","@id":"https:\/\/www.noticiasradioreflejos.com.ar\/2021\/charla-informativa-sobre-practica-del-derecho-animal\/","url":"https:\/\/www.noticiasradioreflejos.com.ar\/2021\/charla-informativa-sobre-practica-del-derecho-animal\/","name":"Charla informativa sobre Pr\u00e1ctica del Derecho Animal. - Noticias Radio Reflejos","isPartOf":{"@id":"https:\/\/www.noticiasradioreflejos.com.ar\/2021\/#website"},"datePublished":"2017-11-14T11:10:33+00:00","author":{"@id":"https:\/\/www.noticiasradioreflejos.com.ar\/2021\/#\/schema\/person\/ad82545263dcc5ec0996818884fd5fb1"},"breadcrumb":{"@id":"https:\/\/www.noticiasradioreflejos.com.ar\/2021\/charla-informativa-sobre-practica-del-derecho-animal\/#breadcrumb"},"inLanguage":"es","potentialAction":[{"@type":"ReadAction","target":["https:\/\/www.noticiasradioreflejos.com.ar\/2021\/charla-informativa-sobre-practica-del-derecho-animal\/"]}]},{"@type":"BreadcrumbList","@id":"https:\/\/www.noticiasradioreflejos.com.ar\/2021\/charla-informativa-sobre-practica-del-derecho-animal\/#breadcrumb","itemListElement":[{"@type":"ListItem","position":1,"name":"Portada","item":"https:\/\/www.noticiasradioreflejos.com.ar\/2021\/"},{"@type":"ListItem","position":2,"name":"Charla informativa sobre Pr\u00e1ctica del Derecho Animal."}]},{"@type":"WebSite","@id":"https:\/\/www.noticiasradioreflejos.com.ar\/2021\/#website","url":"https:\/\/www.noticiasradioreflejos.com.ar\/2021\/","name":"Noticias Radio Reflejos","description":"Las noticias de mi comarca","potentialAction":[{"@type":"SearchAction","target":{"@type":"EntryPoint","urlTemplate":"https:\/\/www.noticiasradioreflejos.com.ar\/2021\/?s={search_term_string}"},"query-input":{"@type":"PropertyValueSpecification","valueRequired":true,"valueName":"search_term_string"}}],"inLanguage":"es"},{"@type":"Person","@id":"https:\/\/www.noticiasradioreflejos.com.ar\/2021\/#\/schema\/person\/ad82545263dcc5ec0996818884fd5fb1","name":"Arnaldo Botto","image":{"@type":"ImageObject","inLanguage":"es","@id":"https:\/\/www.noticiasradioreflejos.com.ar\/2021\/#\/schema\/person\/image\/","url":"https:\/\/secure.gravatar.com\/avatar\/55cb5e37c1efa326397366e6974cb338056df65cb50e7d64d1cf314e87504837?s=96&d=mm&r=g","contentUrl":"https:\/\/secure.gravatar.com\/avatar\/55cb5e37c1efa326397366e6974cb338056df65cb50e7d64d1cf314e87504837?s=96&d=mm&r=g","caption":"Arnaldo Botto"},"url":"https:\/\/www.noticiasradioreflejos.com.ar\/2021\/author\/arnaldo\/"}]}},"_links":{"self":[{"href":"https:\/\/www.noticiasradioreflejos.com.ar\/2021\/wp-json\/wp\/v2\/posts\/16260","targetHints":{"allow":["GET"]}}],"collection":[{"href":"https:\/\/www.noticiasradioreflejos.com.ar\/2021\/wp-json\/wp\/v2\/posts"}],"about":[{"href":"https:\/\/www.noticiasradioreflejos.com.ar\/2021\/wp-json\/wp\/v2\/types\/post"}],"author":[{"embeddable":true,"href":"https:\/\/www.noticiasradioreflejos.com.ar\/2021\/wp-json\/wp\/v2\/users\/3"}],"replies":[{"embeddable":true,"href":"https:\/\/www.noticiasradioreflejos.com.ar\/2021\/wp-json\/wp\/v2\/comments?post=16260"}],"version-history":[{"count":0,"href":"https:\/\/www.noticiasradioreflejos.com.ar\/2021\/wp-json\/wp\/v2\/posts\/16260\/revisions"}],"wp:attachment":[{"href":"https:\/\/www.noticiasradioreflejos.com.ar\/2021\/wp-json\/wp\/v2\/media?parent=16260"}],"wp:term":[{"taxonomy":"category","embeddable":true,"href":"https:\/\/www.noticiasradioreflejos.com.ar\/2021\/wp-json\/wp\/v2\/categories?post=16260"},{"taxonomy":"post_tag","embeddable":true,"href":"https:\/\/www.noticiasradioreflejos.com.ar\/2021\/wp-json\/wp\/v2\/tags?post=16260"}],"curies":[{"name":"wp","href":"https:\/\/api.w.org\/{rel}","templated":true}]}}