{"id":16245,"date":"2017-11-13T17:49:44","date_gmt":"2017-11-13T20:49:44","guid":{"rendered":"http:\/\/www.noticiasradioreflejos.com.ar\/noticias\/?p=16245"},"modified":"2017-11-13T17:49:44","modified_gmt":"2017-11-13T20:49:44","slug":"16245","status":"publish","type":"post","link":"https:\/\/www.noticiasradioreflejos.com.ar\/2021\/16245\/","title":{"rendered":"Aventura, sol y naturaleza en la 3\u00b0 Traves\u00eda 4&#215;4 de Villa Ventana."},"content":{"rendered":"<p><a title=\"3er Traves\u00eda CCTVV (40)\" href=\"http:\/\/farm5.staticflickr.com\/4534\/38342562106_6a12bf7c4f.jpg\" rel=\"\"><img loading=\"lazy\" decoding=\"async\" class=\"alignleft\" style=\"float: left;\" title=\"3er Traves\u00eda CCTVV (40)\" src=\"http:\/\/farm5.staticflickr.com\/4534\/38342562106_6a12bf7c4f.jpg\" alt=\"3er Traves\u00eda CCTVV (40)\" width=\"500\" height=\"281\" \/><\/a>Un domingo a pleno, con buen tiempo, aventuras, amistad y los incomparables paisajes de nuestra Comarca, se vivi\u00f3 este 12 de noviembre en la 3er. Traves\u00eda 4&#215;4 que organiz\u00f3 la C\u00e1mara de Comercio y Turismo de Villa Ventana.<!--more--><br \/>\nPor tercera vez consecutiva, la C\u00e1mara de Comercio y Turismo de Villa Ventana organiz\u00f3 una nueva edici\u00f3n de su ya tradicional \u00abTraves\u00eda 4&#215;4\u00bb en Villa Ventana. Una propuesta tur\u00edstica que dej\u00f3 muy conformes a todos los participantes.<br \/>\nEn esta oportunidad se llev\u00f3 a cabo en\u00a0<strong>\u00abEstancia Las Vertientes\u00bb<\/strong>, que recibi\u00f3 a los m\u00e1s de 70 inscriptos, algunos con veh\u00edculos aptos para la traves\u00eda, y otras personas que llegaron desde diferentes puntos de la regi\u00f3n para sumarse y vivir esta experiencia inolvidable.<br \/>\nParticiparon visitantes de Daireaux, Pig\u00fce, Bah\u00eda Blanca, Sierra de la Ventana y Tornquist; sumando a las 17 camionetas, el veh\u00edculo todo terreno que posee la Estancia para esta actividad.<br \/>\nLa partida se produjo pasadas las 9 hs desde la Plaza Salerno de Villa Ventana, para trasladarse al casco de la estancia, desde donde, una vez organizados todos, se march\u00f3 en fila al sector de 400 hect\u00e1reas al pie del cord\u00f3n de Ventania, con el Cerro Ventana y Napost\u00e1 como testigos del trayecto.<br \/>\n<a title=\"3er Traves\u00eda CCTVV (65)\" href=\"http:\/\/farm5.staticflickr.com\/4573\/38342557846_c2529a2b1e_z.jpg\" rel=\"\"><img loading=\"lazy\" decoding=\"async\" class=\"aligncenter\" title=\"3er Traves\u00eda CCTVV (65)\" src=\"http:\/\/farm5.staticflickr.com\/4573\/38342557846_c2529a2b1e_z.jpg\" alt=\"3er Traves\u00eda CCTVV (65)\" width=\"640\" height=\"360\" \/><\/a><br \/>\nLa traves\u00eda const\u00f3 de dos circuitos: por un lado las camionetas y el jeep\u00f3n , y\u00a0 por el otro, guiados por Cristian Schumacher con cuatriciclos y UTV (mezcla de arenero y cuatriciclo).<br \/>\nUn recorrido de unas 4 horas, donde los conductores se pusieron a prueba a pleno, con variadas dificultades entre las piedras de nuestras sierras, vadeando los arroyos Las Piedras y afluentes, trepadas empinadas y una flora a pleno, en esta primavera que permiti\u00f3 admirar la gran variedad de colores que se ofrec\u00edan a nuestro paso. Tambi\u00e9n la fauna fue motivo de admiraci\u00f3n, desde los b\u00fafalos criados en la estancia hasta las correr\u00edas de los \u00f1and\u00faes que en varias oportunidades se mostraron a nuestro paso.<br \/>\nLa traves\u00eda estuvo guiada por Romina y Gustavo, propietarios del establecimiento rural que brindaba toda la informaci\u00f3n a los participantes, y cuidaron en cada instancia del terreno, de la integridad de hombres y m\u00e1quinas.<br \/>\n<a title=\"3er Traves\u00eda CCTVV (75)\" href=\"http:\/\/farm5.staticflickr.com\/4531\/38342555326_0ef57a169b_z.jpg\" rel=\"\"><img loading=\"lazy\" decoding=\"async\" class=\"aligncenter\" title=\"3er Traves\u00eda CCTVV (75)\" src=\"http:\/\/farm5.staticflickr.com\/4531\/38342555326_0ef57a169b_z.jpg\" alt=\"3er Traves\u00eda CCTVV (75)\" width=\"640\" height=\"360\" \/><\/a><br \/>\nAl almuerzo llegamos cerca de las 14 hs. El mismo estuvo acompa\u00f1ado por la conducci\u00f3n y canciones de Leonardo Strazzulla, la m\u00fasica de <strong>Lucio Baioco<\/strong>,<strong> Jorge Brasil y Marcelo Sominson,<\/strong> que acompa\u00f1aron con diferentes melod\u00edas a los invitados y los hicieron cantar con temas tradicionales.<br \/>\nEl servicio de mesas y cocci\u00f3n de la deliciosa carne estuvo a cargo de los Bomberos Voluntarios de Villa Ventana, que fueron beneficiarios de parte de lo recaudado. Hubo sorteos de productos artesanales y de varias estad\u00edas en complejos tur\u00edsticos de la Comarca, todo en un ambiente muy agradable de amistad y camarader\u00eda.<br \/>\nFinalizado el almuerzo, los participantes tuvieron la tarde para elegir actividades dentro de la Estancia. La mayor\u00eda se sum\u00f3 a las cabalgatas, otros al Canopy y otros, disfrutaron del amplio parque arbolado que posee este lugar emblem\u00e1tico dentro del paisaje de nuestras sierras.<br \/>\nNadie se fue sin esas ansias de volver, todos sumamente conformes y en especial los organizadores, que tienen con este trabajo un multi prop\u00f3sito muy objetivo: Fomentar el Turismo y los lugares de nuestra Comarca, ayudar a instituciones locales de bien p\u00fablico y a seguir creciendo con objetivos cada vez m\u00e1s claros.<br \/>\n<a title=\"3er Traves\u00eda CCTVV (52)\" href=\"http:\/\/farm5.staticflickr.com\/4585\/38342559726_45eb010517_z.jpg\" rel=\"\"><img loading=\"lazy\" decoding=\"async\" class=\"aligncenter\" title=\"3er Traves\u00eda CCTVV (52)\" src=\"http:\/\/farm5.staticflickr.com\/4585\/38342559726_45eb010517_z.jpg\" alt=\"3er Traves\u00eda CCTVV (52)\" width=\"640\" height=\"360\" \/><\/a><br \/>\n<a href=\"https:\/\/www.facebook.com\/reflejosfm\/media_set?set=a.10214656198627418.1073742067.1496587978&amp;type=3&amp;uploaded=146\">Ver mas\u00a0FOTOS<\/a><\/p>\n","protected":false},"excerpt":{"rendered":"<p>Un domingo a pleno, con buen tiempo, aventuras, amistad y los incomparables paisajes de nuestra Comarca, se vivi\u00f3 este 12 de noviembre en la 3er. Traves\u00eda 4&#215;4 que organiz\u00f3 la C\u00e1mara de Comercio y Turismo de Villa Ventana.<\/p>\n","protected":false},"author":3,"featured_media":0,"comment_status":"closed","ping_status":"open","sticky":false,"template":"","format":"standard","meta":{"footnotes":""},"categories":[33],"tags":[],"class_list":["post-16245","post","type-post","status-publish","format-standard","hentry","category-turismo"],"yoast_head":"<!-- This site is optimized with the Yoast SEO plugin v25.9 - https:\/\/yoast.com\/wordpress\/plugins\/seo\/ -->\n<title>Aventura, sol y naturaleza en la 3\u00b0 Traves\u00eda 4x4 de Villa Ventana. - Noticias Radio Reflejos<\/title>\n<meta name=\"robots\" content=\"index, follow, max-snippet:-1, max-image-preview:large, max-video-preview:-1\" \/>\n<link rel=\"canonical\" href=\"https:\/\/www.noticiasradioreflejos.com.ar\/2021\/16245\/\" \/>\n<meta property=\"og:locale\" content=\"es_ES\" \/>\n<meta property=\"og:type\" content=\"article\" \/>\n<meta property=\"og:title\" content=\"Aventura, sol y naturaleza en la 3\u00b0 Traves\u00eda 4x4 de Villa Ventana. - Noticias Radio Reflejos\" \/>\n<meta property=\"og:description\" content=\"Un domingo a pleno, con buen tiempo, aventuras, amistad y los incomparables paisajes de nuestra Comarca, se vivi\u00f3 este 12 de noviembre en la 3er. Traves\u00eda 4&#215;4 que organiz\u00f3 la C\u00e1mara de Comercio y Turismo de Villa Ventana.\" \/>\n<meta property=\"og:url\" content=\"https:\/\/www.noticiasradioreflejos.com.ar\/2021\/16245\/\" \/>\n<meta property=\"og:site_name\" content=\"Noticias Radio Reflejos\" \/>\n<meta property=\"article:published_time\" content=\"2017-11-13T20:49:44+00:00\" \/>\n<meta property=\"og:image\" content=\"http:\/\/farm5.staticflickr.com\/4534\/38342562106_6a12bf7c4f.jpg\" \/>\n<meta name=\"author\" content=\"Arnaldo Botto\" \/>\n<meta name=\"twitter:card\" content=\"summary_large_image\" \/>\n<script type=\"application\/ld+json\" class=\"yoast-schema-graph\">{\"@context\":\"https:\/\/schema.org\",\"@graph\":[{\"@type\":\"WebPage\",\"@id\":\"https:\/\/www.noticiasradioreflejos.com.ar\/2021\/16245\/\",\"url\":\"https:\/\/www.noticiasradioreflejos.com.ar\/2021\/16245\/\",\"name\":\"Aventura, sol y naturaleza en la 3\u00b0 Traves\u00eda 4x4 de Villa Ventana. - Noticias Radio Reflejos\",\"isPartOf\":{\"@id\":\"https:\/\/www.noticiasradioreflejos.com.ar\/2021\/#website\"},\"primaryImageOfPage\":{\"@id\":\"https:\/\/www.noticiasradioreflejos.com.ar\/2021\/16245\/#primaryimage\"},\"image\":{\"@id\":\"https:\/\/www.noticiasradioreflejos.com.ar\/2021\/16245\/#primaryimage\"},\"thumbnailUrl\":\"http:\/\/farm5.staticflickr.com\/4534\/38342562106_6a12bf7c4f.jpg\",\"datePublished\":\"2017-11-13T20:49:44+00:00\",\"author\":{\"@id\":\"https:\/\/www.noticiasradioreflejos.com.ar\/2021\/#\/schema\/person\/ad82545263dcc5ec0996818884fd5fb1\"},\"breadcrumb\":{\"@id\":\"https:\/\/www.noticiasradioreflejos.com.ar\/2021\/16245\/#breadcrumb\"},\"inLanguage\":\"es\",\"potentialAction\":[{\"@type\":\"ReadAction\",\"target\":[\"https:\/\/www.noticiasradioreflejos.com.ar\/2021\/16245\/\"]}]},{\"@type\":\"ImageObject\",\"inLanguage\":\"es\",\"@id\":\"https:\/\/www.noticiasradioreflejos.com.ar\/2021\/16245\/#primaryimage\",\"url\":\"http:\/\/farm5.staticflickr.com\/4534\/38342562106_6a12bf7c4f.jpg\",\"contentUrl\":\"http:\/\/farm5.staticflickr.com\/4534\/38342562106_6a12bf7c4f.jpg\"},{\"@type\":\"BreadcrumbList\",\"@id\":\"https:\/\/www.noticiasradioreflejos.com.ar\/2021\/16245\/#breadcrumb\",\"itemListElement\":[{\"@type\":\"ListItem\",\"position\":1,\"name\":\"Portada\",\"item\":\"https:\/\/www.noticiasradioreflejos.com.ar\/2021\/\"},{\"@type\":\"ListItem\",\"position\":2,\"name\":\"Aventura, sol y naturaleza en la 3\u00b0 Traves\u00eda 4&#215;4 de Villa Ventana.\"}]},{\"@type\":\"WebSite\",\"@id\":\"https:\/\/www.noticiasradioreflejos.com.ar\/2021\/#website\",\"url\":\"https:\/\/www.noticiasradioreflejos.com.ar\/2021\/\",\"name\":\"Noticias Radio Reflejos\",\"description\":\"Las noticias de mi comarca\",\"potentialAction\":[{\"@type\":\"SearchAction\",\"target\":{\"@type\":\"EntryPoint\",\"urlTemplate\":\"https:\/\/www.noticiasradioreflejos.com.ar\/2021\/?s={search_term_string}\"},\"query-input\":{\"@type\":\"PropertyValueSpecification\",\"valueRequired\":true,\"valueName\":\"search_term_string\"}}],\"inLanguage\":\"es\"},{\"@type\":\"Person\",\"@id\":\"https:\/\/www.noticiasradioreflejos.com.ar\/2021\/#\/schema\/person\/ad82545263dcc5ec0996818884fd5fb1\",\"name\":\"Arnaldo Botto\",\"image\":{\"@type\":\"ImageObject\",\"inLanguage\":\"es\",\"@id\":\"https:\/\/www.noticiasradioreflejos.com.ar\/2021\/#\/schema\/person\/image\/\",\"url\":\"https:\/\/secure.gravatar.com\/avatar\/55cb5e37c1efa326397366e6974cb338056df65cb50e7d64d1cf314e87504837?s=96&d=mm&r=g\",\"contentUrl\":\"https:\/\/secure.gravatar.com\/avatar\/55cb5e37c1efa326397366e6974cb338056df65cb50e7d64d1cf314e87504837?s=96&d=mm&r=g\",\"caption\":\"Arnaldo Botto\"},\"url\":\"https:\/\/www.noticiasradioreflejos.com.ar\/2021\/author\/arnaldo\/\"}]}<\/script>\n<!-- \/ Yoast SEO plugin. -->","yoast_head_json":{"title":"Aventura, sol y naturaleza en la 3\u00b0 Traves\u00eda 4x4 de Villa Ventana. - Noticias Radio Reflejos","robots":{"index":"index","follow":"follow","max-snippet":"max-snippet:-1","max-image-preview":"max-image-preview:large","max-video-preview":"max-video-preview:-1"},"canonical":"https:\/\/www.noticiasradioreflejos.com.ar\/2021\/16245\/","og_locale":"es_ES","og_type":"article","og_title":"Aventura, sol y naturaleza en la 3\u00b0 Traves\u00eda 4x4 de Villa Ventana. - Noticias Radio Reflejos","og_description":"Un domingo a pleno, con buen tiempo, aventuras, amistad y los incomparables paisajes de nuestra Comarca, se vivi\u00f3 este 12 de noviembre en la 3er. Traves\u00eda 4&#215;4 que organiz\u00f3 la C\u00e1mara de Comercio y Turismo de Villa Ventana.","og_url":"https:\/\/www.noticiasradioreflejos.com.ar\/2021\/16245\/","og_site_name":"Noticias Radio Reflejos","article_published_time":"2017-11-13T20:49:44+00:00","og_image":[{"url":"http:\/\/farm5.staticflickr.com\/4534\/38342562106_6a12bf7c4f.jpg","type":"","width":"","height":""}],"author":"Arnaldo Botto","twitter_card":"summary_large_image","schema":{"@context":"https:\/\/schema.org","@graph":[{"@type":"WebPage","@id":"https:\/\/www.noticiasradioreflejos.com.ar\/2021\/16245\/","url":"https:\/\/www.noticiasradioreflejos.com.ar\/2021\/16245\/","name":"Aventura, sol y naturaleza en la 3\u00b0 Traves\u00eda 4x4 de Villa Ventana. - Noticias Radio Reflejos","isPartOf":{"@id":"https:\/\/www.noticiasradioreflejos.com.ar\/2021\/#website"},"primaryImageOfPage":{"@id":"https:\/\/www.noticiasradioreflejos.com.ar\/2021\/16245\/#primaryimage"},"image":{"@id":"https:\/\/www.noticiasradioreflejos.com.ar\/2021\/16245\/#primaryimage"},"thumbnailUrl":"http:\/\/farm5.staticflickr.com\/4534\/38342562106_6a12bf7c4f.jpg","datePublished":"2017-11-13T20:49:44+00:00","author":{"@id":"https:\/\/www.noticiasradioreflejos.com.ar\/2021\/#\/schema\/person\/ad82545263dcc5ec0996818884fd5fb1"},"breadcrumb":{"@id":"https:\/\/www.noticiasradioreflejos.com.ar\/2021\/16245\/#breadcrumb"},"inLanguage":"es","potentialAction":[{"@type":"ReadAction","target":["https:\/\/www.noticiasradioreflejos.com.ar\/2021\/16245\/"]}]},{"@type":"ImageObject","inLanguage":"es","@id":"https:\/\/www.noticiasradioreflejos.com.ar\/2021\/16245\/#primaryimage","url":"http:\/\/farm5.staticflickr.com\/4534\/38342562106_6a12bf7c4f.jpg","contentUrl":"http:\/\/farm5.staticflickr.com\/4534\/38342562106_6a12bf7c4f.jpg"},{"@type":"BreadcrumbList","@id":"https:\/\/www.noticiasradioreflejos.com.ar\/2021\/16245\/#breadcrumb","itemListElement":[{"@type":"ListItem","position":1,"name":"Portada","item":"https:\/\/www.noticiasradioreflejos.com.ar\/2021\/"},{"@type":"ListItem","position":2,"name":"Aventura, sol y naturaleza en la 3\u00b0 Traves\u00eda 4&#215;4 de Villa Ventana."}]},{"@type":"WebSite","@id":"https:\/\/www.noticiasradioreflejos.com.ar\/2021\/#website","url":"https:\/\/www.noticiasradioreflejos.com.ar\/2021\/","name":"Noticias Radio Reflejos","description":"Las noticias de mi comarca","potentialAction":[{"@type":"SearchAction","target":{"@type":"EntryPoint","urlTemplate":"https:\/\/www.noticiasradioreflejos.com.ar\/2021\/?s={search_term_string}"},"query-input":{"@type":"PropertyValueSpecification","valueRequired":true,"valueName":"search_term_string"}}],"inLanguage":"es"},{"@type":"Person","@id":"https:\/\/www.noticiasradioreflejos.com.ar\/2021\/#\/schema\/person\/ad82545263dcc5ec0996818884fd5fb1","name":"Arnaldo Botto","image":{"@type":"ImageObject","inLanguage":"es","@id":"https:\/\/www.noticiasradioreflejos.com.ar\/2021\/#\/schema\/person\/image\/","url":"https:\/\/secure.gravatar.com\/avatar\/55cb5e37c1efa326397366e6974cb338056df65cb50e7d64d1cf314e87504837?s=96&d=mm&r=g","contentUrl":"https:\/\/secure.gravatar.com\/avatar\/55cb5e37c1efa326397366e6974cb338056df65cb50e7d64d1cf314e87504837?s=96&d=mm&r=g","caption":"Arnaldo Botto"},"url":"https:\/\/www.noticiasradioreflejos.com.ar\/2021\/author\/arnaldo\/"}]}},"_links":{"self":[{"href":"https:\/\/www.noticiasradioreflejos.com.ar\/2021\/wp-json\/wp\/v2\/posts\/16245","targetHints":{"allow":["GET"]}}],"collection":[{"href":"https:\/\/www.noticiasradioreflejos.com.ar\/2021\/wp-json\/wp\/v2\/posts"}],"about":[{"href":"https:\/\/www.noticiasradioreflejos.com.ar\/2021\/wp-json\/wp\/v2\/types\/post"}],"author":[{"embeddable":true,"href":"https:\/\/www.noticiasradioreflejos.com.ar\/2021\/wp-json\/wp\/v2\/users\/3"}],"replies":[{"embeddable":true,"href":"https:\/\/www.noticiasradioreflejos.com.ar\/2021\/wp-json\/wp\/v2\/comments?post=16245"}],"version-history":[{"count":0,"href":"https:\/\/www.noticiasradioreflejos.com.ar\/2021\/wp-json\/wp\/v2\/posts\/16245\/revisions"}],"wp:attachment":[{"href":"https:\/\/www.noticiasradioreflejos.com.ar\/2021\/wp-json\/wp\/v2\/media?parent=16245"}],"wp:term":[{"taxonomy":"category","embeddable":true,"href":"https:\/\/www.noticiasradioreflejos.com.ar\/2021\/wp-json\/wp\/v2\/categories?post=16245"},{"taxonomy":"post_tag","embeddable":true,"href":"https:\/\/www.noticiasradioreflejos.com.ar\/2021\/wp-json\/wp\/v2\/tags?post=16245"}],"curies":[{"name":"wp","href":"https:\/\/api.w.org\/{rel}","templated":true}]}}