{"id":16243,"date":"2017-11-13T17:47:57","date_gmt":"2017-11-13T20:47:57","guid":{"rendered":"http:\/\/www.noticiasradioreflejos.com.ar\/noticias\/?p=16243"},"modified":"2017-11-13T17:47:57","modified_gmt":"2017-11-13T20:47:57","slug":"tarde-redonda-de-las-inferiores-de-automoto-en-pigue","status":"publish","type":"post","link":"https:\/\/www.noticiasradioreflejos.com.ar\/2021\/tarde-redonda-de-las-inferiores-de-automoto-en-pigue\/","title":{"rendered":"Tarde redonda de las inferiores de Automoto en Pig\u00fc\u00e9."},"content":{"rendered":"<p><a title=\"5ta ACD\" href=\"http:\/\/farm5.staticflickr.com\/4549\/38366654482_a15564665f.jpg\" rel=\"\"><img loading=\"lazy\" decoding=\"async\" class=\"alignleft\" style=\"float: left;\" title=\"5ta ACD\" src=\"http:\/\/farm5.staticflickr.com\/4549\/38366654482_a15564665f.jpg\" alt=\"5ta ACD\" width=\"500\" height=\"263\" \/><\/a>Tres partidos disputados, tres triunfos, 10 goles a favor y tan s\u00f3lo uno en contra. Esos n\u00fameros no hacen m\u00e1s que reflejar claramente la excelente jornada que los chicos de las inferiores del Automoto Club Deportivo cumplieron en Pig\u00fc\u00e9, donde se midieron con Uni\u00f3n de esa ciudad, en el marco de la octava programaci\u00f3n del torneo Clausura de Inferiores de la Liga Regional de Coronel Su\u00e1rez.<!--more--><br \/>\nEl resultado m\u00e1s holgado lo consigui\u00f3 la S\u00e9ptima, que super\u00f3 a su rival por 5 a 1 y, aprovechando la jornada de descanso de Racing de Carhu\u00e9, trep\u00f3 hasta lo m\u00e1s alto de la tabla de posiciones (15 puntos).<br \/>\nLos tantos de la goleada fueron convertidos por Tiziano Gambirassi, Juan Mart\u00edn Toy, Nicol\u00e1s Abreg\u00fa, Luca Marzialetti y Augusto Braun.<br \/>\nDespu\u00e9s de superar a Uni\u00f3n con un claro 3 a 0, la Octava tambi\u00e9n se mantiene en la cima de las ubicaciones de la Zona \u201cB\u201d, aunque en este caso con cuatro unidades de ventaja sobre San Mart\u00edn de Carhu\u00e9 y cinco sobre Racing de esa misma ciudad, aunque ambos cuentan con un partido menos.<br \/>\nLa victoria lleg\u00f3 gracias a los goles de Juan Francisco C\u00f3nsoli, Ger\u00f3nimo Kugler y Valent\u00edn Alric.<br \/>\nFinalmente, la Quinta consigui\u00f3 su segundo triunfo en el certamen: fue 2 a 0, con las conversiones de Ger\u00f3nimo Bucchi e Ismael Aguado.<br \/>\nLa pr\u00f3xima semana, Automoto recibir\u00e1 a Deportivo Sarmiento \u201cA\u201d en todas las categor\u00edas. Ser\u00e1 una fecha clave para la Sexta, S\u00e9ptima y Octava, que pugnan por clasificar entre los dos equipos que disputar\u00e1n las semifinales.<br \/>\n<a title=\"resultados de partidos\" href=\"http:\/\/farm5.staticflickr.com\/4522\/38342973546_0da1f19d0a_z.jpg\" rel=\"\"><img loading=\"lazy\" decoding=\"async\" class=\"alignleft\" style=\"float: left;\" title=\"resultados de partidos\" src=\"http:\/\/farm5.staticflickr.com\/4522\/38342973546_0da1f19d0a_z.jpg\" alt=\"resultados de partidos\" width=\"608\" height=\"249\" \/><\/a><br \/>\n&nbsp;<br \/>\n&nbsp;<br \/>\n&nbsp;<br \/>\n&nbsp;<br \/>\n&nbsp;<br \/>\n&nbsp;<br \/>\n<a title=\"resultados de partidos 2\" href=\"http:\/\/farm5.staticflickr.com\/4547\/24527369868_6a84ab666a.jpg\" rel=\"\"><img loading=\"lazy\" decoding=\"async\" class=\"alignleft\" style=\"float: left;\" title=\"resultados de partidos 2\" src=\"http:\/\/farm5.staticflickr.com\/4547\/24527369868_6a84ab666a.jpg\" alt=\"resultados de partidos 2\" width=\"500\" height=\"91\" \/><\/a><a title=\"resultados de partidos 3\" href=\"http:\/\/farm5.staticflickr.com\/4549\/24527364758_8bed9e9807_z.jpg\" rel=\"\"><img loading=\"lazy\" decoding=\"async\" class=\"alignleft\" style=\"float: left;\" title=\"resultados de partidos 3\" src=\"http:\/\/farm5.staticflickr.com\/4549\/24527364758_8bed9e9807_z.jpg\" alt=\"resultados de partidos 3\" width=\"617\" height=\"390\" \/><\/a><a title=\"resultados de partidos 4\" href=\"http:\/\/farm5.staticflickr.com\/4580\/26622484819_9ba4ace1f4_z.jpg\" rel=\"\"><img loading=\"lazy\" decoding=\"async\" class=\"alignleft\" style=\"float: left;\" title=\"resultados de partidos 4\" src=\"http:\/\/farm5.staticflickr.com\/4580\/26622484819_9ba4ace1f4_z.jpg\" alt=\"resultados de partidos 4\" width=\"610\" height=\"268\" \/><\/a><a title=\"resultados de partidos 5\" href=\"http:\/\/farm5.staticflickr.com\/4579\/24527338678_a0a8c199e8_z.jpg\" rel=\"\"><img loading=\"lazy\" decoding=\"async\" class=\"alignleft\" style=\"float: left;\" title=\"resultados de partidos 5\" src=\"http:\/\/farm5.staticflickr.com\/4579\/24527338678_a0a8c199e8_z.jpg\" alt=\"resultados de partidos 5\" width=\"605\" height=\"142\" \/><\/a><a title=\"resultados de partidos 6\" href=\"http:\/\/farm5.staticflickr.com\/4520\/38342975766_f4a114c5fa_z.jpg\" rel=\"\"><img loading=\"lazy\" decoding=\"async\" class=\"alignleft\" style=\"float: left;\" title=\"resultados de partidos 6\" src=\"http:\/\/farm5.staticflickr.com\/4520\/38342975766_f4a114c5fa_z.jpg\" alt=\"resultados de partidos 6\" width=\"611\" height=\"456\" \/><\/a><br \/>\n<a title=\"7ma ACD\" href=\"http:\/\/farm5.staticflickr.com\/4562\/24526996258_fe1cf3bfa6_z.jpg\" rel=\"\"><img loading=\"lazy\" decoding=\"async\" class=\"aligncenter\" title=\"7ma ACD\" src=\"http:\/\/farm5.staticflickr.com\/4562\/24526996258_fe1cf3bfa6_z.jpg\" alt=\"7ma ACD\" width=\"640\" height=\"371\" \/><\/a>Departamento de Prensa \u2013 Automoto Club Deportivo<br \/>\nwww.clubautomotopasion.com.ar<br \/>\nFacebook: \/automototornquist<br \/>\nTwitter: @ClubAutomoto<\/p>\n","protected":false},"excerpt":{"rendered":"<p>Tres partidos disputados, tres triunfos, 10 goles a favor y tan s\u00f3lo uno en contra. Esos n\u00fameros no hacen m\u00e1s que reflejar claramente la excelente jornada que los chicos de las inferiores del Automoto Club Deportivo cumplieron en Pig\u00fc\u00e9, donde se midieron con Uni\u00f3n de esa ciudad, en el marco de la octava programaci\u00f3n del [&hellip;]<\/p>\n","protected":false},"author":3,"featured_media":0,"comment_status":"closed","ping_status":"open","sticky":false,"template":"","format":"standard","meta":{"footnotes":""},"categories":[27],"tags":[],"class_list":["post-16243","post","type-post","status-publish","format-standard","hentry","category-deportes"],"yoast_head":"<!-- This site is optimized with the Yoast SEO plugin v25.9 - https:\/\/yoast.com\/wordpress\/plugins\/seo\/ -->\n<title>Tarde redonda de las inferiores de Automoto en Pig\u00fc\u00e9. - Noticias Radio Reflejos<\/title>\n<meta name=\"robots\" content=\"index, follow, max-snippet:-1, max-image-preview:large, max-video-preview:-1\" \/>\n<link rel=\"canonical\" href=\"https:\/\/www.noticiasradioreflejos.com.ar\/2021\/tarde-redonda-de-las-inferiores-de-automoto-en-pigue\/\" \/>\n<meta property=\"og:locale\" content=\"es_ES\" \/>\n<meta property=\"og:type\" content=\"article\" \/>\n<meta property=\"og:title\" content=\"Tarde redonda de las inferiores de Automoto en Pig\u00fc\u00e9. - Noticias Radio Reflejos\" \/>\n<meta property=\"og:description\" content=\"Tres partidos disputados, tres triunfos, 10 goles a favor y tan s\u00f3lo uno en contra. Esos n\u00fameros no hacen m\u00e1s que reflejar claramente la excelente jornada que los chicos de las inferiores del Automoto Club Deportivo cumplieron en Pig\u00fc\u00e9, donde se midieron con Uni\u00f3n de esa ciudad, en el marco de la octava programaci\u00f3n del [&hellip;]\" \/>\n<meta property=\"og:url\" content=\"https:\/\/www.noticiasradioreflejos.com.ar\/2021\/tarde-redonda-de-las-inferiores-de-automoto-en-pigue\/\" \/>\n<meta property=\"og:site_name\" content=\"Noticias Radio Reflejos\" \/>\n<meta property=\"article:published_time\" content=\"2017-11-13T20:47:57+00:00\" \/>\n<meta property=\"og:image\" content=\"http:\/\/farm5.staticflickr.com\/4549\/38366654482_a15564665f.jpg\" \/>\n<meta name=\"author\" content=\"Arnaldo Botto\" \/>\n<meta name=\"twitter:card\" content=\"summary_large_image\" \/>\n<script type=\"application\/ld+json\" class=\"yoast-schema-graph\">{\"@context\":\"https:\/\/schema.org\",\"@graph\":[{\"@type\":\"WebPage\",\"@id\":\"https:\/\/www.noticiasradioreflejos.com.ar\/2021\/tarde-redonda-de-las-inferiores-de-automoto-en-pigue\/\",\"url\":\"https:\/\/www.noticiasradioreflejos.com.ar\/2021\/tarde-redonda-de-las-inferiores-de-automoto-en-pigue\/\",\"name\":\"Tarde redonda de las inferiores de Automoto en Pig\u00fc\u00e9. - Noticias Radio Reflejos\",\"isPartOf\":{\"@id\":\"https:\/\/www.noticiasradioreflejos.com.ar\/2021\/#website\"},\"primaryImageOfPage\":{\"@id\":\"https:\/\/www.noticiasradioreflejos.com.ar\/2021\/tarde-redonda-de-las-inferiores-de-automoto-en-pigue\/#primaryimage\"},\"image\":{\"@id\":\"https:\/\/www.noticiasradioreflejos.com.ar\/2021\/tarde-redonda-de-las-inferiores-de-automoto-en-pigue\/#primaryimage\"},\"thumbnailUrl\":\"http:\/\/farm5.staticflickr.com\/4549\/38366654482_a15564665f.jpg\",\"datePublished\":\"2017-11-13T20:47:57+00:00\",\"author\":{\"@id\":\"https:\/\/www.noticiasradioreflejos.com.ar\/2021\/#\/schema\/person\/ad82545263dcc5ec0996818884fd5fb1\"},\"breadcrumb\":{\"@id\":\"https:\/\/www.noticiasradioreflejos.com.ar\/2021\/tarde-redonda-de-las-inferiores-de-automoto-en-pigue\/#breadcrumb\"},\"inLanguage\":\"es\",\"potentialAction\":[{\"@type\":\"ReadAction\",\"target\":[\"https:\/\/www.noticiasradioreflejos.com.ar\/2021\/tarde-redonda-de-las-inferiores-de-automoto-en-pigue\/\"]}]},{\"@type\":\"ImageObject\",\"inLanguage\":\"es\",\"@id\":\"https:\/\/www.noticiasradioreflejos.com.ar\/2021\/tarde-redonda-de-las-inferiores-de-automoto-en-pigue\/#primaryimage\",\"url\":\"http:\/\/farm5.staticflickr.com\/4549\/38366654482_a15564665f.jpg\",\"contentUrl\":\"http:\/\/farm5.staticflickr.com\/4549\/38366654482_a15564665f.jpg\"},{\"@type\":\"BreadcrumbList\",\"@id\":\"https:\/\/www.noticiasradioreflejos.com.ar\/2021\/tarde-redonda-de-las-inferiores-de-automoto-en-pigue\/#breadcrumb\",\"itemListElement\":[{\"@type\":\"ListItem\",\"position\":1,\"name\":\"Portada\",\"item\":\"https:\/\/www.noticiasradioreflejos.com.ar\/2021\/\"},{\"@type\":\"ListItem\",\"position\":2,\"name\":\"Tarde redonda de las inferiores de Automoto en Pig\u00fc\u00e9.\"}]},{\"@type\":\"WebSite\",\"@id\":\"https:\/\/www.noticiasradioreflejos.com.ar\/2021\/#website\",\"url\":\"https:\/\/www.noticiasradioreflejos.com.ar\/2021\/\",\"name\":\"Noticias Radio Reflejos\",\"description\":\"Las noticias de mi comarca\",\"potentialAction\":[{\"@type\":\"SearchAction\",\"target\":{\"@type\":\"EntryPoint\",\"urlTemplate\":\"https:\/\/www.noticiasradioreflejos.com.ar\/2021\/?s={search_term_string}\"},\"query-input\":{\"@type\":\"PropertyValueSpecification\",\"valueRequired\":true,\"valueName\":\"search_term_string\"}}],\"inLanguage\":\"es\"},{\"@type\":\"Person\",\"@id\":\"https:\/\/www.noticiasradioreflejos.com.ar\/2021\/#\/schema\/person\/ad82545263dcc5ec0996818884fd5fb1\",\"name\":\"Arnaldo Botto\",\"image\":{\"@type\":\"ImageObject\",\"inLanguage\":\"es\",\"@id\":\"https:\/\/www.noticiasradioreflejos.com.ar\/2021\/#\/schema\/person\/image\/\",\"url\":\"https:\/\/secure.gravatar.com\/avatar\/55cb5e37c1efa326397366e6974cb338056df65cb50e7d64d1cf314e87504837?s=96&d=mm&r=g\",\"contentUrl\":\"https:\/\/secure.gravatar.com\/avatar\/55cb5e37c1efa326397366e6974cb338056df65cb50e7d64d1cf314e87504837?s=96&d=mm&r=g\",\"caption\":\"Arnaldo Botto\"},\"url\":\"https:\/\/www.noticiasradioreflejos.com.ar\/2021\/author\/arnaldo\/\"}]}<\/script>\n<!-- \/ Yoast SEO plugin. -->","yoast_head_json":{"title":"Tarde redonda de las inferiores de Automoto en Pig\u00fc\u00e9. - Noticias Radio Reflejos","robots":{"index":"index","follow":"follow","max-snippet":"max-snippet:-1","max-image-preview":"max-image-preview:large","max-video-preview":"max-video-preview:-1"},"canonical":"https:\/\/www.noticiasradioreflejos.com.ar\/2021\/tarde-redonda-de-las-inferiores-de-automoto-en-pigue\/","og_locale":"es_ES","og_type":"article","og_title":"Tarde redonda de las inferiores de Automoto en Pig\u00fc\u00e9. - Noticias Radio Reflejos","og_description":"Tres partidos disputados, tres triunfos, 10 goles a favor y tan s\u00f3lo uno en contra. Esos n\u00fameros no hacen m\u00e1s que reflejar claramente la excelente jornada que los chicos de las inferiores del Automoto Club Deportivo cumplieron en Pig\u00fc\u00e9, donde se midieron con Uni\u00f3n de esa ciudad, en el marco de la octava programaci\u00f3n del [&hellip;]","og_url":"https:\/\/www.noticiasradioreflejos.com.ar\/2021\/tarde-redonda-de-las-inferiores-de-automoto-en-pigue\/","og_site_name":"Noticias Radio Reflejos","article_published_time":"2017-11-13T20:47:57+00:00","og_image":[{"url":"http:\/\/farm5.staticflickr.com\/4549\/38366654482_a15564665f.jpg","type":"","width":"","height":""}],"author":"Arnaldo Botto","twitter_card":"summary_large_image","schema":{"@context":"https:\/\/schema.org","@graph":[{"@type":"WebPage","@id":"https:\/\/www.noticiasradioreflejos.com.ar\/2021\/tarde-redonda-de-las-inferiores-de-automoto-en-pigue\/","url":"https:\/\/www.noticiasradioreflejos.com.ar\/2021\/tarde-redonda-de-las-inferiores-de-automoto-en-pigue\/","name":"Tarde redonda de las inferiores de Automoto en Pig\u00fc\u00e9. - Noticias Radio Reflejos","isPartOf":{"@id":"https:\/\/www.noticiasradioreflejos.com.ar\/2021\/#website"},"primaryImageOfPage":{"@id":"https:\/\/www.noticiasradioreflejos.com.ar\/2021\/tarde-redonda-de-las-inferiores-de-automoto-en-pigue\/#primaryimage"},"image":{"@id":"https:\/\/www.noticiasradioreflejos.com.ar\/2021\/tarde-redonda-de-las-inferiores-de-automoto-en-pigue\/#primaryimage"},"thumbnailUrl":"http:\/\/farm5.staticflickr.com\/4549\/38366654482_a15564665f.jpg","datePublished":"2017-11-13T20:47:57+00:00","author":{"@id":"https:\/\/www.noticiasradioreflejos.com.ar\/2021\/#\/schema\/person\/ad82545263dcc5ec0996818884fd5fb1"},"breadcrumb":{"@id":"https:\/\/www.noticiasradioreflejos.com.ar\/2021\/tarde-redonda-de-las-inferiores-de-automoto-en-pigue\/#breadcrumb"},"inLanguage":"es","potentialAction":[{"@type":"ReadAction","target":["https:\/\/www.noticiasradioreflejos.com.ar\/2021\/tarde-redonda-de-las-inferiores-de-automoto-en-pigue\/"]}]},{"@type":"ImageObject","inLanguage":"es","@id":"https:\/\/www.noticiasradioreflejos.com.ar\/2021\/tarde-redonda-de-las-inferiores-de-automoto-en-pigue\/#primaryimage","url":"http:\/\/farm5.staticflickr.com\/4549\/38366654482_a15564665f.jpg","contentUrl":"http:\/\/farm5.staticflickr.com\/4549\/38366654482_a15564665f.jpg"},{"@type":"BreadcrumbList","@id":"https:\/\/www.noticiasradioreflejos.com.ar\/2021\/tarde-redonda-de-las-inferiores-de-automoto-en-pigue\/#breadcrumb","itemListElement":[{"@type":"ListItem","position":1,"name":"Portada","item":"https:\/\/www.noticiasradioreflejos.com.ar\/2021\/"},{"@type":"ListItem","position":2,"name":"Tarde redonda de las inferiores de Automoto en Pig\u00fc\u00e9."}]},{"@type":"WebSite","@id":"https:\/\/www.noticiasradioreflejos.com.ar\/2021\/#website","url":"https:\/\/www.noticiasradioreflejos.com.ar\/2021\/","name":"Noticias Radio Reflejos","description":"Las noticias de mi comarca","potentialAction":[{"@type":"SearchAction","target":{"@type":"EntryPoint","urlTemplate":"https:\/\/www.noticiasradioreflejos.com.ar\/2021\/?s={search_term_string}"},"query-input":{"@type":"PropertyValueSpecification","valueRequired":true,"valueName":"search_term_string"}}],"inLanguage":"es"},{"@type":"Person","@id":"https:\/\/www.noticiasradioreflejos.com.ar\/2021\/#\/schema\/person\/ad82545263dcc5ec0996818884fd5fb1","name":"Arnaldo Botto","image":{"@type":"ImageObject","inLanguage":"es","@id":"https:\/\/www.noticiasradioreflejos.com.ar\/2021\/#\/schema\/person\/image\/","url":"https:\/\/secure.gravatar.com\/avatar\/55cb5e37c1efa326397366e6974cb338056df65cb50e7d64d1cf314e87504837?s=96&d=mm&r=g","contentUrl":"https:\/\/secure.gravatar.com\/avatar\/55cb5e37c1efa326397366e6974cb338056df65cb50e7d64d1cf314e87504837?s=96&d=mm&r=g","caption":"Arnaldo Botto"},"url":"https:\/\/www.noticiasradioreflejos.com.ar\/2021\/author\/arnaldo\/"}]}},"_links":{"self":[{"href":"https:\/\/www.noticiasradioreflejos.com.ar\/2021\/wp-json\/wp\/v2\/posts\/16243","targetHints":{"allow":["GET"]}}],"collection":[{"href":"https:\/\/www.noticiasradioreflejos.com.ar\/2021\/wp-json\/wp\/v2\/posts"}],"about":[{"href":"https:\/\/www.noticiasradioreflejos.com.ar\/2021\/wp-json\/wp\/v2\/types\/post"}],"author":[{"embeddable":true,"href":"https:\/\/www.noticiasradioreflejos.com.ar\/2021\/wp-json\/wp\/v2\/users\/3"}],"replies":[{"embeddable":true,"href":"https:\/\/www.noticiasradioreflejos.com.ar\/2021\/wp-json\/wp\/v2\/comments?post=16243"}],"version-history":[{"count":0,"href":"https:\/\/www.noticiasradioreflejos.com.ar\/2021\/wp-json\/wp\/v2\/posts\/16243\/revisions"}],"wp:attachment":[{"href":"https:\/\/www.noticiasradioreflejos.com.ar\/2021\/wp-json\/wp\/v2\/media?parent=16243"}],"wp:term":[{"taxonomy":"category","embeddable":true,"href":"https:\/\/www.noticiasradioreflejos.com.ar\/2021\/wp-json\/wp\/v2\/categories?post=16243"},{"taxonomy":"post_tag","embeddable":true,"href":"https:\/\/www.noticiasradioreflejos.com.ar\/2021\/wp-json\/wp\/v2\/tags?post=16243"}],"curies":[{"name":"wp","href":"https:\/\/api.w.org\/{rel}","templated":true}]}}