{"id":16213,"date":"2017-11-13T09:16:18","date_gmt":"2017-11-13T12:16:18","guid":{"rendered":"http:\/\/www.noticiasradioreflejos.com.ar\/noticias\/?p=16213"},"modified":"2017-11-13T09:16:18","modified_gmt":"2017-11-13T12:16:18","slug":"tres-jornadas-inolvidables-en-la-8va-feria-del-libro-de-sierra-de-la-ventana","status":"publish","type":"post","link":"https:\/\/www.noticiasradioreflejos.com.ar\/2021\/tres-jornadas-inolvidables-en-la-8va-feria-del-libro-de-sierra-de-la-ventana\/","title":{"rendered":"Tres jornadas inolvidables en la 8va Feria del Libro de Sierra de la Ventana."},"content":{"rendered":"<p><a title=\"8va Feria del Libro (51)\" href=\"http:\/\/farm5.staticflickr.com\/4545\/38332268806_935355812f.jpg\" rel=\"\"><img loading=\"lazy\" decoding=\"async\" class=\"alignleft\" style=\"float: left;\" title=\"8va Feria del Libro (51)\" src=\"http:\/\/farm5.staticflickr.com\/4545\/38332268806_935355812f.jpg\" alt=\"8va Feria del Libro (51)\" width=\"500\" height=\"281\" \/><\/a>Alegr\u00eda y satisfacci\u00f3n en el Grupo de autogesti\u00f3n de Sierra de la Ventana que organiz\u00f3 con \u00e9xito esta nueva edici\u00f3n de la Feria del Libro.<br \/>\nSu octava propuesta anual se realiz\u00f3 desde el viernes 10 de Noviembre y cerr\u00f3 este domingo 12 en el predio del Centro Cultural de la localidad.<!--more--><br \/>\nEl municipio apoy\u00f3 log\u00edsticamente y con el sonido que fue fundamental para la presentaci\u00f3n de grupos y bandas que pasaron por el escenario.<br \/>\nDurante las tres jornadas muchos amantes de la cultura, la literatura y la m\u00fasica tuvieron la oportunidad de recorrerla y en muchos casos adquirir lo que creen son tesoros escondidos como viejos vinilos, diarios o libros que alguna vez so\u00f1aron con tener en sus manos.<br \/>\nEn el interior del galp\u00f3n como en el centro cultural los talleres y encuentros fueron infaltables y al aire libre tambi\u00e9n se dieron una serie de interesantes propuestas en el escenario natural de la muestra.<br \/>\nEsculturas en vivo, muestras fotogr\u00e1ficas, presentaci\u00f3n de las bibliotecas populares de la comarca con feria y patio de comidas y artesanos.<br \/>\nLa jornada del s\u00e1bado incluy\u00f3 espect\u00e1culos con la presentaci\u00f3n de Hijos del vinilo y Changui un quinteto de estilo propio.<br \/>\nHubo distintas presentaciones de libros como \u201cPatria, cr\u00f3nicas de un sue\u00f1o pobre\u201d de Alejandro Ipp\u00f3lito. \u201cDe caminata entre als Sierras\u201d de Gabriela Garcia. \u201cCasa de Gatos\u201d de Israel Chira de C. Suarez. \u201cLas Formulas\u201d de Carolina Rack. \u201cLuna de siete caras\u201d de Elsa Calceta. \u201cTintas de Tangos 2\u201d Guilermo Arena de Bah\u00eda Blanca.\u201dMadricomio\u201d de Ramses Castillo. \u201cAprendiendo Wizum\u201d de Tato Corte. \u201cHistoria de la Crueldad Argentina\u201d deMariano Nagy y Luciano Literas con \u201cDilomacia, malones y cautivos en la frontera sur del siglo XX\u201d. \u201cSiniestro\u201d de Patricio Chaija. \u201cOcho Monologos\u201d Franca Rame y Dario Fo. \u201cBlanco sobre negro, el rescate de la verdad\u201d de Elvira Cereijo. \u201cDe mi Tierra\u201d de Ruben Iriart. Monte Hermoso. \u201cCamarader\u00eda Amorosa\u201d Editorial Golondrina Bahia Blanca. \u201cIntroducci\u00f3n a la arqueria\u201d Marti Godio Bah\u00eda Blanca. \u201cImaginarios del desarrollo\u201d Gonzalo Iparraguirre. Y presentaci\u00f3n de archivo oral de tornquist con el profesor Mariano Spialtini.<br \/>\nEn lo art\u00edstico el domingo subieron la Orquesta T\u00edpica En Conserva con tango. Esa Fulanita cuarteto de m\u00fasica popular. La Pe\u00f1a \u201cHuinca Malal\u201d de Saldungaray y estaba prevista m\u00e1s tarde El Pasto Rock de ra\u00edces y Morse y la repentina de Coronel Suarez, percusi\u00f3n por se\u00f1as.<br \/>\nTres d\u00edas a pleno con la cultura en una movida para destacar hecho a pulm\u00f3n pero con convocatoria plena y con mucho trabajo casi silencioso que cada a\u00f1o crece mucho m\u00e1s.<br \/>\n<a title=\"8va Feria del Libro (73)\" href=\"http:\/\/farm5.staticflickr.com\/4537\/38332251426_6f782a3145_z.jpg\" rel=\"\"><img loading=\"lazy\" decoding=\"async\" class=\"aligncenter\" title=\"8va Feria del Libro (73)\" src=\"http:\/\/farm5.staticflickr.com\/4537\/38332251426_6f782a3145_z.jpg\" alt=\"8va Feria del Libro (73)\" width=\"640\" height=\"360\" \/><\/a><br \/>\n<a title=\"8va Feria del Libro (75)\" href=\"http:\/\/farm5.staticflickr.com\/4523\/38387085591_03b887409b_z.jpg\" rel=\"\"><img loading=\"lazy\" decoding=\"async\" class=\"aligncenter\" title=\"8va Feria del Libro (75)\" src=\"http:\/\/farm5.staticflickr.com\/4523\/38387085591_03b887409b_z.jpg\" alt=\"8va Feria del Libro (75)\" width=\"640\" height=\"360\" \/><\/a><a title=\"8va Feria del Libro (71)\" href=\"http:\/\/farm5.staticflickr.com\/4529\/37672429584_2f43bc3bd4_z.jpg\" rel=\"\"><img loading=\"lazy\" decoding=\"async\" class=\"aligncenter\" title=\"8va Feria del Libro (71)\" src=\"http:\/\/farm5.staticflickr.com\/4529\/37672429584_2f43bc3bd4_z.jpg\" alt=\"8va Feria del Libro (71)\" width=\"640\" height=\"360\" \/><\/a><a title=\"8va Feria del Libro (69)\" href=\"http:\/\/farm5.staticflickr.com\/4567\/38332257956_41f63a3cae_z.jpg\" rel=\"\"><img loading=\"lazy\" decoding=\"async\" class=\"aligncenter\" title=\"8va Feria del Libro (69)\" src=\"http:\/\/farm5.staticflickr.com\/4567\/38332257956_41f63a3cae_z.jpg\" alt=\"8va Feria del Libro (69)\" width=\"640\" height=\"360\" \/><\/a><a title=\"8va Feria del Libro (62)\" href=\"http:\/\/farm5.staticflickr.com\/4525\/37672433484_e36d8e5a9a_z.jpg\" rel=\"\"><img loading=\"lazy\" decoding=\"async\" class=\"aligncenter\" title=\"8va Feria del Libro (62)\" src=\"http:\/\/farm5.staticflickr.com\/4525\/37672433484_e36d8e5a9a_z.jpg\" alt=\"8va Feria del Libro (62)\" width=\"640\" height=\"360\" \/><\/a><a title=\"8va Feria del Libro (61)\" href=\"http:\/\/farm5.staticflickr.com\/4574\/38332263566_c7b2ac1fac_z.jpg\" rel=\"\"><img loading=\"lazy\" decoding=\"async\" class=\"aligncenter\" title=\"8va Feria del Libro (61)\" src=\"http:\/\/farm5.staticflickr.com\/4574\/38332263566_c7b2ac1fac_z.jpg\" alt=\"8va Feria del Libro (61)\" width=\"640\" height=\"360\" \/><\/a><a title=\"8va Feria del Libro (57)\" href=\"http:\/\/farm5.staticflickr.com\/4523\/37672436004_e4880ac141_z.jpg\" rel=\"\"><img loading=\"lazy\" decoding=\"async\" class=\"aligncenter\" title=\"8va Feria del Libro (57)\" src=\"http:\/\/farm5.staticflickr.com\/4523\/37672436004_e4880ac141_z.jpg\" alt=\"8va Feria del Libro (57)\" width=\"640\" height=\"360\" \/><\/a><a title=\"8va Feria del Libro (51)\" href=\"http:\/\/farm5.staticflickr.com\/4545\/38332268806_935355812f_z.jpg\" rel=\"\"><img loading=\"lazy\" decoding=\"async\" class=\"aligncenter\" title=\"8va Feria del Libro (51)\" src=\"http:\/\/farm5.staticflickr.com\/4545\/38332268806_935355812f_z.jpg\" alt=\"8va Feria del Libro (51)\" width=\"640\" height=\"360\" \/><\/a><a title=\"8va Feria del Libro (46)\" href=\"http:\/\/farm5.staticflickr.com\/4551\/37672438344_cfdb6a55e7_z.jpg\" rel=\"\"><img loading=\"lazy\" decoding=\"async\" class=\"aligncenter\" title=\"8va Feria del Libro (46)\" src=\"http:\/\/farm5.staticflickr.com\/4551\/37672438344_cfdb6a55e7_z.jpg\" alt=\"8va Feria del Libro (46)\" width=\"640\" height=\"360\" \/><\/a><a title=\"8va Feria del Libro (41)\" href=\"http:\/\/farm5.staticflickr.com\/4586\/38332274836_a7c578f327_z.jpg\" rel=\"\"><img loading=\"lazy\" decoding=\"async\" class=\"aligncenter\" title=\"8va Feria del Libro (41)\" src=\"http:\/\/farm5.staticflickr.com\/4586\/38332274836_a7c578f327_z.jpg\" alt=\"8va Feria del Libro (41)\" width=\"640\" height=\"360\" \/><\/a><\/p>\n","protected":false},"excerpt":{"rendered":"<p>Alegr\u00eda y satisfacci\u00f3n en el Grupo de autogesti\u00f3n de Sierra de la Ventana que organiz\u00f3 con \u00e9xito esta nueva edici\u00f3n de la Feria del Libro. Su octava propuesta anual se realiz\u00f3 desde el viernes 10 de Noviembre y cerr\u00f3 este domingo 12 en el predio del Centro Cultural de la localidad.<\/p>\n","protected":false},"author":3,"featured_media":0,"comment_status":"closed","ping_status":"open","sticky":false,"template":"","format":"standard","meta":{"footnotes":""},"categories":[35],"tags":[],"class_list":["post-16213","post","type-post","status-publish","format-standard","hentry","category-cultura"],"yoast_head":"<!-- This site is optimized with the Yoast SEO plugin v25.9 - https:\/\/yoast.com\/wordpress\/plugins\/seo\/ -->\n<title>Tres jornadas inolvidables en la 8va Feria del Libro de Sierra de la Ventana. - Noticias Radio Reflejos<\/title>\n<meta name=\"robots\" content=\"index, follow, max-snippet:-1, max-image-preview:large, max-video-preview:-1\" \/>\n<link rel=\"canonical\" href=\"https:\/\/www.noticiasradioreflejos.com.ar\/2021\/tres-jornadas-inolvidables-en-la-8va-feria-del-libro-de-sierra-de-la-ventana\/\" \/>\n<meta property=\"og:locale\" content=\"es_ES\" \/>\n<meta property=\"og:type\" content=\"article\" \/>\n<meta property=\"og:title\" content=\"Tres jornadas inolvidables en la 8va Feria del Libro de Sierra de la Ventana. - Noticias Radio Reflejos\" \/>\n<meta property=\"og:description\" content=\"Alegr\u00eda y satisfacci\u00f3n en el Grupo de autogesti\u00f3n de Sierra de la Ventana que organiz\u00f3 con \u00e9xito esta nueva edici\u00f3n de la Feria del Libro. Su octava propuesta anual se realiz\u00f3 desde el viernes 10 de Noviembre y cerr\u00f3 este domingo 12 en el predio del Centro Cultural de la localidad.\" \/>\n<meta property=\"og:url\" content=\"https:\/\/www.noticiasradioreflejos.com.ar\/2021\/tres-jornadas-inolvidables-en-la-8va-feria-del-libro-de-sierra-de-la-ventana\/\" \/>\n<meta property=\"og:site_name\" content=\"Noticias Radio Reflejos\" \/>\n<meta property=\"article:published_time\" content=\"2017-11-13T12:16:18+00:00\" \/>\n<meta property=\"og:image\" content=\"http:\/\/farm5.staticflickr.com\/4545\/38332268806_935355812f.jpg\" \/>\n<meta name=\"author\" content=\"Arnaldo Botto\" \/>\n<meta name=\"twitter:card\" content=\"summary_large_image\" \/>\n<script type=\"application\/ld+json\" class=\"yoast-schema-graph\">{\"@context\":\"https:\/\/schema.org\",\"@graph\":[{\"@type\":\"WebPage\",\"@id\":\"https:\/\/www.noticiasradioreflejos.com.ar\/2021\/tres-jornadas-inolvidables-en-la-8va-feria-del-libro-de-sierra-de-la-ventana\/\",\"url\":\"https:\/\/www.noticiasradioreflejos.com.ar\/2021\/tres-jornadas-inolvidables-en-la-8va-feria-del-libro-de-sierra-de-la-ventana\/\",\"name\":\"Tres jornadas inolvidables en la 8va Feria del Libro de Sierra de la Ventana. - Noticias Radio Reflejos\",\"isPartOf\":{\"@id\":\"https:\/\/www.noticiasradioreflejos.com.ar\/2021\/#website\"},\"primaryImageOfPage\":{\"@id\":\"https:\/\/www.noticiasradioreflejos.com.ar\/2021\/tres-jornadas-inolvidables-en-la-8va-feria-del-libro-de-sierra-de-la-ventana\/#primaryimage\"},\"image\":{\"@id\":\"https:\/\/www.noticiasradioreflejos.com.ar\/2021\/tres-jornadas-inolvidables-en-la-8va-feria-del-libro-de-sierra-de-la-ventana\/#primaryimage\"},\"thumbnailUrl\":\"http:\/\/farm5.staticflickr.com\/4545\/38332268806_935355812f.jpg\",\"datePublished\":\"2017-11-13T12:16:18+00:00\",\"author\":{\"@id\":\"https:\/\/www.noticiasradioreflejos.com.ar\/2021\/#\/schema\/person\/ad82545263dcc5ec0996818884fd5fb1\"},\"breadcrumb\":{\"@id\":\"https:\/\/www.noticiasradioreflejos.com.ar\/2021\/tres-jornadas-inolvidables-en-la-8va-feria-del-libro-de-sierra-de-la-ventana\/#breadcrumb\"},\"inLanguage\":\"es\",\"potentialAction\":[{\"@type\":\"ReadAction\",\"target\":[\"https:\/\/www.noticiasradioreflejos.com.ar\/2021\/tres-jornadas-inolvidables-en-la-8va-feria-del-libro-de-sierra-de-la-ventana\/\"]}]},{\"@type\":\"ImageObject\",\"inLanguage\":\"es\",\"@id\":\"https:\/\/www.noticiasradioreflejos.com.ar\/2021\/tres-jornadas-inolvidables-en-la-8va-feria-del-libro-de-sierra-de-la-ventana\/#primaryimage\",\"url\":\"http:\/\/farm5.staticflickr.com\/4545\/38332268806_935355812f.jpg\",\"contentUrl\":\"http:\/\/farm5.staticflickr.com\/4545\/38332268806_935355812f.jpg\"},{\"@type\":\"BreadcrumbList\",\"@id\":\"https:\/\/www.noticiasradioreflejos.com.ar\/2021\/tres-jornadas-inolvidables-en-la-8va-feria-del-libro-de-sierra-de-la-ventana\/#breadcrumb\",\"itemListElement\":[{\"@type\":\"ListItem\",\"position\":1,\"name\":\"Portada\",\"item\":\"https:\/\/www.noticiasradioreflejos.com.ar\/2021\/\"},{\"@type\":\"ListItem\",\"position\":2,\"name\":\"Tres jornadas inolvidables en la 8va Feria del Libro de Sierra de la Ventana.\"}]},{\"@type\":\"WebSite\",\"@id\":\"https:\/\/www.noticiasradioreflejos.com.ar\/2021\/#website\",\"url\":\"https:\/\/www.noticiasradioreflejos.com.ar\/2021\/\",\"name\":\"Noticias Radio Reflejos\",\"description\":\"Las noticias de mi comarca\",\"potentialAction\":[{\"@type\":\"SearchAction\",\"target\":{\"@type\":\"EntryPoint\",\"urlTemplate\":\"https:\/\/www.noticiasradioreflejos.com.ar\/2021\/?s={search_term_string}\"},\"query-input\":{\"@type\":\"PropertyValueSpecification\",\"valueRequired\":true,\"valueName\":\"search_term_string\"}}],\"inLanguage\":\"es\"},{\"@type\":\"Person\",\"@id\":\"https:\/\/www.noticiasradioreflejos.com.ar\/2021\/#\/schema\/person\/ad82545263dcc5ec0996818884fd5fb1\",\"name\":\"Arnaldo Botto\",\"image\":{\"@type\":\"ImageObject\",\"inLanguage\":\"es\",\"@id\":\"https:\/\/www.noticiasradioreflejos.com.ar\/2021\/#\/schema\/person\/image\/\",\"url\":\"https:\/\/secure.gravatar.com\/avatar\/55cb5e37c1efa326397366e6974cb338056df65cb50e7d64d1cf314e87504837?s=96&d=mm&r=g\",\"contentUrl\":\"https:\/\/secure.gravatar.com\/avatar\/55cb5e37c1efa326397366e6974cb338056df65cb50e7d64d1cf314e87504837?s=96&d=mm&r=g\",\"caption\":\"Arnaldo Botto\"},\"url\":\"https:\/\/www.noticiasradioreflejos.com.ar\/2021\/author\/arnaldo\/\"}]}<\/script>\n<!-- \/ Yoast SEO plugin. -->","yoast_head_json":{"title":"Tres jornadas inolvidables en la 8va Feria del Libro de Sierra de la Ventana. - Noticias Radio Reflejos","robots":{"index":"index","follow":"follow","max-snippet":"max-snippet:-1","max-image-preview":"max-image-preview:large","max-video-preview":"max-video-preview:-1"},"canonical":"https:\/\/www.noticiasradioreflejos.com.ar\/2021\/tres-jornadas-inolvidables-en-la-8va-feria-del-libro-de-sierra-de-la-ventana\/","og_locale":"es_ES","og_type":"article","og_title":"Tres jornadas inolvidables en la 8va Feria del Libro de Sierra de la Ventana. - Noticias Radio Reflejos","og_description":"Alegr\u00eda y satisfacci\u00f3n en el Grupo de autogesti\u00f3n de Sierra de la Ventana que organiz\u00f3 con \u00e9xito esta nueva edici\u00f3n de la Feria del Libro. Su octava propuesta anual se realiz\u00f3 desde el viernes 10 de Noviembre y cerr\u00f3 este domingo 12 en el predio del Centro Cultural de la localidad.","og_url":"https:\/\/www.noticiasradioreflejos.com.ar\/2021\/tres-jornadas-inolvidables-en-la-8va-feria-del-libro-de-sierra-de-la-ventana\/","og_site_name":"Noticias Radio Reflejos","article_published_time":"2017-11-13T12:16:18+00:00","og_image":[{"url":"http:\/\/farm5.staticflickr.com\/4545\/38332268806_935355812f.jpg","type":"","width":"","height":""}],"author":"Arnaldo Botto","twitter_card":"summary_large_image","schema":{"@context":"https:\/\/schema.org","@graph":[{"@type":"WebPage","@id":"https:\/\/www.noticiasradioreflejos.com.ar\/2021\/tres-jornadas-inolvidables-en-la-8va-feria-del-libro-de-sierra-de-la-ventana\/","url":"https:\/\/www.noticiasradioreflejos.com.ar\/2021\/tres-jornadas-inolvidables-en-la-8va-feria-del-libro-de-sierra-de-la-ventana\/","name":"Tres jornadas inolvidables en la 8va Feria del Libro de Sierra de la Ventana. - Noticias Radio Reflejos","isPartOf":{"@id":"https:\/\/www.noticiasradioreflejos.com.ar\/2021\/#website"},"primaryImageOfPage":{"@id":"https:\/\/www.noticiasradioreflejos.com.ar\/2021\/tres-jornadas-inolvidables-en-la-8va-feria-del-libro-de-sierra-de-la-ventana\/#primaryimage"},"image":{"@id":"https:\/\/www.noticiasradioreflejos.com.ar\/2021\/tres-jornadas-inolvidables-en-la-8va-feria-del-libro-de-sierra-de-la-ventana\/#primaryimage"},"thumbnailUrl":"http:\/\/farm5.staticflickr.com\/4545\/38332268806_935355812f.jpg","datePublished":"2017-11-13T12:16:18+00:00","author":{"@id":"https:\/\/www.noticiasradioreflejos.com.ar\/2021\/#\/schema\/person\/ad82545263dcc5ec0996818884fd5fb1"},"breadcrumb":{"@id":"https:\/\/www.noticiasradioreflejos.com.ar\/2021\/tres-jornadas-inolvidables-en-la-8va-feria-del-libro-de-sierra-de-la-ventana\/#breadcrumb"},"inLanguage":"es","potentialAction":[{"@type":"ReadAction","target":["https:\/\/www.noticiasradioreflejos.com.ar\/2021\/tres-jornadas-inolvidables-en-la-8va-feria-del-libro-de-sierra-de-la-ventana\/"]}]},{"@type":"ImageObject","inLanguage":"es","@id":"https:\/\/www.noticiasradioreflejos.com.ar\/2021\/tres-jornadas-inolvidables-en-la-8va-feria-del-libro-de-sierra-de-la-ventana\/#primaryimage","url":"http:\/\/farm5.staticflickr.com\/4545\/38332268806_935355812f.jpg","contentUrl":"http:\/\/farm5.staticflickr.com\/4545\/38332268806_935355812f.jpg"},{"@type":"BreadcrumbList","@id":"https:\/\/www.noticiasradioreflejos.com.ar\/2021\/tres-jornadas-inolvidables-en-la-8va-feria-del-libro-de-sierra-de-la-ventana\/#breadcrumb","itemListElement":[{"@type":"ListItem","position":1,"name":"Portada","item":"https:\/\/www.noticiasradioreflejos.com.ar\/2021\/"},{"@type":"ListItem","position":2,"name":"Tres jornadas inolvidables en la 8va Feria del Libro de Sierra de la Ventana."}]},{"@type":"WebSite","@id":"https:\/\/www.noticiasradioreflejos.com.ar\/2021\/#website","url":"https:\/\/www.noticiasradioreflejos.com.ar\/2021\/","name":"Noticias Radio Reflejos","description":"Las noticias de mi comarca","potentialAction":[{"@type":"SearchAction","target":{"@type":"EntryPoint","urlTemplate":"https:\/\/www.noticiasradioreflejos.com.ar\/2021\/?s={search_term_string}"},"query-input":{"@type":"PropertyValueSpecification","valueRequired":true,"valueName":"search_term_string"}}],"inLanguage":"es"},{"@type":"Person","@id":"https:\/\/www.noticiasradioreflejos.com.ar\/2021\/#\/schema\/person\/ad82545263dcc5ec0996818884fd5fb1","name":"Arnaldo Botto","image":{"@type":"ImageObject","inLanguage":"es","@id":"https:\/\/www.noticiasradioreflejos.com.ar\/2021\/#\/schema\/person\/image\/","url":"https:\/\/secure.gravatar.com\/avatar\/55cb5e37c1efa326397366e6974cb338056df65cb50e7d64d1cf314e87504837?s=96&d=mm&r=g","contentUrl":"https:\/\/secure.gravatar.com\/avatar\/55cb5e37c1efa326397366e6974cb338056df65cb50e7d64d1cf314e87504837?s=96&d=mm&r=g","caption":"Arnaldo Botto"},"url":"https:\/\/www.noticiasradioreflejos.com.ar\/2021\/author\/arnaldo\/"}]}},"_links":{"self":[{"href":"https:\/\/www.noticiasradioreflejos.com.ar\/2021\/wp-json\/wp\/v2\/posts\/16213","targetHints":{"allow":["GET"]}}],"collection":[{"href":"https:\/\/www.noticiasradioreflejos.com.ar\/2021\/wp-json\/wp\/v2\/posts"}],"about":[{"href":"https:\/\/www.noticiasradioreflejos.com.ar\/2021\/wp-json\/wp\/v2\/types\/post"}],"author":[{"embeddable":true,"href":"https:\/\/www.noticiasradioreflejos.com.ar\/2021\/wp-json\/wp\/v2\/users\/3"}],"replies":[{"embeddable":true,"href":"https:\/\/www.noticiasradioreflejos.com.ar\/2021\/wp-json\/wp\/v2\/comments?post=16213"}],"version-history":[{"count":0,"href":"https:\/\/www.noticiasradioreflejos.com.ar\/2021\/wp-json\/wp\/v2\/posts\/16213\/revisions"}],"wp:attachment":[{"href":"https:\/\/www.noticiasradioreflejos.com.ar\/2021\/wp-json\/wp\/v2\/media?parent=16213"}],"wp:term":[{"taxonomy":"category","embeddable":true,"href":"https:\/\/www.noticiasradioreflejos.com.ar\/2021\/wp-json\/wp\/v2\/categories?post=16213"},{"taxonomy":"post_tag","embeddable":true,"href":"https:\/\/www.noticiasradioreflejos.com.ar\/2021\/wp-json\/wp\/v2\/tags?post=16213"}],"curies":[{"name":"wp","href":"https:\/\/api.w.org\/{rel}","templated":true}]}}