{"id":1602,"date":"2016-09-30T14:23:57","date_gmt":"2016-09-30T14:23:57","guid":{"rendered":"http:\/\/noticiasradioreflejos.com.ar\/noticias\/?p=1602"},"modified":"2016-09-30T14:23:57","modified_gmt":"2016-09-30T14:23:57","slug":"se-eligieron-nuevas-autoridades-en-la-ucr","status":"publish","type":"post","link":"https:\/\/www.noticiasradioreflejos.com.ar\/2021\/se-eligieron-nuevas-autoridades-en-la-ucr\/","title":{"rendered":"Se eligieron nuevas autoridades en la UCR"},"content":{"rendered":"<p>Nuevas autoridades de la Uni\u00f3n C\u00edvica Radical per\u00edodo 2016-2018.<!--more--><br \/>\nCOMIT\u00c9 DE DISTRITO TORNQUIST:<br \/>\nPresidente: Federico LABARTHE.<br \/>\nVicepresidente: Silvia PESSOLANI.<br \/>\nSecretario General: Lu\u00eds CASTRO.<br \/>\nTesorero: Benito Alberto RUBIO.<br \/>\nVocales Titulares:<br \/>\n1\u00ba: Raquel DONNARI.<br \/>\n2\u00ba: Walter H\u00f4er.<br \/>\n3\u00ba: Mar\u00eda Valentina NYEZ.<br \/>\n4\u00ba: Edgardo LABORDE.<br \/>\n5\u00ba: Mar\u00eda Eugenia MARCOLINI.<br \/>\n6\u00ba: Fabi\u00e1n DAVIS.<br \/>\nVocales suplentes:<br \/>\n1\u00ba: Susana FENOGLIO.<br \/>\n2\u00ba: Alfredo ALARC\u00d3N.<br \/>\n3\u00ba: Alfredo HEROLD.<br \/>\n4\u00ba: Haydee ROSSINI.<br \/>\nConvencionales Provinciales:<br \/>\nTitular: Fabio MART\u00cdNEZ MEIER.<br \/>\nSuplente: Mar\u00eda Isabel BALLESTEROS.<br \/>\nSUBCOMIT\u00c9 SALDUNGARAY:<br \/>\nPresidente: Ezequiel MARZIALETTI.<br \/>\nVicepresidente: Jos\u00e9 FONFR\u00cdA.<br \/>\nSecretario General: Andrea BEN\u00ccTEZ.<br \/>\nTesorero: Gina ALESSANDRINI.<br \/>\nVocales Titulares:<br \/>\n1\u00ba: Germ\u00e1n de LARENA.<br \/>\n2\u00ba: Fabia ICHASO.<br \/>\n3\u00ba: Mateo ZARAGOZA DE LARENA.<br \/>\n4\u00ba: Juan Cruz MARZIALETTI.<br \/>\n5\u00ba: Mar\u00eda Manuela VERGARA.<br \/>\n6\u00ba: Hugo IBARRA.<br \/>\nVocales suplentes:<br \/>\n1\u00ba: Luciano ACU\u00d1A.<br \/>\n2\u00ba: Sof\u00eda FOGEL.<br \/>\n3\u00ba: Mirta ACU\u00d1A.<br \/>\nJUVENTUD RADICAL DISTRITO DE TORNQUIST<br \/>\nPresidente: Manuel CASTRO.<br \/>\nVicepresidente: Juliana MART\u00cdNEZ.<br \/>\nSecretaria: Luc\u00eda MART\u00cdNEZ.<br \/>\n1\u00ba Vocal: Justina PICADO.<br \/>\n2\u00ba Vocal: Eugenia NIKULSHINA.<br \/>\n3\u00ba Vocal: Bautista ECHEGU\u00cdA.<br \/>\n4\u00ba Vocal: Adri\u00e1n OTEIZA.<br \/>\n5\u00ba Vocal: Antonella DOrazio.<br \/>\n6\u00ba Vocal: Enzo ROSINI.<br \/>\nDelegados Seccionales:<br \/>\nTitular: Alejandro DE ARMAS.<br \/>\nSuplente: Fabio GONZ\u00c1LEZ.<br \/>\n&nbsp;<\/p>\n<div>\n<div>\n<div><span style=\"color: #1d2129; font-family: helvetica, arial, sans-serif;\">Ma. Valentina Nyez \u00a0 \u00a0 \u00a0 \u00a0 \u00a0 \u00a0Benito Rubio \u00a0 \u00a0 \u00a0 \u00a0 \u00a0 \u00a0 \u00a0 Fabio Martinez Meier<\/span><\/div>\n<div><span style=\"color: #1d2129; font-family: helvetica, arial, sans-serif;\">Secretaria \u00a0 \u00a0 \u00a0 \u00a0 \u00a0 \u00a0 \u00a0 \u00a0 \u00a0 \u00a0 \u00a0 \u00a0 \u00a0 Vicepresidente \u00a0 \u00a0 \u00a0 \u00a0 \u00a0 \u00a0Presidente<\/span><\/div>\n<\/div>\n<div class=\"m_-2219718346140335116gmail-yj6qo m_-2219718346140335116gmail-ajU\">\n<div id=\"m_-2219718346140335116gmail-:1ae\" class=\"m_-2219718346140335116gmail-ajR\"><img decoding=\"async\" class=\"m_-2219718346140335116gmail-ajT CToWUd\" src=\"https:\/\/ci6.googleusercontent.com\/proxy\/RnNZfQn2o2xpggJQqefCOervMbPIci5mujDPJnvl43kv6Rtxjyh5gHN_JKVzeU-aaGz3pePFgxfoAAtZJZNx8mveVTc-11j98EfuAJVcumUenA=s0-d-e1-ft#https:\/\/ssl.gstatic.com\/ui\/v1\/icons\/mail\/images\/cleardot.gif\" \/><\/div>\n<\/div>\n<\/div>\n<div class=\"yj6qo ajU\">\n<div id=\":16q\" class=\"ajR\" tabindex=\"0\" data-tooltip=\"Mostrar contenido reducido\"><img decoding=\"async\" class=\"ajT\" src=\"https:\/\/ssl.gstatic.com\/ui\/v1\/icons\/mail\/images\/cleardot.gif\" \/><\/div>\n<\/div>\n","protected":false},"excerpt":{"rendered":"<p>Nuevas autoridades de la Uni\u00f3n C\u00edvica Radical per\u00edodo 2016-2018.<\/p>\n","protected":false},"author":3,"featured_media":0,"comment_status":"closed","ping_status":"open","sticky":false,"template":"","format":"standard","meta":{"footnotes":""},"categories":[24],"tags":[],"class_list":["post-1602","post","type-post","status-publish","format-standard","hentry","category-politica"],"yoast_head":"<!-- This site is optimized with the Yoast SEO plugin v25.9 - https:\/\/yoast.com\/wordpress\/plugins\/seo\/ -->\n<title>Se eligieron nuevas autoridades en la UCR - Noticias Radio Reflejos<\/title>\n<meta name=\"robots\" content=\"index, follow, max-snippet:-1, max-image-preview:large, max-video-preview:-1\" \/>\n<link rel=\"canonical\" href=\"https:\/\/www.noticiasradioreflejos.com.ar\/2021\/se-eligieron-nuevas-autoridades-en-la-ucr\/\" \/>\n<meta property=\"og:locale\" content=\"es_ES\" \/>\n<meta property=\"og:type\" content=\"article\" \/>\n<meta property=\"og:title\" content=\"Se eligieron nuevas autoridades en la UCR - Noticias Radio Reflejos\" \/>\n<meta property=\"og:description\" content=\"Nuevas autoridades de la Uni\u00f3n C\u00edvica Radical per\u00edodo 2016-2018.\" \/>\n<meta property=\"og:url\" content=\"https:\/\/www.noticiasradioreflejos.com.ar\/2021\/se-eligieron-nuevas-autoridades-en-la-ucr\/\" \/>\n<meta property=\"og:site_name\" content=\"Noticias Radio Reflejos\" \/>\n<meta property=\"article:published_time\" content=\"2016-09-30T14:23:57+00:00\" \/>\n<meta property=\"og:image\" content=\"https:\/\/ci6.googleusercontent.com\/proxy\/RnNZfQn2o2xpggJQqefCOervMbPIci5mujDPJnvl43kv6Rtxjyh5gHN_JKVzeU-aaGz3pePFgxfoAAtZJZNx8mveVTc-11j98EfuAJVcumUenA=s0-d-e1-ft#https:\/\/ssl.gstatic.com\/ui\/v1\/icons\/mail\/images\/cleardot.gif\" \/>\n<meta name=\"author\" content=\"Arnaldo Botto\" \/>\n<meta name=\"twitter:card\" content=\"summary_large_image\" \/>\n<script type=\"application\/ld+json\" class=\"yoast-schema-graph\">{\"@context\":\"https:\/\/schema.org\",\"@graph\":[{\"@type\":\"WebPage\",\"@id\":\"https:\/\/www.noticiasradioreflejos.com.ar\/2021\/se-eligieron-nuevas-autoridades-en-la-ucr\/\",\"url\":\"https:\/\/www.noticiasradioreflejos.com.ar\/2021\/se-eligieron-nuevas-autoridades-en-la-ucr\/\",\"name\":\"Se eligieron nuevas autoridades en la UCR - Noticias Radio Reflejos\",\"isPartOf\":{\"@id\":\"https:\/\/www.noticiasradioreflejos.com.ar\/2021\/#website\"},\"primaryImageOfPage\":{\"@id\":\"https:\/\/www.noticiasradioreflejos.com.ar\/2021\/se-eligieron-nuevas-autoridades-en-la-ucr\/#primaryimage\"},\"image\":{\"@id\":\"https:\/\/www.noticiasradioreflejos.com.ar\/2021\/se-eligieron-nuevas-autoridades-en-la-ucr\/#primaryimage\"},\"thumbnailUrl\":\"https:\/\/ci6.googleusercontent.com\/proxy\/RnNZfQn2o2xpggJQqefCOervMbPIci5mujDPJnvl43kv6Rtxjyh5gHN_JKVzeU-aaGz3pePFgxfoAAtZJZNx8mveVTc-11j98EfuAJVcumUenA=s0-d-e1-ft#https:\/\/ssl.gstatic.com\/ui\/v1\/icons\/mail\/images\/cleardot.gif\",\"datePublished\":\"2016-09-30T14:23:57+00:00\",\"author\":{\"@id\":\"https:\/\/www.noticiasradioreflejos.com.ar\/2021\/#\/schema\/person\/ad82545263dcc5ec0996818884fd5fb1\"},\"breadcrumb\":{\"@id\":\"https:\/\/www.noticiasradioreflejos.com.ar\/2021\/se-eligieron-nuevas-autoridades-en-la-ucr\/#breadcrumb\"},\"inLanguage\":\"es\",\"potentialAction\":[{\"@type\":\"ReadAction\",\"target\":[\"https:\/\/www.noticiasradioreflejos.com.ar\/2021\/se-eligieron-nuevas-autoridades-en-la-ucr\/\"]}]},{\"@type\":\"ImageObject\",\"inLanguage\":\"es\",\"@id\":\"https:\/\/www.noticiasradioreflejos.com.ar\/2021\/se-eligieron-nuevas-autoridades-en-la-ucr\/#primaryimage\",\"url\":\"https:\/\/ci6.googleusercontent.com\/proxy\/RnNZfQn2o2xpggJQqefCOervMbPIci5mujDPJnvl43kv6Rtxjyh5gHN_JKVzeU-aaGz3pePFgxfoAAtZJZNx8mveVTc-11j98EfuAJVcumUenA=s0-d-e1-ft#https:\/\/ssl.gstatic.com\/ui\/v1\/icons\/mail\/images\/cleardot.gif\",\"contentUrl\":\"https:\/\/ci6.googleusercontent.com\/proxy\/RnNZfQn2o2xpggJQqefCOervMbPIci5mujDPJnvl43kv6Rtxjyh5gHN_JKVzeU-aaGz3pePFgxfoAAtZJZNx8mveVTc-11j98EfuAJVcumUenA=s0-d-e1-ft#https:\/\/ssl.gstatic.com\/ui\/v1\/icons\/mail\/images\/cleardot.gif\"},{\"@type\":\"BreadcrumbList\",\"@id\":\"https:\/\/www.noticiasradioreflejos.com.ar\/2021\/se-eligieron-nuevas-autoridades-en-la-ucr\/#breadcrumb\",\"itemListElement\":[{\"@type\":\"ListItem\",\"position\":1,\"name\":\"Portada\",\"item\":\"https:\/\/www.noticiasradioreflejos.com.ar\/2021\/\"},{\"@type\":\"ListItem\",\"position\":2,\"name\":\"Se eligieron nuevas autoridades en la UCR\"}]},{\"@type\":\"WebSite\",\"@id\":\"https:\/\/www.noticiasradioreflejos.com.ar\/2021\/#website\",\"url\":\"https:\/\/www.noticiasradioreflejos.com.ar\/2021\/\",\"name\":\"Noticias Radio Reflejos\",\"description\":\"Las noticias de mi comarca\",\"potentialAction\":[{\"@type\":\"SearchAction\",\"target\":{\"@type\":\"EntryPoint\",\"urlTemplate\":\"https:\/\/www.noticiasradioreflejos.com.ar\/2021\/?s={search_term_string}\"},\"query-input\":{\"@type\":\"PropertyValueSpecification\",\"valueRequired\":true,\"valueName\":\"search_term_string\"}}],\"inLanguage\":\"es\"},{\"@type\":\"Person\",\"@id\":\"https:\/\/www.noticiasradioreflejos.com.ar\/2021\/#\/schema\/person\/ad82545263dcc5ec0996818884fd5fb1\",\"name\":\"Arnaldo Botto\",\"image\":{\"@type\":\"ImageObject\",\"inLanguage\":\"es\",\"@id\":\"https:\/\/www.noticiasradioreflejos.com.ar\/2021\/#\/schema\/person\/image\/\",\"url\":\"https:\/\/secure.gravatar.com\/avatar\/55cb5e37c1efa326397366e6974cb338056df65cb50e7d64d1cf314e87504837?s=96&d=mm&r=g\",\"contentUrl\":\"https:\/\/secure.gravatar.com\/avatar\/55cb5e37c1efa326397366e6974cb338056df65cb50e7d64d1cf314e87504837?s=96&d=mm&r=g\",\"caption\":\"Arnaldo Botto\"},\"url\":\"https:\/\/www.noticiasradioreflejos.com.ar\/2021\/author\/arnaldo\/\"}]}<\/script>\n<!-- \/ Yoast SEO plugin. -->","yoast_head_json":{"title":"Se eligieron nuevas autoridades en la UCR - Noticias Radio Reflejos","robots":{"index":"index","follow":"follow","max-snippet":"max-snippet:-1","max-image-preview":"max-image-preview:large","max-video-preview":"max-video-preview:-1"},"canonical":"https:\/\/www.noticiasradioreflejos.com.ar\/2021\/se-eligieron-nuevas-autoridades-en-la-ucr\/","og_locale":"es_ES","og_type":"article","og_title":"Se eligieron nuevas autoridades en la UCR - Noticias Radio Reflejos","og_description":"Nuevas autoridades de la Uni\u00f3n C\u00edvica Radical per\u00edodo 2016-2018.","og_url":"https:\/\/www.noticiasradioreflejos.com.ar\/2021\/se-eligieron-nuevas-autoridades-en-la-ucr\/","og_site_name":"Noticias Radio Reflejos","article_published_time":"2016-09-30T14:23:57+00:00","og_image":[{"url":"https:\/\/ci6.googleusercontent.com\/proxy\/RnNZfQn2o2xpggJQqefCOervMbPIci5mujDPJnvl43kv6Rtxjyh5gHN_JKVzeU-aaGz3pePFgxfoAAtZJZNx8mveVTc-11j98EfuAJVcumUenA=s0-d-e1-ft#https:\/\/ssl.gstatic.com\/ui\/v1\/icons\/mail\/images\/cleardot.gif","type":"","width":"","height":""}],"author":"Arnaldo Botto","twitter_card":"summary_large_image","schema":{"@context":"https:\/\/schema.org","@graph":[{"@type":"WebPage","@id":"https:\/\/www.noticiasradioreflejos.com.ar\/2021\/se-eligieron-nuevas-autoridades-en-la-ucr\/","url":"https:\/\/www.noticiasradioreflejos.com.ar\/2021\/se-eligieron-nuevas-autoridades-en-la-ucr\/","name":"Se eligieron nuevas autoridades en la UCR - Noticias Radio Reflejos","isPartOf":{"@id":"https:\/\/www.noticiasradioreflejos.com.ar\/2021\/#website"},"primaryImageOfPage":{"@id":"https:\/\/www.noticiasradioreflejos.com.ar\/2021\/se-eligieron-nuevas-autoridades-en-la-ucr\/#primaryimage"},"image":{"@id":"https:\/\/www.noticiasradioreflejos.com.ar\/2021\/se-eligieron-nuevas-autoridades-en-la-ucr\/#primaryimage"},"thumbnailUrl":"https:\/\/ci6.googleusercontent.com\/proxy\/RnNZfQn2o2xpggJQqefCOervMbPIci5mujDPJnvl43kv6Rtxjyh5gHN_JKVzeU-aaGz3pePFgxfoAAtZJZNx8mveVTc-11j98EfuAJVcumUenA=s0-d-e1-ft#https:\/\/ssl.gstatic.com\/ui\/v1\/icons\/mail\/images\/cleardot.gif","datePublished":"2016-09-30T14:23:57+00:00","author":{"@id":"https:\/\/www.noticiasradioreflejos.com.ar\/2021\/#\/schema\/person\/ad82545263dcc5ec0996818884fd5fb1"},"breadcrumb":{"@id":"https:\/\/www.noticiasradioreflejos.com.ar\/2021\/se-eligieron-nuevas-autoridades-en-la-ucr\/#breadcrumb"},"inLanguage":"es","potentialAction":[{"@type":"ReadAction","target":["https:\/\/www.noticiasradioreflejos.com.ar\/2021\/se-eligieron-nuevas-autoridades-en-la-ucr\/"]}]},{"@type":"ImageObject","inLanguage":"es","@id":"https:\/\/www.noticiasradioreflejos.com.ar\/2021\/se-eligieron-nuevas-autoridades-en-la-ucr\/#primaryimage","url":"https:\/\/ci6.googleusercontent.com\/proxy\/RnNZfQn2o2xpggJQqefCOervMbPIci5mujDPJnvl43kv6Rtxjyh5gHN_JKVzeU-aaGz3pePFgxfoAAtZJZNx8mveVTc-11j98EfuAJVcumUenA=s0-d-e1-ft#https:\/\/ssl.gstatic.com\/ui\/v1\/icons\/mail\/images\/cleardot.gif","contentUrl":"https:\/\/ci6.googleusercontent.com\/proxy\/RnNZfQn2o2xpggJQqefCOervMbPIci5mujDPJnvl43kv6Rtxjyh5gHN_JKVzeU-aaGz3pePFgxfoAAtZJZNx8mveVTc-11j98EfuAJVcumUenA=s0-d-e1-ft#https:\/\/ssl.gstatic.com\/ui\/v1\/icons\/mail\/images\/cleardot.gif"},{"@type":"BreadcrumbList","@id":"https:\/\/www.noticiasradioreflejos.com.ar\/2021\/se-eligieron-nuevas-autoridades-en-la-ucr\/#breadcrumb","itemListElement":[{"@type":"ListItem","position":1,"name":"Portada","item":"https:\/\/www.noticiasradioreflejos.com.ar\/2021\/"},{"@type":"ListItem","position":2,"name":"Se eligieron nuevas autoridades en la UCR"}]},{"@type":"WebSite","@id":"https:\/\/www.noticiasradioreflejos.com.ar\/2021\/#website","url":"https:\/\/www.noticiasradioreflejos.com.ar\/2021\/","name":"Noticias Radio Reflejos","description":"Las noticias de mi comarca","potentialAction":[{"@type":"SearchAction","target":{"@type":"EntryPoint","urlTemplate":"https:\/\/www.noticiasradioreflejos.com.ar\/2021\/?s={search_term_string}"},"query-input":{"@type":"PropertyValueSpecification","valueRequired":true,"valueName":"search_term_string"}}],"inLanguage":"es"},{"@type":"Person","@id":"https:\/\/www.noticiasradioreflejos.com.ar\/2021\/#\/schema\/person\/ad82545263dcc5ec0996818884fd5fb1","name":"Arnaldo Botto","image":{"@type":"ImageObject","inLanguage":"es","@id":"https:\/\/www.noticiasradioreflejos.com.ar\/2021\/#\/schema\/person\/image\/","url":"https:\/\/secure.gravatar.com\/avatar\/55cb5e37c1efa326397366e6974cb338056df65cb50e7d64d1cf314e87504837?s=96&d=mm&r=g","contentUrl":"https:\/\/secure.gravatar.com\/avatar\/55cb5e37c1efa326397366e6974cb338056df65cb50e7d64d1cf314e87504837?s=96&d=mm&r=g","caption":"Arnaldo Botto"},"url":"https:\/\/www.noticiasradioreflejos.com.ar\/2021\/author\/arnaldo\/"}]}},"_links":{"self":[{"href":"https:\/\/www.noticiasradioreflejos.com.ar\/2021\/wp-json\/wp\/v2\/posts\/1602","targetHints":{"allow":["GET"]}}],"collection":[{"href":"https:\/\/www.noticiasradioreflejos.com.ar\/2021\/wp-json\/wp\/v2\/posts"}],"about":[{"href":"https:\/\/www.noticiasradioreflejos.com.ar\/2021\/wp-json\/wp\/v2\/types\/post"}],"author":[{"embeddable":true,"href":"https:\/\/www.noticiasradioreflejos.com.ar\/2021\/wp-json\/wp\/v2\/users\/3"}],"replies":[{"embeddable":true,"href":"https:\/\/www.noticiasradioreflejos.com.ar\/2021\/wp-json\/wp\/v2\/comments?post=1602"}],"version-history":[{"count":0,"href":"https:\/\/www.noticiasradioreflejos.com.ar\/2021\/wp-json\/wp\/v2\/posts\/1602\/revisions"}],"wp:attachment":[{"href":"https:\/\/www.noticiasradioreflejos.com.ar\/2021\/wp-json\/wp\/v2\/media?parent=1602"}],"wp:term":[{"taxonomy":"category","embeddable":true,"href":"https:\/\/www.noticiasradioreflejos.com.ar\/2021\/wp-json\/wp\/v2\/categories?post=1602"},{"taxonomy":"post_tag","embeddable":true,"href":"https:\/\/www.noticiasradioreflejos.com.ar\/2021\/wp-json\/wp\/v2\/tags?post=1602"}],"curies":[{"name":"wp","href":"https:\/\/api.w.org\/{rel}","templated":true}]}}