{"id":16010,"date":"2017-11-05T21:08:21","date_gmt":"2017-11-06T00:08:21","guid":{"rendered":"http:\/\/www.noticiasradioreflejos.com.ar\/noticias\/?p=16010"},"modified":"2017-11-05T21:08:21","modified_gmt":"2017-11-06T00:08:21","slug":"16010","status":"publish","type":"post","link":"https:\/\/www.noticiasradioreflejos.com.ar\/2021\/16010\/","title":{"rendered":"Muestra \u201cFlores en Tornquist\u201d con la frescura intacta en sus 40 a\u00f1os"},"content":{"rendered":"<p><a title=\"DSC_0003 [1600x1200]\" href=\"http:\/\/farm5.staticflickr.com\/4509\/38168461932_3f316d4f1d.jpg\" rel=\"\"><img loading=\"lazy\" decoding=\"async\" class=\"alignleft\" style=\"float: left;\" title=\"DSC_0003 [1600x1200]\" src=\"http:\/\/farm5.staticflickr.com\/4509\/38168461932_3f316d4f1d.jpg\" alt=\"DSC_0003 [1600x1200]\" width=\"500\" height=\"334\" \/><\/a>40 a\u00f1os han pasado desde aquel noviembre de 1977 cuando un grupo de entusiastas mujeres se animaron a crear Flores en Tornquist.<!--more--><br \/>\nLas primeras exposiciones se realizaron en el antiguo sal\u00f3n blanco municipal hoy convertido en el Concejo Deliberante. Por ese entonces bajo la intendencia del Dr.Jos\u00e9 Manuel Rodr\u00edguez qui\u00e9n le dio impulso y acompa\u00f1amiento.<br \/>\nM\u00e1s tarde la muestra fue cambiando de escenario y se presentaba en la Escuela Especial 501, la Escuela N\u00ba 1 y actualmente en la Biblioteca Popular \u201cErnesto Tornquist\u201d.<br \/>\nEn esta ocasi\u00f3n nuevamente las rosas fueron las protagonistas y para ello In\u00e9s una vecina que reside en Villa Ventana ofici\u00f3 de jurado para premiar a las mejores.<br \/>\nEn ese sentido ganaron como mejor color Mar\u00eda E. Silva. Mejor pimpollo Olga Vallese y mejor Conjunto Estela Antinori.<br \/>\nHubo un momento especial en la muestra cuando fueron reconocidas \u201cTuchi\u201d Wendorff y Aurora Sorbet que a sus 92 a\u00f1os siguen brindando el apoyo como en sus inicios.<br \/>\nNoel\u00ed Kloster directora de cultura del municipio se hizo presente para destacar la labor de estas dos mujeres que recibieron hermosos ramos de flores en manos del grupo.<br \/>\nDejaron su testimonio en esa ocasi\u00f3n las agasajadas. Tambi\u00e9n lo hicieron las chicas que siguen sus pasos como Pety Antinori, Gladys Ruffener, Nora Fuschini, Mariana De cesares y Andrea Antinori.<br \/>\nTambi\u00e9n se acerc\u00f3 desde Bah\u00eda Blanca Leda Costa hija del recordado director del Colegio Nacional. Ella estuvo presente en la primera muestra en 1977 y dej\u00f3 su testimonio.<br \/>\nEl p\u00fablico podr\u00e1 visitar nuevamente para observar las flores y arreglos este domingo de 17 a 20 cuando culmine la 40 edici\u00f3n.<br \/>\nPara el a\u00f1o entrante se ha pensado en comenzar a organizar la muestra de oto\u00f1o.<br \/>\nFelicitaciones al grupo y a seguir rumbo a las bodas de oro en 2027.<br \/>\n<a title=\"DSC_0052 [1600x1200]\" href=\"http:\/\/farm5.staticflickr.com\/4456\/38168459822_0b19961bba_z.jpg\" rel=\"\"><img loading=\"lazy\" decoding=\"async\" class=\"aligncenter\" title=\"DSC_0052 [1600x1200]\" src=\"http:\/\/farm5.staticflickr.com\/4456\/38168459822_0b19961bba_z.jpg\" alt=\"DSC_0052 [1600x1200]\" width=\"640\" height=\"427\" \/><\/a><br \/>\n<iframe loading=\"lazy\" src=\"https:\/\/w.soundcloud.com\/player\/?url=https%3A\/\/api.soundcloud.com\/tracks\/351675835&amp;color=%23ff5500&amp;auto_play=false&amp;hide_related=false&amp;show_comments=true&amp;show_user=true&amp;show_reposts=false&amp;show_teaser=true\" width=\"100%\" height=\"166\" frameborder=\"no\" scrolling=\"no\"><\/iframe><br \/>\n<iframe loading=\"lazy\" src=\"https:\/\/w.soundcloud.com\/player\/?url=https%3A\/\/api.soundcloud.com\/tracks\/351676006&amp;color=%23ff5500&amp;auto_play=false&amp;hide_related=false&amp;show_comments=true&amp;show_user=true&amp;show_reposts=false&amp;show_teaser=true\" width=\"100%\" height=\"166\" frameborder=\"no\" scrolling=\"no\"><\/iframe><br \/>\n<iframe loading=\"lazy\" src=\"https:\/\/w.soundcloud.com\/player\/?url=https%3A\/\/api.soundcloud.com\/tracks\/351676222&amp;color=%23ff5500&amp;auto_play=false&amp;hide_related=false&amp;show_comments=true&amp;show_user=true&amp;show_reposts=false&amp;show_teaser=true\" width=\"100%\" height=\"166\" frameborder=\"no\" scrolling=\"no\"><\/iframe><\/p>\n","protected":false},"excerpt":{"rendered":"<p>40 a\u00f1os han pasado desde aquel noviembre de 1977 cuando un grupo de entusiastas mujeres se animaron a crear Flores en Tornquist.<\/p>\n","protected":false},"author":3,"featured_media":0,"comment_status":"closed","ping_status":"open","sticky":false,"template":"","format":"standard","meta":{"footnotes":""},"categories":[26],"tags":[],"class_list":["post-16010","post","type-post","status-publish","format-standard","hentry","category-sociedad"],"yoast_head":"<!-- This site is optimized with the Yoast SEO plugin v25.9 - https:\/\/yoast.com\/wordpress\/plugins\/seo\/ -->\n<title>Muestra \u201cFlores en Tornquist\u201d con la frescura intacta en sus 40 a\u00f1os - Noticias Radio Reflejos<\/title>\n<meta name=\"robots\" content=\"index, follow, max-snippet:-1, max-image-preview:large, max-video-preview:-1\" \/>\n<link rel=\"canonical\" href=\"https:\/\/www.noticiasradioreflejos.com.ar\/2021\/16010\/\" \/>\n<meta property=\"og:locale\" content=\"es_ES\" \/>\n<meta property=\"og:type\" content=\"article\" \/>\n<meta property=\"og:title\" content=\"Muestra \u201cFlores en Tornquist\u201d con la frescura intacta en sus 40 a\u00f1os - Noticias Radio Reflejos\" \/>\n<meta property=\"og:description\" content=\"40 a\u00f1os han pasado desde aquel noviembre de 1977 cuando un grupo de entusiastas mujeres se animaron a crear Flores en Tornquist.\" \/>\n<meta property=\"og:url\" content=\"https:\/\/www.noticiasradioreflejos.com.ar\/2021\/16010\/\" \/>\n<meta property=\"og:site_name\" content=\"Noticias Radio Reflejos\" \/>\n<meta property=\"article:published_time\" content=\"2017-11-06T00:08:21+00:00\" \/>\n<meta property=\"og:image\" content=\"http:\/\/farm5.staticflickr.com\/4509\/38168461932_3f316d4f1d.jpg\" \/>\n<meta name=\"author\" content=\"Arnaldo Botto\" \/>\n<meta name=\"twitter:card\" content=\"summary_large_image\" \/>\n<script type=\"application\/ld+json\" class=\"yoast-schema-graph\">{\"@context\":\"https:\/\/schema.org\",\"@graph\":[{\"@type\":\"WebPage\",\"@id\":\"https:\/\/www.noticiasradioreflejos.com.ar\/2021\/16010\/\",\"url\":\"https:\/\/www.noticiasradioreflejos.com.ar\/2021\/16010\/\",\"name\":\"Muestra \u201cFlores en Tornquist\u201d con la frescura intacta en sus 40 a\u00f1os - Noticias Radio Reflejos\",\"isPartOf\":{\"@id\":\"https:\/\/www.noticiasradioreflejos.com.ar\/2021\/#website\"},\"primaryImageOfPage\":{\"@id\":\"https:\/\/www.noticiasradioreflejos.com.ar\/2021\/16010\/#primaryimage\"},\"image\":{\"@id\":\"https:\/\/www.noticiasradioreflejos.com.ar\/2021\/16010\/#primaryimage\"},\"thumbnailUrl\":\"http:\/\/farm5.staticflickr.com\/4509\/38168461932_3f316d4f1d.jpg\",\"datePublished\":\"2017-11-06T00:08:21+00:00\",\"author\":{\"@id\":\"https:\/\/www.noticiasradioreflejos.com.ar\/2021\/#\/schema\/person\/ad82545263dcc5ec0996818884fd5fb1\"},\"breadcrumb\":{\"@id\":\"https:\/\/www.noticiasradioreflejos.com.ar\/2021\/16010\/#breadcrumb\"},\"inLanguage\":\"es\",\"potentialAction\":[{\"@type\":\"ReadAction\",\"target\":[\"https:\/\/www.noticiasradioreflejos.com.ar\/2021\/16010\/\"]}]},{\"@type\":\"ImageObject\",\"inLanguage\":\"es\",\"@id\":\"https:\/\/www.noticiasradioreflejos.com.ar\/2021\/16010\/#primaryimage\",\"url\":\"http:\/\/farm5.staticflickr.com\/4509\/38168461932_3f316d4f1d.jpg\",\"contentUrl\":\"http:\/\/farm5.staticflickr.com\/4509\/38168461932_3f316d4f1d.jpg\"},{\"@type\":\"BreadcrumbList\",\"@id\":\"https:\/\/www.noticiasradioreflejos.com.ar\/2021\/16010\/#breadcrumb\",\"itemListElement\":[{\"@type\":\"ListItem\",\"position\":1,\"name\":\"Portada\",\"item\":\"https:\/\/www.noticiasradioreflejos.com.ar\/2021\/\"},{\"@type\":\"ListItem\",\"position\":2,\"name\":\"Muestra \u201cFlores en Tornquist\u201d con la frescura intacta en sus 40 a\u00f1os\"}]},{\"@type\":\"WebSite\",\"@id\":\"https:\/\/www.noticiasradioreflejos.com.ar\/2021\/#website\",\"url\":\"https:\/\/www.noticiasradioreflejos.com.ar\/2021\/\",\"name\":\"Noticias Radio Reflejos\",\"description\":\"Las noticias de mi comarca\",\"potentialAction\":[{\"@type\":\"SearchAction\",\"target\":{\"@type\":\"EntryPoint\",\"urlTemplate\":\"https:\/\/www.noticiasradioreflejos.com.ar\/2021\/?s={search_term_string}\"},\"query-input\":{\"@type\":\"PropertyValueSpecification\",\"valueRequired\":true,\"valueName\":\"search_term_string\"}}],\"inLanguage\":\"es\"},{\"@type\":\"Person\",\"@id\":\"https:\/\/www.noticiasradioreflejos.com.ar\/2021\/#\/schema\/person\/ad82545263dcc5ec0996818884fd5fb1\",\"name\":\"Arnaldo Botto\",\"image\":{\"@type\":\"ImageObject\",\"inLanguage\":\"es\",\"@id\":\"https:\/\/www.noticiasradioreflejos.com.ar\/2021\/#\/schema\/person\/image\/\",\"url\":\"https:\/\/secure.gravatar.com\/avatar\/55cb5e37c1efa326397366e6974cb338056df65cb50e7d64d1cf314e87504837?s=96&d=mm&r=g\",\"contentUrl\":\"https:\/\/secure.gravatar.com\/avatar\/55cb5e37c1efa326397366e6974cb338056df65cb50e7d64d1cf314e87504837?s=96&d=mm&r=g\",\"caption\":\"Arnaldo Botto\"},\"url\":\"https:\/\/www.noticiasradioreflejos.com.ar\/2021\/author\/arnaldo\/\"}]}<\/script>\n<!-- \/ Yoast SEO plugin. -->","yoast_head_json":{"title":"Muestra \u201cFlores en Tornquist\u201d con la frescura intacta en sus 40 a\u00f1os - Noticias Radio Reflejos","robots":{"index":"index","follow":"follow","max-snippet":"max-snippet:-1","max-image-preview":"max-image-preview:large","max-video-preview":"max-video-preview:-1"},"canonical":"https:\/\/www.noticiasradioreflejos.com.ar\/2021\/16010\/","og_locale":"es_ES","og_type":"article","og_title":"Muestra \u201cFlores en Tornquist\u201d con la frescura intacta en sus 40 a\u00f1os - Noticias Radio Reflejos","og_description":"40 a\u00f1os han pasado desde aquel noviembre de 1977 cuando un grupo de entusiastas mujeres se animaron a crear Flores en Tornquist.","og_url":"https:\/\/www.noticiasradioreflejos.com.ar\/2021\/16010\/","og_site_name":"Noticias Radio Reflejos","article_published_time":"2017-11-06T00:08:21+00:00","og_image":[{"url":"http:\/\/farm5.staticflickr.com\/4509\/38168461932_3f316d4f1d.jpg","type":"","width":"","height":""}],"author":"Arnaldo Botto","twitter_card":"summary_large_image","schema":{"@context":"https:\/\/schema.org","@graph":[{"@type":"WebPage","@id":"https:\/\/www.noticiasradioreflejos.com.ar\/2021\/16010\/","url":"https:\/\/www.noticiasradioreflejos.com.ar\/2021\/16010\/","name":"Muestra \u201cFlores en Tornquist\u201d con la frescura intacta en sus 40 a\u00f1os - Noticias Radio Reflejos","isPartOf":{"@id":"https:\/\/www.noticiasradioreflejos.com.ar\/2021\/#website"},"primaryImageOfPage":{"@id":"https:\/\/www.noticiasradioreflejos.com.ar\/2021\/16010\/#primaryimage"},"image":{"@id":"https:\/\/www.noticiasradioreflejos.com.ar\/2021\/16010\/#primaryimage"},"thumbnailUrl":"http:\/\/farm5.staticflickr.com\/4509\/38168461932_3f316d4f1d.jpg","datePublished":"2017-11-06T00:08:21+00:00","author":{"@id":"https:\/\/www.noticiasradioreflejos.com.ar\/2021\/#\/schema\/person\/ad82545263dcc5ec0996818884fd5fb1"},"breadcrumb":{"@id":"https:\/\/www.noticiasradioreflejos.com.ar\/2021\/16010\/#breadcrumb"},"inLanguage":"es","potentialAction":[{"@type":"ReadAction","target":["https:\/\/www.noticiasradioreflejos.com.ar\/2021\/16010\/"]}]},{"@type":"ImageObject","inLanguage":"es","@id":"https:\/\/www.noticiasradioreflejos.com.ar\/2021\/16010\/#primaryimage","url":"http:\/\/farm5.staticflickr.com\/4509\/38168461932_3f316d4f1d.jpg","contentUrl":"http:\/\/farm5.staticflickr.com\/4509\/38168461932_3f316d4f1d.jpg"},{"@type":"BreadcrumbList","@id":"https:\/\/www.noticiasradioreflejos.com.ar\/2021\/16010\/#breadcrumb","itemListElement":[{"@type":"ListItem","position":1,"name":"Portada","item":"https:\/\/www.noticiasradioreflejos.com.ar\/2021\/"},{"@type":"ListItem","position":2,"name":"Muestra \u201cFlores en Tornquist\u201d con la frescura intacta en sus 40 a\u00f1os"}]},{"@type":"WebSite","@id":"https:\/\/www.noticiasradioreflejos.com.ar\/2021\/#website","url":"https:\/\/www.noticiasradioreflejos.com.ar\/2021\/","name":"Noticias Radio Reflejos","description":"Las noticias de mi comarca","potentialAction":[{"@type":"SearchAction","target":{"@type":"EntryPoint","urlTemplate":"https:\/\/www.noticiasradioreflejos.com.ar\/2021\/?s={search_term_string}"},"query-input":{"@type":"PropertyValueSpecification","valueRequired":true,"valueName":"search_term_string"}}],"inLanguage":"es"},{"@type":"Person","@id":"https:\/\/www.noticiasradioreflejos.com.ar\/2021\/#\/schema\/person\/ad82545263dcc5ec0996818884fd5fb1","name":"Arnaldo Botto","image":{"@type":"ImageObject","inLanguage":"es","@id":"https:\/\/www.noticiasradioreflejos.com.ar\/2021\/#\/schema\/person\/image\/","url":"https:\/\/secure.gravatar.com\/avatar\/55cb5e37c1efa326397366e6974cb338056df65cb50e7d64d1cf314e87504837?s=96&d=mm&r=g","contentUrl":"https:\/\/secure.gravatar.com\/avatar\/55cb5e37c1efa326397366e6974cb338056df65cb50e7d64d1cf314e87504837?s=96&d=mm&r=g","caption":"Arnaldo Botto"},"url":"https:\/\/www.noticiasradioreflejos.com.ar\/2021\/author\/arnaldo\/"}]}},"_links":{"self":[{"href":"https:\/\/www.noticiasradioreflejos.com.ar\/2021\/wp-json\/wp\/v2\/posts\/16010","targetHints":{"allow":["GET"]}}],"collection":[{"href":"https:\/\/www.noticiasradioreflejos.com.ar\/2021\/wp-json\/wp\/v2\/posts"}],"about":[{"href":"https:\/\/www.noticiasradioreflejos.com.ar\/2021\/wp-json\/wp\/v2\/types\/post"}],"author":[{"embeddable":true,"href":"https:\/\/www.noticiasradioreflejos.com.ar\/2021\/wp-json\/wp\/v2\/users\/3"}],"replies":[{"embeddable":true,"href":"https:\/\/www.noticiasradioreflejos.com.ar\/2021\/wp-json\/wp\/v2\/comments?post=16010"}],"version-history":[{"count":0,"href":"https:\/\/www.noticiasradioreflejos.com.ar\/2021\/wp-json\/wp\/v2\/posts\/16010\/revisions"}],"wp:attachment":[{"href":"https:\/\/www.noticiasradioreflejos.com.ar\/2021\/wp-json\/wp\/v2\/media?parent=16010"}],"wp:term":[{"taxonomy":"category","embeddable":true,"href":"https:\/\/www.noticiasradioreflejos.com.ar\/2021\/wp-json\/wp\/v2\/categories?post=16010"},{"taxonomy":"post_tag","embeddable":true,"href":"https:\/\/www.noticiasradioreflejos.com.ar\/2021\/wp-json\/wp\/v2\/tags?post=16010"}],"curies":[{"name":"wp","href":"https:\/\/api.w.org\/{rel}","templated":true}]}}