{"id":15985,"date":"2017-11-03T19:01:51","date_gmt":"2017-11-03T22:01:51","guid":{"rendered":"http:\/\/www.noticiasradioreflejos.com.ar\/noticias\/?p=15985"},"modified":"2017-11-03T19:01:51","modified_gmt":"2017-11-03T22:01:51","slug":"asumio-el-nuevo-secretario-de-salud-dr-jorge-ferraro","status":"publish","type":"post","link":"https:\/\/www.noticiasradioreflejos.com.ar\/2021\/asumio-el-nuevo-secretario-de-salud-dr-jorge-ferraro\/","title":{"rendered":"Asumi\u00f3 el nuevo Secretario de Salud, Dr. Jorge Ferraro"},"content":{"rendered":"<p><a title=\"DSC_9105-7\" href=\"http:\/\/farm5.staticflickr.com\/4565\/38148121441_54fe349902.jpg\" rel=\"\"><img loading=\"lazy\" decoding=\"async\" class=\"alignleft\" style=\"float: left;\" title=\"DSC_9105-7\" src=\"http:\/\/farm5.staticflickr.com\/4565\/38148121441_54fe349902.jpg\" alt=\"DSC_9105-7\" width=\"500\" height=\"333\" \/><\/a>Mediante una conferencia de prensa realizada este viernes, fue presentado el nuevo Secretario de Salud del municipio de Tornquist, <strong>Dr. Jorge Javier Ferraro<\/strong>, quien reemplazar\u00e1 al Dr. Walter Wallace tras dos a\u00f1os de gesti\u00f3n.<br \/>\n<!--more-->\u201cPor cuestiones netamente laborales a Walter le es imposible seguir ayud\u00e1ndome\u201d, indic\u00f3 el intendente <strong>Sergio Bordoni<\/strong>, quien fue el encargado de presentar p\u00fablicamente al flamante funcionario, sobre quien asegur\u00f3 que \u201ctiene todas las de sacar esto adelante y seguir con el trabajo que se viene haciendo y no perder de vista la atenci\u00f3n al paciente\u201d.<br \/>\n\u201cConf\u00edo mucho en \u00e9l y creo que entre todos los enfermeros, m\u00e9dicos y el resto del personal podemos seguir mejorando el servicio y tener un hospital cada vez m\u00e1s calificado y con mejores prestaciones \u2013continu\u00f3- para que siga siendo el nosocomio que queremos todos los tornquistenses, donde la gente sea bien atendida\u201d.<br \/>\nA su turno, Ferraro asegur\u00f3 que viene \u201ca tomar la posta que est\u00e1 dejando Walter (Wallace), de un trabajo que ya est\u00e1 encaminado\u201d. \u201cMe entusiasm\u00f3 el proyecto con todas las cosas que hay para hacer y me qued\u00e9 sorprendido de c\u00f3mo es el hospital\u201d, manifest\u00f3 el profesional de 39 a\u00f1os llegado desde La Plata.<br \/>\n\u201cOrganizamos bastante el shock room con los enfermeros, que est\u00e1 pr\u00e1cticamente a la altura de los mejores sistemas de emergencia del hospital de La Plata\u201d, afirm\u00f3 respecto a las primeras acciones que efectu\u00f3 desde que asumi\u00f3 el mi\u00e9rcoles \u00faltimo. \u201cEl material humano es fundamental, no hay sistema que no se sustente en la capacidad y en la calidad de las personas que trabajan; es muy importante que la gente est\u00e9 bien cuidada y atendida como as\u00ed tambi\u00e9n que los que cuidan est\u00e9n bien atendidos\u201d, agreg\u00f3.<br \/>\nEn cuanto a la impronta que propondr\u00e1 como nuevo responsable del \u00e1rea de salud, Ferraro indic\u00f3 que \u201cla idea de la gesti\u00f3n es desarrollar una base de tres componentes: la parte asistencial, la formaci\u00f3n continua del personal y la medicina preventiva\u201d.<br \/>\n\u201cFortalecer los centros de atenci\u00f3n primaria perif\u00e9ricos y la sala de Sierra de la Ventana, que ya tiene casi jerarqu\u00eda de hospital; jerarquizar los puntos clave como Tornquist y Sierra y las salas de los lugares que menos personas tienen\u201d, son otros de sus objetivos.<br \/>\nRespecto a medicina preventiva, se\u00f1al\u00f3 que \u201cuno de los proyectos hacer, una vez al mes, charlas abiertas a la comunidad sobre determinados temas\u201d.<br \/>\nEn otro de los proyectos en los que Ferraro comenz\u00f3 a trabajar como Secretario de Salud es en el corredor de emergencia de la Ruta 33 entre Bah\u00eda Blanca y Guamini. \u201cLa idea es organizar el corredor de emergencia y la coordinaci\u00f3n, hay un problema en la organizaci\u00f3n estructural y en la organizaci\u00f3n asistencial\u201d, indic\u00f3 al respecto.<br \/>\n\u201cLos municipios involucrados est\u00e1n muy dispuestos a trabajar en esto y contamos con la coordinaci\u00f3n de Vialidad Nacional\u201d, agreg\u00f3.<br \/>\nAsimismo Ferraro aclar\u00f3 que su actividad asistencial en el hospital no cambiar\u00e1, que seguir\u00e1 atendiendo a sus pacientes, continuar\u00e1 prestando el servicio de aspirometr\u00eda (incluso con m\u00e1s turnos) y mantendr\u00e1 sus guardias m\u00e9dicas.<br \/>\nEn el marco de la reorganizaci\u00f3n del \u00e1rea de salud comunal tras la salida de Wallace, <strong>el Dr. Javier Tonelli<\/strong> pasar\u00e1 a ser Subsecretario Administrativo. \u201cVoy a dejar la parte asistencial para ocuparme de la log\u00edstica y la administraci\u00f3n, que es lo que en estos dos a\u00f1os hemos aprendido\u201d, sostuvo.<br \/>\n\u201cWallace me acompa\u00f1\u00f3 en estos dos a\u00f1os, nos conocimos el d\u00eda que entramos ac\u00e1 y he encontrado en \u00e9l una persona de bien, un amigo\u201d, expreso sobre el ahora ex Secretario de Salud y sigui\u00f3: \u201cIgualmente transmito la tranquilidad de que vamos a contar con \u00e9l cuando lo necesitemos, porque est\u00e1 en el Hospital Penna y nos allana el camino en much\u00edsimas cuestiones\u201d.<br \/>\n\u201cTengo un dejo de tristeza porque de Wallace aprend\u00ed con un mont\u00f3n de cosas, pero la alegr\u00eda de contar con la llegada de Ferraro, un m\u00e9dico con una alta formaci\u00f3n, porque no solo es terapista sino que tambi\u00e9n tiene un curso superior de neumonolog\u00eda y otro de ecograf\u00eda y tiene una inquietud permanente m\u00e9dica. Pero lo m\u00e1s destacable es su condici\u00f3n \u00e9tica y su condici\u00f3n humana, soy un convencido que las ganas de ayudar a un paciente ya son m\u00e1s de la mitad de un todo. El sentido humano tendido frente a un paciente es lo fundamental, lo hemos visto en Jorge y es la esperanza que tenemos en esta gesti\u00f3n\u201d, a\u00f1adi\u00f3.<br \/>\nPor \u00faltimo, en la conferencia de prensa de este viernes, tom\u00f3 la palabra el funcionario saliente, el <strong>Dr. Walter Wallace<\/strong>, quien indic\u00f3 que posee \u201cuna actividad medica muy importante, de mucha asistencia, lo que me dificulta poder estar todo el tiempo que quisiera y vimos en Jorge que dispone del tiempo necesario y es una ventaja que me supera\u201d.<br \/>\nComo cuestiones pendientes que le hubiese gustado concretar como responsable de salud, indic\u00f3 que \u201cest\u00e1 en mente la idea de contar con un respirador, para lo que hay gestiones y que nos va a permitir sostener ac\u00e1 a aquellos pacientes graves para los que no encontramos derivaci\u00f3n inmediata. Y a eso sumarle una mesa de anestesia\u201d.<br \/>\n\u201cEl servicio de oxigenaci\u00f3n central fue importante\u201d, subray\u00f3 como acci\u00f3n destacada durante su gesti\u00f3n. \u201cEs una ventaja desde lo econ\u00f3mico hasta la comodidad de poder prestar aires combinados. Despu\u00e9s, dentro de lo edilicio destaco la obra del lavadero y mejoras en las habitaciones. Estoy conforme\u201d, concluy\u00f3.<\/p>\n","protected":false},"excerpt":{"rendered":"<p>Mediante una conferencia de prensa realizada este viernes, fue presentado el nuevo Secretario de Salud del municipio de Tornquist, Dr. Jorge Javier Ferraro, quien reemplazar\u00e1 al Dr. Walter Wallace tras dos a\u00f1os de gesti\u00f3n.<\/p>\n","protected":false},"author":3,"featured_media":0,"comment_status":"closed","ping_status":"open","sticky":false,"template":"","format":"standard","meta":{"footnotes":""},"categories":[30],"tags":[],"class_list":["post-15985","post","type-post","status-publish","format-standard","hentry","category-salud"],"yoast_head":"<!-- This site is optimized with the Yoast SEO plugin v25.9 - https:\/\/yoast.com\/wordpress\/plugins\/seo\/ -->\n<title>Asumi\u00f3 el nuevo Secretario de Salud, Dr. Jorge Ferraro - Noticias Radio Reflejos<\/title>\n<meta name=\"robots\" content=\"index, follow, max-snippet:-1, max-image-preview:large, max-video-preview:-1\" \/>\n<link rel=\"canonical\" href=\"https:\/\/www.noticiasradioreflejos.com.ar\/2021\/asumio-el-nuevo-secretario-de-salud-dr-jorge-ferraro\/\" \/>\n<meta property=\"og:locale\" content=\"es_ES\" \/>\n<meta property=\"og:type\" content=\"article\" \/>\n<meta property=\"og:title\" content=\"Asumi\u00f3 el nuevo Secretario de Salud, Dr. Jorge Ferraro - Noticias Radio Reflejos\" \/>\n<meta property=\"og:description\" content=\"Mediante una conferencia de prensa realizada este viernes, fue presentado el nuevo Secretario de Salud del municipio de Tornquist, Dr. Jorge Javier Ferraro, quien reemplazar\u00e1 al Dr. Walter Wallace tras dos a\u00f1os de gesti\u00f3n.\" \/>\n<meta property=\"og:url\" content=\"https:\/\/www.noticiasradioreflejos.com.ar\/2021\/asumio-el-nuevo-secretario-de-salud-dr-jorge-ferraro\/\" \/>\n<meta property=\"og:site_name\" content=\"Noticias Radio Reflejos\" \/>\n<meta property=\"article:published_time\" content=\"2017-11-03T22:01:51+00:00\" \/>\n<meta property=\"og:image\" content=\"http:\/\/farm5.staticflickr.com\/4565\/38148121441_54fe349902.jpg\" \/>\n<meta name=\"author\" content=\"Arnaldo Botto\" \/>\n<meta name=\"twitter:card\" content=\"summary_large_image\" \/>\n<script type=\"application\/ld+json\" class=\"yoast-schema-graph\">{\"@context\":\"https:\/\/schema.org\",\"@graph\":[{\"@type\":\"WebPage\",\"@id\":\"https:\/\/www.noticiasradioreflejos.com.ar\/2021\/asumio-el-nuevo-secretario-de-salud-dr-jorge-ferraro\/\",\"url\":\"https:\/\/www.noticiasradioreflejos.com.ar\/2021\/asumio-el-nuevo-secretario-de-salud-dr-jorge-ferraro\/\",\"name\":\"Asumi\u00f3 el nuevo Secretario de Salud, Dr. Jorge Ferraro - Noticias Radio Reflejos\",\"isPartOf\":{\"@id\":\"https:\/\/www.noticiasradioreflejos.com.ar\/2021\/#website\"},\"primaryImageOfPage\":{\"@id\":\"https:\/\/www.noticiasradioreflejos.com.ar\/2021\/asumio-el-nuevo-secretario-de-salud-dr-jorge-ferraro\/#primaryimage\"},\"image\":{\"@id\":\"https:\/\/www.noticiasradioreflejos.com.ar\/2021\/asumio-el-nuevo-secretario-de-salud-dr-jorge-ferraro\/#primaryimage\"},\"thumbnailUrl\":\"http:\/\/farm5.staticflickr.com\/4565\/38148121441_54fe349902.jpg\",\"datePublished\":\"2017-11-03T22:01:51+00:00\",\"author\":{\"@id\":\"https:\/\/www.noticiasradioreflejos.com.ar\/2021\/#\/schema\/person\/ad82545263dcc5ec0996818884fd5fb1\"},\"breadcrumb\":{\"@id\":\"https:\/\/www.noticiasradioreflejos.com.ar\/2021\/asumio-el-nuevo-secretario-de-salud-dr-jorge-ferraro\/#breadcrumb\"},\"inLanguage\":\"es\",\"potentialAction\":[{\"@type\":\"ReadAction\",\"target\":[\"https:\/\/www.noticiasradioreflejos.com.ar\/2021\/asumio-el-nuevo-secretario-de-salud-dr-jorge-ferraro\/\"]}]},{\"@type\":\"ImageObject\",\"inLanguage\":\"es\",\"@id\":\"https:\/\/www.noticiasradioreflejos.com.ar\/2021\/asumio-el-nuevo-secretario-de-salud-dr-jorge-ferraro\/#primaryimage\",\"url\":\"http:\/\/farm5.staticflickr.com\/4565\/38148121441_54fe349902.jpg\",\"contentUrl\":\"http:\/\/farm5.staticflickr.com\/4565\/38148121441_54fe349902.jpg\"},{\"@type\":\"BreadcrumbList\",\"@id\":\"https:\/\/www.noticiasradioreflejos.com.ar\/2021\/asumio-el-nuevo-secretario-de-salud-dr-jorge-ferraro\/#breadcrumb\",\"itemListElement\":[{\"@type\":\"ListItem\",\"position\":1,\"name\":\"Portada\",\"item\":\"https:\/\/www.noticiasradioreflejos.com.ar\/2021\/\"},{\"@type\":\"ListItem\",\"position\":2,\"name\":\"Asumi\u00f3 el nuevo Secretario de Salud, Dr. Jorge Ferraro\"}]},{\"@type\":\"WebSite\",\"@id\":\"https:\/\/www.noticiasradioreflejos.com.ar\/2021\/#website\",\"url\":\"https:\/\/www.noticiasradioreflejos.com.ar\/2021\/\",\"name\":\"Noticias Radio Reflejos\",\"description\":\"Las noticias de mi comarca\",\"potentialAction\":[{\"@type\":\"SearchAction\",\"target\":{\"@type\":\"EntryPoint\",\"urlTemplate\":\"https:\/\/www.noticiasradioreflejos.com.ar\/2021\/?s={search_term_string}\"},\"query-input\":{\"@type\":\"PropertyValueSpecification\",\"valueRequired\":true,\"valueName\":\"search_term_string\"}}],\"inLanguage\":\"es\"},{\"@type\":\"Person\",\"@id\":\"https:\/\/www.noticiasradioreflejos.com.ar\/2021\/#\/schema\/person\/ad82545263dcc5ec0996818884fd5fb1\",\"name\":\"Arnaldo Botto\",\"image\":{\"@type\":\"ImageObject\",\"inLanguage\":\"es\",\"@id\":\"https:\/\/www.noticiasradioreflejos.com.ar\/2021\/#\/schema\/person\/image\/\",\"url\":\"https:\/\/secure.gravatar.com\/avatar\/55cb5e37c1efa326397366e6974cb338056df65cb50e7d64d1cf314e87504837?s=96&d=mm&r=g\",\"contentUrl\":\"https:\/\/secure.gravatar.com\/avatar\/55cb5e37c1efa326397366e6974cb338056df65cb50e7d64d1cf314e87504837?s=96&d=mm&r=g\",\"caption\":\"Arnaldo Botto\"},\"url\":\"https:\/\/www.noticiasradioreflejos.com.ar\/2021\/author\/arnaldo\/\"}]}<\/script>\n<!-- \/ Yoast SEO plugin. -->","yoast_head_json":{"title":"Asumi\u00f3 el nuevo Secretario de Salud, Dr. Jorge Ferraro - Noticias Radio Reflejos","robots":{"index":"index","follow":"follow","max-snippet":"max-snippet:-1","max-image-preview":"max-image-preview:large","max-video-preview":"max-video-preview:-1"},"canonical":"https:\/\/www.noticiasradioreflejos.com.ar\/2021\/asumio-el-nuevo-secretario-de-salud-dr-jorge-ferraro\/","og_locale":"es_ES","og_type":"article","og_title":"Asumi\u00f3 el nuevo Secretario de Salud, Dr. Jorge Ferraro - Noticias Radio Reflejos","og_description":"Mediante una conferencia de prensa realizada este viernes, fue presentado el nuevo Secretario de Salud del municipio de Tornquist, Dr. Jorge Javier Ferraro, quien reemplazar\u00e1 al Dr. Walter Wallace tras dos a\u00f1os de gesti\u00f3n.","og_url":"https:\/\/www.noticiasradioreflejos.com.ar\/2021\/asumio-el-nuevo-secretario-de-salud-dr-jorge-ferraro\/","og_site_name":"Noticias Radio Reflejos","article_published_time":"2017-11-03T22:01:51+00:00","og_image":[{"url":"http:\/\/farm5.staticflickr.com\/4565\/38148121441_54fe349902.jpg","type":"","width":"","height":""}],"author":"Arnaldo Botto","twitter_card":"summary_large_image","schema":{"@context":"https:\/\/schema.org","@graph":[{"@type":"WebPage","@id":"https:\/\/www.noticiasradioreflejos.com.ar\/2021\/asumio-el-nuevo-secretario-de-salud-dr-jorge-ferraro\/","url":"https:\/\/www.noticiasradioreflejos.com.ar\/2021\/asumio-el-nuevo-secretario-de-salud-dr-jorge-ferraro\/","name":"Asumi\u00f3 el nuevo Secretario de Salud, Dr. Jorge Ferraro - Noticias Radio Reflejos","isPartOf":{"@id":"https:\/\/www.noticiasradioreflejos.com.ar\/2021\/#website"},"primaryImageOfPage":{"@id":"https:\/\/www.noticiasradioreflejos.com.ar\/2021\/asumio-el-nuevo-secretario-de-salud-dr-jorge-ferraro\/#primaryimage"},"image":{"@id":"https:\/\/www.noticiasradioreflejos.com.ar\/2021\/asumio-el-nuevo-secretario-de-salud-dr-jorge-ferraro\/#primaryimage"},"thumbnailUrl":"http:\/\/farm5.staticflickr.com\/4565\/38148121441_54fe349902.jpg","datePublished":"2017-11-03T22:01:51+00:00","author":{"@id":"https:\/\/www.noticiasradioreflejos.com.ar\/2021\/#\/schema\/person\/ad82545263dcc5ec0996818884fd5fb1"},"breadcrumb":{"@id":"https:\/\/www.noticiasradioreflejos.com.ar\/2021\/asumio-el-nuevo-secretario-de-salud-dr-jorge-ferraro\/#breadcrumb"},"inLanguage":"es","potentialAction":[{"@type":"ReadAction","target":["https:\/\/www.noticiasradioreflejos.com.ar\/2021\/asumio-el-nuevo-secretario-de-salud-dr-jorge-ferraro\/"]}]},{"@type":"ImageObject","inLanguage":"es","@id":"https:\/\/www.noticiasradioreflejos.com.ar\/2021\/asumio-el-nuevo-secretario-de-salud-dr-jorge-ferraro\/#primaryimage","url":"http:\/\/farm5.staticflickr.com\/4565\/38148121441_54fe349902.jpg","contentUrl":"http:\/\/farm5.staticflickr.com\/4565\/38148121441_54fe349902.jpg"},{"@type":"BreadcrumbList","@id":"https:\/\/www.noticiasradioreflejos.com.ar\/2021\/asumio-el-nuevo-secretario-de-salud-dr-jorge-ferraro\/#breadcrumb","itemListElement":[{"@type":"ListItem","position":1,"name":"Portada","item":"https:\/\/www.noticiasradioreflejos.com.ar\/2021\/"},{"@type":"ListItem","position":2,"name":"Asumi\u00f3 el nuevo Secretario de Salud, Dr. Jorge Ferraro"}]},{"@type":"WebSite","@id":"https:\/\/www.noticiasradioreflejos.com.ar\/2021\/#website","url":"https:\/\/www.noticiasradioreflejos.com.ar\/2021\/","name":"Noticias Radio Reflejos","description":"Las noticias de mi comarca","potentialAction":[{"@type":"SearchAction","target":{"@type":"EntryPoint","urlTemplate":"https:\/\/www.noticiasradioreflejos.com.ar\/2021\/?s={search_term_string}"},"query-input":{"@type":"PropertyValueSpecification","valueRequired":true,"valueName":"search_term_string"}}],"inLanguage":"es"},{"@type":"Person","@id":"https:\/\/www.noticiasradioreflejos.com.ar\/2021\/#\/schema\/person\/ad82545263dcc5ec0996818884fd5fb1","name":"Arnaldo Botto","image":{"@type":"ImageObject","inLanguage":"es","@id":"https:\/\/www.noticiasradioreflejos.com.ar\/2021\/#\/schema\/person\/image\/","url":"https:\/\/secure.gravatar.com\/avatar\/55cb5e37c1efa326397366e6974cb338056df65cb50e7d64d1cf314e87504837?s=96&d=mm&r=g","contentUrl":"https:\/\/secure.gravatar.com\/avatar\/55cb5e37c1efa326397366e6974cb338056df65cb50e7d64d1cf314e87504837?s=96&d=mm&r=g","caption":"Arnaldo Botto"},"url":"https:\/\/www.noticiasradioreflejos.com.ar\/2021\/author\/arnaldo\/"}]}},"_links":{"self":[{"href":"https:\/\/www.noticiasradioreflejos.com.ar\/2021\/wp-json\/wp\/v2\/posts\/15985","targetHints":{"allow":["GET"]}}],"collection":[{"href":"https:\/\/www.noticiasradioreflejos.com.ar\/2021\/wp-json\/wp\/v2\/posts"}],"about":[{"href":"https:\/\/www.noticiasradioreflejos.com.ar\/2021\/wp-json\/wp\/v2\/types\/post"}],"author":[{"embeddable":true,"href":"https:\/\/www.noticiasradioreflejos.com.ar\/2021\/wp-json\/wp\/v2\/users\/3"}],"replies":[{"embeddable":true,"href":"https:\/\/www.noticiasradioreflejos.com.ar\/2021\/wp-json\/wp\/v2\/comments?post=15985"}],"version-history":[{"count":0,"href":"https:\/\/www.noticiasradioreflejos.com.ar\/2021\/wp-json\/wp\/v2\/posts\/15985\/revisions"}],"wp:attachment":[{"href":"https:\/\/www.noticiasradioreflejos.com.ar\/2021\/wp-json\/wp\/v2\/media?parent=15985"}],"wp:term":[{"taxonomy":"category","embeddable":true,"href":"https:\/\/www.noticiasradioreflejos.com.ar\/2021\/wp-json\/wp\/v2\/categories?post=15985"},{"taxonomy":"post_tag","embeddable":true,"href":"https:\/\/www.noticiasradioreflejos.com.ar\/2021\/wp-json\/wp\/v2\/tags?post=15985"}],"curies":[{"name":"wp","href":"https:\/\/api.w.org\/{rel}","templated":true}]}}