{"id":1595,"date":"2016-09-30T13:04:50","date_gmt":"2016-09-30T13:04:50","guid":{"rendered":"http:\/\/noticiasradioreflejos.com.ar\/noticias\/?p=1595"},"modified":"2016-09-30T13:04:50","modified_gmt":"2016-09-30T13:04:50","slug":"cuatro-choferes-de-viajes-estudiantiles-fueron-demorados-por-consumo-de-cocaina","status":"publish","type":"post","link":"https:\/\/www.noticiasradioreflejos.com.ar\/2021\/cuatro-choferes-de-viajes-estudiantiles-fueron-demorados-por-consumo-de-cocaina\/","title":{"rendered":"Cuatro ch\u00f3feres de viajes estudiantiles fueron demorados por consumo de coca\u00edna"},"content":{"rendered":"<p>El Jefe de la Guardia Urbana de Bah\u00eda Blanca, Mauro Plaide, en dialogo con Nelson Castro para la 101.5 radio continental, hablo sobre el hecho ocurrido en horas de la madrugada de ayer en la ruta 3, donde demoraron a cuatro ch\u00f3feres de viajes estudiantiles, que\u00a0seg\u00fan el drager test al que fueron sometidos arrojo un resultado positivo para determinar el consumo de \u201cCOC\u201d (coca\u00edna). \u00a0<!--more--><\/p>\n<div id=\"m_3588698882803401501yui_3_16_0_ym19_1_1475234800009_3992\">El operativo fue realizado por la Guardia Urbana sobre el kil\u00f3metro 701, a la altura de la planta TGS, y\u00a0cont\u00f3 con el aporte de efectivos de Seguridad Vial, donde fueron demorados los\u00a0ch\u00f3feres de la empresa Plusmar que llevaban egresados a Bariloche.<\/div>\n<div><\/div>\n<div><a title=\"BONDIS1\" href=\"http:\/\/farm6.staticflickr.com\/5177\/29396067463_14c939648f_z.jpg\" rel=\"\"><img loading=\"lazy\" decoding=\"async\" class=\"aligncenter\" title=\"BONDIS1\" src=\"http:\/\/farm6.staticflickr.com\/5177\/29396067463_14c939648f_z.jpg\" alt=\"BONDIS1\" width=\"640\" height=\"357\" \/><\/a><\/div>\n<div><\/div>\n<p><iframe loading=\"lazy\" src=\"https:\/\/w.soundcloud.com\/player\/?url=https%3A\/\/api.soundcloud.com\/tracks\/285413757&amp;color=ff5500&amp;auto_play=false&amp;hide_related=false&amp;show_comments=true&amp;show_user=true&amp;show_reposts=false\" width=\"100%\" height=\"166\" frameborder=\"no\" scrolling=\"no\"><\/iframe><\/p>\n","protected":false},"excerpt":{"rendered":"<p>El Jefe de la Guardia Urbana de Bah\u00eda Blanca, Mauro Plaide, en dialogo con Nelson Castro para la 101.5 radio continental, hablo sobre el hecho ocurrido en horas de la madrugada de ayer en la ruta 3, donde demoraron a cuatro ch\u00f3feres de viajes estudiantiles, que\u00a0seg\u00fan el drager test al que fueron sometidos arrojo un [&hellip;]<\/p>\n","protected":false},"author":3,"featured_media":0,"comment_status":"closed","ping_status":"open","sticky":false,"template":"","format":"standard","meta":{"footnotes":""},"categories":[29],"tags":[],"class_list":["post-1595","post","type-post","status-publish","format-standard","hentry","category-policiales"],"yoast_head":"<!-- This site is optimized with the Yoast SEO plugin v25.9 - https:\/\/yoast.com\/wordpress\/plugins\/seo\/ -->\n<title>Cuatro ch\u00f3feres de viajes estudiantiles fueron demorados por consumo de coca\u00edna - Noticias Radio Reflejos<\/title>\n<meta name=\"robots\" content=\"index, follow, max-snippet:-1, max-image-preview:large, max-video-preview:-1\" \/>\n<link rel=\"canonical\" href=\"https:\/\/www.noticiasradioreflejos.com.ar\/2021\/cuatro-choferes-de-viajes-estudiantiles-fueron-demorados-por-consumo-de-cocaina\/\" \/>\n<meta property=\"og:locale\" content=\"es_ES\" \/>\n<meta property=\"og:type\" content=\"article\" \/>\n<meta property=\"og:title\" content=\"Cuatro ch\u00f3feres de viajes estudiantiles fueron demorados por consumo de coca\u00edna - Noticias Radio Reflejos\" \/>\n<meta property=\"og:description\" content=\"El Jefe de la Guardia Urbana de Bah\u00eda Blanca, Mauro Plaide, en dialogo con Nelson Castro para la 101.5 radio continental, hablo sobre el hecho ocurrido en horas de la madrugada de ayer en la ruta 3, donde demoraron a cuatro ch\u00f3feres de viajes estudiantiles, que\u00a0seg\u00fan el drager test al que fueron sometidos arrojo un [&hellip;]\" \/>\n<meta property=\"og:url\" content=\"https:\/\/www.noticiasradioreflejos.com.ar\/2021\/cuatro-choferes-de-viajes-estudiantiles-fueron-demorados-por-consumo-de-cocaina\/\" \/>\n<meta property=\"og:site_name\" content=\"Noticias Radio Reflejos\" \/>\n<meta property=\"article:published_time\" content=\"2016-09-30T13:04:50+00:00\" \/>\n<meta property=\"og:image\" content=\"http:\/\/farm6.staticflickr.com\/5177\/29396067463_14c939648f_z.jpg\" \/>\n<meta name=\"author\" content=\"Arnaldo Botto\" \/>\n<meta name=\"twitter:card\" content=\"summary_large_image\" \/>\n<script type=\"application\/ld+json\" class=\"yoast-schema-graph\">{\"@context\":\"https:\/\/schema.org\",\"@graph\":[{\"@type\":\"WebPage\",\"@id\":\"https:\/\/www.noticiasradioreflejos.com.ar\/2021\/cuatro-choferes-de-viajes-estudiantiles-fueron-demorados-por-consumo-de-cocaina\/\",\"url\":\"https:\/\/www.noticiasradioreflejos.com.ar\/2021\/cuatro-choferes-de-viajes-estudiantiles-fueron-demorados-por-consumo-de-cocaina\/\",\"name\":\"Cuatro ch\u00f3feres de viajes estudiantiles fueron demorados por consumo de coca\u00edna - Noticias Radio Reflejos\",\"isPartOf\":{\"@id\":\"https:\/\/www.noticiasradioreflejos.com.ar\/2021\/#website\"},\"primaryImageOfPage\":{\"@id\":\"https:\/\/www.noticiasradioreflejos.com.ar\/2021\/cuatro-choferes-de-viajes-estudiantiles-fueron-demorados-por-consumo-de-cocaina\/#primaryimage\"},\"image\":{\"@id\":\"https:\/\/www.noticiasradioreflejos.com.ar\/2021\/cuatro-choferes-de-viajes-estudiantiles-fueron-demorados-por-consumo-de-cocaina\/#primaryimage\"},\"thumbnailUrl\":\"http:\/\/farm6.staticflickr.com\/5177\/29396067463_14c939648f_z.jpg\",\"datePublished\":\"2016-09-30T13:04:50+00:00\",\"author\":{\"@id\":\"https:\/\/www.noticiasradioreflejos.com.ar\/2021\/#\/schema\/person\/ad82545263dcc5ec0996818884fd5fb1\"},\"breadcrumb\":{\"@id\":\"https:\/\/www.noticiasradioreflejos.com.ar\/2021\/cuatro-choferes-de-viajes-estudiantiles-fueron-demorados-por-consumo-de-cocaina\/#breadcrumb\"},\"inLanguage\":\"es\",\"potentialAction\":[{\"@type\":\"ReadAction\",\"target\":[\"https:\/\/www.noticiasradioreflejos.com.ar\/2021\/cuatro-choferes-de-viajes-estudiantiles-fueron-demorados-por-consumo-de-cocaina\/\"]}]},{\"@type\":\"ImageObject\",\"inLanguage\":\"es\",\"@id\":\"https:\/\/www.noticiasradioreflejos.com.ar\/2021\/cuatro-choferes-de-viajes-estudiantiles-fueron-demorados-por-consumo-de-cocaina\/#primaryimage\",\"url\":\"http:\/\/farm6.staticflickr.com\/5177\/29396067463_14c939648f_z.jpg\",\"contentUrl\":\"http:\/\/farm6.staticflickr.com\/5177\/29396067463_14c939648f_z.jpg\"},{\"@type\":\"BreadcrumbList\",\"@id\":\"https:\/\/www.noticiasradioreflejos.com.ar\/2021\/cuatro-choferes-de-viajes-estudiantiles-fueron-demorados-por-consumo-de-cocaina\/#breadcrumb\",\"itemListElement\":[{\"@type\":\"ListItem\",\"position\":1,\"name\":\"Portada\",\"item\":\"https:\/\/www.noticiasradioreflejos.com.ar\/2021\/\"},{\"@type\":\"ListItem\",\"position\":2,\"name\":\"Cuatro ch\u00f3feres de viajes estudiantiles fueron demorados por consumo de coca\u00edna\"}]},{\"@type\":\"WebSite\",\"@id\":\"https:\/\/www.noticiasradioreflejos.com.ar\/2021\/#website\",\"url\":\"https:\/\/www.noticiasradioreflejos.com.ar\/2021\/\",\"name\":\"Noticias Radio Reflejos\",\"description\":\"Las noticias de mi comarca\",\"potentialAction\":[{\"@type\":\"SearchAction\",\"target\":{\"@type\":\"EntryPoint\",\"urlTemplate\":\"https:\/\/www.noticiasradioreflejos.com.ar\/2021\/?s={search_term_string}\"},\"query-input\":{\"@type\":\"PropertyValueSpecification\",\"valueRequired\":true,\"valueName\":\"search_term_string\"}}],\"inLanguage\":\"es\"},{\"@type\":\"Person\",\"@id\":\"https:\/\/www.noticiasradioreflejos.com.ar\/2021\/#\/schema\/person\/ad82545263dcc5ec0996818884fd5fb1\",\"name\":\"Arnaldo Botto\",\"image\":{\"@type\":\"ImageObject\",\"inLanguage\":\"es\",\"@id\":\"https:\/\/www.noticiasradioreflejos.com.ar\/2021\/#\/schema\/person\/image\/\",\"url\":\"https:\/\/secure.gravatar.com\/avatar\/55cb5e37c1efa326397366e6974cb338056df65cb50e7d64d1cf314e87504837?s=96&d=mm&r=g\",\"contentUrl\":\"https:\/\/secure.gravatar.com\/avatar\/55cb5e37c1efa326397366e6974cb338056df65cb50e7d64d1cf314e87504837?s=96&d=mm&r=g\",\"caption\":\"Arnaldo Botto\"},\"url\":\"https:\/\/www.noticiasradioreflejos.com.ar\/2021\/author\/arnaldo\/\"}]}<\/script>\n<!-- \/ Yoast SEO plugin. -->","yoast_head_json":{"title":"Cuatro ch\u00f3feres de viajes estudiantiles fueron demorados por consumo de coca\u00edna - Noticias Radio Reflejos","robots":{"index":"index","follow":"follow","max-snippet":"max-snippet:-1","max-image-preview":"max-image-preview:large","max-video-preview":"max-video-preview:-1"},"canonical":"https:\/\/www.noticiasradioreflejos.com.ar\/2021\/cuatro-choferes-de-viajes-estudiantiles-fueron-demorados-por-consumo-de-cocaina\/","og_locale":"es_ES","og_type":"article","og_title":"Cuatro ch\u00f3feres de viajes estudiantiles fueron demorados por consumo de coca\u00edna - Noticias Radio Reflejos","og_description":"El Jefe de la Guardia Urbana de Bah\u00eda Blanca, Mauro Plaide, en dialogo con Nelson Castro para la 101.5 radio continental, hablo sobre el hecho ocurrido en horas de la madrugada de ayer en la ruta 3, donde demoraron a cuatro ch\u00f3feres de viajes estudiantiles, que\u00a0seg\u00fan el drager test al que fueron sometidos arrojo un [&hellip;]","og_url":"https:\/\/www.noticiasradioreflejos.com.ar\/2021\/cuatro-choferes-de-viajes-estudiantiles-fueron-demorados-por-consumo-de-cocaina\/","og_site_name":"Noticias Radio Reflejos","article_published_time":"2016-09-30T13:04:50+00:00","og_image":[{"url":"http:\/\/farm6.staticflickr.com\/5177\/29396067463_14c939648f_z.jpg","type":"","width":"","height":""}],"author":"Arnaldo Botto","twitter_card":"summary_large_image","schema":{"@context":"https:\/\/schema.org","@graph":[{"@type":"WebPage","@id":"https:\/\/www.noticiasradioreflejos.com.ar\/2021\/cuatro-choferes-de-viajes-estudiantiles-fueron-demorados-por-consumo-de-cocaina\/","url":"https:\/\/www.noticiasradioreflejos.com.ar\/2021\/cuatro-choferes-de-viajes-estudiantiles-fueron-demorados-por-consumo-de-cocaina\/","name":"Cuatro ch\u00f3feres de viajes estudiantiles fueron demorados por consumo de coca\u00edna - Noticias Radio Reflejos","isPartOf":{"@id":"https:\/\/www.noticiasradioreflejos.com.ar\/2021\/#website"},"primaryImageOfPage":{"@id":"https:\/\/www.noticiasradioreflejos.com.ar\/2021\/cuatro-choferes-de-viajes-estudiantiles-fueron-demorados-por-consumo-de-cocaina\/#primaryimage"},"image":{"@id":"https:\/\/www.noticiasradioreflejos.com.ar\/2021\/cuatro-choferes-de-viajes-estudiantiles-fueron-demorados-por-consumo-de-cocaina\/#primaryimage"},"thumbnailUrl":"http:\/\/farm6.staticflickr.com\/5177\/29396067463_14c939648f_z.jpg","datePublished":"2016-09-30T13:04:50+00:00","author":{"@id":"https:\/\/www.noticiasradioreflejos.com.ar\/2021\/#\/schema\/person\/ad82545263dcc5ec0996818884fd5fb1"},"breadcrumb":{"@id":"https:\/\/www.noticiasradioreflejos.com.ar\/2021\/cuatro-choferes-de-viajes-estudiantiles-fueron-demorados-por-consumo-de-cocaina\/#breadcrumb"},"inLanguage":"es","potentialAction":[{"@type":"ReadAction","target":["https:\/\/www.noticiasradioreflejos.com.ar\/2021\/cuatro-choferes-de-viajes-estudiantiles-fueron-demorados-por-consumo-de-cocaina\/"]}]},{"@type":"ImageObject","inLanguage":"es","@id":"https:\/\/www.noticiasradioreflejos.com.ar\/2021\/cuatro-choferes-de-viajes-estudiantiles-fueron-demorados-por-consumo-de-cocaina\/#primaryimage","url":"http:\/\/farm6.staticflickr.com\/5177\/29396067463_14c939648f_z.jpg","contentUrl":"http:\/\/farm6.staticflickr.com\/5177\/29396067463_14c939648f_z.jpg"},{"@type":"BreadcrumbList","@id":"https:\/\/www.noticiasradioreflejos.com.ar\/2021\/cuatro-choferes-de-viajes-estudiantiles-fueron-demorados-por-consumo-de-cocaina\/#breadcrumb","itemListElement":[{"@type":"ListItem","position":1,"name":"Portada","item":"https:\/\/www.noticiasradioreflejos.com.ar\/2021\/"},{"@type":"ListItem","position":2,"name":"Cuatro ch\u00f3feres de viajes estudiantiles fueron demorados por consumo de coca\u00edna"}]},{"@type":"WebSite","@id":"https:\/\/www.noticiasradioreflejos.com.ar\/2021\/#website","url":"https:\/\/www.noticiasradioreflejos.com.ar\/2021\/","name":"Noticias Radio Reflejos","description":"Las noticias de mi comarca","potentialAction":[{"@type":"SearchAction","target":{"@type":"EntryPoint","urlTemplate":"https:\/\/www.noticiasradioreflejos.com.ar\/2021\/?s={search_term_string}"},"query-input":{"@type":"PropertyValueSpecification","valueRequired":true,"valueName":"search_term_string"}}],"inLanguage":"es"},{"@type":"Person","@id":"https:\/\/www.noticiasradioreflejos.com.ar\/2021\/#\/schema\/person\/ad82545263dcc5ec0996818884fd5fb1","name":"Arnaldo Botto","image":{"@type":"ImageObject","inLanguage":"es","@id":"https:\/\/www.noticiasradioreflejos.com.ar\/2021\/#\/schema\/person\/image\/","url":"https:\/\/secure.gravatar.com\/avatar\/55cb5e37c1efa326397366e6974cb338056df65cb50e7d64d1cf314e87504837?s=96&d=mm&r=g","contentUrl":"https:\/\/secure.gravatar.com\/avatar\/55cb5e37c1efa326397366e6974cb338056df65cb50e7d64d1cf314e87504837?s=96&d=mm&r=g","caption":"Arnaldo Botto"},"url":"https:\/\/www.noticiasradioreflejos.com.ar\/2021\/author\/arnaldo\/"}]}},"_links":{"self":[{"href":"https:\/\/www.noticiasradioreflejos.com.ar\/2021\/wp-json\/wp\/v2\/posts\/1595","targetHints":{"allow":["GET"]}}],"collection":[{"href":"https:\/\/www.noticiasradioreflejos.com.ar\/2021\/wp-json\/wp\/v2\/posts"}],"about":[{"href":"https:\/\/www.noticiasradioreflejos.com.ar\/2021\/wp-json\/wp\/v2\/types\/post"}],"author":[{"embeddable":true,"href":"https:\/\/www.noticiasradioreflejos.com.ar\/2021\/wp-json\/wp\/v2\/users\/3"}],"replies":[{"embeddable":true,"href":"https:\/\/www.noticiasradioreflejos.com.ar\/2021\/wp-json\/wp\/v2\/comments?post=1595"}],"version-history":[{"count":0,"href":"https:\/\/www.noticiasradioreflejos.com.ar\/2021\/wp-json\/wp\/v2\/posts\/1595\/revisions"}],"wp:attachment":[{"href":"https:\/\/www.noticiasradioreflejos.com.ar\/2021\/wp-json\/wp\/v2\/media?parent=1595"}],"wp:term":[{"taxonomy":"category","embeddable":true,"href":"https:\/\/www.noticiasradioreflejos.com.ar\/2021\/wp-json\/wp\/v2\/categories?post=1595"},{"taxonomy":"post_tag","embeddable":true,"href":"https:\/\/www.noticiasradioreflejos.com.ar\/2021\/wp-json\/wp\/v2\/tags?post=1595"}],"curies":[{"name":"wp","href":"https:\/\/api.w.org\/{rel}","templated":true}]}}