{"id":15892,"date":"2017-11-01T19:26:52","date_gmt":"2017-11-01T22:26:52","guid":{"rendered":"http:\/\/www.noticiasradioreflejos.com.ar\/noticias\/?p=15892"},"modified":"2017-11-01T19:26:52","modified_gmt":"2017-11-01T22:26:52","slug":"hockey-union-viajo-a-junin-por-una-nueva-experiencia-provincial","status":"publish","type":"post","link":"https:\/\/www.noticiasradioreflejos.com.ar\/2021\/hockey-union-viajo-a-junin-por-una-nueva-experiencia-provincial\/","title":{"rendered":"Hockey: Uni\u00f3n viaj\u00f3 a Jun\u00edn por una nueva experiencia provincial"},"content":{"rendered":"<p>En la primera hora de la tarde de este mi\u00e9rcoles, Uni\u00f3n parti\u00f3 hacia la ciudad de Junin para disputar, del jueves al domingo, la Liga Provincial de Hockey (LPH) Sub-16.<!--more--><br \/>\nSer\u00e1 la tercera experiencia de la instituci\u00f3n en torneos organizados por la Federaci\u00f3n Bonaerense de Hockey (FBH), tras haber participado  en el cert\u00e1men Sub-16 en 2014 (donde fue anfitriona) y del Sub-14 en 2015 en Mar del Plata.<br \/>\nLa LPH es un nuevo campeonato de la FBH en el que estar\u00e1n presentes, por medio de sus clubes, todas las asociaciones afiliadas de la Provincia y Uni\u00f3n ser\u00e1 uno de los dos representantes, junto a Monte Hermoso, de la Asociaci\u00f3n Bahiense.<br \/>\nEl cert\u00e1men se jugar\u00e1 en cuatro zonas (tres de tres equipos y una de cuatro) y el Verde integrar\u00e1 la \u201cB\u201d, junto a Barrio Norte de Trenque Lauquen, \u00faltimo campe\u00f3n, y Sarmiento de Jun\u00edn.<br \/>\nDebutar\u00e1 el jueves a las 17 hs enfrentando a Sarmiento en la cancha de Los Miura y cerrar\u00e1 la fase de grupos el viernes a partir de las 10.30 ante el elenco trenquelauquense en Club Social.<br \/>\nLos horarios y rivales del s\u00e1bado y el domingo se conocer\u00e1n luego de concluida la fase de grupos.<br \/>\nFIXTURE COMPLETO: FIXTURE LPH JUNIN 2017<br \/>\nPrensa Club Uni\u00f3n<br \/>\nwww.uniondetornquist.com &#8211; clubuniondetornquist@gmail.com &#8211; \/ClubUnionDeTornquist &#8211; @UnionTornquist<\/p>\n","protected":false},"excerpt":{"rendered":"<p>En la primera hora de la tarde de este mi\u00e9rcoles, Uni\u00f3n parti\u00f3 hacia la ciudad de Junin para disputar, del jueves al domingo, la Liga Provincial de Hockey (LPH) Sub-16.<\/p>\n","protected":false},"author":3,"featured_media":0,"comment_status":"closed","ping_status":"open","sticky":false,"template":"","format":"standard","meta":{"footnotes":""},"categories":[27],"tags":[],"class_list":["post-15892","post","type-post","status-publish","format-standard","hentry","category-deportes"],"yoast_head":"<!-- This site is optimized with the Yoast SEO plugin v25.9 - https:\/\/yoast.com\/wordpress\/plugins\/seo\/ -->\n<title>Hockey: Uni\u00f3n viaj\u00f3 a Jun\u00edn por una nueva experiencia provincial - Noticias Radio Reflejos<\/title>\n<meta name=\"robots\" content=\"index, follow, max-snippet:-1, max-image-preview:large, max-video-preview:-1\" \/>\n<link rel=\"canonical\" href=\"https:\/\/www.noticiasradioreflejos.com.ar\/2021\/hockey-union-viajo-a-junin-por-una-nueva-experiencia-provincial\/\" \/>\n<meta property=\"og:locale\" content=\"es_ES\" \/>\n<meta property=\"og:type\" content=\"article\" \/>\n<meta property=\"og:title\" content=\"Hockey: Uni\u00f3n viaj\u00f3 a Jun\u00edn por una nueva experiencia provincial - Noticias Radio Reflejos\" \/>\n<meta property=\"og:description\" content=\"En la primera hora de la tarde de este mi\u00e9rcoles, Uni\u00f3n parti\u00f3 hacia la ciudad de Junin para disputar, del jueves al domingo, la Liga Provincial de Hockey (LPH) Sub-16.\" \/>\n<meta property=\"og:url\" content=\"https:\/\/www.noticiasradioreflejos.com.ar\/2021\/hockey-union-viajo-a-junin-por-una-nueva-experiencia-provincial\/\" \/>\n<meta property=\"og:site_name\" content=\"Noticias Radio Reflejos\" \/>\n<meta property=\"article:published_time\" content=\"2017-11-01T22:26:52+00:00\" \/>\n<meta property=\"og:image\" content=\"https:\/\/www.noticiasradioreflejos.com.ar\/2021\/wp-content\/uploads\/2021\/07\/logosol300x200.png\" \/>\n\t<meta property=\"og:image:width\" content=\"300\" \/>\n\t<meta property=\"og:image:height\" content=\"200\" \/>\n\t<meta property=\"og:image:type\" content=\"image\/png\" \/>\n<meta name=\"author\" content=\"Arnaldo Botto\" \/>\n<meta name=\"twitter:card\" content=\"summary_large_image\" \/>\n<script type=\"application\/ld+json\" class=\"yoast-schema-graph\">{\"@context\":\"https:\/\/schema.org\",\"@graph\":[{\"@type\":\"WebPage\",\"@id\":\"https:\/\/www.noticiasradioreflejos.com.ar\/2021\/hockey-union-viajo-a-junin-por-una-nueva-experiencia-provincial\/\",\"url\":\"https:\/\/www.noticiasradioreflejos.com.ar\/2021\/hockey-union-viajo-a-junin-por-una-nueva-experiencia-provincial\/\",\"name\":\"Hockey: Uni\u00f3n viaj\u00f3 a Jun\u00edn por una nueva experiencia provincial - Noticias Radio Reflejos\",\"isPartOf\":{\"@id\":\"https:\/\/www.noticiasradioreflejos.com.ar\/2021\/#website\"},\"datePublished\":\"2017-11-01T22:26:52+00:00\",\"author\":{\"@id\":\"https:\/\/www.noticiasradioreflejos.com.ar\/2021\/#\/schema\/person\/ad82545263dcc5ec0996818884fd5fb1\"},\"breadcrumb\":{\"@id\":\"https:\/\/www.noticiasradioreflejos.com.ar\/2021\/hockey-union-viajo-a-junin-por-una-nueva-experiencia-provincial\/#breadcrumb\"},\"inLanguage\":\"es\",\"potentialAction\":[{\"@type\":\"ReadAction\",\"target\":[\"https:\/\/www.noticiasradioreflejos.com.ar\/2021\/hockey-union-viajo-a-junin-por-una-nueva-experiencia-provincial\/\"]}]},{\"@type\":\"BreadcrumbList\",\"@id\":\"https:\/\/www.noticiasradioreflejos.com.ar\/2021\/hockey-union-viajo-a-junin-por-una-nueva-experiencia-provincial\/#breadcrumb\",\"itemListElement\":[{\"@type\":\"ListItem\",\"position\":1,\"name\":\"Portada\",\"item\":\"https:\/\/www.noticiasradioreflejos.com.ar\/2021\/\"},{\"@type\":\"ListItem\",\"position\":2,\"name\":\"Hockey: Uni\u00f3n viaj\u00f3 a Jun\u00edn por una nueva experiencia provincial\"}]},{\"@type\":\"WebSite\",\"@id\":\"https:\/\/www.noticiasradioreflejos.com.ar\/2021\/#website\",\"url\":\"https:\/\/www.noticiasradioreflejos.com.ar\/2021\/\",\"name\":\"Noticias Radio Reflejos\",\"description\":\"Las noticias de mi comarca\",\"potentialAction\":[{\"@type\":\"SearchAction\",\"target\":{\"@type\":\"EntryPoint\",\"urlTemplate\":\"https:\/\/www.noticiasradioreflejos.com.ar\/2021\/?s={search_term_string}\"},\"query-input\":{\"@type\":\"PropertyValueSpecification\",\"valueRequired\":true,\"valueName\":\"search_term_string\"}}],\"inLanguage\":\"es\"},{\"@type\":\"Person\",\"@id\":\"https:\/\/www.noticiasradioreflejos.com.ar\/2021\/#\/schema\/person\/ad82545263dcc5ec0996818884fd5fb1\",\"name\":\"Arnaldo Botto\",\"image\":{\"@type\":\"ImageObject\",\"inLanguage\":\"es\",\"@id\":\"https:\/\/www.noticiasradioreflejos.com.ar\/2021\/#\/schema\/person\/image\/\",\"url\":\"https:\/\/secure.gravatar.com\/avatar\/55cb5e37c1efa326397366e6974cb338056df65cb50e7d64d1cf314e87504837?s=96&d=mm&r=g\",\"contentUrl\":\"https:\/\/secure.gravatar.com\/avatar\/55cb5e37c1efa326397366e6974cb338056df65cb50e7d64d1cf314e87504837?s=96&d=mm&r=g\",\"caption\":\"Arnaldo Botto\"},\"url\":\"https:\/\/www.noticiasradioreflejos.com.ar\/2021\/author\/arnaldo\/\"}]}<\/script>\n<!-- \/ Yoast SEO plugin. -->","yoast_head_json":{"title":"Hockey: Uni\u00f3n viaj\u00f3 a Jun\u00edn por una nueva experiencia provincial - Noticias Radio Reflejos","robots":{"index":"index","follow":"follow","max-snippet":"max-snippet:-1","max-image-preview":"max-image-preview:large","max-video-preview":"max-video-preview:-1"},"canonical":"https:\/\/www.noticiasradioreflejos.com.ar\/2021\/hockey-union-viajo-a-junin-por-una-nueva-experiencia-provincial\/","og_locale":"es_ES","og_type":"article","og_title":"Hockey: Uni\u00f3n viaj\u00f3 a Jun\u00edn por una nueva experiencia provincial - Noticias Radio Reflejos","og_description":"En la primera hora de la tarde de este mi\u00e9rcoles, Uni\u00f3n parti\u00f3 hacia la ciudad de Junin para disputar, del jueves al domingo, la Liga Provincial de Hockey (LPH) Sub-16.","og_url":"https:\/\/www.noticiasradioreflejos.com.ar\/2021\/hockey-union-viajo-a-junin-por-una-nueva-experiencia-provincial\/","og_site_name":"Noticias Radio Reflejos","article_published_time":"2017-11-01T22:26:52+00:00","og_image":[{"width":300,"height":200,"url":"https:\/\/www.noticiasradioreflejos.com.ar\/2021\/wp-content\/uploads\/2021\/07\/logosol300x200.png","type":"image\/png"}],"author":"Arnaldo Botto","twitter_card":"summary_large_image","schema":{"@context":"https:\/\/schema.org","@graph":[{"@type":"WebPage","@id":"https:\/\/www.noticiasradioreflejos.com.ar\/2021\/hockey-union-viajo-a-junin-por-una-nueva-experiencia-provincial\/","url":"https:\/\/www.noticiasradioreflejos.com.ar\/2021\/hockey-union-viajo-a-junin-por-una-nueva-experiencia-provincial\/","name":"Hockey: Uni\u00f3n viaj\u00f3 a Jun\u00edn por una nueva experiencia provincial - Noticias Radio Reflejos","isPartOf":{"@id":"https:\/\/www.noticiasradioreflejos.com.ar\/2021\/#website"},"datePublished":"2017-11-01T22:26:52+00:00","author":{"@id":"https:\/\/www.noticiasradioreflejos.com.ar\/2021\/#\/schema\/person\/ad82545263dcc5ec0996818884fd5fb1"},"breadcrumb":{"@id":"https:\/\/www.noticiasradioreflejos.com.ar\/2021\/hockey-union-viajo-a-junin-por-una-nueva-experiencia-provincial\/#breadcrumb"},"inLanguage":"es","potentialAction":[{"@type":"ReadAction","target":["https:\/\/www.noticiasradioreflejos.com.ar\/2021\/hockey-union-viajo-a-junin-por-una-nueva-experiencia-provincial\/"]}]},{"@type":"BreadcrumbList","@id":"https:\/\/www.noticiasradioreflejos.com.ar\/2021\/hockey-union-viajo-a-junin-por-una-nueva-experiencia-provincial\/#breadcrumb","itemListElement":[{"@type":"ListItem","position":1,"name":"Portada","item":"https:\/\/www.noticiasradioreflejos.com.ar\/2021\/"},{"@type":"ListItem","position":2,"name":"Hockey: Uni\u00f3n viaj\u00f3 a Jun\u00edn por una nueva experiencia provincial"}]},{"@type":"WebSite","@id":"https:\/\/www.noticiasradioreflejos.com.ar\/2021\/#website","url":"https:\/\/www.noticiasradioreflejos.com.ar\/2021\/","name":"Noticias Radio Reflejos","description":"Las noticias de mi comarca","potentialAction":[{"@type":"SearchAction","target":{"@type":"EntryPoint","urlTemplate":"https:\/\/www.noticiasradioreflejos.com.ar\/2021\/?s={search_term_string}"},"query-input":{"@type":"PropertyValueSpecification","valueRequired":true,"valueName":"search_term_string"}}],"inLanguage":"es"},{"@type":"Person","@id":"https:\/\/www.noticiasradioreflejos.com.ar\/2021\/#\/schema\/person\/ad82545263dcc5ec0996818884fd5fb1","name":"Arnaldo Botto","image":{"@type":"ImageObject","inLanguage":"es","@id":"https:\/\/www.noticiasradioreflejos.com.ar\/2021\/#\/schema\/person\/image\/","url":"https:\/\/secure.gravatar.com\/avatar\/55cb5e37c1efa326397366e6974cb338056df65cb50e7d64d1cf314e87504837?s=96&d=mm&r=g","contentUrl":"https:\/\/secure.gravatar.com\/avatar\/55cb5e37c1efa326397366e6974cb338056df65cb50e7d64d1cf314e87504837?s=96&d=mm&r=g","caption":"Arnaldo Botto"},"url":"https:\/\/www.noticiasradioreflejos.com.ar\/2021\/author\/arnaldo\/"}]}},"_links":{"self":[{"href":"https:\/\/www.noticiasradioreflejos.com.ar\/2021\/wp-json\/wp\/v2\/posts\/15892","targetHints":{"allow":["GET"]}}],"collection":[{"href":"https:\/\/www.noticiasradioreflejos.com.ar\/2021\/wp-json\/wp\/v2\/posts"}],"about":[{"href":"https:\/\/www.noticiasradioreflejos.com.ar\/2021\/wp-json\/wp\/v2\/types\/post"}],"author":[{"embeddable":true,"href":"https:\/\/www.noticiasradioreflejos.com.ar\/2021\/wp-json\/wp\/v2\/users\/3"}],"replies":[{"embeddable":true,"href":"https:\/\/www.noticiasradioreflejos.com.ar\/2021\/wp-json\/wp\/v2\/comments?post=15892"}],"version-history":[{"count":0,"href":"https:\/\/www.noticiasradioreflejos.com.ar\/2021\/wp-json\/wp\/v2\/posts\/15892\/revisions"}],"wp:attachment":[{"href":"https:\/\/www.noticiasradioreflejos.com.ar\/2021\/wp-json\/wp\/v2\/media?parent=15892"}],"wp:term":[{"taxonomy":"category","embeddable":true,"href":"https:\/\/www.noticiasradioreflejos.com.ar\/2021\/wp-json\/wp\/v2\/categories?post=15892"},{"taxonomy":"post_tag","embeddable":true,"href":"https:\/\/www.noticiasradioreflejos.com.ar\/2021\/wp-json\/wp\/v2\/tags?post=15892"}],"curies":[{"name":"wp","href":"https:\/\/api.w.org\/{rel}","templated":true}]}}