{"id":15843,"date":"2017-10-31T12:39:59","date_gmt":"2017-10-31T15:39:59","guid":{"rendered":"http:\/\/www.noticiasradioreflejos.com.ar\/noticias\/?p=15843"},"modified":"2017-10-31T12:39:59","modified_gmt":"2017-10-31T15:39:59","slug":"cuidame-de-tu-ausencia-programa-del-31-de-octubre","status":"publish","type":"post","link":"https:\/\/www.noticiasradioreflejos.com.ar\/2021\/cuidame-de-tu-ausencia-programa-del-31-de-octubre\/","title":{"rendered":"&quot;Cuidame de tu Ausencia&quot; &#8211; Programa del 31 de octubre"},"content":{"rendered":"<p>En el programa de este martes 31 de octubre, a partir de la hora 10 hablaremos con Oscar Ismael Poltronieri.(nacido el 2 de febrero de 1962 en Mercedes, Provincia de Buenos Aires, Argentina) es uno de los soldados que combati\u00f3 en la Guerra de las Malvinas<!--more-->y es el \u00fanico soldado conscripto vivo, en recibir la m\u00e1xima condecoraci\u00f3n militar Argentina, la Cruz La Naci\u00f3n Argentina al Heroico Valor en Combate (seg\u00fan la Ley 22.607 de 1982), por su haza\u00f1a y hero\u00edsmo durante la Batalla del Cerro de Dos Hermanas.<br \/>\nPoltronieri estuvo en combate en la Batalla del monte Dos Hermanas (Two Sisters) donde \u00e9l solo cubri\u00f3 la retirada del pelot\u00f3n del subteniente Aldo Eugenio Franco con su ametralladora FN MAG, luego de que los hombres de Franco hab\u00edan cubierto el retroceso de los defensores del Dos Hermanas Norte.<br \/>\nVoluntariamente, Oscar Poltronieri, se ofreci\u00f3 a quedarse a cubrir la retirada de sus camaradas neg\u00e1ndose a las insistencias de ellos en retirarse con \u00e9l.<br \/>\nSupuesto muerto en acci\u00f3n por su unidad, fue recibido con total sorpresa y algarab\u00eda cuando sus oficiales, suboficiales y soldados lo vieron regresar, dos d\u00edas despu\u00e9s, de lo que presum\u00edan era una muerte segura.<br \/>\n<iframe loading=\"lazy\" width=\"100%\" height=\"166\" scrolling=\"no\" frameborder=\"no\" src=\"https:\/\/w.soundcloud.com\/player\/?url=https%3A\/\/api.soundcloud.com\/tracks\/349443878&amp;color=%23ff5500&amp;auto_play=false&amp;hide_related=false&amp;show_comments=true&amp;show_user=true&amp;show_reposts=false&amp;show_teaser=true\"><\/iframe><\/p>\n","protected":false},"excerpt":{"rendered":"<p>En el programa de este martes 31 de octubre, a partir de la hora 10 hablaremos con Oscar Ismael Poltronieri.(nacido el 2 de febrero de 1962 en Mercedes, Provincia de Buenos Aires, Argentina) es uno de los soldados que combati\u00f3 en la Guerra de las Malvinas<\/p>\n","protected":false},"author":3,"featured_media":0,"comment_status":"closed","ping_status":"open","sticky":false,"template":"","format":"standard","meta":{"footnotes":""},"categories":[31],"tags":[],"class_list":["post-15843","post","type-post","status-publish","format-standard","hentry","category-programas"],"yoast_head":"<!-- This site is optimized with the Yoast SEO plugin v25.9 - https:\/\/yoast.com\/wordpress\/plugins\/seo\/ -->\n<title>&quot;Cuidame de tu Ausencia&quot; - Programa del 31 de octubre - Noticias Radio Reflejos<\/title>\n<meta name=\"robots\" content=\"index, follow, max-snippet:-1, max-image-preview:large, max-video-preview:-1\" \/>\n<link rel=\"canonical\" href=\"https:\/\/www.noticiasradioreflejos.com.ar\/2021\/cuidame-de-tu-ausencia-programa-del-31-de-octubre\/\" \/>\n<meta property=\"og:locale\" content=\"es_ES\" \/>\n<meta property=\"og:type\" content=\"article\" \/>\n<meta property=\"og:title\" content=\"&quot;Cuidame de tu Ausencia&quot; - Programa del 31 de octubre - Noticias Radio Reflejos\" \/>\n<meta property=\"og:description\" content=\"En el programa de este martes 31 de octubre, a partir de la hora 10 hablaremos con Oscar Ismael Poltronieri.(nacido el 2 de febrero de 1962 en Mercedes, Provincia de Buenos Aires, Argentina) es uno de los soldados que combati\u00f3 en la Guerra de las Malvinas\" \/>\n<meta property=\"og:url\" content=\"https:\/\/www.noticiasradioreflejos.com.ar\/2021\/cuidame-de-tu-ausencia-programa-del-31-de-octubre\/\" \/>\n<meta property=\"og:site_name\" content=\"Noticias Radio Reflejos\" \/>\n<meta property=\"article:published_time\" content=\"2017-10-31T15:39:59+00:00\" \/>\n<meta property=\"og:image\" content=\"https:\/\/www.noticiasradioreflejos.com.ar\/2021\/wp-content\/uploads\/2021\/07\/logosol300x200.png\" \/>\n\t<meta property=\"og:image:width\" content=\"300\" \/>\n\t<meta property=\"og:image:height\" content=\"200\" \/>\n\t<meta property=\"og:image:type\" content=\"image\/png\" \/>\n<meta name=\"author\" content=\"Arnaldo Botto\" \/>\n<meta name=\"twitter:card\" content=\"summary_large_image\" \/>\n<script type=\"application\/ld+json\" class=\"yoast-schema-graph\">{\"@context\":\"https:\/\/schema.org\",\"@graph\":[{\"@type\":\"WebPage\",\"@id\":\"https:\/\/www.noticiasradioreflejos.com.ar\/2021\/cuidame-de-tu-ausencia-programa-del-31-de-octubre\/\",\"url\":\"https:\/\/www.noticiasradioreflejos.com.ar\/2021\/cuidame-de-tu-ausencia-programa-del-31-de-octubre\/\",\"name\":\"&quot;Cuidame de tu Ausencia&quot; - Programa del 31 de octubre - Noticias Radio Reflejos\",\"isPartOf\":{\"@id\":\"https:\/\/www.noticiasradioreflejos.com.ar\/2021\/#website\"},\"datePublished\":\"2017-10-31T15:39:59+00:00\",\"author\":{\"@id\":\"https:\/\/www.noticiasradioreflejos.com.ar\/2021\/#\/schema\/person\/ad82545263dcc5ec0996818884fd5fb1\"},\"breadcrumb\":{\"@id\":\"https:\/\/www.noticiasradioreflejos.com.ar\/2021\/cuidame-de-tu-ausencia-programa-del-31-de-octubre\/#breadcrumb\"},\"inLanguage\":\"es\",\"potentialAction\":[{\"@type\":\"ReadAction\",\"target\":[\"https:\/\/www.noticiasradioreflejos.com.ar\/2021\/cuidame-de-tu-ausencia-programa-del-31-de-octubre\/\"]}]},{\"@type\":\"BreadcrumbList\",\"@id\":\"https:\/\/www.noticiasradioreflejos.com.ar\/2021\/cuidame-de-tu-ausencia-programa-del-31-de-octubre\/#breadcrumb\",\"itemListElement\":[{\"@type\":\"ListItem\",\"position\":1,\"name\":\"Portada\",\"item\":\"https:\/\/www.noticiasradioreflejos.com.ar\/2021\/\"},{\"@type\":\"ListItem\",\"position\":2,\"name\":\"&quot;Cuidame de tu Ausencia&quot; &#8211; Programa del 31 de octubre\"}]},{\"@type\":\"WebSite\",\"@id\":\"https:\/\/www.noticiasradioreflejos.com.ar\/2021\/#website\",\"url\":\"https:\/\/www.noticiasradioreflejos.com.ar\/2021\/\",\"name\":\"Noticias Radio Reflejos\",\"description\":\"Las noticias de mi comarca\",\"potentialAction\":[{\"@type\":\"SearchAction\",\"target\":{\"@type\":\"EntryPoint\",\"urlTemplate\":\"https:\/\/www.noticiasradioreflejos.com.ar\/2021\/?s={search_term_string}\"},\"query-input\":{\"@type\":\"PropertyValueSpecification\",\"valueRequired\":true,\"valueName\":\"search_term_string\"}}],\"inLanguage\":\"es\"},{\"@type\":\"Person\",\"@id\":\"https:\/\/www.noticiasradioreflejos.com.ar\/2021\/#\/schema\/person\/ad82545263dcc5ec0996818884fd5fb1\",\"name\":\"Arnaldo Botto\",\"image\":{\"@type\":\"ImageObject\",\"inLanguage\":\"es\",\"@id\":\"https:\/\/www.noticiasradioreflejos.com.ar\/2021\/#\/schema\/person\/image\/\",\"url\":\"https:\/\/secure.gravatar.com\/avatar\/55cb5e37c1efa326397366e6974cb338056df65cb50e7d64d1cf314e87504837?s=96&d=mm&r=g\",\"contentUrl\":\"https:\/\/secure.gravatar.com\/avatar\/55cb5e37c1efa326397366e6974cb338056df65cb50e7d64d1cf314e87504837?s=96&d=mm&r=g\",\"caption\":\"Arnaldo Botto\"},\"url\":\"https:\/\/www.noticiasradioreflejos.com.ar\/2021\/author\/arnaldo\/\"}]}<\/script>\n<!-- \/ Yoast SEO plugin. -->","yoast_head_json":{"title":"&quot;Cuidame de tu Ausencia&quot; - Programa del 31 de octubre - Noticias Radio Reflejos","robots":{"index":"index","follow":"follow","max-snippet":"max-snippet:-1","max-image-preview":"max-image-preview:large","max-video-preview":"max-video-preview:-1"},"canonical":"https:\/\/www.noticiasradioreflejos.com.ar\/2021\/cuidame-de-tu-ausencia-programa-del-31-de-octubre\/","og_locale":"es_ES","og_type":"article","og_title":"&quot;Cuidame de tu Ausencia&quot; - Programa del 31 de octubre - Noticias Radio Reflejos","og_description":"En el programa de este martes 31 de octubre, a partir de la hora 10 hablaremos con Oscar Ismael Poltronieri.(nacido el 2 de febrero de 1962 en Mercedes, Provincia de Buenos Aires, Argentina) es uno de los soldados que combati\u00f3 en la Guerra de las Malvinas","og_url":"https:\/\/www.noticiasradioreflejos.com.ar\/2021\/cuidame-de-tu-ausencia-programa-del-31-de-octubre\/","og_site_name":"Noticias Radio Reflejos","article_published_time":"2017-10-31T15:39:59+00:00","og_image":[{"width":300,"height":200,"url":"https:\/\/www.noticiasradioreflejos.com.ar\/2021\/wp-content\/uploads\/2021\/07\/logosol300x200.png","type":"image\/png"}],"author":"Arnaldo Botto","twitter_card":"summary_large_image","schema":{"@context":"https:\/\/schema.org","@graph":[{"@type":"WebPage","@id":"https:\/\/www.noticiasradioreflejos.com.ar\/2021\/cuidame-de-tu-ausencia-programa-del-31-de-octubre\/","url":"https:\/\/www.noticiasradioreflejos.com.ar\/2021\/cuidame-de-tu-ausencia-programa-del-31-de-octubre\/","name":"&quot;Cuidame de tu Ausencia&quot; - Programa del 31 de octubre - Noticias Radio Reflejos","isPartOf":{"@id":"https:\/\/www.noticiasradioreflejos.com.ar\/2021\/#website"},"datePublished":"2017-10-31T15:39:59+00:00","author":{"@id":"https:\/\/www.noticiasradioreflejos.com.ar\/2021\/#\/schema\/person\/ad82545263dcc5ec0996818884fd5fb1"},"breadcrumb":{"@id":"https:\/\/www.noticiasradioreflejos.com.ar\/2021\/cuidame-de-tu-ausencia-programa-del-31-de-octubre\/#breadcrumb"},"inLanguage":"es","potentialAction":[{"@type":"ReadAction","target":["https:\/\/www.noticiasradioreflejos.com.ar\/2021\/cuidame-de-tu-ausencia-programa-del-31-de-octubre\/"]}]},{"@type":"BreadcrumbList","@id":"https:\/\/www.noticiasradioreflejos.com.ar\/2021\/cuidame-de-tu-ausencia-programa-del-31-de-octubre\/#breadcrumb","itemListElement":[{"@type":"ListItem","position":1,"name":"Portada","item":"https:\/\/www.noticiasradioreflejos.com.ar\/2021\/"},{"@type":"ListItem","position":2,"name":"&quot;Cuidame de tu Ausencia&quot; &#8211; Programa del 31 de octubre"}]},{"@type":"WebSite","@id":"https:\/\/www.noticiasradioreflejos.com.ar\/2021\/#website","url":"https:\/\/www.noticiasradioreflejos.com.ar\/2021\/","name":"Noticias Radio Reflejos","description":"Las noticias de mi comarca","potentialAction":[{"@type":"SearchAction","target":{"@type":"EntryPoint","urlTemplate":"https:\/\/www.noticiasradioreflejos.com.ar\/2021\/?s={search_term_string}"},"query-input":{"@type":"PropertyValueSpecification","valueRequired":true,"valueName":"search_term_string"}}],"inLanguage":"es"},{"@type":"Person","@id":"https:\/\/www.noticiasradioreflejos.com.ar\/2021\/#\/schema\/person\/ad82545263dcc5ec0996818884fd5fb1","name":"Arnaldo Botto","image":{"@type":"ImageObject","inLanguage":"es","@id":"https:\/\/www.noticiasradioreflejos.com.ar\/2021\/#\/schema\/person\/image\/","url":"https:\/\/secure.gravatar.com\/avatar\/55cb5e37c1efa326397366e6974cb338056df65cb50e7d64d1cf314e87504837?s=96&d=mm&r=g","contentUrl":"https:\/\/secure.gravatar.com\/avatar\/55cb5e37c1efa326397366e6974cb338056df65cb50e7d64d1cf314e87504837?s=96&d=mm&r=g","caption":"Arnaldo Botto"},"url":"https:\/\/www.noticiasradioreflejos.com.ar\/2021\/author\/arnaldo\/"}]}},"_links":{"self":[{"href":"https:\/\/www.noticiasradioreflejos.com.ar\/2021\/wp-json\/wp\/v2\/posts\/15843","targetHints":{"allow":["GET"]}}],"collection":[{"href":"https:\/\/www.noticiasradioreflejos.com.ar\/2021\/wp-json\/wp\/v2\/posts"}],"about":[{"href":"https:\/\/www.noticiasradioreflejos.com.ar\/2021\/wp-json\/wp\/v2\/types\/post"}],"author":[{"embeddable":true,"href":"https:\/\/www.noticiasradioreflejos.com.ar\/2021\/wp-json\/wp\/v2\/users\/3"}],"replies":[{"embeddable":true,"href":"https:\/\/www.noticiasradioreflejos.com.ar\/2021\/wp-json\/wp\/v2\/comments?post=15843"}],"version-history":[{"count":0,"href":"https:\/\/www.noticiasradioreflejos.com.ar\/2021\/wp-json\/wp\/v2\/posts\/15843\/revisions"}],"wp:attachment":[{"href":"https:\/\/www.noticiasradioreflejos.com.ar\/2021\/wp-json\/wp\/v2\/media?parent=15843"}],"wp:term":[{"taxonomy":"category","embeddable":true,"href":"https:\/\/www.noticiasradioreflejos.com.ar\/2021\/wp-json\/wp\/v2\/categories?post=15843"},{"taxonomy":"post_tag","embeddable":true,"href":"https:\/\/www.noticiasradioreflejos.com.ar\/2021\/wp-json\/wp\/v2\/tags?post=15843"}],"curies":[{"name":"wp","href":"https:\/\/api.w.org\/{rel}","templated":true}]}}