{"id":15824,"date":"2017-10-30T18:35:12","date_gmt":"2017-10-30T21:35:12","guid":{"rendered":"http:\/\/www.noticiasradioreflejos.com.ar\/noticias\/?p=15824"},"modified":"2017-10-30T18:35:12","modified_gmt":"2017-10-30T21:35:12","slug":"la-categoria-2006-de-automoto-cumplio-varios-suenos-en-buenos-aires","status":"publish","type":"post","link":"https:\/\/www.noticiasradioreflejos.com.ar\/2021\/la-categoria-2006-de-automoto-cumplio-varios-suenos-en-buenos-aires\/","title":{"rendered":"La categor\u00eda 2006 de Automoto cumpli\u00f3 varios sue\u00f1os en Buenos Aires"},"content":{"rendered":"<p><a title=\"005\" href=\"http:\/\/farm5.staticflickr.com\/4501\/37995467756_390d2b7bd7.jpg\" rel=\"\"><img loading=\"lazy\" decoding=\"async\" class=\"alignleft\" style=\"float: left;\" title=\"005\" src=\"http:\/\/farm5.staticflickr.com\/4501\/37995467756_390d2b7bd7.jpg\" alt=\"005\" width=\"500\" height=\"282\" \/><\/a>Los chicos de la categor\u00eda 2006 de la Escuelita Azulgrana cumplieron m\u00e1s que un sue\u00f1o. Concretaron un anhelado viaje a la Ciudad Aut\u00f3noma de Buenos Aires, donde disputaron tres partidos amistosos ante equipos de primera divisi\u00f3n del f\u00fatbol argentino, conocieron la Bombonera, el Monumental y el Nuevo Gas\u00f3metro, y hasta se dieron el lujo de presenciar dos encuentros de la Superliga.<!--more--><br \/>\nFue, sin dudas, una experiencia inolvidable. De esas vivencias que quedan marcadas para toda la vida y que significan un importante aporte para el desarrollo futuro de los ni\u00f1os. No todos los d\u00edas se cuenta con la posibilidad de acceder a este tipo de iniciativas, que el Automoto Club Deportivo viene organizando desde hace varios a\u00f1os.<br \/>\nLa delegaci\u00f3n, que se aloj\u00f3 en el Centro Nacional de Desarrollo Deportivo (Cenade), ubicado en cercan\u00edas del predio que la AFA posee en Ezeiza, estuvo integrada por Vladimir Ibarra, Rafael Molinero, Juan Wallace, Guido David, Santiago Fretes, Bautista Fretes, Ger\u00f3nimo Kugler, Lautaro Sandobal, Lautaro Ferreira, El\u00edas Acu\u00f1a, Maximiliano Nievas, Sebasti\u00e1n Dobal y Thiago Franco. Estuvieron acompa\u00f1ados por los profesores Juli\u00e1n Toy (coordinador), Hern\u00e1n Bilbao (responsable de la categor\u00eda) y Mauricio Kugler (coordinador de inferiores), adem\u00e1s de dos padres.<br \/>\nEntre las actividades que desarrollaron, se destaca los encuentros amistosos disputados frente a River Plate (victoria 5 a 2), Lan\u00fas (triunfo 3 a 0) y San Lorenzo (derrota 4 a 1), en todos los casos en los respectivos centros deportivos de las citadas instituciones.<br \/>\nAdem\u00e1s, visitaron las instalaciones de esos tres clubes, las canchas de Boca, Hurac\u00e1n y Argentinos Juniors, recorrieron Caminito y conocieron el Centro Nacional de Alto Rendimiento Deportivo (Cenard).<br \/>\nPara redondear un viaje perfecto, la delegaci\u00f3n presenci\u00f3 las victorias de Hurac\u00e1n (4 a 0 ante Lan\u00fas) y Argentinos Juniors (3 a 2 frente a Arsenal), en el marco de la s\u00e9ptima fecha de la Superliga. Y hasta ingresaron al campo de juego del equipo de La Paternal y compartieron un momento ameno con Alejandro Romero Gamarra, autor de uno de los tantos de la goleada del \u201cGlobo\u201d.<br \/>\nDesde el Automoto Club Deportivo queremos agradecerles a los padres que permitieron que este viaje fuera posible y a los profesores y entrenadores de nuestra instituci\u00f3n, que diariamente trabajan en pos del aprendizaje y contenci\u00f3n de nuestros ni\u00f1os.<br \/>\nDepartamento de Prensa \u2013 Automoto Club Deportivo<br \/>\nwww.clubautomotopasion.com.ar<br \/>\nFacebook: \/automototornquist<br \/>\nTwitter: @ClubAutomoto<br \/>\nYouTube: acdtvideos<\/p>\n","protected":false},"excerpt":{"rendered":"<p>Los chicos de la categor\u00eda 2006 de la Escuelita Azulgrana cumplieron m\u00e1s que un sue\u00f1o. Concretaron un anhelado viaje a la Ciudad Aut\u00f3noma de Buenos Aires, donde disputaron tres partidos amistosos ante equipos de primera divisi\u00f3n del f\u00fatbol argentino, conocieron la Bombonera, el Monumental y el Nuevo Gas\u00f3metro, y hasta se dieron el lujo de [&hellip;]<\/p>\n","protected":false},"author":3,"featured_media":0,"comment_status":"closed","ping_status":"open","sticky":false,"template":"","format":"standard","meta":{"footnotes":""},"categories":[27],"tags":[],"class_list":["post-15824","post","type-post","status-publish","format-standard","hentry","category-deportes"],"yoast_head":"<!-- This site is optimized with the Yoast SEO plugin v25.9 - https:\/\/yoast.com\/wordpress\/plugins\/seo\/ -->\n<title>La categor\u00eda 2006 de Automoto cumpli\u00f3 varios sue\u00f1os en Buenos Aires - Noticias Radio Reflejos<\/title>\n<meta name=\"robots\" content=\"index, follow, max-snippet:-1, max-image-preview:large, max-video-preview:-1\" \/>\n<link rel=\"canonical\" href=\"https:\/\/www.noticiasradioreflejos.com.ar\/2021\/la-categoria-2006-de-automoto-cumplio-varios-suenos-en-buenos-aires\/\" \/>\n<meta property=\"og:locale\" content=\"es_ES\" \/>\n<meta property=\"og:type\" content=\"article\" \/>\n<meta property=\"og:title\" content=\"La categor\u00eda 2006 de Automoto cumpli\u00f3 varios sue\u00f1os en Buenos Aires - Noticias Radio Reflejos\" \/>\n<meta property=\"og:description\" content=\"Los chicos de la categor\u00eda 2006 de la Escuelita Azulgrana cumplieron m\u00e1s que un sue\u00f1o. Concretaron un anhelado viaje a la Ciudad Aut\u00f3noma de Buenos Aires, donde disputaron tres partidos amistosos ante equipos de primera divisi\u00f3n del f\u00fatbol argentino, conocieron la Bombonera, el Monumental y el Nuevo Gas\u00f3metro, y hasta se dieron el lujo de [&hellip;]\" \/>\n<meta property=\"og:url\" content=\"https:\/\/www.noticiasradioreflejos.com.ar\/2021\/la-categoria-2006-de-automoto-cumplio-varios-suenos-en-buenos-aires\/\" \/>\n<meta property=\"og:site_name\" content=\"Noticias Radio Reflejos\" \/>\n<meta property=\"article:published_time\" content=\"2017-10-30T21:35:12+00:00\" \/>\n<meta property=\"og:image\" content=\"http:\/\/farm5.staticflickr.com\/4501\/37995467756_390d2b7bd7.jpg\" \/>\n<meta name=\"author\" content=\"Arnaldo Botto\" \/>\n<meta name=\"twitter:card\" content=\"summary_large_image\" \/>\n<script type=\"application\/ld+json\" class=\"yoast-schema-graph\">{\"@context\":\"https:\/\/schema.org\",\"@graph\":[{\"@type\":\"WebPage\",\"@id\":\"https:\/\/www.noticiasradioreflejos.com.ar\/2021\/la-categoria-2006-de-automoto-cumplio-varios-suenos-en-buenos-aires\/\",\"url\":\"https:\/\/www.noticiasradioreflejos.com.ar\/2021\/la-categoria-2006-de-automoto-cumplio-varios-suenos-en-buenos-aires\/\",\"name\":\"La categor\u00eda 2006 de Automoto cumpli\u00f3 varios sue\u00f1os en Buenos Aires - Noticias Radio Reflejos\",\"isPartOf\":{\"@id\":\"https:\/\/www.noticiasradioreflejos.com.ar\/2021\/#website\"},\"primaryImageOfPage\":{\"@id\":\"https:\/\/www.noticiasradioreflejos.com.ar\/2021\/la-categoria-2006-de-automoto-cumplio-varios-suenos-en-buenos-aires\/#primaryimage\"},\"image\":{\"@id\":\"https:\/\/www.noticiasradioreflejos.com.ar\/2021\/la-categoria-2006-de-automoto-cumplio-varios-suenos-en-buenos-aires\/#primaryimage\"},\"thumbnailUrl\":\"http:\/\/farm5.staticflickr.com\/4501\/37995467756_390d2b7bd7.jpg\",\"datePublished\":\"2017-10-30T21:35:12+00:00\",\"author\":{\"@id\":\"https:\/\/www.noticiasradioreflejos.com.ar\/2021\/#\/schema\/person\/ad82545263dcc5ec0996818884fd5fb1\"},\"breadcrumb\":{\"@id\":\"https:\/\/www.noticiasradioreflejos.com.ar\/2021\/la-categoria-2006-de-automoto-cumplio-varios-suenos-en-buenos-aires\/#breadcrumb\"},\"inLanguage\":\"es\",\"potentialAction\":[{\"@type\":\"ReadAction\",\"target\":[\"https:\/\/www.noticiasradioreflejos.com.ar\/2021\/la-categoria-2006-de-automoto-cumplio-varios-suenos-en-buenos-aires\/\"]}]},{\"@type\":\"ImageObject\",\"inLanguage\":\"es\",\"@id\":\"https:\/\/www.noticiasradioreflejos.com.ar\/2021\/la-categoria-2006-de-automoto-cumplio-varios-suenos-en-buenos-aires\/#primaryimage\",\"url\":\"http:\/\/farm5.staticflickr.com\/4501\/37995467756_390d2b7bd7.jpg\",\"contentUrl\":\"http:\/\/farm5.staticflickr.com\/4501\/37995467756_390d2b7bd7.jpg\"},{\"@type\":\"BreadcrumbList\",\"@id\":\"https:\/\/www.noticiasradioreflejos.com.ar\/2021\/la-categoria-2006-de-automoto-cumplio-varios-suenos-en-buenos-aires\/#breadcrumb\",\"itemListElement\":[{\"@type\":\"ListItem\",\"position\":1,\"name\":\"Portada\",\"item\":\"https:\/\/www.noticiasradioreflejos.com.ar\/2021\/\"},{\"@type\":\"ListItem\",\"position\":2,\"name\":\"La categor\u00eda 2006 de Automoto cumpli\u00f3 varios sue\u00f1os en Buenos Aires\"}]},{\"@type\":\"WebSite\",\"@id\":\"https:\/\/www.noticiasradioreflejos.com.ar\/2021\/#website\",\"url\":\"https:\/\/www.noticiasradioreflejos.com.ar\/2021\/\",\"name\":\"Noticias Radio Reflejos\",\"description\":\"Las noticias de mi comarca\",\"potentialAction\":[{\"@type\":\"SearchAction\",\"target\":{\"@type\":\"EntryPoint\",\"urlTemplate\":\"https:\/\/www.noticiasradioreflejos.com.ar\/2021\/?s={search_term_string}\"},\"query-input\":{\"@type\":\"PropertyValueSpecification\",\"valueRequired\":true,\"valueName\":\"search_term_string\"}}],\"inLanguage\":\"es\"},{\"@type\":\"Person\",\"@id\":\"https:\/\/www.noticiasradioreflejos.com.ar\/2021\/#\/schema\/person\/ad82545263dcc5ec0996818884fd5fb1\",\"name\":\"Arnaldo Botto\",\"image\":{\"@type\":\"ImageObject\",\"inLanguage\":\"es\",\"@id\":\"https:\/\/www.noticiasradioreflejos.com.ar\/2021\/#\/schema\/person\/image\/\",\"url\":\"https:\/\/secure.gravatar.com\/avatar\/55cb5e37c1efa326397366e6974cb338056df65cb50e7d64d1cf314e87504837?s=96&d=mm&r=g\",\"contentUrl\":\"https:\/\/secure.gravatar.com\/avatar\/55cb5e37c1efa326397366e6974cb338056df65cb50e7d64d1cf314e87504837?s=96&d=mm&r=g\",\"caption\":\"Arnaldo Botto\"},\"url\":\"https:\/\/www.noticiasradioreflejos.com.ar\/2021\/author\/arnaldo\/\"}]}<\/script>\n<!-- \/ Yoast SEO plugin. -->","yoast_head_json":{"title":"La categor\u00eda 2006 de Automoto cumpli\u00f3 varios sue\u00f1os en Buenos Aires - Noticias Radio Reflejos","robots":{"index":"index","follow":"follow","max-snippet":"max-snippet:-1","max-image-preview":"max-image-preview:large","max-video-preview":"max-video-preview:-1"},"canonical":"https:\/\/www.noticiasradioreflejos.com.ar\/2021\/la-categoria-2006-de-automoto-cumplio-varios-suenos-en-buenos-aires\/","og_locale":"es_ES","og_type":"article","og_title":"La categor\u00eda 2006 de Automoto cumpli\u00f3 varios sue\u00f1os en Buenos Aires - Noticias Radio Reflejos","og_description":"Los chicos de la categor\u00eda 2006 de la Escuelita Azulgrana cumplieron m\u00e1s que un sue\u00f1o. Concretaron un anhelado viaje a la Ciudad Aut\u00f3noma de Buenos Aires, donde disputaron tres partidos amistosos ante equipos de primera divisi\u00f3n del f\u00fatbol argentino, conocieron la Bombonera, el Monumental y el Nuevo Gas\u00f3metro, y hasta se dieron el lujo de [&hellip;]","og_url":"https:\/\/www.noticiasradioreflejos.com.ar\/2021\/la-categoria-2006-de-automoto-cumplio-varios-suenos-en-buenos-aires\/","og_site_name":"Noticias Radio Reflejos","article_published_time":"2017-10-30T21:35:12+00:00","og_image":[{"url":"http:\/\/farm5.staticflickr.com\/4501\/37995467756_390d2b7bd7.jpg","type":"","width":"","height":""}],"author":"Arnaldo Botto","twitter_card":"summary_large_image","schema":{"@context":"https:\/\/schema.org","@graph":[{"@type":"WebPage","@id":"https:\/\/www.noticiasradioreflejos.com.ar\/2021\/la-categoria-2006-de-automoto-cumplio-varios-suenos-en-buenos-aires\/","url":"https:\/\/www.noticiasradioreflejos.com.ar\/2021\/la-categoria-2006-de-automoto-cumplio-varios-suenos-en-buenos-aires\/","name":"La categor\u00eda 2006 de Automoto cumpli\u00f3 varios sue\u00f1os en Buenos Aires - Noticias Radio Reflejos","isPartOf":{"@id":"https:\/\/www.noticiasradioreflejos.com.ar\/2021\/#website"},"primaryImageOfPage":{"@id":"https:\/\/www.noticiasradioreflejos.com.ar\/2021\/la-categoria-2006-de-automoto-cumplio-varios-suenos-en-buenos-aires\/#primaryimage"},"image":{"@id":"https:\/\/www.noticiasradioreflejos.com.ar\/2021\/la-categoria-2006-de-automoto-cumplio-varios-suenos-en-buenos-aires\/#primaryimage"},"thumbnailUrl":"http:\/\/farm5.staticflickr.com\/4501\/37995467756_390d2b7bd7.jpg","datePublished":"2017-10-30T21:35:12+00:00","author":{"@id":"https:\/\/www.noticiasradioreflejos.com.ar\/2021\/#\/schema\/person\/ad82545263dcc5ec0996818884fd5fb1"},"breadcrumb":{"@id":"https:\/\/www.noticiasradioreflejos.com.ar\/2021\/la-categoria-2006-de-automoto-cumplio-varios-suenos-en-buenos-aires\/#breadcrumb"},"inLanguage":"es","potentialAction":[{"@type":"ReadAction","target":["https:\/\/www.noticiasradioreflejos.com.ar\/2021\/la-categoria-2006-de-automoto-cumplio-varios-suenos-en-buenos-aires\/"]}]},{"@type":"ImageObject","inLanguage":"es","@id":"https:\/\/www.noticiasradioreflejos.com.ar\/2021\/la-categoria-2006-de-automoto-cumplio-varios-suenos-en-buenos-aires\/#primaryimage","url":"http:\/\/farm5.staticflickr.com\/4501\/37995467756_390d2b7bd7.jpg","contentUrl":"http:\/\/farm5.staticflickr.com\/4501\/37995467756_390d2b7bd7.jpg"},{"@type":"BreadcrumbList","@id":"https:\/\/www.noticiasradioreflejos.com.ar\/2021\/la-categoria-2006-de-automoto-cumplio-varios-suenos-en-buenos-aires\/#breadcrumb","itemListElement":[{"@type":"ListItem","position":1,"name":"Portada","item":"https:\/\/www.noticiasradioreflejos.com.ar\/2021\/"},{"@type":"ListItem","position":2,"name":"La categor\u00eda 2006 de Automoto cumpli\u00f3 varios sue\u00f1os en Buenos Aires"}]},{"@type":"WebSite","@id":"https:\/\/www.noticiasradioreflejos.com.ar\/2021\/#website","url":"https:\/\/www.noticiasradioreflejos.com.ar\/2021\/","name":"Noticias Radio Reflejos","description":"Las noticias de mi comarca","potentialAction":[{"@type":"SearchAction","target":{"@type":"EntryPoint","urlTemplate":"https:\/\/www.noticiasradioreflejos.com.ar\/2021\/?s={search_term_string}"},"query-input":{"@type":"PropertyValueSpecification","valueRequired":true,"valueName":"search_term_string"}}],"inLanguage":"es"},{"@type":"Person","@id":"https:\/\/www.noticiasradioreflejos.com.ar\/2021\/#\/schema\/person\/ad82545263dcc5ec0996818884fd5fb1","name":"Arnaldo Botto","image":{"@type":"ImageObject","inLanguage":"es","@id":"https:\/\/www.noticiasradioreflejos.com.ar\/2021\/#\/schema\/person\/image\/","url":"https:\/\/secure.gravatar.com\/avatar\/55cb5e37c1efa326397366e6974cb338056df65cb50e7d64d1cf314e87504837?s=96&d=mm&r=g","contentUrl":"https:\/\/secure.gravatar.com\/avatar\/55cb5e37c1efa326397366e6974cb338056df65cb50e7d64d1cf314e87504837?s=96&d=mm&r=g","caption":"Arnaldo Botto"},"url":"https:\/\/www.noticiasradioreflejos.com.ar\/2021\/author\/arnaldo\/"}]}},"_links":{"self":[{"href":"https:\/\/www.noticiasradioreflejos.com.ar\/2021\/wp-json\/wp\/v2\/posts\/15824","targetHints":{"allow":["GET"]}}],"collection":[{"href":"https:\/\/www.noticiasradioreflejos.com.ar\/2021\/wp-json\/wp\/v2\/posts"}],"about":[{"href":"https:\/\/www.noticiasradioreflejos.com.ar\/2021\/wp-json\/wp\/v2\/types\/post"}],"author":[{"embeddable":true,"href":"https:\/\/www.noticiasradioreflejos.com.ar\/2021\/wp-json\/wp\/v2\/users\/3"}],"replies":[{"embeddable":true,"href":"https:\/\/www.noticiasradioreflejos.com.ar\/2021\/wp-json\/wp\/v2\/comments?post=15824"}],"version-history":[{"count":0,"href":"https:\/\/www.noticiasradioreflejos.com.ar\/2021\/wp-json\/wp\/v2\/posts\/15824\/revisions"}],"wp:attachment":[{"href":"https:\/\/www.noticiasradioreflejos.com.ar\/2021\/wp-json\/wp\/v2\/media?parent=15824"}],"wp:term":[{"taxonomy":"category","embeddable":true,"href":"https:\/\/www.noticiasradioreflejos.com.ar\/2021\/wp-json\/wp\/v2\/categories?post=15824"},{"taxonomy":"post_tag","embeddable":true,"href":"https:\/\/www.noticiasradioreflejos.com.ar\/2021\/wp-json\/wp\/v2\/tags?post=15824"}],"curies":[{"name":"wp","href":"https:\/\/api.w.org\/{rel}","templated":true}]}}