{"id":15433,"date":"2017-10-18T10:57:17","date_gmt":"2017-10-18T13:57:17","guid":{"rendered":"http:\/\/www.noticiasradioreflejos.com.ar\/noticias\/?p=15433"},"modified":"2017-10-18T10:57:17","modified_gmt":"2017-10-18T13:57:17","slug":"cronograma-de-capacitacion-de-autoridades-de-mesa","status":"publish","type":"post","link":"https:\/\/www.noticiasradioreflejos.com.ar\/2021\/cronograma-de-capacitacion-de-autoridades-de-mesa\/","title":{"rendered":"Cronograma de capacitaci\u00f3n de Autoridades de Mesa:"},"content":{"rendered":"<div id=\"yiv3185378511ydp60feeba2yiv0699068458ydpbc3d5e42yiv6527648133yui_3_16_0_ym19_1_1502106352910_9415\" class=\"yiv3185378511ydp60feeba2yiv0699068458ydpbc3d5e42yiv6527648133signature\">\u00a0<i id=\"yui_3_16_0_ym19_1_1508328433134_4521\"><span id=\"yui_3_16_0_ym19_1_1508328433134_4520\" style=\"font-size: medium;\">A partir del d\u00eda <b id=\"yui_3_16_0_ym19_1_1508328433134_4519\">jueves 19 de octubre<\/b>\u00a0 se estar\u00e1 dictando una capacitaci\u00f3n para aquellas personas que cumplir\u00e1n el rol de <b id=\"yui_3_16_0_ym19_1_1508328433134_4522\">Autoridades de Mesa <\/b>durante los comicios que se llevar\u00e1n a cabo <b>el d\u00eda domingo 22 de octubre<\/b>.La misma estar\u00e1 a cargo de la <b id=\"yui_3_16_0_ym19_1_1508328433134_4961\">Inspectora Jefe Distrital, Prof. Mar\u00eda Rosa Gonz\u00e1lez <\/b>y se realizar\u00e1\u00a0 de acuerdo al siguiente\u00a0 cronograma:<\/span><\/i><\/div>\n<p><!--more--><\/p>\n<div class=\"yiv3185378511ydp60feeba2yiv0699068458ydpbc3d5e42yiv6527648133signature\"><\/div>\n<div id=\"yiv3185378511ydp60feeba2yiv0699068458ydpbc3d5e42yiv6527648133yui_3_16_0_ym19_1_1502106352910_9415\" class=\"yiv3185378511ydp60feeba2yiv0699068458ydpbc3d5e42yiv6527648133signature\" dir=\"ltr\">\n<table id=\"yiv3185378511ydp60feeba2yiv0699068458ydpbc3d5e42yiv6527648133yui_3_16_0_ym19_1_1502106352910_9762\" border=\"1\" cellspacing=\"0\" cellpadding=\"0\">\n<tbody id=\"yiv3185378511ydp60feeba2yiv0699068458ydpbc3d5e42yiv6527648133yui_3_16_0_ym19_1_1502106352910_9763\">\n<tr id=\"yiv3185378511ydp60feeba2yiv0699068458ydpbc3d5e42yiv6527648133yui_3_16_0_ym19_1_1502106352910_9764\">\n<td id=\"yiv3185378511ydp60feeba2yiv0699068458ydpbc3d5e42yiv6527648133yui_3_16_0_ym19_1_1502106352910_9765\" colspan=\"1\" rowspan=\"1\" valign=\"top\" width=\"92\">\n<div id=\"yiv3185378511ydp60feeba2yiv0699068458ydpbc3d5e42yiv6527648133yui_3_16_0_ym19_1_1502106352910_9766\" align=\"center\">D\u00eda<\/div>\n<\/td>\n<td id=\"yiv3185378511ydp60feeba2yiv0699068458ydpbc3d5e42yiv6527648133yui_3_16_0_ym19_1_1502106352910_9767\" colspan=\"1\" rowspan=\"1\" valign=\"top\" width=\"177\">\n<div id=\"yiv3185378511ydp60feeba2yiv0699068458ydpbc3d5e42yiv6527648133yui_3_16_0_ym19_1_1502106352910_9768\" align=\"center\">Localidad<\/div>\n<\/td>\n<td id=\"yiv3185378511ydp60feeba2yiv0699068458ydpbc3d5e42yiv6527648133yui_3_16_0_ym19_1_1502106352910_9769\" colspan=\"1\" rowspan=\"1\" valign=\"top\" width=\"106\">\n<div id=\"yiv3185378511ydp60feeba2yiv0699068458ydpbc3d5e42yiv6527648133yui_3_16_0_ym19_1_1502106352910_9770\" align=\"center\">Lugar<\/div>\n<\/td>\n<td id=\"yiv3185378511ydp60feeba2yiv0699068458ydpbc3d5e42yiv6527648133yui_3_16_0_ym19_1_1502106352910_9771\" colspan=\"1\" rowspan=\"1\" valign=\"top\" width=\"83\">\n<div id=\"yiv3185378511ydp60feeba2yiv0699068458ydpbc3d5e42yiv6527648133yui_3_16_0_ym19_1_1502106352910_9772\" align=\"center\">Horario<\/div>\n<\/td>\n<\/tr>\n<tr id=\"yiv3185378511ydp60feeba2yiv0699068458ydpbc3d5e42yiv6527648133yui_3_16_0_ym19_1_1502106352910_9773\">\n<td id=\"yiv3185378511ydp60feeba2yiv0699068458ydpbc3d5e42yiv6527648133yui_3_16_0_ym19_1_1502106352910_9774\" colspan=\"1\" rowspan=\"1\" valign=\"top\" width=\"92\">\n<div id=\"yiv3185378511ydp60feeba2yiv0699068458ydpbc3d5e42yiv6527648133yui_3_16_0_ym19_1_1502106352910_9775\">19-10-17<\/div>\n<\/td>\n<td id=\"yiv3185378511ydp60feeba2yiv0699068458ydpbc3d5e42yiv6527648133yui_3_16_0_ym19_1_1502106352910_9776\" colspan=\"1\" rowspan=\"1\" valign=\"top\" width=\"177\">\n<div id=\"yiv3185378511ydp60feeba2yiv0699068458ydpbc3d5e42yiv6527648133yui_3_16_0_ym19_1_1502106352910_9777\">Tornquist<\/div>\n<\/td>\n<td id=\"yiv3185378511ydp60feeba2yiv0699068458ydpbc3d5e42yiv6527648133yui_3_16_0_ym19_1_1502106352910_9778\" colspan=\"1\" rowspan=\"1\" valign=\"top\" width=\"106\">\n<div id=\"yiv3185378511ydp60feeba2yiv0699068458ydpbc3d5e42yiv6527648133yui_3_16_0_ym19_1_1502106352910_9779\">Unidad Acad\u00e9mica Ernesto Tornquist<\/div>\n<\/td>\n<td id=\"yiv3185378511ydp60feeba2yiv0699068458ydpbc3d5e42yiv6527648133yui_3_16_0_ym19_1_1502106352910_9780\" colspan=\"1\" rowspan=\"1\" valign=\"top\" width=\"83\">\n<div id=\"yiv3185378511ydp60feeba2yiv0699068458ydpbc3d5e42yiv6527648133yui_3_16_0_ym19_1_1502106352910_9781\">18:30<\/div>\n<\/td>\n<\/tr>\n<tr id=\"yiv3185378511ydp60feeba2yiv0699068458ydpbc3d5e42yiv6527648133yui_3_16_0_ym19_1_1502106352910_9782\">\n<td id=\"yiv3185378511ydp60feeba2yiv0699068458ydpbc3d5e42yiv6527648133yui_3_16_0_ym19_1_1502106352910_9783\" colspan=\"1\" rowspan=\"1\" valign=\"top\" width=\"92\">\n<div id=\"yiv3185378511ydp60feeba2yiv0699068458ydpbc3d5e42yiv6527648133yui_3_16_0_ym19_1_1502106352910_9784\">20\/10\/ 17<\/div>\n<\/td>\n<td id=\"yiv3185378511ydp60feeba2yiv0699068458ydpbc3d5e42yiv6527648133yui_3_16_0_ym19_1_1502106352910_9785\" colspan=\"1\" rowspan=\"1\" valign=\"top\" width=\"177\">\n<div id=\"yiv3185378511ydp60feeba2yiv0699068458ydpbc3d5e42yiv6527648133yui_3_16_0_ym19_1_1502106352910_9786\">Saldungaray<\/div>\n<\/td>\n<td id=\"yiv3185378511ydp60feeba2yiv0699068458ydpbc3d5e42yiv6527648133yui_3_16_0_ym19_1_1502106352910_9787\" colspan=\"1\" rowspan=\"1\" valign=\"top\" width=\"106\">\n<div id=\"yiv3185378511ydp60feeba2yiv0699068458ydpbc3d5e42yiv6527648133yui_3_16_0_ym19_1_1502106352910_9788\">EP N\u00b0 2<\/div>\n<\/td>\n<td id=\"yiv3185378511ydp60feeba2yiv0699068458ydpbc3d5e42yiv6527648133yui_3_16_0_ym19_1_1502106352910_9789\" colspan=\"1\" rowspan=\"1\" valign=\"top\" width=\"83\">\n<div id=\"yiv3185378511ydp60feeba2yiv0699068458ydpbc3d5e42yiv6527648133yui_3_16_0_ym19_1_1502106352910_9790\">17:30<\/div>\n<\/td>\n<\/tr>\n<tr id=\"yiv3185378511ydp60feeba2yiv0699068458ydpbc3d5e42yiv6527648133yui_3_16_0_ym19_1_1502106352910_9791\">\n<td id=\"yiv3185378511ydp60feeba2yiv0699068458ydpbc3d5e42yiv6527648133yui_3_16_0_ym19_1_1502106352910_9792\" colspan=\"1\" rowspan=\"1\" valign=\"top\" width=\"92\">\n<div id=\"yiv3185378511ydp60feeba2yiv0699068458ydpbc3d5e42yiv6527648133yui_3_16_0_ym19_1_1502106352910_9793\">20\/10\/17<\/div>\n<\/td>\n<td id=\"yiv3185378511ydp60feeba2yiv0699068458ydpbc3d5e42yiv6527648133yui_3_16_0_ym19_1_1502106352910_9794\" colspan=\"1\" rowspan=\"1\" valign=\"top\" width=\"177\">\n<div id=\"yiv3185378511ydp60feeba2yiv0699068458ydpbc3d5e42yiv6527648133yui_3_16_0_ym19_1_1502106352910_9795\">Sierra de la Ventana<\/div>\n<\/td>\n<td id=\"yiv3185378511ydp60feeba2yiv0699068458ydpbc3d5e42yiv6527648133yui_3_16_0_ym19_1_1502106352910_9796\" colspan=\"1\" rowspan=\"1\" valign=\"top\" width=\"106\">\n<div id=\"yiv3185378511ydp60feeba2yiv0699068458ydpbc3d5e42yiv6527648133yui_3_16_0_ym19_1_1502106352910_9797\">EP N\u00b0 6<\/div>\n<\/td>\n<td id=\"yiv3185378511ydp60feeba2yiv0699068458ydpbc3d5e42yiv6527648133yui_3_16_0_ym19_1_1502106352910_9798\" colspan=\"1\" rowspan=\"1\" valign=\"top\" width=\"83\">\n<div id=\"yiv3185378511ydp60feeba2yiv0699068458ydpbc3d5e42yiv6527648133yui_3_16_0_ym19_1_1502106352910_9799\">19:30<\/div>\n<\/td>\n<\/tr>\n<tr id=\"yiv3185378511ydp60feeba2yiv0699068458ydpbc3d5e42yiv6527648133yui_3_16_0_ym19_1_1502106352910_9800\">\n<td id=\"yiv3185378511ydp60feeba2yiv0699068458ydpbc3d5e42yiv6527648133yui_3_16_0_ym19_1_1502106352910_9801\" colspan=\"1\" rowspan=\"1\" valign=\"top\" width=\"92\">\n<div id=\"yiv3185378511ydp60feeba2yiv0699068458ydpbc3d5e42yiv6527648133yui_3_16_0_ym19_1_1502106352910_9802\">21\/10\/17<\/div>\n<\/td>\n<td id=\"yiv3185378511ydp60feeba2yiv0699068458ydpbc3d5e42yiv6527648133yui_3_16_0_ym19_1_1502106352910_9803\" colspan=\"1\" rowspan=\"1\" valign=\"top\" width=\"177\">\n<div id=\"yiv3185378511ydp60feeba2yiv0699068458ydpbc3d5e42yiv6527648133yui_3_16_0_ym19_1_1502106352910_9804\">Tornquist<\/div>\n<\/td>\n<td id=\"yiv3185378511ydp60feeba2yiv0699068458ydpbc3d5e42yiv6527648133yui_3_16_0_ym19_1_1502106352910_9805\" colspan=\"1\" rowspan=\"1\" valign=\"top\" width=\"106\">\n<div id=\"yiv3185378511ydp60feeba2yiv0699068458ydpbc3d5e42yiv6527648133yui_3_16_0_ym19_1_1502106352910_9806\"><span id=\"yui_3_16_0_ym19_1_1508328433134_5003\">Unidad Acad\u00e9mica Ernesto Tornquist<\/span>ISFD N\u00b0 162<\/div>\n<\/td>\n<td id=\"yiv3185378511ydp60feeba2yiv0699068458ydpbc3d5e42yiv6527648133yui_3_16_0_ym19_1_1502106352910_9807\" colspan=\"1\" rowspan=\"1\" valign=\"top\" width=\"83\">\n<div id=\"yiv3185378511ydp60feeba2yiv0699068458ydpbc3d5e42yiv6527648133yui_3_16_0_ym19_1_1502106352910_9808\">10:00<\/div>\n<\/td>\n<\/tr>\n<\/tbody>\n<\/table>\n<\/div>\n<div id=\"yiv3185378511ydp60feeba2yiv0699068458ydpbc3d5e42yiv6527648133yui_3_16_0_ym19_1_1502106352910_9415\" class=\"yiv3185378511ydp60feeba2yiv0699068458ydpbc3d5e42yiv6527648133signature\" dir=\"ltr\"><\/div>\n<div id=\"yiv3185378511ydp60feeba2yiv0699068458ydpbc3d5e42yiv6527648133yui_3_16_0_ym19_1_1502106352910_9415\" class=\"yiv3185378511ydp60feeba2yiv0699068458ydpbc3d5e42yiv6527648133signature\" dir=\"ltr\"><\/div>\n","protected":false},"excerpt":{"rendered":"<p>\u00a0A partir del d\u00eda jueves 19 de octubre\u00a0 se estar\u00e1 dictando una capacitaci\u00f3n para aquellas personas que cumplir\u00e1n el rol de Autoridades de Mesa durante los comicios que se llevar\u00e1n a cabo el d\u00eda domingo 22 de octubre.La misma estar\u00e1 a cargo de la Inspectora Jefe Distrital, Prof. Mar\u00eda Rosa Gonz\u00e1lez y se realizar\u00e1\u00a0 de [&hellip;]<\/p>\n","protected":false},"author":3,"featured_media":0,"comment_status":"closed","ping_status":"open","sticky":false,"template":"","format":"standard","meta":{"footnotes":""},"categories":[26],"tags":[],"class_list":["post-15433","post","type-post","status-publish","format-standard","hentry","category-sociedad"],"yoast_head":"<!-- This site is optimized with the Yoast SEO plugin v25.9 - https:\/\/yoast.com\/wordpress\/plugins\/seo\/ -->\n<title>Cronograma de capacitaci\u00f3n de Autoridades de Mesa: - Noticias Radio Reflejos<\/title>\n<meta name=\"robots\" content=\"index, follow, max-snippet:-1, max-image-preview:large, max-video-preview:-1\" \/>\n<link rel=\"canonical\" href=\"https:\/\/www.noticiasradioreflejos.com.ar\/2021\/cronograma-de-capacitacion-de-autoridades-de-mesa\/\" \/>\n<meta property=\"og:locale\" content=\"es_ES\" \/>\n<meta property=\"og:type\" content=\"article\" \/>\n<meta property=\"og:title\" content=\"Cronograma de capacitaci\u00f3n de Autoridades de Mesa: - Noticias Radio Reflejos\" \/>\n<meta property=\"og:description\" content=\"\u00a0A partir del d\u00eda jueves 19 de octubre\u00a0 se estar\u00e1 dictando una capacitaci\u00f3n para aquellas personas que cumplir\u00e1n el rol de Autoridades de Mesa durante los comicios que se llevar\u00e1n a cabo el d\u00eda domingo 22 de octubre.La misma estar\u00e1 a cargo de la Inspectora Jefe Distrital, Prof. Mar\u00eda Rosa Gonz\u00e1lez y se realizar\u00e1\u00a0 de [&hellip;]\" \/>\n<meta property=\"og:url\" content=\"https:\/\/www.noticiasradioreflejos.com.ar\/2021\/cronograma-de-capacitacion-de-autoridades-de-mesa\/\" \/>\n<meta property=\"og:site_name\" content=\"Noticias Radio Reflejos\" \/>\n<meta property=\"article:published_time\" content=\"2017-10-18T13:57:17+00:00\" \/>\n<meta property=\"og:image\" content=\"https:\/\/www.noticiasradioreflejos.com.ar\/2021\/wp-content\/uploads\/2021\/07\/logosol300x200.png\" \/>\n\t<meta property=\"og:image:width\" content=\"300\" \/>\n\t<meta property=\"og:image:height\" content=\"200\" \/>\n\t<meta property=\"og:image:type\" content=\"image\/png\" \/>\n<meta name=\"author\" content=\"Arnaldo Botto\" \/>\n<meta name=\"twitter:card\" content=\"summary_large_image\" \/>\n<script type=\"application\/ld+json\" class=\"yoast-schema-graph\">{\"@context\":\"https:\/\/schema.org\",\"@graph\":[{\"@type\":\"WebPage\",\"@id\":\"https:\/\/www.noticiasradioreflejos.com.ar\/2021\/cronograma-de-capacitacion-de-autoridades-de-mesa\/\",\"url\":\"https:\/\/www.noticiasradioreflejos.com.ar\/2021\/cronograma-de-capacitacion-de-autoridades-de-mesa\/\",\"name\":\"Cronograma de capacitaci\u00f3n de Autoridades de Mesa: - Noticias Radio Reflejos\",\"isPartOf\":{\"@id\":\"https:\/\/www.noticiasradioreflejos.com.ar\/2021\/#website\"},\"datePublished\":\"2017-10-18T13:57:17+00:00\",\"author\":{\"@id\":\"https:\/\/www.noticiasradioreflejos.com.ar\/2021\/#\/schema\/person\/ad82545263dcc5ec0996818884fd5fb1\"},\"breadcrumb\":{\"@id\":\"https:\/\/www.noticiasradioreflejos.com.ar\/2021\/cronograma-de-capacitacion-de-autoridades-de-mesa\/#breadcrumb\"},\"inLanguage\":\"es\",\"potentialAction\":[{\"@type\":\"ReadAction\",\"target\":[\"https:\/\/www.noticiasradioreflejos.com.ar\/2021\/cronograma-de-capacitacion-de-autoridades-de-mesa\/\"]}]},{\"@type\":\"BreadcrumbList\",\"@id\":\"https:\/\/www.noticiasradioreflejos.com.ar\/2021\/cronograma-de-capacitacion-de-autoridades-de-mesa\/#breadcrumb\",\"itemListElement\":[{\"@type\":\"ListItem\",\"position\":1,\"name\":\"Portada\",\"item\":\"https:\/\/www.noticiasradioreflejos.com.ar\/2021\/\"},{\"@type\":\"ListItem\",\"position\":2,\"name\":\"Cronograma de capacitaci\u00f3n de Autoridades de Mesa:\"}]},{\"@type\":\"WebSite\",\"@id\":\"https:\/\/www.noticiasradioreflejos.com.ar\/2021\/#website\",\"url\":\"https:\/\/www.noticiasradioreflejos.com.ar\/2021\/\",\"name\":\"Noticias Radio Reflejos\",\"description\":\"Las noticias de mi comarca\",\"potentialAction\":[{\"@type\":\"SearchAction\",\"target\":{\"@type\":\"EntryPoint\",\"urlTemplate\":\"https:\/\/www.noticiasradioreflejos.com.ar\/2021\/?s={search_term_string}\"},\"query-input\":{\"@type\":\"PropertyValueSpecification\",\"valueRequired\":true,\"valueName\":\"search_term_string\"}}],\"inLanguage\":\"es\"},{\"@type\":\"Person\",\"@id\":\"https:\/\/www.noticiasradioreflejos.com.ar\/2021\/#\/schema\/person\/ad82545263dcc5ec0996818884fd5fb1\",\"name\":\"Arnaldo Botto\",\"image\":{\"@type\":\"ImageObject\",\"inLanguage\":\"es\",\"@id\":\"https:\/\/www.noticiasradioreflejos.com.ar\/2021\/#\/schema\/person\/image\/\",\"url\":\"https:\/\/secure.gravatar.com\/avatar\/55cb5e37c1efa326397366e6974cb338056df65cb50e7d64d1cf314e87504837?s=96&d=mm&r=g\",\"contentUrl\":\"https:\/\/secure.gravatar.com\/avatar\/55cb5e37c1efa326397366e6974cb338056df65cb50e7d64d1cf314e87504837?s=96&d=mm&r=g\",\"caption\":\"Arnaldo Botto\"},\"url\":\"https:\/\/www.noticiasradioreflejos.com.ar\/2021\/author\/arnaldo\/\"}]}<\/script>\n<!-- \/ Yoast SEO plugin. -->","yoast_head_json":{"title":"Cronograma de capacitaci\u00f3n de Autoridades de Mesa: - Noticias Radio Reflejos","robots":{"index":"index","follow":"follow","max-snippet":"max-snippet:-1","max-image-preview":"max-image-preview:large","max-video-preview":"max-video-preview:-1"},"canonical":"https:\/\/www.noticiasradioreflejos.com.ar\/2021\/cronograma-de-capacitacion-de-autoridades-de-mesa\/","og_locale":"es_ES","og_type":"article","og_title":"Cronograma de capacitaci\u00f3n de Autoridades de Mesa: - Noticias Radio Reflejos","og_description":"\u00a0A partir del d\u00eda jueves 19 de octubre\u00a0 se estar\u00e1 dictando una capacitaci\u00f3n para aquellas personas que cumplir\u00e1n el rol de Autoridades de Mesa durante los comicios que se llevar\u00e1n a cabo el d\u00eda domingo 22 de octubre.La misma estar\u00e1 a cargo de la Inspectora Jefe Distrital, Prof. Mar\u00eda Rosa Gonz\u00e1lez y se realizar\u00e1\u00a0 de [&hellip;]","og_url":"https:\/\/www.noticiasradioreflejos.com.ar\/2021\/cronograma-de-capacitacion-de-autoridades-de-mesa\/","og_site_name":"Noticias Radio Reflejos","article_published_time":"2017-10-18T13:57:17+00:00","og_image":[{"width":300,"height":200,"url":"https:\/\/www.noticiasradioreflejos.com.ar\/2021\/wp-content\/uploads\/2021\/07\/logosol300x200.png","type":"image\/png"}],"author":"Arnaldo Botto","twitter_card":"summary_large_image","schema":{"@context":"https:\/\/schema.org","@graph":[{"@type":"WebPage","@id":"https:\/\/www.noticiasradioreflejos.com.ar\/2021\/cronograma-de-capacitacion-de-autoridades-de-mesa\/","url":"https:\/\/www.noticiasradioreflejos.com.ar\/2021\/cronograma-de-capacitacion-de-autoridades-de-mesa\/","name":"Cronograma de capacitaci\u00f3n de Autoridades de Mesa: - Noticias Radio Reflejos","isPartOf":{"@id":"https:\/\/www.noticiasradioreflejos.com.ar\/2021\/#website"},"datePublished":"2017-10-18T13:57:17+00:00","author":{"@id":"https:\/\/www.noticiasradioreflejos.com.ar\/2021\/#\/schema\/person\/ad82545263dcc5ec0996818884fd5fb1"},"breadcrumb":{"@id":"https:\/\/www.noticiasradioreflejos.com.ar\/2021\/cronograma-de-capacitacion-de-autoridades-de-mesa\/#breadcrumb"},"inLanguage":"es","potentialAction":[{"@type":"ReadAction","target":["https:\/\/www.noticiasradioreflejos.com.ar\/2021\/cronograma-de-capacitacion-de-autoridades-de-mesa\/"]}]},{"@type":"BreadcrumbList","@id":"https:\/\/www.noticiasradioreflejos.com.ar\/2021\/cronograma-de-capacitacion-de-autoridades-de-mesa\/#breadcrumb","itemListElement":[{"@type":"ListItem","position":1,"name":"Portada","item":"https:\/\/www.noticiasradioreflejos.com.ar\/2021\/"},{"@type":"ListItem","position":2,"name":"Cronograma de capacitaci\u00f3n de Autoridades de Mesa:"}]},{"@type":"WebSite","@id":"https:\/\/www.noticiasradioreflejos.com.ar\/2021\/#website","url":"https:\/\/www.noticiasradioreflejos.com.ar\/2021\/","name":"Noticias Radio Reflejos","description":"Las noticias de mi comarca","potentialAction":[{"@type":"SearchAction","target":{"@type":"EntryPoint","urlTemplate":"https:\/\/www.noticiasradioreflejos.com.ar\/2021\/?s={search_term_string}"},"query-input":{"@type":"PropertyValueSpecification","valueRequired":true,"valueName":"search_term_string"}}],"inLanguage":"es"},{"@type":"Person","@id":"https:\/\/www.noticiasradioreflejos.com.ar\/2021\/#\/schema\/person\/ad82545263dcc5ec0996818884fd5fb1","name":"Arnaldo Botto","image":{"@type":"ImageObject","inLanguage":"es","@id":"https:\/\/www.noticiasradioreflejos.com.ar\/2021\/#\/schema\/person\/image\/","url":"https:\/\/secure.gravatar.com\/avatar\/55cb5e37c1efa326397366e6974cb338056df65cb50e7d64d1cf314e87504837?s=96&d=mm&r=g","contentUrl":"https:\/\/secure.gravatar.com\/avatar\/55cb5e37c1efa326397366e6974cb338056df65cb50e7d64d1cf314e87504837?s=96&d=mm&r=g","caption":"Arnaldo Botto"},"url":"https:\/\/www.noticiasradioreflejos.com.ar\/2021\/author\/arnaldo\/"}]}},"_links":{"self":[{"href":"https:\/\/www.noticiasradioreflejos.com.ar\/2021\/wp-json\/wp\/v2\/posts\/15433","targetHints":{"allow":["GET"]}}],"collection":[{"href":"https:\/\/www.noticiasradioreflejos.com.ar\/2021\/wp-json\/wp\/v2\/posts"}],"about":[{"href":"https:\/\/www.noticiasradioreflejos.com.ar\/2021\/wp-json\/wp\/v2\/types\/post"}],"author":[{"embeddable":true,"href":"https:\/\/www.noticiasradioreflejos.com.ar\/2021\/wp-json\/wp\/v2\/users\/3"}],"replies":[{"embeddable":true,"href":"https:\/\/www.noticiasradioreflejos.com.ar\/2021\/wp-json\/wp\/v2\/comments?post=15433"}],"version-history":[{"count":0,"href":"https:\/\/www.noticiasradioreflejos.com.ar\/2021\/wp-json\/wp\/v2\/posts\/15433\/revisions"}],"wp:attachment":[{"href":"https:\/\/www.noticiasradioreflejos.com.ar\/2021\/wp-json\/wp\/v2\/media?parent=15433"}],"wp:term":[{"taxonomy":"category","embeddable":true,"href":"https:\/\/www.noticiasradioreflejos.com.ar\/2021\/wp-json\/wp\/v2\/categories?post=15433"},{"taxonomy":"post_tag","embeddable":true,"href":"https:\/\/www.noticiasradioreflejos.com.ar\/2021\/wp-json\/wp\/v2\/tags?post=15433"}],"curies":[{"name":"wp","href":"https:\/\/api.w.org\/{rel}","templated":true}]}}