{"id":15423,"date":"2017-10-18T08:43:11","date_gmt":"2017-10-18T11:43:11","guid":{"rendered":"http:\/\/www.noticiasradioreflejos.com.ar\/noticias\/?p=15423"},"modified":"2017-10-18T08:43:11","modified_gmt":"2017-10-18T11:43:11","slug":"el-gobierno-promulgo-la-ley-que-restablece-los-feriados-puente","status":"publish","type":"post","link":"https:\/\/www.noticiasradioreflejos.com.ar\/2021\/el-gobierno-promulgo-la-ley-que-restablece-los-feriados-puente\/","title":{"rendered":"El Gobierno promulg\u00f3 la ley que restablece los feriados puente."},"content":{"rendered":"<p>El Ejecutivo podr\u00e1 definir tres feriados para formar fines de semana largos en 2018<br \/>\nEl Gobierno promulg\u00f3 la ley 27.399, que establece el regreso de los feriados puente y fija los d\u00edas festivos de 2018. Lo hizo a trav\u00e9s del decreto 831\/2017, que fue publicado en el Bolet\u00edn Oficial de este martes con la firma del presidente Mauricio Macri, el jefe de Gabinete Marcos Pe\u00f1a y el ministro del Interior Rogelio Frigerio.<!--more--><br \/>\nLa norma que fue sancionada por el Congreso a fines de septiembre fue impulsada por legislador por Misiones Maurice Closs con la intenci\u00f3n de fomentar el turismo interno. La ley habilita al Poder Ejecutivo a definir tres feriados que puedan ser trasladados para formar un fin de semana largo.<br \/>\nSi bien los feriados puente hab\u00edan sido eliminados por decreto en enero pasado, la propuesta de Closs recibi\u00f3 el apoyo del oficialismo.<br \/>\nEl proyecto mantiene la misma estructura de feriados inamovibles y trasladables, pero agrega que el Poder Ejecutivo podr\u00e1 fijar anualmente hasta tres d\u00edas feriados o no laborables que coincidan con los d\u00edas lunes o viernes, con el fin de \u00abpromover la actividad tur\u00edstica\u00bb. Seg\u00fan la iniciativa, el Poder Ejecutivo deber\u00e1 establecer esos feriados con 50 d\u00edas de antelaci\u00f3n a la finalizaci\u00f3n del a\u00f1o calendario.<br \/>\nAdem\u00e1s, la norma establece como d\u00edas no laborables para quienes que profesen la religi\u00f3n jud\u00eda los d\u00edas del A\u00f1o Nuevo Jud\u00edo (Rosh Hashana), dos (2) d\u00edas, el D\u00eda del Perd\u00f3n (Iom Kipur), un (1) d\u00eda, y de la Pascua Jud\u00eda (Pesaj) los dos (2) primeros d\u00edas y los dos (2) \u00faltimos d\u00edas.<br \/>\nPor otra parte, establece como d\u00edas no laborables para todos los habitantes de la Naci\u00f3n Argentina que profesen la religi\u00f3n isl\u00e1mica, el d\u00eda del A\u00f1o Nuevo Musulm\u00e1n (H\u00e9gira), el d\u00eda posterior a la culminaci\u00f3n del ayuno (Id Al-Fitr); y el d\u00eda de la Fiesta del Sacrificio (Id Al-Adha).<br \/>\nLos trabajadores que no prestaren servicios en las festividades religiosas mencionadas \u00abdevengar\u00e1n remuneraci\u00f3n y los dem\u00e1s derechos emergentes de la relaci\u00f3n laboral como si hubieren prestado servicio\u00bb, dice el texto.<br \/>\n\u00abEl Poder Ejecutivo nacional desarrollar\u00e1 campa\u00f1as de difusi\u00f3n destinadas a promover la reflexi\u00f3n hist\u00f3rica y concientizaci\u00f3n de la sociedad sobre el valor sociocultural de los feriados nacionales conmemorativos de pr\u00f3ceres o acontecimientos hist\u00f3ricos, por medios adecuados y con la antelaci\u00f3n y periodicidad suficientes\u00bb, indica la ley.<br \/>\nFERIADOS NACIONALES INAMOVIBLES<br \/>\n1\u00b0 de enero: A\u00f1o Nuevo.<br \/>\nLunes y Martes de Carnaval.<br \/>\n24 de marzo: D\u00eda Nacional de la Memoria por la Verdad y la Justicia.<br \/>\nViernes Santo.<br \/>\n2 de abril: D\u00eda del Veterano y de los Ca\u00eddos en la Guerra de Malvinas.<br \/>\n1\u00b0 de mayo: D\u00eda del Trabajo.<br \/>\n25 de mayo: D\u00eda de la Revoluci\u00f3n de Mayo.<br \/>\n20 de junio: Paso a la Inmortalidad del General Don Manuel Belgrano.<br \/>\n9 de julio: D\u00eda de la Independencia.<br \/>\n8 de diciembre: D\u00eda de la Inmaculada Concepci\u00f3n de Mar\u00eda.<br \/>\n25 de diciembre: Navidad.<br \/>\nFERIADOS NACIONALES TRASLADABLES<br \/>\n17 de junio: Paso a la Inmortalidad del General Don Mart\u00edn Miguel de G\u00fcemes.<br \/>\n17 de agosto: Paso a la Inmortalidad del General Don Jos\u00e9 de San Mart\u00edn.<br \/>\n12 de octubre: D\u00eda del Respeto a la Diversidad Cultural.<br \/>\n20 de noviembre: D\u00eda de la Soberan\u00eda Nacional.<br \/>\nDIAS NO LABORABLES<br \/>\nJueves Santo.<br \/>\n&nbsp;<br \/>\n<strong>Fuente : Infobae<\/strong><\/p>\n","protected":false},"excerpt":{"rendered":"<p>El Ejecutivo podr\u00e1 definir tres feriados para formar fines de semana largos en 2018 El Gobierno promulg\u00f3 la ley 27.399, que establece el regreso de los feriados puente y fija los d\u00edas festivos de 2018. Lo hizo a trav\u00e9s del decreto 831\/2017, que fue publicado en el Bolet\u00edn Oficial de este martes con la firma [&hellip;]<\/p>\n","protected":false},"author":3,"featured_media":1895,"comment_status":"closed","ping_status":"open","sticky":false,"template":"","format":"standard","meta":{"footnotes":""},"categories":[26],"tags":[],"class_list":["post-15423","post","type-post","status-publish","format-standard","has-post-thumbnail","hentry","category-sociedad"],"yoast_head":"<!-- This site is optimized with the Yoast SEO plugin v25.9 - https:\/\/yoast.com\/wordpress\/plugins\/seo\/ -->\n<title>El Gobierno promulg\u00f3 la ley que restablece los feriados puente. - Noticias Radio Reflejos<\/title>\n<meta name=\"robots\" content=\"index, follow, max-snippet:-1, max-image-preview:large, max-video-preview:-1\" \/>\n<link rel=\"canonical\" href=\"https:\/\/www.noticiasradioreflejos.com.ar\/2021\/el-gobierno-promulgo-la-ley-que-restablece-los-feriados-puente\/\" \/>\n<meta property=\"og:locale\" content=\"es_ES\" \/>\n<meta property=\"og:type\" content=\"article\" \/>\n<meta property=\"og:title\" content=\"El Gobierno promulg\u00f3 la ley que restablece los feriados puente. - Noticias Radio Reflejos\" \/>\n<meta property=\"og:description\" content=\"El Ejecutivo podr\u00e1 definir tres feriados para formar fines de semana largos en 2018 El Gobierno promulg\u00f3 la ley 27.399, que establece el regreso de los feriados puente y fija los d\u00edas festivos de 2018. Lo hizo a trav\u00e9s del decreto 831\/2017, que fue publicado en el Bolet\u00edn Oficial de este martes con la firma [&hellip;]\" \/>\n<meta property=\"og:url\" content=\"https:\/\/www.noticiasradioreflejos.com.ar\/2021\/el-gobierno-promulgo-la-ley-que-restablece-los-feriados-puente\/\" \/>\n<meta property=\"og:site_name\" content=\"Noticias Radio Reflejos\" \/>\n<meta property=\"article:published_time\" content=\"2017-10-18T11:43:11+00:00\" \/>\n<meta property=\"og:image\" content=\"https:\/\/www.noticiasradioreflejos.com.ar\/2021\/wp-content\/uploads\/2016\/10\/545776_411527758865935_100000261420779_1582443_1822966790_n-1.jpg\" \/>\n\t<meta property=\"og:image:width\" content=\"960\" \/>\n\t<meta property=\"og:image:height\" content=\"540\" \/>\n\t<meta property=\"og:image:type\" content=\"image\/jpeg\" \/>\n<meta name=\"author\" content=\"Arnaldo Botto\" \/>\n<meta name=\"twitter:card\" content=\"summary_large_image\" \/>\n<script type=\"application\/ld+json\" class=\"yoast-schema-graph\">{\"@context\":\"https:\/\/schema.org\",\"@graph\":[{\"@type\":\"WebPage\",\"@id\":\"https:\/\/www.noticiasradioreflejos.com.ar\/2021\/el-gobierno-promulgo-la-ley-que-restablece-los-feriados-puente\/\",\"url\":\"https:\/\/www.noticiasradioreflejos.com.ar\/2021\/el-gobierno-promulgo-la-ley-que-restablece-los-feriados-puente\/\",\"name\":\"El Gobierno promulg\u00f3 la ley que restablece los feriados puente. - Noticias Radio Reflejos\",\"isPartOf\":{\"@id\":\"https:\/\/www.noticiasradioreflejos.com.ar\/2021\/#website\"},\"primaryImageOfPage\":{\"@id\":\"https:\/\/www.noticiasradioreflejos.com.ar\/2021\/el-gobierno-promulgo-la-ley-que-restablece-los-feriados-puente\/#primaryimage\"},\"image\":{\"@id\":\"https:\/\/www.noticiasradioreflejos.com.ar\/2021\/el-gobierno-promulgo-la-ley-que-restablece-los-feriados-puente\/#primaryimage\"},\"thumbnailUrl\":\"https:\/\/www.noticiasradioreflejos.com.ar\/2021\/wp-content\/uploads\/2016\/10\/545776_411527758865935_100000261420779_1582443_1822966790_n-1.jpg\",\"datePublished\":\"2017-10-18T11:43:11+00:00\",\"author\":{\"@id\":\"https:\/\/www.noticiasradioreflejos.com.ar\/2021\/#\/schema\/person\/ad82545263dcc5ec0996818884fd5fb1\"},\"breadcrumb\":{\"@id\":\"https:\/\/www.noticiasradioreflejos.com.ar\/2021\/el-gobierno-promulgo-la-ley-que-restablece-los-feriados-puente\/#breadcrumb\"},\"inLanguage\":\"es\",\"potentialAction\":[{\"@type\":\"ReadAction\",\"target\":[\"https:\/\/www.noticiasradioreflejos.com.ar\/2021\/el-gobierno-promulgo-la-ley-que-restablece-los-feriados-puente\/\"]}]},{\"@type\":\"ImageObject\",\"inLanguage\":\"es\",\"@id\":\"https:\/\/www.noticiasradioreflejos.com.ar\/2021\/el-gobierno-promulgo-la-ley-que-restablece-los-feriados-puente\/#primaryimage\",\"url\":\"https:\/\/www.noticiasradioreflejos.com.ar\/2021\/wp-content\/uploads\/2016\/10\/545776_411527758865935_100000261420779_1582443_1822966790_n-1.jpg\",\"contentUrl\":\"https:\/\/www.noticiasradioreflejos.com.ar\/2021\/wp-content\/uploads\/2016\/10\/545776_411527758865935_100000261420779_1582443_1822966790_n-1.jpg\",\"width\":960,\"height\":540},{\"@type\":\"BreadcrumbList\",\"@id\":\"https:\/\/www.noticiasradioreflejos.com.ar\/2021\/el-gobierno-promulgo-la-ley-que-restablece-los-feriados-puente\/#breadcrumb\",\"itemListElement\":[{\"@type\":\"ListItem\",\"position\":1,\"name\":\"Portada\",\"item\":\"https:\/\/www.noticiasradioreflejos.com.ar\/2021\/\"},{\"@type\":\"ListItem\",\"position\":2,\"name\":\"El Gobierno promulg\u00f3 la ley que restablece los feriados puente.\"}]},{\"@type\":\"WebSite\",\"@id\":\"https:\/\/www.noticiasradioreflejos.com.ar\/2021\/#website\",\"url\":\"https:\/\/www.noticiasradioreflejos.com.ar\/2021\/\",\"name\":\"Noticias Radio Reflejos\",\"description\":\"Las noticias de mi comarca\",\"potentialAction\":[{\"@type\":\"SearchAction\",\"target\":{\"@type\":\"EntryPoint\",\"urlTemplate\":\"https:\/\/www.noticiasradioreflejos.com.ar\/2021\/?s={search_term_string}\"},\"query-input\":{\"@type\":\"PropertyValueSpecification\",\"valueRequired\":true,\"valueName\":\"search_term_string\"}}],\"inLanguage\":\"es\"},{\"@type\":\"Person\",\"@id\":\"https:\/\/www.noticiasradioreflejos.com.ar\/2021\/#\/schema\/person\/ad82545263dcc5ec0996818884fd5fb1\",\"name\":\"Arnaldo Botto\",\"image\":{\"@type\":\"ImageObject\",\"inLanguage\":\"es\",\"@id\":\"https:\/\/www.noticiasradioreflejos.com.ar\/2021\/#\/schema\/person\/image\/\",\"url\":\"https:\/\/secure.gravatar.com\/avatar\/55cb5e37c1efa326397366e6974cb338056df65cb50e7d64d1cf314e87504837?s=96&d=mm&r=g\",\"contentUrl\":\"https:\/\/secure.gravatar.com\/avatar\/55cb5e37c1efa326397366e6974cb338056df65cb50e7d64d1cf314e87504837?s=96&d=mm&r=g\",\"caption\":\"Arnaldo Botto\"},\"url\":\"https:\/\/www.noticiasradioreflejos.com.ar\/2021\/author\/arnaldo\/\"}]}<\/script>\n<!-- \/ Yoast SEO plugin. -->","yoast_head_json":{"title":"El Gobierno promulg\u00f3 la ley que restablece los feriados puente. - Noticias Radio Reflejos","robots":{"index":"index","follow":"follow","max-snippet":"max-snippet:-1","max-image-preview":"max-image-preview:large","max-video-preview":"max-video-preview:-1"},"canonical":"https:\/\/www.noticiasradioreflejos.com.ar\/2021\/el-gobierno-promulgo-la-ley-que-restablece-los-feriados-puente\/","og_locale":"es_ES","og_type":"article","og_title":"El Gobierno promulg\u00f3 la ley que restablece los feriados puente. - Noticias Radio Reflejos","og_description":"El Ejecutivo podr\u00e1 definir tres feriados para formar fines de semana largos en 2018 El Gobierno promulg\u00f3 la ley 27.399, que establece el regreso de los feriados puente y fija los d\u00edas festivos de 2018. Lo hizo a trav\u00e9s del decreto 831\/2017, que fue publicado en el Bolet\u00edn Oficial de este martes con la firma [&hellip;]","og_url":"https:\/\/www.noticiasradioreflejos.com.ar\/2021\/el-gobierno-promulgo-la-ley-que-restablece-los-feriados-puente\/","og_site_name":"Noticias Radio Reflejos","article_published_time":"2017-10-18T11:43:11+00:00","og_image":[{"width":960,"height":540,"url":"https:\/\/www.noticiasradioreflejos.com.ar\/2021\/wp-content\/uploads\/2016\/10\/545776_411527758865935_100000261420779_1582443_1822966790_n-1.jpg","type":"image\/jpeg"}],"author":"Arnaldo Botto","twitter_card":"summary_large_image","schema":{"@context":"https:\/\/schema.org","@graph":[{"@type":"WebPage","@id":"https:\/\/www.noticiasradioreflejos.com.ar\/2021\/el-gobierno-promulgo-la-ley-que-restablece-los-feriados-puente\/","url":"https:\/\/www.noticiasradioreflejos.com.ar\/2021\/el-gobierno-promulgo-la-ley-que-restablece-los-feriados-puente\/","name":"El Gobierno promulg\u00f3 la ley que restablece los feriados puente. - Noticias Radio Reflejos","isPartOf":{"@id":"https:\/\/www.noticiasradioreflejos.com.ar\/2021\/#website"},"primaryImageOfPage":{"@id":"https:\/\/www.noticiasradioreflejos.com.ar\/2021\/el-gobierno-promulgo-la-ley-que-restablece-los-feriados-puente\/#primaryimage"},"image":{"@id":"https:\/\/www.noticiasradioreflejos.com.ar\/2021\/el-gobierno-promulgo-la-ley-que-restablece-los-feriados-puente\/#primaryimage"},"thumbnailUrl":"https:\/\/www.noticiasradioreflejos.com.ar\/2021\/wp-content\/uploads\/2016\/10\/545776_411527758865935_100000261420779_1582443_1822966790_n-1.jpg","datePublished":"2017-10-18T11:43:11+00:00","author":{"@id":"https:\/\/www.noticiasradioreflejos.com.ar\/2021\/#\/schema\/person\/ad82545263dcc5ec0996818884fd5fb1"},"breadcrumb":{"@id":"https:\/\/www.noticiasradioreflejos.com.ar\/2021\/el-gobierno-promulgo-la-ley-que-restablece-los-feriados-puente\/#breadcrumb"},"inLanguage":"es","potentialAction":[{"@type":"ReadAction","target":["https:\/\/www.noticiasradioreflejos.com.ar\/2021\/el-gobierno-promulgo-la-ley-que-restablece-los-feriados-puente\/"]}]},{"@type":"ImageObject","inLanguage":"es","@id":"https:\/\/www.noticiasradioreflejos.com.ar\/2021\/el-gobierno-promulgo-la-ley-que-restablece-los-feriados-puente\/#primaryimage","url":"https:\/\/www.noticiasradioreflejos.com.ar\/2021\/wp-content\/uploads\/2016\/10\/545776_411527758865935_100000261420779_1582443_1822966790_n-1.jpg","contentUrl":"https:\/\/www.noticiasradioreflejos.com.ar\/2021\/wp-content\/uploads\/2016\/10\/545776_411527758865935_100000261420779_1582443_1822966790_n-1.jpg","width":960,"height":540},{"@type":"BreadcrumbList","@id":"https:\/\/www.noticiasradioreflejos.com.ar\/2021\/el-gobierno-promulgo-la-ley-que-restablece-los-feriados-puente\/#breadcrumb","itemListElement":[{"@type":"ListItem","position":1,"name":"Portada","item":"https:\/\/www.noticiasradioreflejos.com.ar\/2021\/"},{"@type":"ListItem","position":2,"name":"El Gobierno promulg\u00f3 la ley que restablece los feriados puente."}]},{"@type":"WebSite","@id":"https:\/\/www.noticiasradioreflejos.com.ar\/2021\/#website","url":"https:\/\/www.noticiasradioreflejos.com.ar\/2021\/","name":"Noticias Radio Reflejos","description":"Las noticias de mi comarca","potentialAction":[{"@type":"SearchAction","target":{"@type":"EntryPoint","urlTemplate":"https:\/\/www.noticiasradioreflejos.com.ar\/2021\/?s={search_term_string}"},"query-input":{"@type":"PropertyValueSpecification","valueRequired":true,"valueName":"search_term_string"}}],"inLanguage":"es"},{"@type":"Person","@id":"https:\/\/www.noticiasradioreflejos.com.ar\/2021\/#\/schema\/person\/ad82545263dcc5ec0996818884fd5fb1","name":"Arnaldo Botto","image":{"@type":"ImageObject","inLanguage":"es","@id":"https:\/\/www.noticiasradioreflejos.com.ar\/2021\/#\/schema\/person\/image\/","url":"https:\/\/secure.gravatar.com\/avatar\/55cb5e37c1efa326397366e6974cb338056df65cb50e7d64d1cf314e87504837?s=96&d=mm&r=g","contentUrl":"https:\/\/secure.gravatar.com\/avatar\/55cb5e37c1efa326397366e6974cb338056df65cb50e7d64d1cf314e87504837?s=96&d=mm&r=g","caption":"Arnaldo Botto"},"url":"https:\/\/www.noticiasradioreflejos.com.ar\/2021\/author\/arnaldo\/"}]}},"_links":{"self":[{"href":"https:\/\/www.noticiasradioreflejos.com.ar\/2021\/wp-json\/wp\/v2\/posts\/15423","targetHints":{"allow":["GET"]}}],"collection":[{"href":"https:\/\/www.noticiasradioreflejos.com.ar\/2021\/wp-json\/wp\/v2\/posts"}],"about":[{"href":"https:\/\/www.noticiasradioreflejos.com.ar\/2021\/wp-json\/wp\/v2\/types\/post"}],"author":[{"embeddable":true,"href":"https:\/\/www.noticiasradioreflejos.com.ar\/2021\/wp-json\/wp\/v2\/users\/3"}],"replies":[{"embeddable":true,"href":"https:\/\/www.noticiasradioreflejos.com.ar\/2021\/wp-json\/wp\/v2\/comments?post=15423"}],"version-history":[{"count":0,"href":"https:\/\/www.noticiasradioreflejos.com.ar\/2021\/wp-json\/wp\/v2\/posts\/15423\/revisions"}],"wp:featuredmedia":[{"embeddable":true,"href":"https:\/\/www.noticiasradioreflejos.com.ar\/2021\/wp-json\/wp\/v2\/media\/1895"}],"wp:attachment":[{"href":"https:\/\/www.noticiasradioreflejos.com.ar\/2021\/wp-json\/wp\/v2\/media?parent=15423"}],"wp:term":[{"taxonomy":"category","embeddable":true,"href":"https:\/\/www.noticiasradioreflejos.com.ar\/2021\/wp-json\/wp\/v2\/categories?post=15423"},{"taxonomy":"post_tag","embeddable":true,"href":"https:\/\/www.noticiasradioreflejos.com.ar\/2021\/wp-json\/wp\/v2\/tags?post=15423"}],"curies":[{"name":"wp","href":"https:\/\/api.w.org\/{rel}","templated":true}]}}