{"id":15420,"date":"2017-10-18T08:35:04","date_gmt":"2017-10-18T11:35:04","guid":{"rendered":"http:\/\/www.noticiasradioreflejos.com.ar\/noticias\/?p=15420"},"modified":"2017-10-18T08:35:04","modified_gmt":"2017-10-18T11:35:04","slug":"instalan-en-tornquist-paneles-solares-para-la-carga-de-celulares","status":"publish","type":"post","link":"https:\/\/www.noticiasradioreflejos.com.ar\/2021\/instalan-en-tornquist-paneles-solares-para-la-carga-de-celulares\/","title":{"rendered":"Instalan en Tornquist paneles solares para la carga de celulares"},"content":{"rendered":"<p>Este martes comenz\u00f3 la instalaci\u00f3n de paneles solares para la carga de celulares. El primero, que se usar\u00e1 como \u201cprueba piloto\u201d, est\u00e1 ubicado en la esquina de Av. Ernesto Tornquist y Gral. Paz, frente a la Oficina de Turismo.<!--more--><br \/>\nEn di\u00e1logo con nuestro medio, el intendente Sergio Bordoni indic\u00f3 que se trata de una iniciativa del municipio y que los artefactos fueron fabricados por alumnos de la Escuela T\u00e9cnica N\u00ba 1 de nuestro distrito.<br \/>\n\u201cEs un buen adelanto y hecho por chicos de nuestro distrito, que es lo m\u00e1s importante\u201d, manifest\u00f3 el jefe comunal, quien se\u00f1al\u00f3 que \u201cen una segunda etapa se le adherir\u00e1n dispensers para cargar agua caliente\u201d.<br \/>\n\u201cSi funciona se va a instalar en todo el distrito, porque queremos brindarle un servicio al turista, eso es lo primordial, adem\u00e1s de \u201caprovechar las energ\u00edas solares, que da la opci\u00f3n de que se pueda instalar en donde no hay energ\u00eda el\u00e9ctrica\u201d.<br \/>\nEn tanto, el Director de Juventud, Dr. Gerardo Bucchi, agreg\u00f3 que \u201cla idea surgi\u00f3 desde nuestra \u00e1rea en coordinaci\u00f3n con la escuela t\u00e9cnica, pensando en c\u00f3mo utilizar energ\u00edas renovables. Se puede enchufar el celular en cualquier hora del d\u00eda\u201d.<br \/>\n\u201cTambi\u00e9n trabajaron las secretar\u00edas de Obras y Servicios P\u00fablicos y Turismo y la Direcci\u00f3n de Medio Ambiente, una combinaci\u00f3n de esfuerzos que culmina en esto\u201d, indic\u00f3.<br \/>\nYA TRABAJA LA BARREDORA EN LA CIUDAD<br \/>\nBordoni tambi\u00e9n record\u00f3 que ya se encuentra prestando servicio en la calles de la ciudad la nueva barredora adquirida por el municipio. \u201cAhora estamos haciendo solo bulevares, ya que debemos hacer una ordenanza para diagramar el trabajo sobre los cordones de las veredas\u201d, inform\u00f3.<\/p>\n","protected":false},"excerpt":{"rendered":"<p>Este martes comenz\u00f3 la instalaci\u00f3n de paneles solares para la carga de celulares. El primero, que se usar\u00e1 como \u201cprueba piloto\u201d, est\u00e1 ubicado en la esquina de Av. Ernesto Tornquist y Gral. Paz, frente a la Oficina de Turismo.<\/p>\n","protected":false},"author":3,"featured_media":0,"comment_status":"closed","ping_status":"open","sticky":false,"template":"","format":"standard","meta":{"footnotes":""},"categories":[28],"tags":[],"class_list":["post-15420","post","type-post","status-publish","format-standard","hentry","category-municipales"],"yoast_head":"<!-- This site is optimized with the Yoast SEO plugin v25.9 - https:\/\/yoast.com\/wordpress\/plugins\/seo\/ -->\n<title>Instalan en Tornquist paneles solares para la carga de celulares - Noticias Radio Reflejos<\/title>\n<meta name=\"robots\" content=\"index, follow, max-snippet:-1, max-image-preview:large, max-video-preview:-1\" \/>\n<link rel=\"canonical\" href=\"https:\/\/www.noticiasradioreflejos.com.ar\/2021\/instalan-en-tornquist-paneles-solares-para-la-carga-de-celulares\/\" \/>\n<meta property=\"og:locale\" content=\"es_ES\" \/>\n<meta property=\"og:type\" content=\"article\" \/>\n<meta property=\"og:title\" content=\"Instalan en Tornquist paneles solares para la carga de celulares - Noticias Radio Reflejos\" \/>\n<meta property=\"og:description\" content=\"Este martes comenz\u00f3 la instalaci\u00f3n de paneles solares para la carga de celulares. El primero, que se usar\u00e1 como \u201cprueba piloto\u201d, est\u00e1 ubicado en la esquina de Av. Ernesto Tornquist y Gral. Paz, frente a la Oficina de Turismo.\" \/>\n<meta property=\"og:url\" content=\"https:\/\/www.noticiasradioreflejos.com.ar\/2021\/instalan-en-tornquist-paneles-solares-para-la-carga-de-celulares\/\" \/>\n<meta property=\"og:site_name\" content=\"Noticias Radio Reflejos\" \/>\n<meta property=\"article:published_time\" content=\"2017-10-18T11:35:04+00:00\" \/>\n<meta property=\"og:image\" content=\"https:\/\/www.noticiasradioreflejos.com.ar\/2021\/wp-content\/uploads\/2021\/07\/logosol300x200.png\" \/>\n\t<meta property=\"og:image:width\" content=\"300\" \/>\n\t<meta property=\"og:image:height\" content=\"200\" \/>\n\t<meta property=\"og:image:type\" content=\"image\/png\" \/>\n<meta name=\"author\" content=\"Arnaldo Botto\" \/>\n<meta name=\"twitter:card\" content=\"summary_large_image\" \/>\n<script type=\"application\/ld+json\" class=\"yoast-schema-graph\">{\"@context\":\"https:\/\/schema.org\",\"@graph\":[{\"@type\":\"WebPage\",\"@id\":\"https:\/\/www.noticiasradioreflejos.com.ar\/2021\/instalan-en-tornquist-paneles-solares-para-la-carga-de-celulares\/\",\"url\":\"https:\/\/www.noticiasradioreflejos.com.ar\/2021\/instalan-en-tornquist-paneles-solares-para-la-carga-de-celulares\/\",\"name\":\"Instalan en Tornquist paneles solares para la carga de celulares - Noticias Radio Reflejos\",\"isPartOf\":{\"@id\":\"https:\/\/www.noticiasradioreflejos.com.ar\/2021\/#website\"},\"datePublished\":\"2017-10-18T11:35:04+00:00\",\"author\":{\"@id\":\"https:\/\/www.noticiasradioreflejos.com.ar\/2021\/#\/schema\/person\/ad82545263dcc5ec0996818884fd5fb1\"},\"breadcrumb\":{\"@id\":\"https:\/\/www.noticiasradioreflejos.com.ar\/2021\/instalan-en-tornquist-paneles-solares-para-la-carga-de-celulares\/#breadcrumb\"},\"inLanguage\":\"es\",\"potentialAction\":[{\"@type\":\"ReadAction\",\"target\":[\"https:\/\/www.noticiasradioreflejos.com.ar\/2021\/instalan-en-tornquist-paneles-solares-para-la-carga-de-celulares\/\"]}]},{\"@type\":\"BreadcrumbList\",\"@id\":\"https:\/\/www.noticiasradioreflejos.com.ar\/2021\/instalan-en-tornquist-paneles-solares-para-la-carga-de-celulares\/#breadcrumb\",\"itemListElement\":[{\"@type\":\"ListItem\",\"position\":1,\"name\":\"Portada\",\"item\":\"https:\/\/www.noticiasradioreflejos.com.ar\/2021\/\"},{\"@type\":\"ListItem\",\"position\":2,\"name\":\"Instalan en Tornquist paneles solares para la carga de celulares\"}]},{\"@type\":\"WebSite\",\"@id\":\"https:\/\/www.noticiasradioreflejos.com.ar\/2021\/#website\",\"url\":\"https:\/\/www.noticiasradioreflejos.com.ar\/2021\/\",\"name\":\"Noticias Radio Reflejos\",\"description\":\"Las noticias de mi comarca\",\"potentialAction\":[{\"@type\":\"SearchAction\",\"target\":{\"@type\":\"EntryPoint\",\"urlTemplate\":\"https:\/\/www.noticiasradioreflejos.com.ar\/2021\/?s={search_term_string}\"},\"query-input\":{\"@type\":\"PropertyValueSpecification\",\"valueRequired\":true,\"valueName\":\"search_term_string\"}}],\"inLanguage\":\"es\"},{\"@type\":\"Person\",\"@id\":\"https:\/\/www.noticiasradioreflejos.com.ar\/2021\/#\/schema\/person\/ad82545263dcc5ec0996818884fd5fb1\",\"name\":\"Arnaldo Botto\",\"image\":{\"@type\":\"ImageObject\",\"inLanguage\":\"es\",\"@id\":\"https:\/\/www.noticiasradioreflejos.com.ar\/2021\/#\/schema\/person\/image\/\",\"url\":\"https:\/\/secure.gravatar.com\/avatar\/55cb5e37c1efa326397366e6974cb338056df65cb50e7d64d1cf314e87504837?s=96&d=mm&r=g\",\"contentUrl\":\"https:\/\/secure.gravatar.com\/avatar\/55cb5e37c1efa326397366e6974cb338056df65cb50e7d64d1cf314e87504837?s=96&d=mm&r=g\",\"caption\":\"Arnaldo Botto\"},\"url\":\"https:\/\/www.noticiasradioreflejos.com.ar\/2021\/author\/arnaldo\/\"}]}<\/script>\n<!-- \/ Yoast SEO plugin. -->","yoast_head_json":{"title":"Instalan en Tornquist paneles solares para la carga de celulares - Noticias Radio Reflejos","robots":{"index":"index","follow":"follow","max-snippet":"max-snippet:-1","max-image-preview":"max-image-preview:large","max-video-preview":"max-video-preview:-1"},"canonical":"https:\/\/www.noticiasradioreflejos.com.ar\/2021\/instalan-en-tornquist-paneles-solares-para-la-carga-de-celulares\/","og_locale":"es_ES","og_type":"article","og_title":"Instalan en Tornquist paneles solares para la carga de celulares - Noticias Radio Reflejos","og_description":"Este martes comenz\u00f3 la instalaci\u00f3n de paneles solares para la carga de celulares. El primero, que se usar\u00e1 como \u201cprueba piloto\u201d, est\u00e1 ubicado en la esquina de Av. Ernesto Tornquist y Gral. Paz, frente a la Oficina de Turismo.","og_url":"https:\/\/www.noticiasradioreflejos.com.ar\/2021\/instalan-en-tornquist-paneles-solares-para-la-carga-de-celulares\/","og_site_name":"Noticias Radio Reflejos","article_published_time":"2017-10-18T11:35:04+00:00","og_image":[{"width":300,"height":200,"url":"https:\/\/www.noticiasradioreflejos.com.ar\/2021\/wp-content\/uploads\/2021\/07\/logosol300x200.png","type":"image\/png"}],"author":"Arnaldo Botto","twitter_card":"summary_large_image","schema":{"@context":"https:\/\/schema.org","@graph":[{"@type":"WebPage","@id":"https:\/\/www.noticiasradioreflejos.com.ar\/2021\/instalan-en-tornquist-paneles-solares-para-la-carga-de-celulares\/","url":"https:\/\/www.noticiasradioreflejos.com.ar\/2021\/instalan-en-tornquist-paneles-solares-para-la-carga-de-celulares\/","name":"Instalan en Tornquist paneles solares para la carga de celulares - Noticias Radio Reflejos","isPartOf":{"@id":"https:\/\/www.noticiasradioreflejos.com.ar\/2021\/#website"},"datePublished":"2017-10-18T11:35:04+00:00","author":{"@id":"https:\/\/www.noticiasradioreflejos.com.ar\/2021\/#\/schema\/person\/ad82545263dcc5ec0996818884fd5fb1"},"breadcrumb":{"@id":"https:\/\/www.noticiasradioreflejos.com.ar\/2021\/instalan-en-tornquist-paneles-solares-para-la-carga-de-celulares\/#breadcrumb"},"inLanguage":"es","potentialAction":[{"@type":"ReadAction","target":["https:\/\/www.noticiasradioreflejos.com.ar\/2021\/instalan-en-tornquist-paneles-solares-para-la-carga-de-celulares\/"]}]},{"@type":"BreadcrumbList","@id":"https:\/\/www.noticiasradioreflejos.com.ar\/2021\/instalan-en-tornquist-paneles-solares-para-la-carga-de-celulares\/#breadcrumb","itemListElement":[{"@type":"ListItem","position":1,"name":"Portada","item":"https:\/\/www.noticiasradioreflejos.com.ar\/2021\/"},{"@type":"ListItem","position":2,"name":"Instalan en Tornquist paneles solares para la carga de celulares"}]},{"@type":"WebSite","@id":"https:\/\/www.noticiasradioreflejos.com.ar\/2021\/#website","url":"https:\/\/www.noticiasradioreflejos.com.ar\/2021\/","name":"Noticias Radio Reflejos","description":"Las noticias de mi comarca","potentialAction":[{"@type":"SearchAction","target":{"@type":"EntryPoint","urlTemplate":"https:\/\/www.noticiasradioreflejos.com.ar\/2021\/?s={search_term_string}"},"query-input":{"@type":"PropertyValueSpecification","valueRequired":true,"valueName":"search_term_string"}}],"inLanguage":"es"},{"@type":"Person","@id":"https:\/\/www.noticiasradioreflejos.com.ar\/2021\/#\/schema\/person\/ad82545263dcc5ec0996818884fd5fb1","name":"Arnaldo Botto","image":{"@type":"ImageObject","inLanguage":"es","@id":"https:\/\/www.noticiasradioreflejos.com.ar\/2021\/#\/schema\/person\/image\/","url":"https:\/\/secure.gravatar.com\/avatar\/55cb5e37c1efa326397366e6974cb338056df65cb50e7d64d1cf314e87504837?s=96&d=mm&r=g","contentUrl":"https:\/\/secure.gravatar.com\/avatar\/55cb5e37c1efa326397366e6974cb338056df65cb50e7d64d1cf314e87504837?s=96&d=mm&r=g","caption":"Arnaldo Botto"},"url":"https:\/\/www.noticiasradioreflejos.com.ar\/2021\/author\/arnaldo\/"}]}},"_links":{"self":[{"href":"https:\/\/www.noticiasradioreflejos.com.ar\/2021\/wp-json\/wp\/v2\/posts\/15420","targetHints":{"allow":["GET"]}}],"collection":[{"href":"https:\/\/www.noticiasradioreflejos.com.ar\/2021\/wp-json\/wp\/v2\/posts"}],"about":[{"href":"https:\/\/www.noticiasradioreflejos.com.ar\/2021\/wp-json\/wp\/v2\/types\/post"}],"author":[{"embeddable":true,"href":"https:\/\/www.noticiasradioreflejos.com.ar\/2021\/wp-json\/wp\/v2\/users\/3"}],"replies":[{"embeddable":true,"href":"https:\/\/www.noticiasradioreflejos.com.ar\/2021\/wp-json\/wp\/v2\/comments?post=15420"}],"version-history":[{"count":0,"href":"https:\/\/www.noticiasradioreflejos.com.ar\/2021\/wp-json\/wp\/v2\/posts\/15420\/revisions"}],"wp:attachment":[{"href":"https:\/\/www.noticiasradioreflejos.com.ar\/2021\/wp-json\/wp\/v2\/media?parent=15420"}],"wp:term":[{"taxonomy":"category","embeddable":true,"href":"https:\/\/www.noticiasradioreflejos.com.ar\/2021\/wp-json\/wp\/v2\/categories?post=15420"},{"taxonomy":"post_tag","embeddable":true,"href":"https:\/\/www.noticiasradioreflejos.com.ar\/2021\/wp-json\/wp\/v2\/tags?post=15420"}],"curies":[{"name":"wp","href":"https:\/\/api.w.org\/{rel}","templated":true}]}}