{"id":15417,"date":"2017-10-18T08:32:55","date_gmt":"2017-10-18T11:32:55","guid":{"rendered":"http:\/\/www.noticiasradioreflejos.com.ar\/noticias\/?p=15417"},"modified":"2017-10-18T08:32:55","modified_gmt":"2017-10-18T11:32:55","slug":"el-frente-justicialista-cumplir-celebro-un-nuevo-aniversario-del-dia-de-la-lealtad-justicialista","status":"publish","type":"post","link":"https:\/\/www.noticiasradioreflejos.com.ar\/2021\/el-frente-justicialista-cumplir-celebro-un-nuevo-aniversario-del-dia-de-la-lealtad-justicialista\/","title":{"rendered":"El Frente Justicialista Cumplir celebr\u00f3 un nuevo aniversario del D\u00eda de la lealtad Justicialista."},"content":{"rendered":"<p>Afiliados, simpatizantes y allegados al Frente Justicialista l\u00ednea \u201cCumplir\u201d se reunieron este martes por la noche en la sede tradicional del partido en Rivadavia 123 para degustar el tradicional \u201cchoripan\u201d peronista y destacar el 17 de Octubre como D\u00eda de la Lealtad Justicialista.<!--more--><br \/>\nEste acto sirvi\u00f3 adem\u00e1s para obsequiar a afiliados y otros que optaron por afiliarse una r\u00e9plica de la libreta peronista que hace 70 a\u00f1os se entregaba conteniendo los datos del afiliado, la letra de la marcha peronista y el himno Evita Capitana adem\u00e1s de columnas que dejan espacio para votaciones partidarias.<br \/>\nDurante el encuentro el ex Intendente Gustavo Trankels y candidato a Diputado Provincial, areng\u00f3 a los presentes a no bajar los brazos y a buscar y pelear por el tercer concejal que aspira el espacio poder lograr.<br \/>\nLali Rosatelli como cabeza de lista a concejal en primer lugar agradeci\u00f3 el apoyo que le brindaron en las paso y destac\u00f3 que mas all\u00e1 del resultado de la elecci\u00f3n lo que debe primar es la convicci\u00f3n justicialista para seguir trabajando por el distrito.<br \/>\nBrisa Larrainzar integrante de la JP ley\u00f3 una rese\u00f1a hist\u00f3rica del significado del 17 de Octubre de 1945 d\u00eda en que se produjo en Buenos Aires una gran movilizaci\u00f3n obrera y sindical que exig\u00eda la liberaci\u00f3n del entonces coronel Juan Domingo Per\u00f3n.<br \/>\nTambi\u00e9n se proyect\u00f3 un video con la palabra del General Per\u00f3n contando en primera persona lo ocurrido en aquel hist\u00f3rico d\u00eda para el Movimiento Nacional Justicialista.<br \/>\nM\u00e1s tarde a coro se enton\u00f3 la tradicional \u201cMarcha Peronista\u201d interpretada en video por Hugo Del Carril.<br \/>\n<iframe loading=\"lazy\" src=\"https:\/\/w.soundcloud.com\/player\/?url=https%3A\/\/api.soundcloud.com\/tracks\/347448900&amp;color=%23ff5500&amp;auto_play=false&amp;hide_related=false&amp;show_comments=true&amp;show_user=true&amp;show_reposts=false&amp;show_teaser=true\" width=\"100%\" height=\"166\" frameborder=\"no\" scrolling=\"no\"><\/iframe><br \/>\n<iframe loading=\"lazy\" src=\"https:\/\/w.soundcloud.com\/player\/?url=https%3A\/\/api.soundcloud.com\/tracks\/347448947&amp;color=%23ff5500&amp;auto_play=false&amp;hide_related=false&amp;show_comments=true&amp;show_user=true&amp;show_reposts=false&amp;show_teaser=true\" width=\"100%\" height=\"166\" frameborder=\"no\" scrolling=\"no\"><\/iframe><br \/>\n<iframe loading=\"lazy\" src=\"https:\/\/w.soundcloud.com\/player\/?url=https%3A\/\/api.soundcloud.com\/tracks\/347449070&amp;color=%23ff5500&amp;auto_play=false&amp;hide_related=false&amp;show_comments=true&amp;show_user=true&amp;show_reposts=false&amp;show_teaser=true\" width=\"100%\" height=\"166\" frameborder=\"no\" scrolling=\"no\"><\/iframe><br \/>\n<iframe loading=\"lazy\" src=\"https:\/\/w.soundcloud.com\/player\/?url=https%3A\/\/api.soundcloud.com\/tracks\/347449395&amp;color=%23ff5500&amp;auto_play=false&amp;hide_related=false&amp;show_comments=true&amp;show_user=true&amp;show_reposts=false&amp;show_teaser=true\" width=\"100%\" height=\"166\" frameborder=\"no\" scrolling=\"no\"><\/iframe><br \/>\n<iframe loading=\"lazy\" src=\"https:\/\/www.youtube.com\/embed\/Jr134sb5bxY\" width=\"560\" height=\"315\" frameborder=\"0\" allowfullscreen=\"allowfullscreen\"><\/iframe><\/p>\n","protected":false},"excerpt":{"rendered":"<p>Afiliados, simpatizantes y allegados al Frente Justicialista l\u00ednea \u201cCumplir\u201d se reunieron este martes por la noche en la sede tradicional del partido en Rivadavia 123 para degustar el tradicional \u201cchoripan\u201d peronista y destacar el 17 de Octubre como D\u00eda de la Lealtad Justicialista.<\/p>\n","protected":false},"author":3,"featured_media":0,"comment_status":"closed","ping_status":"open","sticky":false,"template":"","format":"standard","meta":{"footnotes":""},"categories":[24],"tags":[],"class_list":["post-15417","post","type-post","status-publish","format-standard","hentry","category-politica"],"yoast_head":"<!-- This site is optimized with the Yoast SEO plugin v25.9 - https:\/\/yoast.com\/wordpress\/plugins\/seo\/ -->\n<title>El Frente Justicialista Cumplir celebr\u00f3 un nuevo aniversario del D\u00eda de la lealtad Justicialista. - Noticias Radio Reflejos<\/title>\n<meta name=\"robots\" content=\"index, follow, max-snippet:-1, max-image-preview:large, max-video-preview:-1\" \/>\n<link rel=\"canonical\" href=\"https:\/\/www.noticiasradioreflejos.com.ar\/2021\/el-frente-justicialista-cumplir-celebro-un-nuevo-aniversario-del-dia-de-la-lealtad-justicialista\/\" \/>\n<meta property=\"og:locale\" content=\"es_ES\" \/>\n<meta property=\"og:type\" content=\"article\" \/>\n<meta property=\"og:title\" content=\"El Frente Justicialista Cumplir celebr\u00f3 un nuevo aniversario del D\u00eda de la lealtad Justicialista. - Noticias Radio Reflejos\" \/>\n<meta property=\"og:description\" content=\"Afiliados, simpatizantes y allegados al Frente Justicialista l\u00ednea \u201cCumplir\u201d se reunieron este martes por la noche en la sede tradicional del partido en Rivadavia 123 para degustar el tradicional \u201cchoripan\u201d peronista y destacar el 17 de Octubre como D\u00eda de la Lealtad Justicialista.\" \/>\n<meta property=\"og:url\" content=\"https:\/\/www.noticiasradioreflejos.com.ar\/2021\/el-frente-justicialista-cumplir-celebro-un-nuevo-aniversario-del-dia-de-la-lealtad-justicialista\/\" \/>\n<meta property=\"og:site_name\" content=\"Noticias Radio Reflejos\" \/>\n<meta property=\"article:published_time\" content=\"2017-10-18T11:32:55+00:00\" \/>\n<meta property=\"og:image\" content=\"https:\/\/www.noticiasradioreflejos.com.ar\/2021\/wp-content\/uploads\/2021\/07\/logosol300x200.png\" \/>\n\t<meta property=\"og:image:width\" content=\"300\" \/>\n\t<meta property=\"og:image:height\" content=\"200\" \/>\n\t<meta property=\"og:image:type\" content=\"image\/png\" \/>\n<meta name=\"author\" content=\"Arnaldo Botto\" \/>\n<meta name=\"twitter:card\" content=\"summary_large_image\" \/>\n<script type=\"application\/ld+json\" class=\"yoast-schema-graph\">{\"@context\":\"https:\/\/schema.org\",\"@graph\":[{\"@type\":\"WebPage\",\"@id\":\"https:\/\/www.noticiasradioreflejos.com.ar\/2021\/el-frente-justicialista-cumplir-celebro-un-nuevo-aniversario-del-dia-de-la-lealtad-justicialista\/\",\"url\":\"https:\/\/www.noticiasradioreflejos.com.ar\/2021\/el-frente-justicialista-cumplir-celebro-un-nuevo-aniversario-del-dia-de-la-lealtad-justicialista\/\",\"name\":\"El Frente Justicialista Cumplir celebr\u00f3 un nuevo aniversario del D\u00eda de la lealtad Justicialista. - Noticias Radio Reflejos\",\"isPartOf\":{\"@id\":\"https:\/\/www.noticiasradioreflejos.com.ar\/2021\/#website\"},\"datePublished\":\"2017-10-18T11:32:55+00:00\",\"author\":{\"@id\":\"https:\/\/www.noticiasradioreflejos.com.ar\/2021\/#\/schema\/person\/ad82545263dcc5ec0996818884fd5fb1\"},\"breadcrumb\":{\"@id\":\"https:\/\/www.noticiasradioreflejos.com.ar\/2021\/el-frente-justicialista-cumplir-celebro-un-nuevo-aniversario-del-dia-de-la-lealtad-justicialista\/#breadcrumb\"},\"inLanguage\":\"es\",\"potentialAction\":[{\"@type\":\"ReadAction\",\"target\":[\"https:\/\/www.noticiasradioreflejos.com.ar\/2021\/el-frente-justicialista-cumplir-celebro-un-nuevo-aniversario-del-dia-de-la-lealtad-justicialista\/\"]}]},{\"@type\":\"BreadcrumbList\",\"@id\":\"https:\/\/www.noticiasradioreflejos.com.ar\/2021\/el-frente-justicialista-cumplir-celebro-un-nuevo-aniversario-del-dia-de-la-lealtad-justicialista\/#breadcrumb\",\"itemListElement\":[{\"@type\":\"ListItem\",\"position\":1,\"name\":\"Portada\",\"item\":\"https:\/\/www.noticiasradioreflejos.com.ar\/2021\/\"},{\"@type\":\"ListItem\",\"position\":2,\"name\":\"El Frente Justicialista Cumplir celebr\u00f3 un nuevo aniversario del D\u00eda de la lealtad Justicialista.\"}]},{\"@type\":\"WebSite\",\"@id\":\"https:\/\/www.noticiasradioreflejos.com.ar\/2021\/#website\",\"url\":\"https:\/\/www.noticiasradioreflejos.com.ar\/2021\/\",\"name\":\"Noticias Radio Reflejos\",\"description\":\"Las noticias de mi comarca\",\"potentialAction\":[{\"@type\":\"SearchAction\",\"target\":{\"@type\":\"EntryPoint\",\"urlTemplate\":\"https:\/\/www.noticiasradioreflejos.com.ar\/2021\/?s={search_term_string}\"},\"query-input\":{\"@type\":\"PropertyValueSpecification\",\"valueRequired\":true,\"valueName\":\"search_term_string\"}}],\"inLanguage\":\"es\"},{\"@type\":\"Person\",\"@id\":\"https:\/\/www.noticiasradioreflejos.com.ar\/2021\/#\/schema\/person\/ad82545263dcc5ec0996818884fd5fb1\",\"name\":\"Arnaldo Botto\",\"image\":{\"@type\":\"ImageObject\",\"inLanguage\":\"es\",\"@id\":\"https:\/\/www.noticiasradioreflejos.com.ar\/2021\/#\/schema\/person\/image\/\",\"url\":\"https:\/\/secure.gravatar.com\/avatar\/55cb5e37c1efa326397366e6974cb338056df65cb50e7d64d1cf314e87504837?s=96&d=mm&r=g\",\"contentUrl\":\"https:\/\/secure.gravatar.com\/avatar\/55cb5e37c1efa326397366e6974cb338056df65cb50e7d64d1cf314e87504837?s=96&d=mm&r=g\",\"caption\":\"Arnaldo Botto\"},\"url\":\"https:\/\/www.noticiasradioreflejos.com.ar\/2021\/author\/arnaldo\/\"}]}<\/script>\n<!-- \/ Yoast SEO plugin. -->","yoast_head_json":{"title":"El Frente Justicialista Cumplir celebr\u00f3 un nuevo aniversario del D\u00eda de la lealtad Justicialista. - Noticias Radio Reflejos","robots":{"index":"index","follow":"follow","max-snippet":"max-snippet:-1","max-image-preview":"max-image-preview:large","max-video-preview":"max-video-preview:-1"},"canonical":"https:\/\/www.noticiasradioreflejos.com.ar\/2021\/el-frente-justicialista-cumplir-celebro-un-nuevo-aniversario-del-dia-de-la-lealtad-justicialista\/","og_locale":"es_ES","og_type":"article","og_title":"El Frente Justicialista Cumplir celebr\u00f3 un nuevo aniversario del D\u00eda de la lealtad Justicialista. - Noticias Radio Reflejos","og_description":"Afiliados, simpatizantes y allegados al Frente Justicialista l\u00ednea \u201cCumplir\u201d se reunieron este martes por la noche en la sede tradicional del partido en Rivadavia 123 para degustar el tradicional \u201cchoripan\u201d peronista y destacar el 17 de Octubre como D\u00eda de la Lealtad Justicialista.","og_url":"https:\/\/www.noticiasradioreflejos.com.ar\/2021\/el-frente-justicialista-cumplir-celebro-un-nuevo-aniversario-del-dia-de-la-lealtad-justicialista\/","og_site_name":"Noticias Radio Reflejos","article_published_time":"2017-10-18T11:32:55+00:00","og_image":[{"width":300,"height":200,"url":"https:\/\/www.noticiasradioreflejos.com.ar\/2021\/wp-content\/uploads\/2021\/07\/logosol300x200.png","type":"image\/png"}],"author":"Arnaldo Botto","twitter_card":"summary_large_image","schema":{"@context":"https:\/\/schema.org","@graph":[{"@type":"WebPage","@id":"https:\/\/www.noticiasradioreflejos.com.ar\/2021\/el-frente-justicialista-cumplir-celebro-un-nuevo-aniversario-del-dia-de-la-lealtad-justicialista\/","url":"https:\/\/www.noticiasradioreflejos.com.ar\/2021\/el-frente-justicialista-cumplir-celebro-un-nuevo-aniversario-del-dia-de-la-lealtad-justicialista\/","name":"El Frente Justicialista Cumplir celebr\u00f3 un nuevo aniversario del D\u00eda de la lealtad Justicialista. - Noticias Radio Reflejos","isPartOf":{"@id":"https:\/\/www.noticiasradioreflejos.com.ar\/2021\/#website"},"datePublished":"2017-10-18T11:32:55+00:00","author":{"@id":"https:\/\/www.noticiasradioreflejos.com.ar\/2021\/#\/schema\/person\/ad82545263dcc5ec0996818884fd5fb1"},"breadcrumb":{"@id":"https:\/\/www.noticiasradioreflejos.com.ar\/2021\/el-frente-justicialista-cumplir-celebro-un-nuevo-aniversario-del-dia-de-la-lealtad-justicialista\/#breadcrumb"},"inLanguage":"es","potentialAction":[{"@type":"ReadAction","target":["https:\/\/www.noticiasradioreflejos.com.ar\/2021\/el-frente-justicialista-cumplir-celebro-un-nuevo-aniversario-del-dia-de-la-lealtad-justicialista\/"]}]},{"@type":"BreadcrumbList","@id":"https:\/\/www.noticiasradioreflejos.com.ar\/2021\/el-frente-justicialista-cumplir-celebro-un-nuevo-aniversario-del-dia-de-la-lealtad-justicialista\/#breadcrumb","itemListElement":[{"@type":"ListItem","position":1,"name":"Portada","item":"https:\/\/www.noticiasradioreflejos.com.ar\/2021\/"},{"@type":"ListItem","position":2,"name":"El Frente Justicialista Cumplir celebr\u00f3 un nuevo aniversario del D\u00eda de la lealtad Justicialista."}]},{"@type":"WebSite","@id":"https:\/\/www.noticiasradioreflejos.com.ar\/2021\/#website","url":"https:\/\/www.noticiasradioreflejos.com.ar\/2021\/","name":"Noticias Radio Reflejos","description":"Las noticias de mi comarca","potentialAction":[{"@type":"SearchAction","target":{"@type":"EntryPoint","urlTemplate":"https:\/\/www.noticiasradioreflejos.com.ar\/2021\/?s={search_term_string}"},"query-input":{"@type":"PropertyValueSpecification","valueRequired":true,"valueName":"search_term_string"}}],"inLanguage":"es"},{"@type":"Person","@id":"https:\/\/www.noticiasradioreflejos.com.ar\/2021\/#\/schema\/person\/ad82545263dcc5ec0996818884fd5fb1","name":"Arnaldo Botto","image":{"@type":"ImageObject","inLanguage":"es","@id":"https:\/\/www.noticiasradioreflejos.com.ar\/2021\/#\/schema\/person\/image\/","url":"https:\/\/secure.gravatar.com\/avatar\/55cb5e37c1efa326397366e6974cb338056df65cb50e7d64d1cf314e87504837?s=96&d=mm&r=g","contentUrl":"https:\/\/secure.gravatar.com\/avatar\/55cb5e37c1efa326397366e6974cb338056df65cb50e7d64d1cf314e87504837?s=96&d=mm&r=g","caption":"Arnaldo Botto"},"url":"https:\/\/www.noticiasradioreflejos.com.ar\/2021\/author\/arnaldo\/"}]}},"_links":{"self":[{"href":"https:\/\/www.noticiasradioreflejos.com.ar\/2021\/wp-json\/wp\/v2\/posts\/15417","targetHints":{"allow":["GET"]}}],"collection":[{"href":"https:\/\/www.noticiasradioreflejos.com.ar\/2021\/wp-json\/wp\/v2\/posts"}],"about":[{"href":"https:\/\/www.noticiasradioreflejos.com.ar\/2021\/wp-json\/wp\/v2\/types\/post"}],"author":[{"embeddable":true,"href":"https:\/\/www.noticiasradioreflejos.com.ar\/2021\/wp-json\/wp\/v2\/users\/3"}],"replies":[{"embeddable":true,"href":"https:\/\/www.noticiasradioreflejos.com.ar\/2021\/wp-json\/wp\/v2\/comments?post=15417"}],"version-history":[{"count":0,"href":"https:\/\/www.noticiasradioreflejos.com.ar\/2021\/wp-json\/wp\/v2\/posts\/15417\/revisions"}],"wp:attachment":[{"href":"https:\/\/www.noticiasradioreflejos.com.ar\/2021\/wp-json\/wp\/v2\/media?parent=15417"}],"wp:term":[{"taxonomy":"category","embeddable":true,"href":"https:\/\/www.noticiasradioreflejos.com.ar\/2021\/wp-json\/wp\/v2\/categories?post=15417"},{"taxonomy":"post_tag","embeddable":true,"href":"https:\/\/www.noticiasradioreflejos.com.ar\/2021\/wp-json\/wp\/v2\/tags?post=15417"}],"curies":[{"name":"wp","href":"https:\/\/api.w.org\/{rel}","templated":true}]}}