{"id":15414,"date":"2017-10-18T08:21:31","date_gmt":"2017-10-18T11:21:31","guid":{"rendered":"http:\/\/www.noticiasradioreflejos.com.ar\/noticias\/?p=15414"},"modified":"2017-10-18T08:21:31","modified_gmt":"2017-10-18T11:21:31","slug":"habra-debate-de-candidatos-en-tornquist","status":"publish","type":"post","link":"https:\/\/www.noticiasradioreflejos.com.ar\/2021\/habra-debate-de-candidatos-en-tornquist\/","title":{"rendered":"Habr\u00e1 debate de candidatos en Tornquist."},"content":{"rendered":"<p>La Unidad Acad\u00e9mica \u201cErnesto Tornquist\u201d, organiz\u00f3 para este jueves 19 de Octubre a partir de las 20 hs, un debate de candidatos para las elecciones legislativas del pr\u00f3ximo domingo 22.<!--more--><br \/>\nEste debate pretende, como en ocasiones anteriores, ser un aporte a la din\u00e1mica democr\u00e1tica y a la ciudadan\u00eda de nuestra comunidad. Por consiguiente est\u00e1n invitados a participar como oyentes todos los ciudadanos del distrito de Tornquist.<br \/>\nDicho evento ser\u00e1 llevado a cabo de manera conjunta por la Unidad Acad\u00e9mica y por Canal 2, Tornquist Video Cable, ya que ser\u00e1 transmitido en vivo y en directo.<br \/>\nParticipar\u00e1 del debate el Primer Candidato a Concejal de cada una de las agrupaciones pol\u00edticas.<br \/>\nESTRUCTURA Y DESARROLLO DEL DEBATE<br \/>\n1. Sorteo del orden de intervenci\u00f3n de cada candidato (el mismo orden regir\u00e1 en el<br \/>\ndesarrollo de todo el debate). 10\u00b4<br \/>\n2. Explicaci\u00f3n de la din\u00e1mica al p\u00fablico presente. 4\u00b4<br \/>\n3. BLOQUE POL\u00cdTICO:<br \/>\n# Presentaci\u00f3n de cada candidato y exposici\u00f3n de su modo de participaci\u00f3n en el<br \/>\nConcejo Deliberante. 2\u00b4 30\u00b4\u00b4 Cada uno.<br \/>\n4. BLOQUE DE ECONOM\u00cdA:<br \/>\n# El bloque constar\u00e1 de una exposici\u00f3n individual de 1\u00b4 30\u00b4\u00b4 por tema, siguiendo<br \/>\nel orden establecido en el sorteo inicial. Luego habr\u00e1 un momento de debate<br \/>\nabierto de 4\u00b4 por tema.<br \/>\nLos temas a desarrollar en el bloque ser\u00e1n:<br \/>\n\uf0b7 Producci\u00f3n e infraestructura.<br \/>\n\uf0b7 Turismo.<br \/>\n\uf0b7 Empleo.<br \/>\n-1-<br \/>\n5. BLOQUE SOCIO-CULTURAL<br \/>\n# El bloque constar\u00e1 de una exposici\u00f3n individual de 1\u00b4 30\u00b4\u00b4 por tema, siguiendo<br \/>\nel orden establecido en el sorteo inicial. Luego habr\u00e1 un momento de debate<br \/>\nabierto de 4\u00b4 por tema.<br \/>\nLos temas a desarrollar en el bloque ser\u00e1n:<br \/>\n\uf0b7 Desarrollo social.<br \/>\n\uf0b7 Salud.<br \/>\n\uf0b7 Educaci\u00f3n.<br \/>\n6. BLOQUE DE CIERRE<br \/>\n# Cada candidato tendr\u00e1 1\u00b4 para dar su mensaje final a la comunidad.<\/p>\n","protected":false},"excerpt":{"rendered":"<p>La Unidad Acad\u00e9mica \u201cErnesto Tornquist\u201d, organiz\u00f3 para este jueves 19 de Octubre a partir de las 20 hs, un debate de candidatos para las elecciones legislativas del pr\u00f3ximo domingo 22.<\/p>\n","protected":false},"author":3,"featured_media":0,"comment_status":"closed","ping_status":"open","sticky":false,"template":"","format":"standard","meta":{"footnotes":""},"categories":[24],"tags":[],"class_list":["post-15414","post","type-post","status-publish","format-standard","hentry","category-politica"],"yoast_head":"<!-- This site is optimized with the Yoast SEO plugin v25.9 - https:\/\/yoast.com\/wordpress\/plugins\/seo\/ -->\n<title>Habr\u00e1 debate de candidatos en Tornquist. - Noticias Radio Reflejos<\/title>\n<meta name=\"robots\" content=\"index, follow, max-snippet:-1, max-image-preview:large, max-video-preview:-1\" \/>\n<link rel=\"canonical\" href=\"https:\/\/www.noticiasradioreflejos.com.ar\/2021\/habra-debate-de-candidatos-en-tornquist\/\" \/>\n<meta property=\"og:locale\" content=\"es_ES\" \/>\n<meta property=\"og:type\" content=\"article\" \/>\n<meta property=\"og:title\" content=\"Habr\u00e1 debate de candidatos en Tornquist. - Noticias Radio Reflejos\" \/>\n<meta property=\"og:description\" content=\"La Unidad Acad\u00e9mica \u201cErnesto Tornquist\u201d, organiz\u00f3 para este jueves 19 de Octubre a partir de las 20 hs, un debate de candidatos para las elecciones legislativas del pr\u00f3ximo domingo 22.\" \/>\n<meta property=\"og:url\" content=\"https:\/\/www.noticiasradioreflejos.com.ar\/2021\/habra-debate-de-candidatos-en-tornquist\/\" \/>\n<meta property=\"og:site_name\" content=\"Noticias Radio Reflejos\" \/>\n<meta property=\"article:published_time\" content=\"2017-10-18T11:21:31+00:00\" \/>\n<meta property=\"og:image\" content=\"https:\/\/www.noticiasradioreflejos.com.ar\/2021\/wp-content\/uploads\/2021\/07\/logosol300x200.png\" \/>\n\t<meta property=\"og:image:width\" content=\"300\" \/>\n\t<meta property=\"og:image:height\" content=\"200\" \/>\n\t<meta property=\"og:image:type\" content=\"image\/png\" \/>\n<meta name=\"author\" content=\"Arnaldo Botto\" \/>\n<meta name=\"twitter:card\" content=\"summary_large_image\" \/>\n<script type=\"application\/ld+json\" class=\"yoast-schema-graph\">{\"@context\":\"https:\/\/schema.org\",\"@graph\":[{\"@type\":\"WebPage\",\"@id\":\"https:\/\/www.noticiasradioreflejos.com.ar\/2021\/habra-debate-de-candidatos-en-tornquist\/\",\"url\":\"https:\/\/www.noticiasradioreflejos.com.ar\/2021\/habra-debate-de-candidatos-en-tornquist\/\",\"name\":\"Habr\u00e1 debate de candidatos en Tornquist. - Noticias Radio Reflejos\",\"isPartOf\":{\"@id\":\"https:\/\/www.noticiasradioreflejos.com.ar\/2021\/#website\"},\"datePublished\":\"2017-10-18T11:21:31+00:00\",\"author\":{\"@id\":\"https:\/\/www.noticiasradioreflejos.com.ar\/2021\/#\/schema\/person\/ad82545263dcc5ec0996818884fd5fb1\"},\"breadcrumb\":{\"@id\":\"https:\/\/www.noticiasradioreflejos.com.ar\/2021\/habra-debate-de-candidatos-en-tornquist\/#breadcrumb\"},\"inLanguage\":\"es\",\"potentialAction\":[{\"@type\":\"ReadAction\",\"target\":[\"https:\/\/www.noticiasradioreflejos.com.ar\/2021\/habra-debate-de-candidatos-en-tornquist\/\"]}]},{\"@type\":\"BreadcrumbList\",\"@id\":\"https:\/\/www.noticiasradioreflejos.com.ar\/2021\/habra-debate-de-candidatos-en-tornquist\/#breadcrumb\",\"itemListElement\":[{\"@type\":\"ListItem\",\"position\":1,\"name\":\"Portada\",\"item\":\"https:\/\/www.noticiasradioreflejos.com.ar\/2021\/\"},{\"@type\":\"ListItem\",\"position\":2,\"name\":\"Habr\u00e1 debate de candidatos en Tornquist.\"}]},{\"@type\":\"WebSite\",\"@id\":\"https:\/\/www.noticiasradioreflejos.com.ar\/2021\/#website\",\"url\":\"https:\/\/www.noticiasradioreflejos.com.ar\/2021\/\",\"name\":\"Noticias Radio Reflejos\",\"description\":\"Las noticias de mi comarca\",\"potentialAction\":[{\"@type\":\"SearchAction\",\"target\":{\"@type\":\"EntryPoint\",\"urlTemplate\":\"https:\/\/www.noticiasradioreflejos.com.ar\/2021\/?s={search_term_string}\"},\"query-input\":{\"@type\":\"PropertyValueSpecification\",\"valueRequired\":true,\"valueName\":\"search_term_string\"}}],\"inLanguage\":\"es\"},{\"@type\":\"Person\",\"@id\":\"https:\/\/www.noticiasradioreflejos.com.ar\/2021\/#\/schema\/person\/ad82545263dcc5ec0996818884fd5fb1\",\"name\":\"Arnaldo Botto\",\"image\":{\"@type\":\"ImageObject\",\"inLanguage\":\"es\",\"@id\":\"https:\/\/www.noticiasradioreflejos.com.ar\/2021\/#\/schema\/person\/image\/\",\"url\":\"https:\/\/secure.gravatar.com\/avatar\/55cb5e37c1efa326397366e6974cb338056df65cb50e7d64d1cf314e87504837?s=96&d=mm&r=g\",\"contentUrl\":\"https:\/\/secure.gravatar.com\/avatar\/55cb5e37c1efa326397366e6974cb338056df65cb50e7d64d1cf314e87504837?s=96&d=mm&r=g\",\"caption\":\"Arnaldo Botto\"},\"url\":\"https:\/\/www.noticiasradioreflejos.com.ar\/2021\/author\/arnaldo\/\"}]}<\/script>\n<!-- \/ Yoast SEO plugin. -->","yoast_head_json":{"title":"Habr\u00e1 debate de candidatos en Tornquist. - Noticias Radio Reflejos","robots":{"index":"index","follow":"follow","max-snippet":"max-snippet:-1","max-image-preview":"max-image-preview:large","max-video-preview":"max-video-preview:-1"},"canonical":"https:\/\/www.noticiasradioreflejos.com.ar\/2021\/habra-debate-de-candidatos-en-tornquist\/","og_locale":"es_ES","og_type":"article","og_title":"Habr\u00e1 debate de candidatos en Tornquist. - Noticias Radio Reflejos","og_description":"La Unidad Acad\u00e9mica \u201cErnesto Tornquist\u201d, organiz\u00f3 para este jueves 19 de Octubre a partir de las 20 hs, un debate de candidatos para las elecciones legislativas del pr\u00f3ximo domingo 22.","og_url":"https:\/\/www.noticiasradioreflejos.com.ar\/2021\/habra-debate-de-candidatos-en-tornquist\/","og_site_name":"Noticias Radio Reflejos","article_published_time":"2017-10-18T11:21:31+00:00","og_image":[{"width":300,"height":200,"url":"https:\/\/www.noticiasradioreflejos.com.ar\/2021\/wp-content\/uploads\/2021\/07\/logosol300x200.png","type":"image\/png"}],"author":"Arnaldo Botto","twitter_card":"summary_large_image","schema":{"@context":"https:\/\/schema.org","@graph":[{"@type":"WebPage","@id":"https:\/\/www.noticiasradioreflejos.com.ar\/2021\/habra-debate-de-candidatos-en-tornquist\/","url":"https:\/\/www.noticiasradioreflejos.com.ar\/2021\/habra-debate-de-candidatos-en-tornquist\/","name":"Habr\u00e1 debate de candidatos en Tornquist. - Noticias Radio Reflejos","isPartOf":{"@id":"https:\/\/www.noticiasradioreflejos.com.ar\/2021\/#website"},"datePublished":"2017-10-18T11:21:31+00:00","author":{"@id":"https:\/\/www.noticiasradioreflejos.com.ar\/2021\/#\/schema\/person\/ad82545263dcc5ec0996818884fd5fb1"},"breadcrumb":{"@id":"https:\/\/www.noticiasradioreflejos.com.ar\/2021\/habra-debate-de-candidatos-en-tornquist\/#breadcrumb"},"inLanguage":"es","potentialAction":[{"@type":"ReadAction","target":["https:\/\/www.noticiasradioreflejos.com.ar\/2021\/habra-debate-de-candidatos-en-tornquist\/"]}]},{"@type":"BreadcrumbList","@id":"https:\/\/www.noticiasradioreflejos.com.ar\/2021\/habra-debate-de-candidatos-en-tornquist\/#breadcrumb","itemListElement":[{"@type":"ListItem","position":1,"name":"Portada","item":"https:\/\/www.noticiasradioreflejos.com.ar\/2021\/"},{"@type":"ListItem","position":2,"name":"Habr\u00e1 debate de candidatos en Tornquist."}]},{"@type":"WebSite","@id":"https:\/\/www.noticiasradioreflejos.com.ar\/2021\/#website","url":"https:\/\/www.noticiasradioreflejos.com.ar\/2021\/","name":"Noticias Radio Reflejos","description":"Las noticias de mi comarca","potentialAction":[{"@type":"SearchAction","target":{"@type":"EntryPoint","urlTemplate":"https:\/\/www.noticiasradioreflejos.com.ar\/2021\/?s={search_term_string}"},"query-input":{"@type":"PropertyValueSpecification","valueRequired":true,"valueName":"search_term_string"}}],"inLanguage":"es"},{"@type":"Person","@id":"https:\/\/www.noticiasradioreflejos.com.ar\/2021\/#\/schema\/person\/ad82545263dcc5ec0996818884fd5fb1","name":"Arnaldo Botto","image":{"@type":"ImageObject","inLanguage":"es","@id":"https:\/\/www.noticiasradioreflejos.com.ar\/2021\/#\/schema\/person\/image\/","url":"https:\/\/secure.gravatar.com\/avatar\/55cb5e37c1efa326397366e6974cb338056df65cb50e7d64d1cf314e87504837?s=96&d=mm&r=g","contentUrl":"https:\/\/secure.gravatar.com\/avatar\/55cb5e37c1efa326397366e6974cb338056df65cb50e7d64d1cf314e87504837?s=96&d=mm&r=g","caption":"Arnaldo Botto"},"url":"https:\/\/www.noticiasradioreflejos.com.ar\/2021\/author\/arnaldo\/"}]}},"_links":{"self":[{"href":"https:\/\/www.noticiasradioreflejos.com.ar\/2021\/wp-json\/wp\/v2\/posts\/15414","targetHints":{"allow":["GET"]}}],"collection":[{"href":"https:\/\/www.noticiasradioreflejos.com.ar\/2021\/wp-json\/wp\/v2\/posts"}],"about":[{"href":"https:\/\/www.noticiasradioreflejos.com.ar\/2021\/wp-json\/wp\/v2\/types\/post"}],"author":[{"embeddable":true,"href":"https:\/\/www.noticiasradioreflejos.com.ar\/2021\/wp-json\/wp\/v2\/users\/3"}],"replies":[{"embeddable":true,"href":"https:\/\/www.noticiasradioreflejos.com.ar\/2021\/wp-json\/wp\/v2\/comments?post=15414"}],"version-history":[{"count":0,"href":"https:\/\/www.noticiasradioreflejos.com.ar\/2021\/wp-json\/wp\/v2\/posts\/15414\/revisions"}],"wp:attachment":[{"href":"https:\/\/www.noticiasradioreflejos.com.ar\/2021\/wp-json\/wp\/v2\/media?parent=15414"}],"wp:term":[{"taxonomy":"category","embeddable":true,"href":"https:\/\/www.noticiasradioreflejos.com.ar\/2021\/wp-json\/wp\/v2\/categories?post=15414"},{"taxonomy":"post_tag","embeddable":true,"href":"https:\/\/www.noticiasradioreflejos.com.ar\/2021\/wp-json\/wp\/v2\/tags?post=15414"}],"curies":[{"name":"wp","href":"https:\/\/api.w.org\/{rel}","templated":true}]}}