{"id":15140,"date":"2017-10-09T10:07:39","date_gmt":"2017-10-09T13:07:39","guid":{"rendered":"http:\/\/www.noticiasradioreflejos.com.ar\/noticias\/?p=15140"},"modified":"2017-10-09T10:07:39","modified_gmt":"2017-10-09T13:07:39","slug":"record-de-visitantes-en-la-3-expocomercial-y-artistica-de-sierra-de-la-ventana","status":"publish","type":"post","link":"https:\/\/www.noticiasradioreflejos.com.ar\/2021\/record-de-visitantes-en-la-3-expocomercial-y-artistica-de-sierra-de-la-ventana\/","title":{"rendered":"R\u00e9cord de visitantes en la 3\u00b0 Expocomercial y Art\u00edstica de Sierra de la Ventana."},"content":{"rendered":"<p><a title=\"Camcotisas (9)\" href=\"http:\/\/farm5.staticflickr.com\/4457\/23740222298_294a092822_s.jpg\" rel=\"\"><img loading=\"lazy\" decoding=\"async\" class=\"alignleft\" style=\"float: left;\" title=\"Camcotisas (9)\" src=\"http:\/\/farm5.staticflickr.com\/4457\/23740222298_294a092822.jpg\" alt=\"Camcotisas (9)\" width=\"500\" height=\"281\" \/><\/a>Una exitosa jornada en el Centro cultural de Sierra de la Ventana, se vivi\u00f3 este domingo con la 3ra Edici\u00f3n de la Expocomercial y Art\u00edstica de Camcotisas.<br \/>\nExpositores de productos artesanales, comercios, la actuaci\u00f3n de Federico Obes y la Agrupaci\u00f3n Coral de las Sierras dieron a los muchos visitantes un atractivo paseo dominical.<!--more--><br \/>\nA pesar de tener un d\u00eda con cielo nublado\u00a0con un pron\u00f3stico\u00a0amenazante de lluvia, y precipitaciones en forma alternada, la gente respondi\u00f3 a la convocatoria de CAMCOTISAS y visit\u00f3 durante toda la tarde la muestra.<br \/>\nEl Centro Cultural de Sierra de la Ventana se prest\u00f3 una vez mas, en esta oportunidad para desarrollar la tercer Expocomercial y Art\u00edstica de la C\u00e1mara de comercio local.<br \/>\nDialogamos con la Presidente de Camcotisas,<strong> Micaela Costas<\/strong> y se mostr\u00f3 sumamente satisfecha por la tarde vivida, la concurrencia tanto de expositores como de p\u00fablico que pas\u00f3 en forma incesante por el lugar.<br \/>\n\u00abEstamos pensando que para el a\u00f1o que viene esto nos va a aquedar chico\u00bb, manifest\u00f3 micaela alentado esperanzas que en la pr\u00f3xima edici\u00f3n, el Centro Cultural tenga finalizada la obra de restaurcaci\u00f3n del galp\u00f3n grande, recientemente anunciado por el Municipio.<br \/>\n<iframe loading=\"lazy\" src=\"https:\/\/w.soundcloud.com\/player\/?url=https%3A\/\/api.soundcloud.com\/tracks\/346066737&amp;color=%23ff5500&amp;auto_play=false&amp;hide_related=false&amp;show_comments=true&amp;show_user=true&amp;show_reposts=false&amp;show_teaser=true\" width=\"100%\" height=\"166\" frameborder=\"no\" scrolling=\"no\"><\/iframe><br \/>\n<a title=\"Camcotisas (7)\" href=\"http:\/\/farm5.staticflickr.com\/4493\/36882431304_aae83dc183_z.jpg\" rel=\"\"><img loading=\"lazy\" decoding=\"async\" class=\"aligncenter\" title=\"Camcotisas (7)\" src=\"http:\/\/farm5.staticflickr.com\/4493\/36882431304_aae83dc183_z.jpg\" alt=\"Camcotisas (7)\" width=\"640\" height=\"360\" \/><\/a><a title=\"Camcotisas (19)\" href=\"http:\/\/farm5.staticflickr.com\/4503\/37544286746_56000696d4_z.jpg\" rel=\"\"><img loading=\"lazy\" decoding=\"async\" class=\"aligncenter\" title=\"Camcotisas (19)\" src=\"http:\/\/farm5.staticflickr.com\/4503\/37544286746_56000696d4_z.jpg\" alt=\"Camcotisas (19)\" width=\"640\" height=\"360\" \/><\/a><a title=\"Camcotisas (35)\" href=\"http:\/\/farm5.staticflickr.com\/4474\/37544286216_597184f181_z.jpg\" rel=\"\"><img loading=\"lazy\" decoding=\"async\" class=\"aligncenter\" title=\"Camcotisas (35)\" src=\"http:\/\/farm5.staticflickr.com\/4474\/37544286216_597184f181_z.jpg\" alt=\"Camcotisas (35)\" width=\"640\" height=\"360\" \/><\/a><br \/>\n<a href=\"https:\/\/www.facebook.com\/reflejosfm\/media_set?set=a.10214371433828476.1073742065.1496587978&amp;type=3\"><strong>Fotos<\/strong><\/a><\/p>\n","protected":false},"excerpt":{"rendered":"<p>Una exitosa jornada en el Centro cultural de Sierra de la Ventana, se vivi\u00f3 este domingo con la 3ra Edici\u00f3n de la Expocomercial y Art\u00edstica de Camcotisas. Expositores de productos artesanales, comercios, la actuaci\u00f3n de Federico Obes y la Agrupaci\u00f3n Coral de las Sierras dieron a los muchos visitantes un atractivo paseo dominical.<\/p>\n","protected":false},"author":3,"featured_media":0,"comment_status":"closed","ping_status":"open","sticky":false,"template":"","format":"standard","meta":{"footnotes":""},"categories":[35],"tags":[],"class_list":["post-15140","post","type-post","status-publish","format-standard","hentry","category-cultura"],"yoast_head":"<!-- This site is optimized with the Yoast SEO plugin v25.9 - https:\/\/yoast.com\/wordpress\/plugins\/seo\/ -->\n<title>R\u00e9cord de visitantes en la 3\u00b0 Expocomercial y Art\u00edstica de Sierra de la Ventana. - Noticias Radio Reflejos<\/title>\n<meta name=\"robots\" content=\"index, follow, max-snippet:-1, max-image-preview:large, max-video-preview:-1\" \/>\n<link rel=\"canonical\" href=\"https:\/\/www.noticiasradioreflejos.com.ar\/2021\/record-de-visitantes-en-la-3-expocomercial-y-artistica-de-sierra-de-la-ventana\/\" \/>\n<meta property=\"og:locale\" content=\"es_ES\" \/>\n<meta property=\"og:type\" content=\"article\" \/>\n<meta property=\"og:title\" content=\"R\u00e9cord de visitantes en la 3\u00b0 Expocomercial y Art\u00edstica de Sierra de la Ventana. - Noticias Radio Reflejos\" \/>\n<meta property=\"og:description\" content=\"Una exitosa jornada en el Centro cultural de Sierra de la Ventana, se vivi\u00f3 este domingo con la 3ra Edici\u00f3n de la Expocomercial y Art\u00edstica de Camcotisas. Expositores de productos artesanales, comercios, la actuaci\u00f3n de Federico Obes y la Agrupaci\u00f3n Coral de las Sierras dieron a los muchos visitantes un atractivo paseo dominical.\" \/>\n<meta property=\"og:url\" content=\"https:\/\/www.noticiasradioreflejos.com.ar\/2021\/record-de-visitantes-en-la-3-expocomercial-y-artistica-de-sierra-de-la-ventana\/\" \/>\n<meta property=\"og:site_name\" content=\"Noticias Radio Reflejos\" \/>\n<meta property=\"article:published_time\" content=\"2017-10-09T13:07:39+00:00\" \/>\n<meta property=\"og:image\" content=\"http:\/\/farm5.staticflickr.com\/4457\/23740222298_294a092822.jpg\" \/>\n<meta name=\"author\" content=\"Arnaldo Botto\" \/>\n<meta name=\"twitter:card\" content=\"summary_large_image\" \/>\n<script type=\"application\/ld+json\" class=\"yoast-schema-graph\">{\"@context\":\"https:\/\/schema.org\",\"@graph\":[{\"@type\":\"WebPage\",\"@id\":\"https:\/\/www.noticiasradioreflejos.com.ar\/2021\/record-de-visitantes-en-la-3-expocomercial-y-artistica-de-sierra-de-la-ventana\/\",\"url\":\"https:\/\/www.noticiasradioreflejos.com.ar\/2021\/record-de-visitantes-en-la-3-expocomercial-y-artistica-de-sierra-de-la-ventana\/\",\"name\":\"R\u00e9cord de visitantes en la 3\u00b0 Expocomercial y Art\u00edstica de Sierra de la Ventana. - Noticias Radio Reflejos\",\"isPartOf\":{\"@id\":\"https:\/\/www.noticiasradioreflejos.com.ar\/2021\/#website\"},\"primaryImageOfPage\":{\"@id\":\"https:\/\/www.noticiasradioreflejos.com.ar\/2021\/record-de-visitantes-en-la-3-expocomercial-y-artistica-de-sierra-de-la-ventana\/#primaryimage\"},\"image\":{\"@id\":\"https:\/\/www.noticiasradioreflejos.com.ar\/2021\/record-de-visitantes-en-la-3-expocomercial-y-artistica-de-sierra-de-la-ventana\/#primaryimage\"},\"thumbnailUrl\":\"http:\/\/farm5.staticflickr.com\/4457\/23740222298_294a092822.jpg\",\"datePublished\":\"2017-10-09T13:07:39+00:00\",\"author\":{\"@id\":\"https:\/\/www.noticiasradioreflejos.com.ar\/2021\/#\/schema\/person\/ad82545263dcc5ec0996818884fd5fb1\"},\"breadcrumb\":{\"@id\":\"https:\/\/www.noticiasradioreflejos.com.ar\/2021\/record-de-visitantes-en-la-3-expocomercial-y-artistica-de-sierra-de-la-ventana\/#breadcrumb\"},\"inLanguage\":\"es\",\"potentialAction\":[{\"@type\":\"ReadAction\",\"target\":[\"https:\/\/www.noticiasradioreflejos.com.ar\/2021\/record-de-visitantes-en-la-3-expocomercial-y-artistica-de-sierra-de-la-ventana\/\"]}]},{\"@type\":\"ImageObject\",\"inLanguage\":\"es\",\"@id\":\"https:\/\/www.noticiasradioreflejos.com.ar\/2021\/record-de-visitantes-en-la-3-expocomercial-y-artistica-de-sierra-de-la-ventana\/#primaryimage\",\"url\":\"http:\/\/farm5.staticflickr.com\/4457\/23740222298_294a092822.jpg\",\"contentUrl\":\"http:\/\/farm5.staticflickr.com\/4457\/23740222298_294a092822.jpg\"},{\"@type\":\"BreadcrumbList\",\"@id\":\"https:\/\/www.noticiasradioreflejos.com.ar\/2021\/record-de-visitantes-en-la-3-expocomercial-y-artistica-de-sierra-de-la-ventana\/#breadcrumb\",\"itemListElement\":[{\"@type\":\"ListItem\",\"position\":1,\"name\":\"Portada\",\"item\":\"https:\/\/www.noticiasradioreflejos.com.ar\/2021\/\"},{\"@type\":\"ListItem\",\"position\":2,\"name\":\"R\u00e9cord de visitantes en la 3\u00b0 Expocomercial y Art\u00edstica de Sierra de la Ventana.\"}]},{\"@type\":\"WebSite\",\"@id\":\"https:\/\/www.noticiasradioreflejos.com.ar\/2021\/#website\",\"url\":\"https:\/\/www.noticiasradioreflejos.com.ar\/2021\/\",\"name\":\"Noticias Radio Reflejos\",\"description\":\"Las noticias de mi comarca\",\"potentialAction\":[{\"@type\":\"SearchAction\",\"target\":{\"@type\":\"EntryPoint\",\"urlTemplate\":\"https:\/\/www.noticiasradioreflejos.com.ar\/2021\/?s={search_term_string}\"},\"query-input\":{\"@type\":\"PropertyValueSpecification\",\"valueRequired\":true,\"valueName\":\"search_term_string\"}}],\"inLanguage\":\"es\"},{\"@type\":\"Person\",\"@id\":\"https:\/\/www.noticiasradioreflejos.com.ar\/2021\/#\/schema\/person\/ad82545263dcc5ec0996818884fd5fb1\",\"name\":\"Arnaldo Botto\",\"image\":{\"@type\":\"ImageObject\",\"inLanguage\":\"es\",\"@id\":\"https:\/\/www.noticiasradioreflejos.com.ar\/2021\/#\/schema\/person\/image\/\",\"url\":\"https:\/\/secure.gravatar.com\/avatar\/55cb5e37c1efa326397366e6974cb338056df65cb50e7d64d1cf314e87504837?s=96&d=mm&r=g\",\"contentUrl\":\"https:\/\/secure.gravatar.com\/avatar\/55cb5e37c1efa326397366e6974cb338056df65cb50e7d64d1cf314e87504837?s=96&d=mm&r=g\",\"caption\":\"Arnaldo Botto\"},\"url\":\"https:\/\/www.noticiasradioreflejos.com.ar\/2021\/author\/arnaldo\/\"}]}<\/script>\n<!-- \/ Yoast SEO plugin. -->","yoast_head_json":{"title":"R\u00e9cord de visitantes en la 3\u00b0 Expocomercial y Art\u00edstica de Sierra de la Ventana. - Noticias Radio Reflejos","robots":{"index":"index","follow":"follow","max-snippet":"max-snippet:-1","max-image-preview":"max-image-preview:large","max-video-preview":"max-video-preview:-1"},"canonical":"https:\/\/www.noticiasradioreflejos.com.ar\/2021\/record-de-visitantes-en-la-3-expocomercial-y-artistica-de-sierra-de-la-ventana\/","og_locale":"es_ES","og_type":"article","og_title":"R\u00e9cord de visitantes en la 3\u00b0 Expocomercial y Art\u00edstica de Sierra de la Ventana. - Noticias Radio Reflejos","og_description":"Una exitosa jornada en el Centro cultural de Sierra de la Ventana, se vivi\u00f3 este domingo con la 3ra Edici\u00f3n de la Expocomercial y Art\u00edstica de Camcotisas. Expositores de productos artesanales, comercios, la actuaci\u00f3n de Federico Obes y la Agrupaci\u00f3n Coral de las Sierras dieron a los muchos visitantes un atractivo paseo dominical.","og_url":"https:\/\/www.noticiasradioreflejos.com.ar\/2021\/record-de-visitantes-en-la-3-expocomercial-y-artistica-de-sierra-de-la-ventana\/","og_site_name":"Noticias Radio Reflejos","article_published_time":"2017-10-09T13:07:39+00:00","og_image":[{"url":"http:\/\/farm5.staticflickr.com\/4457\/23740222298_294a092822.jpg","type":"","width":"","height":""}],"author":"Arnaldo Botto","twitter_card":"summary_large_image","schema":{"@context":"https:\/\/schema.org","@graph":[{"@type":"WebPage","@id":"https:\/\/www.noticiasradioreflejos.com.ar\/2021\/record-de-visitantes-en-la-3-expocomercial-y-artistica-de-sierra-de-la-ventana\/","url":"https:\/\/www.noticiasradioreflejos.com.ar\/2021\/record-de-visitantes-en-la-3-expocomercial-y-artistica-de-sierra-de-la-ventana\/","name":"R\u00e9cord de visitantes en la 3\u00b0 Expocomercial y Art\u00edstica de Sierra de la Ventana. - Noticias Radio Reflejos","isPartOf":{"@id":"https:\/\/www.noticiasradioreflejos.com.ar\/2021\/#website"},"primaryImageOfPage":{"@id":"https:\/\/www.noticiasradioreflejos.com.ar\/2021\/record-de-visitantes-en-la-3-expocomercial-y-artistica-de-sierra-de-la-ventana\/#primaryimage"},"image":{"@id":"https:\/\/www.noticiasradioreflejos.com.ar\/2021\/record-de-visitantes-en-la-3-expocomercial-y-artistica-de-sierra-de-la-ventana\/#primaryimage"},"thumbnailUrl":"http:\/\/farm5.staticflickr.com\/4457\/23740222298_294a092822.jpg","datePublished":"2017-10-09T13:07:39+00:00","author":{"@id":"https:\/\/www.noticiasradioreflejos.com.ar\/2021\/#\/schema\/person\/ad82545263dcc5ec0996818884fd5fb1"},"breadcrumb":{"@id":"https:\/\/www.noticiasradioreflejos.com.ar\/2021\/record-de-visitantes-en-la-3-expocomercial-y-artistica-de-sierra-de-la-ventana\/#breadcrumb"},"inLanguage":"es","potentialAction":[{"@type":"ReadAction","target":["https:\/\/www.noticiasradioreflejos.com.ar\/2021\/record-de-visitantes-en-la-3-expocomercial-y-artistica-de-sierra-de-la-ventana\/"]}]},{"@type":"ImageObject","inLanguage":"es","@id":"https:\/\/www.noticiasradioreflejos.com.ar\/2021\/record-de-visitantes-en-la-3-expocomercial-y-artistica-de-sierra-de-la-ventana\/#primaryimage","url":"http:\/\/farm5.staticflickr.com\/4457\/23740222298_294a092822.jpg","contentUrl":"http:\/\/farm5.staticflickr.com\/4457\/23740222298_294a092822.jpg"},{"@type":"BreadcrumbList","@id":"https:\/\/www.noticiasradioreflejos.com.ar\/2021\/record-de-visitantes-en-la-3-expocomercial-y-artistica-de-sierra-de-la-ventana\/#breadcrumb","itemListElement":[{"@type":"ListItem","position":1,"name":"Portada","item":"https:\/\/www.noticiasradioreflejos.com.ar\/2021\/"},{"@type":"ListItem","position":2,"name":"R\u00e9cord de visitantes en la 3\u00b0 Expocomercial y Art\u00edstica de Sierra de la Ventana."}]},{"@type":"WebSite","@id":"https:\/\/www.noticiasradioreflejos.com.ar\/2021\/#website","url":"https:\/\/www.noticiasradioreflejos.com.ar\/2021\/","name":"Noticias Radio Reflejos","description":"Las noticias de mi comarca","potentialAction":[{"@type":"SearchAction","target":{"@type":"EntryPoint","urlTemplate":"https:\/\/www.noticiasradioreflejos.com.ar\/2021\/?s={search_term_string}"},"query-input":{"@type":"PropertyValueSpecification","valueRequired":true,"valueName":"search_term_string"}}],"inLanguage":"es"},{"@type":"Person","@id":"https:\/\/www.noticiasradioreflejos.com.ar\/2021\/#\/schema\/person\/ad82545263dcc5ec0996818884fd5fb1","name":"Arnaldo Botto","image":{"@type":"ImageObject","inLanguage":"es","@id":"https:\/\/www.noticiasradioreflejos.com.ar\/2021\/#\/schema\/person\/image\/","url":"https:\/\/secure.gravatar.com\/avatar\/55cb5e37c1efa326397366e6974cb338056df65cb50e7d64d1cf314e87504837?s=96&d=mm&r=g","contentUrl":"https:\/\/secure.gravatar.com\/avatar\/55cb5e37c1efa326397366e6974cb338056df65cb50e7d64d1cf314e87504837?s=96&d=mm&r=g","caption":"Arnaldo Botto"},"url":"https:\/\/www.noticiasradioreflejos.com.ar\/2021\/author\/arnaldo\/"}]}},"_links":{"self":[{"href":"https:\/\/www.noticiasradioreflejos.com.ar\/2021\/wp-json\/wp\/v2\/posts\/15140","targetHints":{"allow":["GET"]}}],"collection":[{"href":"https:\/\/www.noticiasradioreflejos.com.ar\/2021\/wp-json\/wp\/v2\/posts"}],"about":[{"href":"https:\/\/www.noticiasradioreflejos.com.ar\/2021\/wp-json\/wp\/v2\/types\/post"}],"author":[{"embeddable":true,"href":"https:\/\/www.noticiasradioreflejos.com.ar\/2021\/wp-json\/wp\/v2\/users\/3"}],"replies":[{"embeddable":true,"href":"https:\/\/www.noticiasradioreflejos.com.ar\/2021\/wp-json\/wp\/v2\/comments?post=15140"}],"version-history":[{"count":0,"href":"https:\/\/www.noticiasradioreflejos.com.ar\/2021\/wp-json\/wp\/v2\/posts\/15140\/revisions"}],"wp:attachment":[{"href":"https:\/\/www.noticiasradioreflejos.com.ar\/2021\/wp-json\/wp\/v2\/media?parent=15140"}],"wp:term":[{"taxonomy":"category","embeddable":true,"href":"https:\/\/www.noticiasradioreflejos.com.ar\/2021\/wp-json\/wp\/v2\/categories?post=15140"},{"taxonomy":"post_tag","embeddable":true,"href":"https:\/\/www.noticiasradioreflejos.com.ar\/2021\/wp-json\/wp\/v2\/tags?post=15140"}],"curies":[{"name":"wp","href":"https:\/\/api.w.org\/{rel}","templated":true}]}}