{"id":15117,"date":"2017-10-06T20:03:05","date_gmt":"2017-10-06T23:03:05","guid":{"rendered":"http:\/\/www.noticiasradioreflejos.com.ar\/noticias\/?p=15117"},"modified":"2017-10-06T20:03:05","modified_gmt":"2017-10-06T23:03:05","slug":"rechazo-privatizacion-vialidad-nacional","status":"publish","type":"post","link":"https:\/\/www.noticiasradioreflejos.com.ar\/2021\/rechazo-privatizacion-vialidad-nacional\/","title":{"rendered":"Rechazo &quot;privatizaci\u00f3n&quot; Vialidad Nacional"},"content":{"rendered":"<p>Comunicado de\u00a0CONADUV &#8211; Comit\u00e9 Nacional de Defensa del Usuario Vial.<!--more--><br \/>\nRECHAZO A LA DECISI\u00d3N OSCURA E INCONSULTA DEL GOBIERNO NACIONAL, PRIVATIZANDO UNO DE LOS ORGANISMOS M\u00c1S EMBLEM\u00c1TICOS COMO ES LA DIRECCI\u00d3N NACIONAL DE VIALIDAD (DNV)<br \/>\nBASTA DE NEGOCIOS Y NEGOCIADOS CON LA OBRA P\u00daBLICA<br \/>\nEl CONADUV desea expresar gran preocupaci\u00f3n y rechazo a una nueva estafa vial generada por el avance del Gobierno Nacional en la privatizaci\u00f3n de la Direcci\u00f3n Nacional de Vialidad (DNV), creando una innecesaria Empresa denominada Corredores Viales S. A., cuyo capital accionario est\u00e1 conformado por el 51 % del Ministerio de Transporte de la Naci\u00f3n y el 49 % de Vialidad Nacional, y permitiendo la incorporaci\u00f3n de socios de car\u00e1cter privado que puedan ganar espacio en dicha Sociedad.<br \/>\nEs una clara entrega a la voracidad de la denominada \u201cPatria Contratista\u201d, el nefasto \u201cClub de Peaje\u201d y los amigos del poder, para obtener fenomenales ganancias, sin tener en cuenta la defensa del inter\u00e9s general, y generar serios perjuicios sociales y econ\u00f3micos a los usuarios viales y a toda la comunidad en su conjunto.<br \/>\nAlgo similar ocurre con Autopistas Urbanas S. A. (AUSA) en la Ciudad Aut\u00f3noma de Buenos Aires, con Autopistas de Buenos Aires S. A. (AUBASA) en la Provincia de Buenos Aires, y ahora con Corredores Viales S. A. a nivel Nacional.<br \/>\nQueda claro que es una arremetida sin precedente alguno. El Gobierno se adue\u00f1a del Estado y de sus bienes, deseando convertir al Pa\u00eds en una Empresa privada.<br \/>\nCabe se\u00f1alar que los caminos son de dominio p\u00fablico, pagados con creces con nuestros impuestos, y no propiedad de un Gobernante o Funcionario P\u00fablico, motivo por el cual el CONADUV sostiene que antes de tomar este tipo de resoluciones en un tema tan importante como es lo relacionado con la infraestructura vial, se deber\u00eda convocar a las entidades de usuarios viales directos e indirectos y poder participar as\u00ed en forma conjunta en la toma de decisiones que deben darse en defensa del inter\u00e9s general.<br \/>\n\u201cEl CONADUV reitera que de una vez por todas, debe implementarse un Proyecto Vial, libre de peaje, que contemple toda la red caminera del Pa\u00eds, a trav\u00e9s de la reasignaci\u00f3n efectiva de los fondos que se recaudan del Impuesto a los Combustibles, y Rejerarquizar la Direcci\u00f3n Nacional de Vialidad (DNV) para que sea el Organismo Rector de toda la pol\u00edtica vial.\u201d<\/p>\n<div id=\"m_-2043547011849600536yui_3_16_0_ym19_1_1507310529699_10013\" align=\"center\"><b id=\"m_-2043547011849600536yui_3_16_0_ym19_1_1507310529699_10014\"><span id=\"m_-2043547011849600536yui_3_16_0_ym19_1_1507310529699_10015\">&#8211; CONADUV &#8211;<\/span><\/b><span id=\"m_-2043547011849600536yui_3_16_0_ym19_1_1507310529699_10016\"><u><\/u><u><\/u><\/span><\/div>\n<div id=\"m_-2043547011849600536yui_3_16_0_ym19_1_1507310529699_10018\" align=\"center\"><b id=\"m_-2043547011849600536yui_3_16_0_ym19_1_1507310529699_10019\">\u00a0 COMIT\u00c9 NACIONAL DE DEFENSA DEL USUARIO VIAL<u><\/u><u><\/u><\/b><\/div>\n<div id=\"m_-2043547011849600536yui_3_16_0_ym19_1_1507310529699_10021\" align=\"center\"><span id=\"m_-2043547011849600536yui_3_16_0_ym19_1_1507310529699_10022\">Avda. de Mayo 1370 \u2013 9\u00ba piso of. 226\/229 \u2013 (1362) CABA \u2013 Tel 4383-8925-(011)15-4435-9162<u><\/u><u><\/u><\/span><\/div>\n<div id=\"m_-2043547011849600536yui_3_16_0_ym19_1_1507310529699_10024\"><span id=\"m_-2043547011849600536yui_3_16_0_ym19_1_1507310529699_10025\">\u00a0\u00a0\u00a0\u00a0\u00a0\u00a0\u00a0\u00a0\u00a0\u00a0\u00a0\u00a0\u00a0\u00a0\u00a0\u00a0\u00a0\u00a0\u00a0\u00a0 \u00a0\u00a0\u00a0\u00a0 \u00a0 \u00a0 \u00a0 \u00a0 \u00a0 \u00a0 \u00a0 \u00a0 \u00a0 \u00a0 \u00a0 \u00a0 \u00a0 \u00a0 \u00a0 \u00a0 \u00a0 \u00a0 \u00a0 \u00a0 \u00a0 \u00a0 \u00a0 \u00a0 \u00a0\u00a0\u00a0\u00a0\u00a0E-Mail.\u00a0 <\/span><a id=\"m_-2043547011849600536yui_3_16_0_ym19_1_1507310529699_10026\" href=\"mailto:conaduv@yahoo.com.ar\" target=\"_blank\" rel=\"noopener\"><span id=\"m_-2043547011849600536yui_3_16_0_ym19_1_1507310529699_10027\">conaduv@yahoo.com.ar<\/span><\/a><span id=\"m_-2043547011849600536yui_3_16_0_ym19_1_1507310529699_10028\">\u00a0\u00a0\u00a0 <\/span><span id=\"m_-2043547011849600536yui_3_16_0_ym19_1_1507310529699_10030\"><a id=\"m_-2043547011849600536yui_3_16_0_ym19_1_1507310529699_10029\" href=\"mailto:ingagronomos@yahoo.com.ar\" target=\"_blank\" rel=\"noopener\">ingagronomos@yahoo.com.ar<\/a><\/span><\/div>\n","protected":false},"excerpt":{"rendered":"<p>Comunicado de\u00a0CONADUV &#8211; Comit\u00e9 Nacional de Defensa del Usuario Vial.<\/p>\n","protected":false},"author":3,"featured_media":0,"comment_status":"closed","ping_status":"open","sticky":false,"template":"","format":"standard","meta":{"footnotes":""},"categories":[26],"tags":[],"class_list":["post-15117","post","type-post","status-publish","format-standard","hentry","category-sociedad"],"yoast_head":"<!-- This site is optimized with the Yoast SEO plugin v25.9 - https:\/\/yoast.com\/wordpress\/plugins\/seo\/ -->\n<title>Rechazo &quot;privatizaci\u00f3n&quot; Vialidad Nacional - Noticias Radio Reflejos<\/title>\n<meta name=\"robots\" content=\"index, follow, max-snippet:-1, max-image-preview:large, max-video-preview:-1\" \/>\n<link rel=\"canonical\" href=\"https:\/\/www.noticiasradioreflejos.com.ar\/2021\/rechazo-privatizacion-vialidad-nacional\/\" \/>\n<meta property=\"og:locale\" content=\"es_ES\" \/>\n<meta property=\"og:type\" content=\"article\" \/>\n<meta property=\"og:title\" content=\"Rechazo &quot;privatizaci\u00f3n&quot; Vialidad Nacional - Noticias Radio Reflejos\" \/>\n<meta property=\"og:description\" content=\"Comunicado de\u00a0CONADUV &#8211; Comit\u00e9 Nacional de Defensa del Usuario Vial.\" \/>\n<meta property=\"og:url\" content=\"https:\/\/www.noticiasradioreflejos.com.ar\/2021\/rechazo-privatizacion-vialidad-nacional\/\" \/>\n<meta property=\"og:site_name\" content=\"Noticias Radio Reflejos\" \/>\n<meta property=\"article:published_time\" content=\"2017-10-06T23:03:05+00:00\" \/>\n<meta property=\"og:image\" content=\"https:\/\/www.noticiasradioreflejos.com.ar\/2021\/wp-content\/uploads\/2021\/07\/logosol300x200.png\" \/>\n\t<meta property=\"og:image:width\" content=\"300\" \/>\n\t<meta property=\"og:image:height\" content=\"200\" \/>\n\t<meta property=\"og:image:type\" content=\"image\/png\" \/>\n<meta name=\"author\" content=\"Arnaldo Botto\" \/>\n<meta name=\"twitter:card\" content=\"summary_large_image\" \/>\n<script type=\"application\/ld+json\" class=\"yoast-schema-graph\">{\"@context\":\"https:\/\/schema.org\",\"@graph\":[{\"@type\":\"WebPage\",\"@id\":\"https:\/\/www.noticiasradioreflejos.com.ar\/2021\/rechazo-privatizacion-vialidad-nacional\/\",\"url\":\"https:\/\/www.noticiasradioreflejos.com.ar\/2021\/rechazo-privatizacion-vialidad-nacional\/\",\"name\":\"Rechazo &quot;privatizaci\u00f3n&quot; Vialidad Nacional - Noticias Radio Reflejos\",\"isPartOf\":{\"@id\":\"https:\/\/www.noticiasradioreflejos.com.ar\/2021\/#website\"},\"datePublished\":\"2017-10-06T23:03:05+00:00\",\"author\":{\"@id\":\"https:\/\/www.noticiasradioreflejos.com.ar\/2021\/#\/schema\/person\/ad82545263dcc5ec0996818884fd5fb1\"},\"breadcrumb\":{\"@id\":\"https:\/\/www.noticiasradioreflejos.com.ar\/2021\/rechazo-privatizacion-vialidad-nacional\/#breadcrumb\"},\"inLanguage\":\"es\",\"potentialAction\":[{\"@type\":\"ReadAction\",\"target\":[\"https:\/\/www.noticiasradioreflejos.com.ar\/2021\/rechazo-privatizacion-vialidad-nacional\/\"]}]},{\"@type\":\"BreadcrumbList\",\"@id\":\"https:\/\/www.noticiasradioreflejos.com.ar\/2021\/rechazo-privatizacion-vialidad-nacional\/#breadcrumb\",\"itemListElement\":[{\"@type\":\"ListItem\",\"position\":1,\"name\":\"Portada\",\"item\":\"https:\/\/www.noticiasradioreflejos.com.ar\/2021\/\"},{\"@type\":\"ListItem\",\"position\":2,\"name\":\"Rechazo &quot;privatizaci\u00f3n&quot; Vialidad Nacional\"}]},{\"@type\":\"WebSite\",\"@id\":\"https:\/\/www.noticiasradioreflejos.com.ar\/2021\/#website\",\"url\":\"https:\/\/www.noticiasradioreflejos.com.ar\/2021\/\",\"name\":\"Noticias Radio Reflejos\",\"description\":\"Las noticias de mi comarca\",\"potentialAction\":[{\"@type\":\"SearchAction\",\"target\":{\"@type\":\"EntryPoint\",\"urlTemplate\":\"https:\/\/www.noticiasradioreflejos.com.ar\/2021\/?s={search_term_string}\"},\"query-input\":{\"@type\":\"PropertyValueSpecification\",\"valueRequired\":true,\"valueName\":\"search_term_string\"}}],\"inLanguage\":\"es\"},{\"@type\":\"Person\",\"@id\":\"https:\/\/www.noticiasradioreflejos.com.ar\/2021\/#\/schema\/person\/ad82545263dcc5ec0996818884fd5fb1\",\"name\":\"Arnaldo Botto\",\"image\":{\"@type\":\"ImageObject\",\"inLanguage\":\"es\",\"@id\":\"https:\/\/www.noticiasradioreflejos.com.ar\/2021\/#\/schema\/person\/image\/\",\"url\":\"https:\/\/secure.gravatar.com\/avatar\/55cb5e37c1efa326397366e6974cb338056df65cb50e7d64d1cf314e87504837?s=96&d=mm&r=g\",\"contentUrl\":\"https:\/\/secure.gravatar.com\/avatar\/55cb5e37c1efa326397366e6974cb338056df65cb50e7d64d1cf314e87504837?s=96&d=mm&r=g\",\"caption\":\"Arnaldo Botto\"},\"url\":\"https:\/\/www.noticiasradioreflejos.com.ar\/2021\/author\/arnaldo\/\"}]}<\/script>\n<!-- \/ Yoast SEO plugin. -->","yoast_head_json":{"title":"Rechazo &quot;privatizaci\u00f3n&quot; Vialidad Nacional - Noticias Radio Reflejos","robots":{"index":"index","follow":"follow","max-snippet":"max-snippet:-1","max-image-preview":"max-image-preview:large","max-video-preview":"max-video-preview:-1"},"canonical":"https:\/\/www.noticiasradioreflejos.com.ar\/2021\/rechazo-privatizacion-vialidad-nacional\/","og_locale":"es_ES","og_type":"article","og_title":"Rechazo &quot;privatizaci\u00f3n&quot; Vialidad Nacional - Noticias Radio Reflejos","og_description":"Comunicado de\u00a0CONADUV &#8211; Comit\u00e9 Nacional de Defensa del Usuario Vial.","og_url":"https:\/\/www.noticiasradioreflejos.com.ar\/2021\/rechazo-privatizacion-vialidad-nacional\/","og_site_name":"Noticias Radio Reflejos","article_published_time":"2017-10-06T23:03:05+00:00","og_image":[{"width":300,"height":200,"url":"https:\/\/www.noticiasradioreflejos.com.ar\/2021\/wp-content\/uploads\/2021\/07\/logosol300x200.png","type":"image\/png"}],"author":"Arnaldo Botto","twitter_card":"summary_large_image","schema":{"@context":"https:\/\/schema.org","@graph":[{"@type":"WebPage","@id":"https:\/\/www.noticiasradioreflejos.com.ar\/2021\/rechazo-privatizacion-vialidad-nacional\/","url":"https:\/\/www.noticiasradioreflejos.com.ar\/2021\/rechazo-privatizacion-vialidad-nacional\/","name":"Rechazo &quot;privatizaci\u00f3n&quot; Vialidad Nacional - Noticias Radio Reflejos","isPartOf":{"@id":"https:\/\/www.noticiasradioreflejos.com.ar\/2021\/#website"},"datePublished":"2017-10-06T23:03:05+00:00","author":{"@id":"https:\/\/www.noticiasradioreflejos.com.ar\/2021\/#\/schema\/person\/ad82545263dcc5ec0996818884fd5fb1"},"breadcrumb":{"@id":"https:\/\/www.noticiasradioreflejos.com.ar\/2021\/rechazo-privatizacion-vialidad-nacional\/#breadcrumb"},"inLanguage":"es","potentialAction":[{"@type":"ReadAction","target":["https:\/\/www.noticiasradioreflejos.com.ar\/2021\/rechazo-privatizacion-vialidad-nacional\/"]}]},{"@type":"BreadcrumbList","@id":"https:\/\/www.noticiasradioreflejos.com.ar\/2021\/rechazo-privatizacion-vialidad-nacional\/#breadcrumb","itemListElement":[{"@type":"ListItem","position":1,"name":"Portada","item":"https:\/\/www.noticiasradioreflejos.com.ar\/2021\/"},{"@type":"ListItem","position":2,"name":"Rechazo &quot;privatizaci\u00f3n&quot; Vialidad Nacional"}]},{"@type":"WebSite","@id":"https:\/\/www.noticiasradioreflejos.com.ar\/2021\/#website","url":"https:\/\/www.noticiasradioreflejos.com.ar\/2021\/","name":"Noticias Radio Reflejos","description":"Las noticias de mi comarca","potentialAction":[{"@type":"SearchAction","target":{"@type":"EntryPoint","urlTemplate":"https:\/\/www.noticiasradioreflejos.com.ar\/2021\/?s={search_term_string}"},"query-input":{"@type":"PropertyValueSpecification","valueRequired":true,"valueName":"search_term_string"}}],"inLanguage":"es"},{"@type":"Person","@id":"https:\/\/www.noticiasradioreflejos.com.ar\/2021\/#\/schema\/person\/ad82545263dcc5ec0996818884fd5fb1","name":"Arnaldo Botto","image":{"@type":"ImageObject","inLanguage":"es","@id":"https:\/\/www.noticiasradioreflejos.com.ar\/2021\/#\/schema\/person\/image\/","url":"https:\/\/secure.gravatar.com\/avatar\/55cb5e37c1efa326397366e6974cb338056df65cb50e7d64d1cf314e87504837?s=96&d=mm&r=g","contentUrl":"https:\/\/secure.gravatar.com\/avatar\/55cb5e37c1efa326397366e6974cb338056df65cb50e7d64d1cf314e87504837?s=96&d=mm&r=g","caption":"Arnaldo Botto"},"url":"https:\/\/www.noticiasradioreflejos.com.ar\/2021\/author\/arnaldo\/"}]}},"_links":{"self":[{"href":"https:\/\/www.noticiasradioreflejos.com.ar\/2021\/wp-json\/wp\/v2\/posts\/15117","targetHints":{"allow":["GET"]}}],"collection":[{"href":"https:\/\/www.noticiasradioreflejos.com.ar\/2021\/wp-json\/wp\/v2\/posts"}],"about":[{"href":"https:\/\/www.noticiasradioreflejos.com.ar\/2021\/wp-json\/wp\/v2\/types\/post"}],"author":[{"embeddable":true,"href":"https:\/\/www.noticiasradioreflejos.com.ar\/2021\/wp-json\/wp\/v2\/users\/3"}],"replies":[{"embeddable":true,"href":"https:\/\/www.noticiasradioreflejos.com.ar\/2021\/wp-json\/wp\/v2\/comments?post=15117"}],"version-history":[{"count":0,"href":"https:\/\/www.noticiasradioreflejos.com.ar\/2021\/wp-json\/wp\/v2\/posts\/15117\/revisions"}],"wp:attachment":[{"href":"https:\/\/www.noticiasradioreflejos.com.ar\/2021\/wp-json\/wp\/v2\/media?parent=15117"}],"wp:term":[{"taxonomy":"category","embeddable":true,"href":"https:\/\/www.noticiasradioreflejos.com.ar\/2021\/wp-json\/wp\/v2\/categories?post=15117"},{"taxonomy":"post_tag","embeddable":true,"href":"https:\/\/www.noticiasradioreflejos.com.ar\/2021\/wp-json\/wp\/v2\/tags?post=15117"}],"curies":[{"name":"wp","href":"https:\/\/api.w.org\/{rel}","templated":true}]}}