{"id":15105,"date":"2017-10-06T19:44:47","date_gmt":"2017-10-06T22:44:47","guid":{"rendered":"http:\/\/www.noticiasradioreflejos.com.ar\/noticias\/?p=15105"},"modified":"2017-10-06T19:44:47","modified_gmt":"2017-10-06T22:44:47","slug":"habilitaron-el-sistema-centralizado-de-oxigeno-en-el-hospital-municipal","status":"publish","type":"post","link":"https:\/\/www.noticiasradioreflejos.com.ar\/2021\/habilitaron-el-sistema-centralizado-de-oxigeno-en-el-hospital-municipal\/","title":{"rendered":"Habilitaron el sistema centralizado de ox\u00edgeno en el hospital municipal"},"content":{"rendered":"<p><a title=\"inauguracionnn (29)\" href=\"http:\/\/farm5.staticflickr.com\/4498\/36869882733_cebc800c02.jpg\" rel=\"\"><img loading=\"lazy\" decoding=\"async\" class=\"alignleft\" style=\"float: left;\" title=\"inauguracionnn (29)\" src=\"http:\/\/farm5.staticflickr.com\/4498\/36869882733_cebc800c02.jpg\" alt=\"inauguracionnn (29)\" width=\"500\" height=\"334\" \/><\/a>Unos diez minutos llev\u00f3 el simple acto de habilitaci\u00f3n del nuevo sistema centralizado de ox\u00edgeno durante la tarde de este viernes en el Hospital Municipal \u201cDr. Alberto Castro\u201d de nuestra ciudad.<br \/>\nDel acto participaron el Intendente Municipal Sergio Bordoni, el Secretario de Salud Dr. Walter Wallacey el Director del Hospital Dr. Javier Toneli como as\u00ed tambi\u00e9n otros profesionales de la salud e integrantes del departamento ejecutivo y concejales junto a vecinos que se acercaron.<!--more--><br \/>\nEl Intendente resalt\u00f3 en sus breves palabras que hoy se inauguraba algo muy importante para el distrito. \u201c<br \/>\n\u201cEsto es algo muy necesario para la salud y yo lo he comprobado cuando mi esposa estuvo internada una semana en el hospital y vimos el trabajo que realizan enfermeras y enfermeros trasnsportando tubos de ox\u00edgeno a las distintas habitaciones y hab\u00eda que darle el servicio\u201d manifest\u00f3.<br \/>\n\u201cEs una obra totalmente necesaria no solo por lo econ\u00f3mico sino tambi\u00e9n por la prestaci\u00f3n y el servicio. As\u00ed que sin mas al ver el trabajo que ven\u00edamos realizando y la incomodidad que ocasionaba para la gente que trabaja, tomamos la decisi\u00f3n a trav\u00e9s de un leasing del banco provincia para hacer la obra que era una necesidad primaria y para ello debimos fijar los recursos econ\u00f3micos para realizarla\u201d<br \/>\n\u201cEsto es gracias al aporte de todos los vecinos que con sus impuestos nos van a ayudar a pagar este leasing que durar\u00e1 48 meses y se pagar\u00e1 solo pero la prestaci\u00f3n ser\u00e1 totalmente importante para aquellos que deban venir al hospital para ser atendidos con la calidad y humanidad que los profesionales brindan\u201d remarc\u00f3.<br \/>\n<a title=\"inauguracionnn (8)\" href=\"http:\/\/farm5.staticflickr.com\/4450\/37539579301_a1de91464d.jpg\" rel=\"\"><img loading=\"lazy\" decoding=\"async\" class=\"aligncenter\" title=\"inauguracionnn (8)\" src=\"http:\/\/farm5.staticflickr.com\/4450\/37539579301_a1de91464d.jpg\" alt=\"inauguracionnn (8)\" width=\"500\" height=\"334\" \/><\/a><br \/>\nEl Dr. Walter Wallace por su parte agreg\u00f3 \u201c Agradecemos el acompa\u00f1amiento en esta inauguraci\u00f3n que nos gratifica tanto. Es un momento de felicidad. Uno podr\u00eda hablar t\u00e9cnicamente del ox\u00edgeno porque nos va a ayudar a trabajar en la asistencia m\u00e9dica. b\u00e1sicamente como dec\u00eda Sergio, en el transporte de tubos y dem\u00e1s que pone en riesgo al plantel de enfermer\u00eda y a todo el personal de mantenimiento, pero este adelanto nos va a permitir dar una prestaci\u00f3n futura mucho mejor\u201d<br \/>\n\u201cPor ejemplo en este proyecto tenemos el deseo de conectar un respirador para la asistencia en situaciones graves y la situaci\u00f3n de poner ox\u00edgeno en la pared, el d\u00eda de ma\u00f1ana nos permite proyectarnos a una mini terapia intensiva. Quiero expresar mi felicidad por esto. Estoy muy contento\u201d resalt\u00f3 Wallace.<br \/>\n<a title=\"inauguracionnn (32)\" href=\"http:\/\/farm5.staticflickr.com\/4487\/36869882423_04b2534b7e.jpg\" rel=\"\"><img loading=\"lazy\" decoding=\"async\" class=\"aligncenter\" title=\"inauguracionnn (32)\" src=\"http:\/\/farm5.staticflickr.com\/4487\/36869882423_04b2534b7e.jpg\" alt=\"inauguracionnn (32)\" width=\"500\" height=\"334\" \/><\/a><br \/>\nEste nuevo sistema permite, en forma centralizada, proveer de ox\u00edgeno, aspiraci\u00f3n de vac\u00edo y aire comprimido a los servicios de internaci\u00f3n, pediatr\u00eda, quir\u00f3fano, recuperaci\u00f3n anest\u00e9sica, maternidad, \u00e1rea de incubadoras, recepci\u00f3n del reci\u00e9n nacido, servicio de esterilizaci\u00f3n, guardia m\u00e9dica y de enfermer\u00eda, shock room y habitaci\u00f3n de internaci\u00f3n por guardia.<br \/>\nPosibilita adem\u00e1s una disminuci\u00f3n del riesgo en el traslado y manipulaci\u00f3n de los tubos y los respectivos man\u00f3metros tanto para los pacientes como as\u00ed tambi\u00e9n para el personal, enfermeros y maestranza. Posee un mejor aprovechamiento del recurso de ox\u00edgeno y un costo sustancialmente menor y esta obra fue posible realizarla<br \/>\n<iframe loading=\"lazy\" src=\"https:\/\/w.soundcloud.com\/player\/?url=https%3A\/\/api.soundcloud.com\/tracks\/345702228&amp;color=%23ff5500&amp;auto_play=false&amp;hide_related=false&amp;show_comments=true&amp;show_user=true&amp;show_reposts=false&amp;show_teaser=true\" width=\"100%\" height=\"166\" frameborder=\"no\" scrolling=\"no\"><\/iframe><br \/>\n<iframe loading=\"lazy\" src=\"https:\/\/w.soundcloud.com\/player\/?url=https%3A\/\/api.soundcloud.com\/tracks\/345702327&amp;color=%23ff5500&amp;auto_play=false&amp;hide_related=false&amp;show_comments=true&amp;show_user=true&amp;show_reposts=false&amp;show_teaser=true\" width=\"100%\" height=\"166\" frameborder=\"no\" scrolling=\"no\"><\/iframe><br \/>\n<iframe loading=\"lazy\" src=\"https:\/\/w.soundcloud.com\/player\/?url=https%3A\/\/api.soundcloud.com\/tracks\/345702442&amp;color=%23ff5500&amp;auto_play=false&amp;hide_related=false&amp;show_comments=true&amp;show_user=true&amp;show_reposts=false&amp;show_teaser=true\" width=\"100%\" height=\"166\" frameborder=\"no\" scrolling=\"no\"><\/iframe><\/p>\n","protected":false},"excerpt":{"rendered":"<p>Unos diez minutos llev\u00f3 el simple acto de habilitaci\u00f3n del nuevo sistema centralizado de ox\u00edgeno durante la tarde de este viernes en el Hospital Municipal \u201cDr. Alberto Castro\u201d de nuestra ciudad. Del acto participaron el Intendente Municipal Sergio Bordoni, el Secretario de Salud Dr. Walter Wallacey el Director del Hospital Dr. Javier Toneli como as\u00ed [&hellip;]<\/p>\n","protected":false},"author":3,"featured_media":0,"comment_status":"closed","ping_status":"open","sticky":false,"template":"","format":"standard","meta":{"footnotes":""},"categories":[30],"tags":[],"class_list":["post-15105","post","type-post","status-publish","format-standard","hentry","category-salud"],"yoast_head":"<!-- This site is optimized with the Yoast SEO plugin v25.9 - https:\/\/yoast.com\/wordpress\/plugins\/seo\/ -->\n<title>Habilitaron el sistema centralizado de ox\u00edgeno en el hospital municipal - Noticias Radio Reflejos<\/title>\n<meta name=\"robots\" content=\"index, follow, max-snippet:-1, max-image-preview:large, max-video-preview:-1\" \/>\n<link rel=\"canonical\" href=\"https:\/\/www.noticiasradioreflejos.com.ar\/2021\/habilitaron-el-sistema-centralizado-de-oxigeno-en-el-hospital-municipal\/\" \/>\n<meta property=\"og:locale\" content=\"es_ES\" \/>\n<meta property=\"og:type\" content=\"article\" \/>\n<meta property=\"og:title\" content=\"Habilitaron el sistema centralizado de ox\u00edgeno en el hospital municipal - Noticias Radio Reflejos\" \/>\n<meta property=\"og:description\" content=\"Unos diez minutos llev\u00f3 el simple acto de habilitaci\u00f3n del nuevo sistema centralizado de ox\u00edgeno durante la tarde de este viernes en el Hospital Municipal \u201cDr. Alberto Castro\u201d de nuestra ciudad. Del acto participaron el Intendente Municipal Sergio Bordoni, el Secretario de Salud Dr. Walter Wallacey el Director del Hospital Dr. Javier Toneli como as\u00ed [&hellip;]\" \/>\n<meta property=\"og:url\" content=\"https:\/\/www.noticiasradioreflejos.com.ar\/2021\/habilitaron-el-sistema-centralizado-de-oxigeno-en-el-hospital-municipal\/\" \/>\n<meta property=\"og:site_name\" content=\"Noticias Radio Reflejos\" \/>\n<meta property=\"article:published_time\" content=\"2017-10-06T22:44:47+00:00\" \/>\n<meta property=\"og:image\" content=\"http:\/\/farm5.staticflickr.com\/4498\/36869882733_cebc800c02.jpg\" \/>\n<meta name=\"author\" content=\"Arnaldo Botto\" \/>\n<meta name=\"twitter:card\" content=\"summary_large_image\" \/>\n<script type=\"application\/ld+json\" class=\"yoast-schema-graph\">{\"@context\":\"https:\/\/schema.org\",\"@graph\":[{\"@type\":\"WebPage\",\"@id\":\"https:\/\/www.noticiasradioreflejos.com.ar\/2021\/habilitaron-el-sistema-centralizado-de-oxigeno-en-el-hospital-municipal\/\",\"url\":\"https:\/\/www.noticiasradioreflejos.com.ar\/2021\/habilitaron-el-sistema-centralizado-de-oxigeno-en-el-hospital-municipal\/\",\"name\":\"Habilitaron el sistema centralizado de ox\u00edgeno en el hospital municipal - Noticias Radio Reflejos\",\"isPartOf\":{\"@id\":\"https:\/\/www.noticiasradioreflejos.com.ar\/2021\/#website\"},\"primaryImageOfPage\":{\"@id\":\"https:\/\/www.noticiasradioreflejos.com.ar\/2021\/habilitaron-el-sistema-centralizado-de-oxigeno-en-el-hospital-municipal\/#primaryimage\"},\"image\":{\"@id\":\"https:\/\/www.noticiasradioreflejos.com.ar\/2021\/habilitaron-el-sistema-centralizado-de-oxigeno-en-el-hospital-municipal\/#primaryimage\"},\"thumbnailUrl\":\"http:\/\/farm5.staticflickr.com\/4498\/36869882733_cebc800c02.jpg\",\"datePublished\":\"2017-10-06T22:44:47+00:00\",\"author\":{\"@id\":\"https:\/\/www.noticiasradioreflejos.com.ar\/2021\/#\/schema\/person\/ad82545263dcc5ec0996818884fd5fb1\"},\"breadcrumb\":{\"@id\":\"https:\/\/www.noticiasradioreflejos.com.ar\/2021\/habilitaron-el-sistema-centralizado-de-oxigeno-en-el-hospital-municipal\/#breadcrumb\"},\"inLanguage\":\"es\",\"potentialAction\":[{\"@type\":\"ReadAction\",\"target\":[\"https:\/\/www.noticiasradioreflejos.com.ar\/2021\/habilitaron-el-sistema-centralizado-de-oxigeno-en-el-hospital-municipal\/\"]}]},{\"@type\":\"ImageObject\",\"inLanguage\":\"es\",\"@id\":\"https:\/\/www.noticiasradioreflejos.com.ar\/2021\/habilitaron-el-sistema-centralizado-de-oxigeno-en-el-hospital-municipal\/#primaryimage\",\"url\":\"http:\/\/farm5.staticflickr.com\/4498\/36869882733_cebc800c02.jpg\",\"contentUrl\":\"http:\/\/farm5.staticflickr.com\/4498\/36869882733_cebc800c02.jpg\"},{\"@type\":\"BreadcrumbList\",\"@id\":\"https:\/\/www.noticiasradioreflejos.com.ar\/2021\/habilitaron-el-sistema-centralizado-de-oxigeno-en-el-hospital-municipal\/#breadcrumb\",\"itemListElement\":[{\"@type\":\"ListItem\",\"position\":1,\"name\":\"Portada\",\"item\":\"https:\/\/www.noticiasradioreflejos.com.ar\/2021\/\"},{\"@type\":\"ListItem\",\"position\":2,\"name\":\"Habilitaron el sistema centralizado de ox\u00edgeno en el hospital municipal\"}]},{\"@type\":\"WebSite\",\"@id\":\"https:\/\/www.noticiasradioreflejos.com.ar\/2021\/#website\",\"url\":\"https:\/\/www.noticiasradioreflejos.com.ar\/2021\/\",\"name\":\"Noticias Radio Reflejos\",\"description\":\"Las noticias de mi comarca\",\"potentialAction\":[{\"@type\":\"SearchAction\",\"target\":{\"@type\":\"EntryPoint\",\"urlTemplate\":\"https:\/\/www.noticiasradioreflejos.com.ar\/2021\/?s={search_term_string}\"},\"query-input\":{\"@type\":\"PropertyValueSpecification\",\"valueRequired\":true,\"valueName\":\"search_term_string\"}}],\"inLanguage\":\"es\"},{\"@type\":\"Person\",\"@id\":\"https:\/\/www.noticiasradioreflejos.com.ar\/2021\/#\/schema\/person\/ad82545263dcc5ec0996818884fd5fb1\",\"name\":\"Arnaldo Botto\",\"image\":{\"@type\":\"ImageObject\",\"inLanguage\":\"es\",\"@id\":\"https:\/\/www.noticiasradioreflejos.com.ar\/2021\/#\/schema\/person\/image\/\",\"url\":\"https:\/\/secure.gravatar.com\/avatar\/55cb5e37c1efa326397366e6974cb338056df65cb50e7d64d1cf314e87504837?s=96&d=mm&r=g\",\"contentUrl\":\"https:\/\/secure.gravatar.com\/avatar\/55cb5e37c1efa326397366e6974cb338056df65cb50e7d64d1cf314e87504837?s=96&d=mm&r=g\",\"caption\":\"Arnaldo Botto\"},\"url\":\"https:\/\/www.noticiasradioreflejos.com.ar\/2021\/author\/arnaldo\/\"}]}<\/script>\n<!-- \/ Yoast SEO plugin. -->","yoast_head_json":{"title":"Habilitaron el sistema centralizado de ox\u00edgeno en el hospital municipal - Noticias Radio Reflejos","robots":{"index":"index","follow":"follow","max-snippet":"max-snippet:-1","max-image-preview":"max-image-preview:large","max-video-preview":"max-video-preview:-1"},"canonical":"https:\/\/www.noticiasradioreflejos.com.ar\/2021\/habilitaron-el-sistema-centralizado-de-oxigeno-en-el-hospital-municipal\/","og_locale":"es_ES","og_type":"article","og_title":"Habilitaron el sistema centralizado de ox\u00edgeno en el hospital municipal - Noticias Radio Reflejos","og_description":"Unos diez minutos llev\u00f3 el simple acto de habilitaci\u00f3n del nuevo sistema centralizado de ox\u00edgeno durante la tarde de este viernes en el Hospital Municipal \u201cDr. Alberto Castro\u201d de nuestra ciudad. Del acto participaron el Intendente Municipal Sergio Bordoni, el Secretario de Salud Dr. Walter Wallacey el Director del Hospital Dr. Javier Toneli como as\u00ed [&hellip;]","og_url":"https:\/\/www.noticiasradioreflejos.com.ar\/2021\/habilitaron-el-sistema-centralizado-de-oxigeno-en-el-hospital-municipal\/","og_site_name":"Noticias Radio Reflejos","article_published_time":"2017-10-06T22:44:47+00:00","og_image":[{"url":"http:\/\/farm5.staticflickr.com\/4498\/36869882733_cebc800c02.jpg","type":"","width":"","height":""}],"author":"Arnaldo Botto","twitter_card":"summary_large_image","schema":{"@context":"https:\/\/schema.org","@graph":[{"@type":"WebPage","@id":"https:\/\/www.noticiasradioreflejos.com.ar\/2021\/habilitaron-el-sistema-centralizado-de-oxigeno-en-el-hospital-municipal\/","url":"https:\/\/www.noticiasradioreflejos.com.ar\/2021\/habilitaron-el-sistema-centralizado-de-oxigeno-en-el-hospital-municipal\/","name":"Habilitaron el sistema centralizado de ox\u00edgeno en el hospital municipal - Noticias Radio Reflejos","isPartOf":{"@id":"https:\/\/www.noticiasradioreflejos.com.ar\/2021\/#website"},"primaryImageOfPage":{"@id":"https:\/\/www.noticiasradioreflejos.com.ar\/2021\/habilitaron-el-sistema-centralizado-de-oxigeno-en-el-hospital-municipal\/#primaryimage"},"image":{"@id":"https:\/\/www.noticiasradioreflejos.com.ar\/2021\/habilitaron-el-sistema-centralizado-de-oxigeno-en-el-hospital-municipal\/#primaryimage"},"thumbnailUrl":"http:\/\/farm5.staticflickr.com\/4498\/36869882733_cebc800c02.jpg","datePublished":"2017-10-06T22:44:47+00:00","author":{"@id":"https:\/\/www.noticiasradioreflejos.com.ar\/2021\/#\/schema\/person\/ad82545263dcc5ec0996818884fd5fb1"},"breadcrumb":{"@id":"https:\/\/www.noticiasradioreflejos.com.ar\/2021\/habilitaron-el-sistema-centralizado-de-oxigeno-en-el-hospital-municipal\/#breadcrumb"},"inLanguage":"es","potentialAction":[{"@type":"ReadAction","target":["https:\/\/www.noticiasradioreflejos.com.ar\/2021\/habilitaron-el-sistema-centralizado-de-oxigeno-en-el-hospital-municipal\/"]}]},{"@type":"ImageObject","inLanguage":"es","@id":"https:\/\/www.noticiasradioreflejos.com.ar\/2021\/habilitaron-el-sistema-centralizado-de-oxigeno-en-el-hospital-municipal\/#primaryimage","url":"http:\/\/farm5.staticflickr.com\/4498\/36869882733_cebc800c02.jpg","contentUrl":"http:\/\/farm5.staticflickr.com\/4498\/36869882733_cebc800c02.jpg"},{"@type":"BreadcrumbList","@id":"https:\/\/www.noticiasradioreflejos.com.ar\/2021\/habilitaron-el-sistema-centralizado-de-oxigeno-en-el-hospital-municipal\/#breadcrumb","itemListElement":[{"@type":"ListItem","position":1,"name":"Portada","item":"https:\/\/www.noticiasradioreflejos.com.ar\/2021\/"},{"@type":"ListItem","position":2,"name":"Habilitaron el sistema centralizado de ox\u00edgeno en el hospital municipal"}]},{"@type":"WebSite","@id":"https:\/\/www.noticiasradioreflejos.com.ar\/2021\/#website","url":"https:\/\/www.noticiasradioreflejos.com.ar\/2021\/","name":"Noticias Radio Reflejos","description":"Las noticias de mi comarca","potentialAction":[{"@type":"SearchAction","target":{"@type":"EntryPoint","urlTemplate":"https:\/\/www.noticiasradioreflejos.com.ar\/2021\/?s={search_term_string}"},"query-input":{"@type":"PropertyValueSpecification","valueRequired":true,"valueName":"search_term_string"}}],"inLanguage":"es"},{"@type":"Person","@id":"https:\/\/www.noticiasradioreflejos.com.ar\/2021\/#\/schema\/person\/ad82545263dcc5ec0996818884fd5fb1","name":"Arnaldo Botto","image":{"@type":"ImageObject","inLanguage":"es","@id":"https:\/\/www.noticiasradioreflejos.com.ar\/2021\/#\/schema\/person\/image\/","url":"https:\/\/secure.gravatar.com\/avatar\/55cb5e37c1efa326397366e6974cb338056df65cb50e7d64d1cf314e87504837?s=96&d=mm&r=g","contentUrl":"https:\/\/secure.gravatar.com\/avatar\/55cb5e37c1efa326397366e6974cb338056df65cb50e7d64d1cf314e87504837?s=96&d=mm&r=g","caption":"Arnaldo Botto"},"url":"https:\/\/www.noticiasradioreflejos.com.ar\/2021\/author\/arnaldo\/"}]}},"_links":{"self":[{"href":"https:\/\/www.noticiasradioreflejos.com.ar\/2021\/wp-json\/wp\/v2\/posts\/15105","targetHints":{"allow":["GET"]}}],"collection":[{"href":"https:\/\/www.noticiasradioreflejos.com.ar\/2021\/wp-json\/wp\/v2\/posts"}],"about":[{"href":"https:\/\/www.noticiasradioreflejos.com.ar\/2021\/wp-json\/wp\/v2\/types\/post"}],"author":[{"embeddable":true,"href":"https:\/\/www.noticiasradioreflejos.com.ar\/2021\/wp-json\/wp\/v2\/users\/3"}],"replies":[{"embeddable":true,"href":"https:\/\/www.noticiasradioreflejos.com.ar\/2021\/wp-json\/wp\/v2\/comments?post=15105"}],"version-history":[{"count":0,"href":"https:\/\/www.noticiasradioreflejos.com.ar\/2021\/wp-json\/wp\/v2\/posts\/15105\/revisions"}],"wp:attachment":[{"href":"https:\/\/www.noticiasradioreflejos.com.ar\/2021\/wp-json\/wp\/v2\/media?parent=15105"}],"wp:term":[{"taxonomy":"category","embeddable":true,"href":"https:\/\/www.noticiasradioreflejos.com.ar\/2021\/wp-json\/wp\/v2\/categories?post=15105"},{"taxonomy":"post_tag","embeddable":true,"href":"https:\/\/www.noticiasradioreflejos.com.ar\/2021\/wp-json\/wp\/v2\/tags?post=15105"}],"curies":[{"name":"wp","href":"https:\/\/api.w.org\/{rel}","templated":true}]}}