{"id":151,"date":"2016-08-27T14:23:16","date_gmt":"2016-08-27T14:23:16","guid":{"rendered":"http:\/\/noticiasradioreflejos.com.ar\/noticias\/?p=151"},"modified":"2016-08-27T14:23:16","modified_gmt":"2016-08-27T14:23:16","slug":"el-intendente-se-reunio-con-los-ganadores-del-presupuesto-participativo","status":"publish","type":"post","link":"https:\/\/www.noticiasradioreflejos.com.ar\/2021\/el-intendente-se-reunio-con-los-ganadores-del-presupuesto-participativo\/","title":{"rendered":"El Intendente se reuni\u00f3 con los ganadores del Presupuesto participativo"},"content":{"rendered":"<p><a title=\"DSC_0445\" href=\"http:\/\/farm9.staticflickr.com\/8506\/28976465870_d9406f31fc.jpg\" rel=\"\"><img loading=\"lazy\" decoding=\"async\" class=\"aligncenter\" title=\"DSC_0445\" src=\"http:\/\/farm9.staticflickr.com\/8506\/28976465870_d9406f31fc.jpg\" alt=\"DSC_0445\" width=\"500\" height=\"333\" \/><\/a><br \/>\nEn la Sala de Situaciones del palacio municipal se llev\u00f3 a cabo ayer, jueves 25, una reuni\u00f3n informativa con los titulares de los proyectos ganadores de presupuesto participativo.Durante el encuentro se procedi\u00f3 a informar como se van a ir concretando cada uno de los proyectos.<br \/>\n<!--more--><br \/>\nPosteriormente el intendente municipal, Sergio Bordoni, firm\u00f3 con cada uno de ellos un acta, en donde quedo plasmado el compromiso del municipio de llevar adelante cada uno de los proyectos elegidos.<br \/>\nAcompa\u00f1aron al mandatario el Secretario de Gobierno, Ezequiel Gabella, la Directora de Hacienda, Natalia Dalponte y la Directora de Comunicaci\u00f3n, Nadia P\u00e9rez.<br \/>\n<a title=\"DSC_0422\" href=\"http:\/\/farm9.staticflickr.com\/8395\/28976504560_3d9a5957f6_s.jpg\" rel=\"\"><img loading=\"lazy\" decoding=\"async\" title=\"DSC_0422\" src=\"http:\/\/farm9.staticflickr.com\/8395\/28976504560_3d9a5957f6_z.jpg\" alt=\"DSC_0422\" width=\"640\" height=\"427\" \/><\/a><br \/>\n<a title=\"DSC_0420\" href=\"http:\/\/farm9.staticflickr.com\/8473\/29186154201_1fde23b639_z.jpg\" rel=\"\"><img loading=\"lazy\" decoding=\"async\" title=\"DSC_0420\" src=\"http:\/\/farm9.staticflickr.com\/8473\/29186154201_1fde23b639_z.jpg\" alt=\"DSC_0420\" width=\"640\" height=\"427\" \/><\/a><br \/>\n<a title=\"DSC_0415\" href=\"http:\/\/farm9.staticflickr.com\/8828\/29186184421_b02c5f25f5_z.jpg\" rel=\"\"><img loading=\"lazy\" decoding=\"async\" title=\"DSC_0415\" src=\"http:\/\/farm9.staticflickr.com\/8828\/29186184421_b02c5f25f5.jpg\" alt=\"DSC_0415\" width=\"500\" height=\"333\" \/><\/a><br \/>\n<a title=\"DSC_0411\" href=\"http:\/\/farm9.staticflickr.com\/8464\/28641626944_9bda64e377.jpg\" rel=\"\"><img loading=\"lazy\" decoding=\"async\" title=\"DSC_0411\" src=\"http:\/\/farm9.staticflickr.com\/8464\/28641626944_9bda64e377.jpg\" alt=\"DSC_0411\" width=\"500\" height=\"333\" \/><\/a><br \/>\n<a title=\"DSC_0408\" href=\"http:\/\/farm9.staticflickr.com\/8897\/29186056691_2e7ac66584.jpg\" rel=\"\"><img loading=\"lazy\" decoding=\"async\" title=\"DSC_0408\" src=\"http:\/\/farm9.staticflickr.com\/8897\/29186056691_2e7ac66584.jpg\" alt=\"DSC_0408\" width=\"500\" height=\"333\" \/><\/a><br \/>\n<a title=\"DSC_0402\" href=\"http:\/\/farm9.staticflickr.com\/8452\/28641666684_d3a0edaf17.jpg\" rel=\"\"><img loading=\"lazy\" decoding=\"async\" title=\"DSC_0402\" src=\"http:\/\/farm9.staticflickr.com\/8452\/28641666684_d3a0edaf17.jpg\" alt=\"DSC_0402\" width=\"500\" height=\"333\" \/><\/a><br \/>\n&nbsp;<\/p>\n","protected":false},"excerpt":{"rendered":"<p>En la Sala de Situaciones del palacio municipal se llev\u00f3 a cabo ayer, jueves 25, una reuni\u00f3n informativa con los titulares de los proyectos ganadores de presupuesto participativo.Durante el encuentro se procedi\u00f3 a informar como se van a ir concretando cada uno de los proyectos.<\/p>\n","protected":false},"author":3,"featured_media":0,"comment_status":"closed","ping_status":"open","sticky":false,"template":"","format":"standard","meta":{"footnotes":""},"categories":[28],"tags":[],"class_list":["post-151","post","type-post","status-publish","format-standard","hentry","category-municipales"],"yoast_head":"<!-- This site is optimized with the Yoast SEO plugin v25.9 - https:\/\/yoast.com\/wordpress\/plugins\/seo\/ -->\n<title>El Intendente se reuni\u00f3 con los ganadores del Presupuesto participativo - Noticias Radio Reflejos<\/title>\n<meta name=\"robots\" content=\"index, follow, max-snippet:-1, max-image-preview:large, max-video-preview:-1\" \/>\n<link rel=\"canonical\" href=\"https:\/\/www.noticiasradioreflejos.com.ar\/2021\/el-intendente-se-reunio-con-los-ganadores-del-presupuesto-participativo\/\" \/>\n<meta property=\"og:locale\" content=\"es_ES\" \/>\n<meta property=\"og:type\" content=\"article\" \/>\n<meta property=\"og:title\" content=\"El Intendente se reuni\u00f3 con los ganadores del Presupuesto participativo - Noticias Radio Reflejos\" \/>\n<meta property=\"og:description\" content=\"En la Sala de Situaciones del palacio municipal se llev\u00f3 a cabo ayer, jueves 25, una reuni\u00f3n informativa con los titulares de los proyectos ganadores de presupuesto participativo.Durante el encuentro se procedi\u00f3 a informar como se van a ir concretando cada uno de los proyectos.\" \/>\n<meta property=\"og:url\" content=\"https:\/\/www.noticiasradioreflejos.com.ar\/2021\/el-intendente-se-reunio-con-los-ganadores-del-presupuesto-participativo\/\" \/>\n<meta property=\"og:site_name\" content=\"Noticias Radio Reflejos\" \/>\n<meta property=\"article:published_time\" content=\"2016-08-27T14:23:16+00:00\" \/>\n<meta property=\"og:image\" content=\"http:\/\/farm9.staticflickr.com\/8506\/28976465870_d9406f31fc.jpg\" \/>\n<meta name=\"author\" content=\"Arnaldo Botto\" \/>\n<meta name=\"twitter:card\" content=\"summary_large_image\" \/>\n<script type=\"application\/ld+json\" class=\"yoast-schema-graph\">{\"@context\":\"https:\/\/schema.org\",\"@graph\":[{\"@type\":\"WebPage\",\"@id\":\"https:\/\/www.noticiasradioreflejos.com.ar\/2021\/el-intendente-se-reunio-con-los-ganadores-del-presupuesto-participativo\/\",\"url\":\"https:\/\/www.noticiasradioreflejos.com.ar\/2021\/el-intendente-se-reunio-con-los-ganadores-del-presupuesto-participativo\/\",\"name\":\"El Intendente se reuni\u00f3 con los ganadores del Presupuesto participativo - Noticias Radio Reflejos\",\"isPartOf\":{\"@id\":\"https:\/\/www.noticiasradioreflejos.com.ar\/2021\/#website\"},\"primaryImageOfPage\":{\"@id\":\"https:\/\/www.noticiasradioreflejos.com.ar\/2021\/el-intendente-se-reunio-con-los-ganadores-del-presupuesto-participativo\/#primaryimage\"},\"image\":{\"@id\":\"https:\/\/www.noticiasradioreflejos.com.ar\/2021\/el-intendente-se-reunio-con-los-ganadores-del-presupuesto-participativo\/#primaryimage\"},\"thumbnailUrl\":\"http:\/\/farm9.staticflickr.com\/8506\/28976465870_d9406f31fc.jpg\",\"datePublished\":\"2016-08-27T14:23:16+00:00\",\"author\":{\"@id\":\"https:\/\/www.noticiasradioreflejos.com.ar\/2021\/#\/schema\/person\/ad82545263dcc5ec0996818884fd5fb1\"},\"breadcrumb\":{\"@id\":\"https:\/\/www.noticiasradioreflejos.com.ar\/2021\/el-intendente-se-reunio-con-los-ganadores-del-presupuesto-participativo\/#breadcrumb\"},\"inLanguage\":\"es\",\"potentialAction\":[{\"@type\":\"ReadAction\",\"target\":[\"https:\/\/www.noticiasradioreflejos.com.ar\/2021\/el-intendente-se-reunio-con-los-ganadores-del-presupuesto-participativo\/\"]}]},{\"@type\":\"ImageObject\",\"inLanguage\":\"es\",\"@id\":\"https:\/\/www.noticiasradioreflejos.com.ar\/2021\/el-intendente-se-reunio-con-los-ganadores-del-presupuesto-participativo\/#primaryimage\",\"url\":\"http:\/\/farm9.staticflickr.com\/8506\/28976465870_d9406f31fc.jpg\",\"contentUrl\":\"http:\/\/farm9.staticflickr.com\/8506\/28976465870_d9406f31fc.jpg\"},{\"@type\":\"BreadcrumbList\",\"@id\":\"https:\/\/www.noticiasradioreflejos.com.ar\/2021\/el-intendente-se-reunio-con-los-ganadores-del-presupuesto-participativo\/#breadcrumb\",\"itemListElement\":[{\"@type\":\"ListItem\",\"position\":1,\"name\":\"Portada\",\"item\":\"https:\/\/www.noticiasradioreflejos.com.ar\/2021\/\"},{\"@type\":\"ListItem\",\"position\":2,\"name\":\"El Intendente se reuni\u00f3 con los ganadores del Presupuesto participativo\"}]},{\"@type\":\"WebSite\",\"@id\":\"https:\/\/www.noticiasradioreflejos.com.ar\/2021\/#website\",\"url\":\"https:\/\/www.noticiasradioreflejos.com.ar\/2021\/\",\"name\":\"Noticias Radio Reflejos\",\"description\":\"Las noticias de mi comarca\",\"potentialAction\":[{\"@type\":\"SearchAction\",\"target\":{\"@type\":\"EntryPoint\",\"urlTemplate\":\"https:\/\/www.noticiasradioreflejos.com.ar\/2021\/?s={search_term_string}\"},\"query-input\":{\"@type\":\"PropertyValueSpecification\",\"valueRequired\":true,\"valueName\":\"search_term_string\"}}],\"inLanguage\":\"es\"},{\"@type\":\"Person\",\"@id\":\"https:\/\/www.noticiasradioreflejos.com.ar\/2021\/#\/schema\/person\/ad82545263dcc5ec0996818884fd5fb1\",\"name\":\"Arnaldo Botto\",\"image\":{\"@type\":\"ImageObject\",\"inLanguage\":\"es\",\"@id\":\"https:\/\/www.noticiasradioreflejos.com.ar\/2021\/#\/schema\/person\/image\/\",\"url\":\"https:\/\/secure.gravatar.com\/avatar\/55cb5e37c1efa326397366e6974cb338056df65cb50e7d64d1cf314e87504837?s=96&d=mm&r=g\",\"contentUrl\":\"https:\/\/secure.gravatar.com\/avatar\/55cb5e37c1efa326397366e6974cb338056df65cb50e7d64d1cf314e87504837?s=96&d=mm&r=g\",\"caption\":\"Arnaldo Botto\"},\"url\":\"https:\/\/www.noticiasradioreflejos.com.ar\/2021\/author\/arnaldo\/\"}]}<\/script>\n<!-- \/ Yoast SEO plugin. -->","yoast_head_json":{"title":"El Intendente se reuni\u00f3 con los ganadores del Presupuesto participativo - Noticias Radio Reflejos","robots":{"index":"index","follow":"follow","max-snippet":"max-snippet:-1","max-image-preview":"max-image-preview:large","max-video-preview":"max-video-preview:-1"},"canonical":"https:\/\/www.noticiasradioreflejos.com.ar\/2021\/el-intendente-se-reunio-con-los-ganadores-del-presupuesto-participativo\/","og_locale":"es_ES","og_type":"article","og_title":"El Intendente se reuni\u00f3 con los ganadores del Presupuesto participativo - Noticias Radio Reflejos","og_description":"En la Sala de Situaciones del palacio municipal se llev\u00f3 a cabo ayer, jueves 25, una reuni\u00f3n informativa con los titulares de los proyectos ganadores de presupuesto participativo.Durante el encuentro se procedi\u00f3 a informar como se van a ir concretando cada uno de los proyectos.","og_url":"https:\/\/www.noticiasradioreflejos.com.ar\/2021\/el-intendente-se-reunio-con-los-ganadores-del-presupuesto-participativo\/","og_site_name":"Noticias Radio Reflejos","article_published_time":"2016-08-27T14:23:16+00:00","og_image":[{"url":"http:\/\/farm9.staticflickr.com\/8506\/28976465870_d9406f31fc.jpg","type":"","width":"","height":""}],"author":"Arnaldo Botto","twitter_card":"summary_large_image","schema":{"@context":"https:\/\/schema.org","@graph":[{"@type":"WebPage","@id":"https:\/\/www.noticiasradioreflejos.com.ar\/2021\/el-intendente-se-reunio-con-los-ganadores-del-presupuesto-participativo\/","url":"https:\/\/www.noticiasradioreflejos.com.ar\/2021\/el-intendente-se-reunio-con-los-ganadores-del-presupuesto-participativo\/","name":"El Intendente se reuni\u00f3 con los ganadores del Presupuesto participativo - Noticias Radio Reflejos","isPartOf":{"@id":"https:\/\/www.noticiasradioreflejos.com.ar\/2021\/#website"},"primaryImageOfPage":{"@id":"https:\/\/www.noticiasradioreflejos.com.ar\/2021\/el-intendente-se-reunio-con-los-ganadores-del-presupuesto-participativo\/#primaryimage"},"image":{"@id":"https:\/\/www.noticiasradioreflejos.com.ar\/2021\/el-intendente-se-reunio-con-los-ganadores-del-presupuesto-participativo\/#primaryimage"},"thumbnailUrl":"http:\/\/farm9.staticflickr.com\/8506\/28976465870_d9406f31fc.jpg","datePublished":"2016-08-27T14:23:16+00:00","author":{"@id":"https:\/\/www.noticiasradioreflejos.com.ar\/2021\/#\/schema\/person\/ad82545263dcc5ec0996818884fd5fb1"},"breadcrumb":{"@id":"https:\/\/www.noticiasradioreflejos.com.ar\/2021\/el-intendente-se-reunio-con-los-ganadores-del-presupuesto-participativo\/#breadcrumb"},"inLanguage":"es","potentialAction":[{"@type":"ReadAction","target":["https:\/\/www.noticiasradioreflejos.com.ar\/2021\/el-intendente-se-reunio-con-los-ganadores-del-presupuesto-participativo\/"]}]},{"@type":"ImageObject","inLanguage":"es","@id":"https:\/\/www.noticiasradioreflejos.com.ar\/2021\/el-intendente-se-reunio-con-los-ganadores-del-presupuesto-participativo\/#primaryimage","url":"http:\/\/farm9.staticflickr.com\/8506\/28976465870_d9406f31fc.jpg","contentUrl":"http:\/\/farm9.staticflickr.com\/8506\/28976465870_d9406f31fc.jpg"},{"@type":"BreadcrumbList","@id":"https:\/\/www.noticiasradioreflejos.com.ar\/2021\/el-intendente-se-reunio-con-los-ganadores-del-presupuesto-participativo\/#breadcrumb","itemListElement":[{"@type":"ListItem","position":1,"name":"Portada","item":"https:\/\/www.noticiasradioreflejos.com.ar\/2021\/"},{"@type":"ListItem","position":2,"name":"El Intendente se reuni\u00f3 con los ganadores del Presupuesto participativo"}]},{"@type":"WebSite","@id":"https:\/\/www.noticiasradioreflejos.com.ar\/2021\/#website","url":"https:\/\/www.noticiasradioreflejos.com.ar\/2021\/","name":"Noticias Radio Reflejos","description":"Las noticias de mi comarca","potentialAction":[{"@type":"SearchAction","target":{"@type":"EntryPoint","urlTemplate":"https:\/\/www.noticiasradioreflejos.com.ar\/2021\/?s={search_term_string}"},"query-input":{"@type":"PropertyValueSpecification","valueRequired":true,"valueName":"search_term_string"}}],"inLanguage":"es"},{"@type":"Person","@id":"https:\/\/www.noticiasradioreflejos.com.ar\/2021\/#\/schema\/person\/ad82545263dcc5ec0996818884fd5fb1","name":"Arnaldo Botto","image":{"@type":"ImageObject","inLanguage":"es","@id":"https:\/\/www.noticiasradioreflejos.com.ar\/2021\/#\/schema\/person\/image\/","url":"https:\/\/secure.gravatar.com\/avatar\/55cb5e37c1efa326397366e6974cb338056df65cb50e7d64d1cf314e87504837?s=96&d=mm&r=g","contentUrl":"https:\/\/secure.gravatar.com\/avatar\/55cb5e37c1efa326397366e6974cb338056df65cb50e7d64d1cf314e87504837?s=96&d=mm&r=g","caption":"Arnaldo Botto"},"url":"https:\/\/www.noticiasradioreflejos.com.ar\/2021\/author\/arnaldo\/"}]}},"_links":{"self":[{"href":"https:\/\/www.noticiasradioreflejos.com.ar\/2021\/wp-json\/wp\/v2\/posts\/151","targetHints":{"allow":["GET"]}}],"collection":[{"href":"https:\/\/www.noticiasradioreflejos.com.ar\/2021\/wp-json\/wp\/v2\/posts"}],"about":[{"href":"https:\/\/www.noticiasradioreflejos.com.ar\/2021\/wp-json\/wp\/v2\/types\/post"}],"author":[{"embeddable":true,"href":"https:\/\/www.noticiasradioreflejos.com.ar\/2021\/wp-json\/wp\/v2\/users\/3"}],"replies":[{"embeddable":true,"href":"https:\/\/www.noticiasradioreflejos.com.ar\/2021\/wp-json\/wp\/v2\/comments?post=151"}],"version-history":[{"count":0,"href":"https:\/\/www.noticiasradioreflejos.com.ar\/2021\/wp-json\/wp\/v2\/posts\/151\/revisions"}],"wp:attachment":[{"href":"https:\/\/www.noticiasradioreflejos.com.ar\/2021\/wp-json\/wp\/v2\/media?parent=151"}],"wp:term":[{"taxonomy":"category","embeddable":true,"href":"https:\/\/www.noticiasradioreflejos.com.ar\/2021\/wp-json\/wp\/v2\/categories?post=151"},{"taxonomy":"post_tag","embeddable":true,"href":"https:\/\/www.noticiasradioreflejos.com.ar\/2021\/wp-json\/wp\/v2\/tags?post=151"}],"curies":[{"name":"wp","href":"https:\/\/api.w.org\/{rel}","templated":true}]}}