{"id":15097,"date":"2017-10-06T19:26:18","date_gmt":"2017-10-06T22:26:18","guid":{"rendered":"http:\/\/www.noticiasradioreflejos.com.ar\/noticias\/?p=15097"},"modified":"2017-10-06T19:26:18","modified_gmt":"2017-10-06T22:26:18","slug":"15097","status":"publish","type":"post","link":"https:\/\/www.noticiasradioreflejos.com.ar\/2021\/15097\/","title":{"rendered":"Qued\u00f3 inaugurado el Mercado Comunitario de Saldungaray."},"content":{"rendered":"<p><a title=\"Reinaug. M (43)\" href=\"http:\/\/farm5.staticflickr.com\/4490\/36869661103_f3af6f8ee1.jpg\" rel=\"\"><img loading=\"lazy\" decoding=\"async\" class=\"alignleft\" style=\"float: left;\" title=\"Reinaug. M (43)\" src=\"http:\/\/farm5.staticflickr.com\/4490\/36869661103_f3af6f8ee1.jpg\" alt=\"Reinaug. M (43)\" width=\"500\" height=\"281\" \/><\/a>Este viernes, abri\u00f3 oficialmente sus puertas el Mercado Comunitario de Saldungaray, lugar donde 17 familias emprendedoras pueden tener finalmente un espacio de producci\u00f3n y comercializaci\u00f3n de sus productos, en el marco de un proyecto que busca, adem\u00e1s, dar respuesta a la creciente demanda del sector tur\u00edstico.<br \/>\nEn el acto de inauguraci\u00f3n, que se realiz\u00f3 frente a una obra emblem\u00e1tica del Ingeniero Francisco Salamone en Donado y Belgrano y que fuera inaugurada en el gobierno de Manuel Fresco el 15 de Octubre de 1938, estuvieron presentes el secretario nacional de Econom\u00eda Social, Mat\u00edas Kelly, junto al intendente Sergio Bordoni.<br \/>\nAdem\u00e1s acompa\u00f1aron Nidia Moirano Senadora de cambiemos y Santiago Nardelli que encabeza la lista del frente como Diputado Provincial como as\u00ed tambi\u00e9n otras autoridades del municipio.<!--more--><br \/>\nA trav\u00e9s de la Secretar\u00eda de Econom\u00eda Social, el Ministerio de Desarrollo Social de la Naci\u00f3n brind\u00f3 apoyo t\u00e9cnico y financiero al proyecto, lo que permiti\u00f3 la adquisici\u00f3n de maquinarias, equipamientos, insumos, y capacitaciones. Lograron comprar m\u00e1quinas, hornos, trinchadoras y refaccionar las instalaciones de un predio abandonado desde hace 30 a\u00f1os.<br \/>\nSon 17 puestos de trabajo efectivos, dando origen a polos de producci\u00f3n regional y marcas colectivas que respalden la calidad de los productos favoreciendo al turismo.<br \/>\n<a title=\"Reinaug. M (68)\" href=\"http:\/\/farm5.staticflickr.com\/4477\/23686970608_b8cca52562_z.jpg\" rel=\"\"><img loading=\"lazy\" decoding=\"async\" class=\"aligncenter\" title=\"Reinaug. M (68)\" src=\"http:\/\/farm5.staticflickr.com\/4477\/23686970608_b8cca52562_z.jpg\" alt=\"Reinaug. M (68)\" width=\"640\" height=\"360\" \/><\/a><br \/>\nLa Secretaria de Turismo Susana Dos Santos destac\u00f3 en las palabras de apertura del acto el gran trabajo que realizaron en conjunto con productores, municipio y naci\u00f3n para llevar a cabo este emprendimiento.<br \/>\n\u201cRealmente estoy muy emocionada.Trabajamos much\u00edsimo y con trabajo y esfuerzo las cosas salen. Como lo dijo el ministro de turismo necesitamos \u201cEl sabor de lo nuestro\u201d porque de los millones de pesos que entran, no todo ese porcentaje queda en el distrito porque gran parte se compra fuera del distrito y la idea es poder ir recuperando cada sector, la huerta, los frutales, los panes y poder venderle al sector gastron\u00f3mico no m\u00e1s productos congelados que vengan de otros distritos sino que sean nuestros, desde esta sala de elaboraci\u00f3n\u201d resalt\u00f3.<br \/>\nUna de las personas que vender\u00e1 sus productos tambi\u00e9n agradeci\u00f3 p\u00fablicamente. Diego Peloso dijo que hace 8 a\u00f1os se encuentra radicado en la localidad.<br \/>\n<a title=\"Reinaug. M (51)\" href=\"http:\/\/farm5.staticflickr.com\/4491\/23686981088_0167554b2e_z.jpg\" rel=\"\"><img loading=\"lazy\" decoding=\"async\" class=\"aligncenter\" title=\"Reinaug. M (51)\" src=\"http:\/\/farm5.staticflickr.com\/4491\/23686981088_0167554b2e_z.jpg\" alt=\"Reinaug. M (51)\" width=\"640\" height=\"360\" \/><\/a><br \/>\n\u201cHoy cumplimos un sue\u00f1o y se ha hecho realidad tener nuestro propio lugar para poder demostrar lo que me ense\u00f1\u00f3 mi padre de oficio y saber que cada uno de los productores que est\u00e1n en este lugar hacen productos de maravilla y muchas veces no pod\u00edamos mostrarlo. Esta puerta que se ha abierto no se va a cerrar y el lugar no tiene cima. Seguir\u00e1n nuestros hijos como herencia. Me llena mucho de alegr\u00eda\u201d remarc\u00f3.<br \/>\nEl Intendente Sergio \u201cPino\u201d Bordoni tambi\u00e9n se mostr\u00f3 muy contento por haber logrado un lugar adecuado con la maquinaria necesaria que permite trabajar dignamente en un marco de higiene segura y con control bromatol\u00f3gico estricto en la manipulaci\u00f3n de alimentos.<br \/>\n\u201cEste es un d\u00eda muy especial no solo para la localidad de Saldungaray sino para todo el distrito porque \u00e9sta es una obra que va a trascender y es importante haberla culminado. Se hizo con un 80 o 90% de mano de obra municipal porque muchas veces se pensaba que el empleado municipal no trabajaba y sin embargo hemos tenido prueba fehaciente desde que estamos en la administraci\u00f3n en 2015 que todos los empleados municipales se han puesto la camiseta del distrito y han estado trabajando codo a codo con nuestro ejecutivo sin distinci\u00f3n de banderas pol\u00edticas\u201d dijo.<br \/>\nEs importante el crecimiento, continu\u00f3 diciendo \u201cLa gente tiene que emprender y ser independiente de un gobierno y esto es lo que a nosotros nos llena de satisfacci\u00f3n. Estamos haciendo lo que hay que hacer y es lo que a nivel provincial y nacional se nos est\u00e1 inculcando. Que los fondos p\u00fablicos se inviertan donde deben ser invertidos y que sea con total transparencia y honestidad de seguir trabajando en forma conjunta con todas las entidades intermedias que tenemos en nuestro distrito\u201d<br \/>\nSobre el acompa\u00f1amiento de su equipo remarc\u00f3. \u201cEstoy eternamente agradecido porque yo soy la cara visible pero detr\u00e1s de m\u00ed hay mucha gente que trabaja y le mete much\u00edsimas horas porque d\u00eda a d\u00eda vamos haciendo cosas para que la gente pueda disfrutarlas. Yo vengo de instituciones intermedias donde cuesta juntar pesito por pesito para poder mantenerlas y el estado municipal tiene que aportar a eso por la contenci\u00f3n social y comunitaria que hacen\u201d finaliz\u00f3<br \/>\n<a title=\"Reinaug. M (56)\" href=\"http:\/\/farm5.staticflickr.com\/4453\/23686979408_6d80412033_z.jpg\" rel=\"\"><img loading=\"lazy\" decoding=\"async\" class=\"aligncenter\" title=\"Reinaug. M (56)\" src=\"http:\/\/farm5.staticflickr.com\/4453\/23686979408_6d80412033_z.jpg\" alt=\"Reinaug. M (56)\" width=\"640\" height=\"360\" \/><\/a><br \/>\nEl Secretario Nacional de Econom\u00eda Social, Mat\u00edas Kelly en representaci\u00f3n de la Ministra Carolina Stanley dej\u00f3 su impresi\u00f3n en la habilitaci\u00f3n del mercado comunitario.<br \/>\n\u201cEs una maravilla estar ac\u00e1. Hoy pensaba en los productores y me preguntaba que hacemos tantas personas ac\u00e1? Y b\u00e1sicamente lo que hacemos es estar cerca de ustedes porque es bueno entender que la \u00fanica forma de trabajar con un estado nacional, el municipio, el Inta, los productores es todos juntos porque entendemos la necesidad de que cualquier vecino le pueda comprar a alguien que sabe qui\u00e9n es. Es un lujo porque la plata de ustedes le llega a otros vecinos que necesitan un poco m\u00e1s. No hubiese sido posible sin tener un socio como el municipio\u201d manifest\u00f3.<br \/>\nEl padre Juan Carlos De Piazza tuvo a su cargo la bendici\u00f3n de las instalaciones y luego las autoridades y un representante de los productores realizaron el corte de cinta para dejar habilitado el lugar que vuelve a funcionar a casi 80 a\u00f1os de su inauguraci\u00f3n.<br \/>\nCon este proyecto se busca fortalecer la econom\u00eda regional, posicionando a la producci\u00f3n local como abastecedora de alimentos caseros, sanos y artesanales.<br \/>\nEn el patio del lugar se sirvieron s\u00e1ndwich calientes de cerdo al disco , platos elaborados dulces y salados. Vinos y gaseosas en un d\u00eda soleado que invit\u00f3 a la degustaci\u00f3n de productos locales con muy buen sabor.<br \/>\n<iframe loading=\"lazy\" src=\"https:\/\/w.soundcloud.com\/player\/?url=https%3A\/\/api.soundcloud.com\/tracks\/345695471&amp;color=%23ff5500&amp;auto_play=false&amp;hide_related=false&amp;show_comments=true&amp;show_user=true&amp;show_reposts=false&amp;show_teaser=true\" width=\"100%\" height=\"166\" frameborder=\"no\" scrolling=\"no\"><\/iframe><br \/>\n<iframe loading=\"lazy\" src=\"https:\/\/w.soundcloud.com\/player\/?url=https%3A\/\/api.soundcloud.com\/tracks\/345700037&amp;color=%23ff5500&amp;auto_play=false&amp;hide_related=false&amp;show_comments=true&amp;show_user=true&amp;show_reposts=false&amp;show_teaser=true\" width=\"100%\" height=\"166\" frameborder=\"no\" scrolling=\"no\"><\/iframe><br \/>\n<iframe loading=\"lazy\" src=\"https:\/\/w.soundcloud.com\/player\/?url=https%3A\/\/api.soundcloud.com\/tracks\/345699821&amp;color=%23ff5500&amp;auto_play=false&amp;hide_related=false&amp;show_comments=true&amp;show_user=true&amp;show_reposts=false&amp;show_teaser=true\" width=\"100%\" height=\"166\" frameborder=\"no\" scrolling=\"no\"><\/iframe><br \/>\n<iframe loading=\"lazy\" src=\"https:\/\/w.soundcloud.com\/player\/?url=https%3A\/\/api.soundcloud.com\/tracks\/345699326&amp;color=%23ff5500&amp;auto_play=false&amp;hide_related=false&amp;show_comments=true&amp;show_user=true&amp;show_reposts=false&amp;show_teaser=true\" width=\"100%\" height=\"166\" frameborder=\"no\" scrolling=\"no\"><\/iframe><br \/>\n<a href=\"https:\/\/www.facebook.com\/reflejosfm\/media_set?set=a.10214351043678735.1073742064.1496587978&amp;type=3&amp;pnref=story\"><strong>FOTOS<\/strong><\/a><\/p>\n","protected":false},"excerpt":{"rendered":"<p>Este viernes, abri\u00f3 oficialmente sus puertas el Mercado Comunitario de Saldungaray, lugar donde 17 familias emprendedoras pueden tener finalmente un espacio de producci\u00f3n y comercializaci\u00f3n de sus productos, en el marco de un proyecto que busca, adem\u00e1s, dar respuesta a la creciente demanda del sector tur\u00edstico. En el acto de inauguraci\u00f3n, que se realiz\u00f3 frente [&hellip;]<\/p>\n","protected":false},"author":3,"featured_media":0,"comment_status":"closed","ping_status":"open","sticky":false,"template":"","format":"standard","meta":{"footnotes":""},"categories":[28],"tags":[],"class_list":["post-15097","post","type-post","status-publish","format-standard","hentry","category-municipales"],"yoast_head":"<!-- This site is optimized with the Yoast SEO plugin v25.9 - https:\/\/yoast.com\/wordpress\/plugins\/seo\/ -->\n<title>Qued\u00f3 inaugurado el Mercado Comunitario de Saldungaray. - Noticias Radio Reflejos<\/title>\n<meta name=\"robots\" content=\"index, follow, max-snippet:-1, max-image-preview:large, max-video-preview:-1\" \/>\n<link rel=\"canonical\" href=\"https:\/\/www.noticiasradioreflejos.com.ar\/2021\/15097\/\" \/>\n<meta property=\"og:locale\" content=\"es_ES\" \/>\n<meta property=\"og:type\" content=\"article\" \/>\n<meta property=\"og:title\" content=\"Qued\u00f3 inaugurado el Mercado Comunitario de Saldungaray. - Noticias Radio Reflejos\" \/>\n<meta property=\"og:description\" content=\"Este viernes, abri\u00f3 oficialmente sus puertas el Mercado Comunitario de Saldungaray, lugar donde 17 familias emprendedoras pueden tener finalmente un espacio de producci\u00f3n y comercializaci\u00f3n de sus productos, en el marco de un proyecto que busca, adem\u00e1s, dar respuesta a la creciente demanda del sector tur\u00edstico. En el acto de inauguraci\u00f3n, que se realiz\u00f3 frente [&hellip;]\" \/>\n<meta property=\"og:url\" content=\"https:\/\/www.noticiasradioreflejos.com.ar\/2021\/15097\/\" \/>\n<meta property=\"og:site_name\" content=\"Noticias Radio Reflejos\" \/>\n<meta property=\"article:published_time\" content=\"2017-10-06T22:26:18+00:00\" \/>\n<meta property=\"og:image\" content=\"http:\/\/farm5.staticflickr.com\/4490\/36869661103_f3af6f8ee1.jpg\" \/>\n<meta name=\"author\" content=\"Arnaldo Botto\" \/>\n<meta name=\"twitter:card\" content=\"summary_large_image\" \/>\n<script type=\"application\/ld+json\" class=\"yoast-schema-graph\">{\"@context\":\"https:\/\/schema.org\",\"@graph\":[{\"@type\":\"WebPage\",\"@id\":\"https:\/\/www.noticiasradioreflejos.com.ar\/2021\/15097\/\",\"url\":\"https:\/\/www.noticiasradioreflejos.com.ar\/2021\/15097\/\",\"name\":\"Qued\u00f3 inaugurado el Mercado Comunitario de Saldungaray. - Noticias Radio Reflejos\",\"isPartOf\":{\"@id\":\"https:\/\/www.noticiasradioreflejos.com.ar\/2021\/#website\"},\"primaryImageOfPage\":{\"@id\":\"https:\/\/www.noticiasradioreflejos.com.ar\/2021\/15097\/#primaryimage\"},\"image\":{\"@id\":\"https:\/\/www.noticiasradioreflejos.com.ar\/2021\/15097\/#primaryimage\"},\"thumbnailUrl\":\"http:\/\/farm5.staticflickr.com\/4490\/36869661103_f3af6f8ee1.jpg\",\"datePublished\":\"2017-10-06T22:26:18+00:00\",\"author\":{\"@id\":\"https:\/\/www.noticiasradioreflejos.com.ar\/2021\/#\/schema\/person\/ad82545263dcc5ec0996818884fd5fb1\"},\"breadcrumb\":{\"@id\":\"https:\/\/www.noticiasradioreflejos.com.ar\/2021\/15097\/#breadcrumb\"},\"inLanguage\":\"es\",\"potentialAction\":[{\"@type\":\"ReadAction\",\"target\":[\"https:\/\/www.noticiasradioreflejos.com.ar\/2021\/15097\/\"]}]},{\"@type\":\"ImageObject\",\"inLanguage\":\"es\",\"@id\":\"https:\/\/www.noticiasradioreflejos.com.ar\/2021\/15097\/#primaryimage\",\"url\":\"http:\/\/farm5.staticflickr.com\/4490\/36869661103_f3af6f8ee1.jpg\",\"contentUrl\":\"http:\/\/farm5.staticflickr.com\/4490\/36869661103_f3af6f8ee1.jpg\"},{\"@type\":\"BreadcrumbList\",\"@id\":\"https:\/\/www.noticiasradioreflejos.com.ar\/2021\/15097\/#breadcrumb\",\"itemListElement\":[{\"@type\":\"ListItem\",\"position\":1,\"name\":\"Portada\",\"item\":\"https:\/\/www.noticiasradioreflejos.com.ar\/2021\/\"},{\"@type\":\"ListItem\",\"position\":2,\"name\":\"Qued\u00f3 inaugurado el Mercado Comunitario de Saldungaray.\"}]},{\"@type\":\"WebSite\",\"@id\":\"https:\/\/www.noticiasradioreflejos.com.ar\/2021\/#website\",\"url\":\"https:\/\/www.noticiasradioreflejos.com.ar\/2021\/\",\"name\":\"Noticias Radio Reflejos\",\"description\":\"Las noticias de mi comarca\",\"potentialAction\":[{\"@type\":\"SearchAction\",\"target\":{\"@type\":\"EntryPoint\",\"urlTemplate\":\"https:\/\/www.noticiasradioreflejos.com.ar\/2021\/?s={search_term_string}\"},\"query-input\":{\"@type\":\"PropertyValueSpecification\",\"valueRequired\":true,\"valueName\":\"search_term_string\"}}],\"inLanguage\":\"es\"},{\"@type\":\"Person\",\"@id\":\"https:\/\/www.noticiasradioreflejos.com.ar\/2021\/#\/schema\/person\/ad82545263dcc5ec0996818884fd5fb1\",\"name\":\"Arnaldo Botto\",\"image\":{\"@type\":\"ImageObject\",\"inLanguage\":\"es\",\"@id\":\"https:\/\/www.noticiasradioreflejos.com.ar\/2021\/#\/schema\/person\/image\/\",\"url\":\"https:\/\/secure.gravatar.com\/avatar\/55cb5e37c1efa326397366e6974cb338056df65cb50e7d64d1cf314e87504837?s=96&d=mm&r=g\",\"contentUrl\":\"https:\/\/secure.gravatar.com\/avatar\/55cb5e37c1efa326397366e6974cb338056df65cb50e7d64d1cf314e87504837?s=96&d=mm&r=g\",\"caption\":\"Arnaldo Botto\"},\"url\":\"https:\/\/www.noticiasradioreflejos.com.ar\/2021\/author\/arnaldo\/\"}]}<\/script>\n<!-- \/ Yoast SEO plugin. -->","yoast_head_json":{"title":"Qued\u00f3 inaugurado el Mercado Comunitario de Saldungaray. - Noticias Radio Reflejos","robots":{"index":"index","follow":"follow","max-snippet":"max-snippet:-1","max-image-preview":"max-image-preview:large","max-video-preview":"max-video-preview:-1"},"canonical":"https:\/\/www.noticiasradioreflejos.com.ar\/2021\/15097\/","og_locale":"es_ES","og_type":"article","og_title":"Qued\u00f3 inaugurado el Mercado Comunitario de Saldungaray. - Noticias Radio Reflejos","og_description":"Este viernes, abri\u00f3 oficialmente sus puertas el Mercado Comunitario de Saldungaray, lugar donde 17 familias emprendedoras pueden tener finalmente un espacio de producci\u00f3n y comercializaci\u00f3n de sus productos, en el marco de un proyecto que busca, adem\u00e1s, dar respuesta a la creciente demanda del sector tur\u00edstico. En el acto de inauguraci\u00f3n, que se realiz\u00f3 frente [&hellip;]","og_url":"https:\/\/www.noticiasradioreflejos.com.ar\/2021\/15097\/","og_site_name":"Noticias Radio Reflejos","article_published_time":"2017-10-06T22:26:18+00:00","og_image":[{"url":"http:\/\/farm5.staticflickr.com\/4490\/36869661103_f3af6f8ee1.jpg","type":"","width":"","height":""}],"author":"Arnaldo Botto","twitter_card":"summary_large_image","schema":{"@context":"https:\/\/schema.org","@graph":[{"@type":"WebPage","@id":"https:\/\/www.noticiasradioreflejos.com.ar\/2021\/15097\/","url":"https:\/\/www.noticiasradioreflejos.com.ar\/2021\/15097\/","name":"Qued\u00f3 inaugurado el Mercado Comunitario de Saldungaray. - Noticias Radio Reflejos","isPartOf":{"@id":"https:\/\/www.noticiasradioreflejos.com.ar\/2021\/#website"},"primaryImageOfPage":{"@id":"https:\/\/www.noticiasradioreflejos.com.ar\/2021\/15097\/#primaryimage"},"image":{"@id":"https:\/\/www.noticiasradioreflejos.com.ar\/2021\/15097\/#primaryimage"},"thumbnailUrl":"http:\/\/farm5.staticflickr.com\/4490\/36869661103_f3af6f8ee1.jpg","datePublished":"2017-10-06T22:26:18+00:00","author":{"@id":"https:\/\/www.noticiasradioreflejos.com.ar\/2021\/#\/schema\/person\/ad82545263dcc5ec0996818884fd5fb1"},"breadcrumb":{"@id":"https:\/\/www.noticiasradioreflejos.com.ar\/2021\/15097\/#breadcrumb"},"inLanguage":"es","potentialAction":[{"@type":"ReadAction","target":["https:\/\/www.noticiasradioreflejos.com.ar\/2021\/15097\/"]}]},{"@type":"ImageObject","inLanguage":"es","@id":"https:\/\/www.noticiasradioreflejos.com.ar\/2021\/15097\/#primaryimage","url":"http:\/\/farm5.staticflickr.com\/4490\/36869661103_f3af6f8ee1.jpg","contentUrl":"http:\/\/farm5.staticflickr.com\/4490\/36869661103_f3af6f8ee1.jpg"},{"@type":"BreadcrumbList","@id":"https:\/\/www.noticiasradioreflejos.com.ar\/2021\/15097\/#breadcrumb","itemListElement":[{"@type":"ListItem","position":1,"name":"Portada","item":"https:\/\/www.noticiasradioreflejos.com.ar\/2021\/"},{"@type":"ListItem","position":2,"name":"Qued\u00f3 inaugurado el Mercado Comunitario de Saldungaray."}]},{"@type":"WebSite","@id":"https:\/\/www.noticiasradioreflejos.com.ar\/2021\/#website","url":"https:\/\/www.noticiasradioreflejos.com.ar\/2021\/","name":"Noticias Radio Reflejos","description":"Las noticias de mi comarca","potentialAction":[{"@type":"SearchAction","target":{"@type":"EntryPoint","urlTemplate":"https:\/\/www.noticiasradioreflejos.com.ar\/2021\/?s={search_term_string}"},"query-input":{"@type":"PropertyValueSpecification","valueRequired":true,"valueName":"search_term_string"}}],"inLanguage":"es"},{"@type":"Person","@id":"https:\/\/www.noticiasradioreflejos.com.ar\/2021\/#\/schema\/person\/ad82545263dcc5ec0996818884fd5fb1","name":"Arnaldo Botto","image":{"@type":"ImageObject","inLanguage":"es","@id":"https:\/\/www.noticiasradioreflejos.com.ar\/2021\/#\/schema\/person\/image\/","url":"https:\/\/secure.gravatar.com\/avatar\/55cb5e37c1efa326397366e6974cb338056df65cb50e7d64d1cf314e87504837?s=96&d=mm&r=g","contentUrl":"https:\/\/secure.gravatar.com\/avatar\/55cb5e37c1efa326397366e6974cb338056df65cb50e7d64d1cf314e87504837?s=96&d=mm&r=g","caption":"Arnaldo Botto"},"url":"https:\/\/www.noticiasradioreflejos.com.ar\/2021\/author\/arnaldo\/"}]}},"_links":{"self":[{"href":"https:\/\/www.noticiasradioreflejos.com.ar\/2021\/wp-json\/wp\/v2\/posts\/15097","targetHints":{"allow":["GET"]}}],"collection":[{"href":"https:\/\/www.noticiasradioreflejos.com.ar\/2021\/wp-json\/wp\/v2\/posts"}],"about":[{"href":"https:\/\/www.noticiasradioreflejos.com.ar\/2021\/wp-json\/wp\/v2\/types\/post"}],"author":[{"embeddable":true,"href":"https:\/\/www.noticiasradioreflejos.com.ar\/2021\/wp-json\/wp\/v2\/users\/3"}],"replies":[{"embeddable":true,"href":"https:\/\/www.noticiasradioreflejos.com.ar\/2021\/wp-json\/wp\/v2\/comments?post=15097"}],"version-history":[{"count":0,"href":"https:\/\/www.noticiasradioreflejos.com.ar\/2021\/wp-json\/wp\/v2\/posts\/15097\/revisions"}],"wp:attachment":[{"href":"https:\/\/www.noticiasradioreflejos.com.ar\/2021\/wp-json\/wp\/v2\/media?parent=15097"}],"wp:term":[{"taxonomy":"category","embeddable":true,"href":"https:\/\/www.noticiasradioreflejos.com.ar\/2021\/wp-json\/wp\/v2\/categories?post=15097"},{"taxonomy":"post_tag","embeddable":true,"href":"https:\/\/www.noticiasradioreflejos.com.ar\/2021\/wp-json\/wp\/v2\/tags?post=15097"}],"curies":[{"name":"wp","href":"https:\/\/api.w.org\/{rel}","templated":true}]}}