{"id":15073,"date":"2017-10-06T08:19:39","date_gmt":"2017-10-06T11:19:39","guid":{"rendered":"http:\/\/www.noticiasradioreflejos.com.ar\/noticias\/?p=15073"},"modified":"2017-10-06T08:19:39","modified_gmt":"2017-10-06T11:19:39","slug":"felicitacion-de-la-escuela-municipal-de-atletismo","status":"publish","type":"post","link":"https:\/\/www.noticiasradioreflejos.com.ar\/2021\/felicitacion-de-la-escuela-municipal-de-atletismo\/","title":{"rendered":"Felicitaci\u00f3n de la escuela municipal de atletismo"},"content":{"rendered":"<p><a title=\"726849f1-ca7a-417f-868f-3ec0ed839fad\" href=\"http:\/\/farm5.staticflickr.com\/4454\/37498331842_84285e7a3e.jpg\" rel=\"\"><img loading=\"lazy\" decoding=\"async\" class=\"alignleft\" style=\"float: left;\" title=\"726849f1-ca7a-417f-868f-3ec0ed839fad\" src=\"http:\/\/farm5.staticflickr.com\/4454\/37498331842_84285e7a3e.jpg\" alt=\"726849f1-ca7a-417f-868f-3ec0ed839fad\" width=\"375\" height=\"500\" \/><\/a>Queremos felicitar a todos los atletas que participaron en la final de los Juegos Bonaerenses 2017, tuvieron un comportamiento ejemplar, no solo en lo deportivo sino tambi\u00e9n en lo social. En todas las jornadas demostraron el compa\u00f1erismo y el esp\u00edritu de grupo. Participaciones as\u00ed, nos llenan de orgullo.<!--more--><br \/>\nBrindamos un saludo especial a quienes lograron medallas: Mat\u00edas Rosas, plata en salto triple y Thom\u00e1s Degorgue, bronce en tenis de mesa.<br \/>\nPese a no contar con los escenarios e implementos necesarios, los deportistas de Villa Ventana, por segundo a\u00f1o consecutivo, aportan medallas al distrito en torneos relevantes.<br \/>\nTambi\u00e9n agradecemos al Municipio por los traslados y constante acompa\u00f1amiento de las combis, el alojamiento y comidas brindadas, todo de excelente calidad.<br \/>\nEnrique Cabral, entrenador<\/p>\n","protected":false},"excerpt":{"rendered":"<p>Queremos felicitar a todos los atletas que participaron en la final de los Juegos Bonaerenses 2017, tuvieron un comportamiento ejemplar, no solo en lo deportivo sino tambi\u00e9n en lo social. En todas las jornadas demostraron el compa\u00f1erismo y el esp\u00edritu de grupo. Participaciones as\u00ed, nos llenan de orgullo.<\/p>\n","protected":false},"author":3,"featured_media":0,"comment_status":"closed","ping_status":"open","sticky":false,"template":"","format":"standard","meta":{"footnotes":""},"categories":[27],"tags":[],"class_list":["post-15073","post","type-post","status-publish","format-standard","hentry","category-deportes"],"yoast_head":"<!-- This site is optimized with the Yoast SEO plugin v25.9 - https:\/\/yoast.com\/wordpress\/plugins\/seo\/ -->\n<title>Felicitaci\u00f3n de la escuela municipal de atletismo - Noticias Radio Reflejos<\/title>\n<meta name=\"robots\" content=\"index, follow, max-snippet:-1, max-image-preview:large, max-video-preview:-1\" \/>\n<link rel=\"canonical\" href=\"https:\/\/www.noticiasradioreflejos.com.ar\/2021\/felicitacion-de-la-escuela-municipal-de-atletismo\/\" \/>\n<meta property=\"og:locale\" content=\"es_ES\" \/>\n<meta property=\"og:type\" content=\"article\" \/>\n<meta property=\"og:title\" content=\"Felicitaci\u00f3n de la escuela municipal de atletismo - Noticias Radio Reflejos\" \/>\n<meta property=\"og:description\" content=\"Queremos felicitar a todos los atletas que participaron en la final de los Juegos Bonaerenses 2017, tuvieron un comportamiento ejemplar, no solo en lo deportivo sino tambi\u00e9n en lo social. En todas las jornadas demostraron el compa\u00f1erismo y el esp\u00edritu de grupo. Participaciones as\u00ed, nos llenan de orgullo.\" \/>\n<meta property=\"og:url\" content=\"https:\/\/www.noticiasradioreflejos.com.ar\/2021\/felicitacion-de-la-escuela-municipal-de-atletismo\/\" \/>\n<meta property=\"og:site_name\" content=\"Noticias Radio Reflejos\" \/>\n<meta property=\"article:published_time\" content=\"2017-10-06T11:19:39+00:00\" \/>\n<meta property=\"og:image\" content=\"http:\/\/farm5.staticflickr.com\/4454\/37498331842_84285e7a3e.jpg\" \/>\n<meta name=\"author\" content=\"Arnaldo Botto\" \/>\n<meta name=\"twitter:card\" content=\"summary_large_image\" \/>\n<script type=\"application\/ld+json\" class=\"yoast-schema-graph\">{\"@context\":\"https:\/\/schema.org\",\"@graph\":[{\"@type\":\"WebPage\",\"@id\":\"https:\/\/www.noticiasradioreflejos.com.ar\/2021\/felicitacion-de-la-escuela-municipal-de-atletismo\/\",\"url\":\"https:\/\/www.noticiasradioreflejos.com.ar\/2021\/felicitacion-de-la-escuela-municipal-de-atletismo\/\",\"name\":\"Felicitaci\u00f3n de la escuela municipal de atletismo - Noticias Radio Reflejos\",\"isPartOf\":{\"@id\":\"https:\/\/www.noticiasradioreflejos.com.ar\/2021\/#website\"},\"primaryImageOfPage\":{\"@id\":\"https:\/\/www.noticiasradioreflejos.com.ar\/2021\/felicitacion-de-la-escuela-municipal-de-atletismo\/#primaryimage\"},\"image\":{\"@id\":\"https:\/\/www.noticiasradioreflejos.com.ar\/2021\/felicitacion-de-la-escuela-municipal-de-atletismo\/#primaryimage\"},\"thumbnailUrl\":\"http:\/\/farm5.staticflickr.com\/4454\/37498331842_84285e7a3e.jpg\",\"datePublished\":\"2017-10-06T11:19:39+00:00\",\"author\":{\"@id\":\"https:\/\/www.noticiasradioreflejos.com.ar\/2021\/#\/schema\/person\/ad82545263dcc5ec0996818884fd5fb1\"},\"breadcrumb\":{\"@id\":\"https:\/\/www.noticiasradioreflejos.com.ar\/2021\/felicitacion-de-la-escuela-municipal-de-atletismo\/#breadcrumb\"},\"inLanguage\":\"es\",\"potentialAction\":[{\"@type\":\"ReadAction\",\"target\":[\"https:\/\/www.noticiasradioreflejos.com.ar\/2021\/felicitacion-de-la-escuela-municipal-de-atletismo\/\"]}]},{\"@type\":\"ImageObject\",\"inLanguage\":\"es\",\"@id\":\"https:\/\/www.noticiasradioreflejos.com.ar\/2021\/felicitacion-de-la-escuela-municipal-de-atletismo\/#primaryimage\",\"url\":\"http:\/\/farm5.staticflickr.com\/4454\/37498331842_84285e7a3e.jpg\",\"contentUrl\":\"http:\/\/farm5.staticflickr.com\/4454\/37498331842_84285e7a3e.jpg\"},{\"@type\":\"BreadcrumbList\",\"@id\":\"https:\/\/www.noticiasradioreflejos.com.ar\/2021\/felicitacion-de-la-escuela-municipal-de-atletismo\/#breadcrumb\",\"itemListElement\":[{\"@type\":\"ListItem\",\"position\":1,\"name\":\"Portada\",\"item\":\"https:\/\/www.noticiasradioreflejos.com.ar\/2021\/\"},{\"@type\":\"ListItem\",\"position\":2,\"name\":\"Felicitaci\u00f3n de la escuela municipal de atletismo\"}]},{\"@type\":\"WebSite\",\"@id\":\"https:\/\/www.noticiasradioreflejos.com.ar\/2021\/#website\",\"url\":\"https:\/\/www.noticiasradioreflejos.com.ar\/2021\/\",\"name\":\"Noticias Radio Reflejos\",\"description\":\"Las noticias de mi comarca\",\"potentialAction\":[{\"@type\":\"SearchAction\",\"target\":{\"@type\":\"EntryPoint\",\"urlTemplate\":\"https:\/\/www.noticiasradioreflejos.com.ar\/2021\/?s={search_term_string}\"},\"query-input\":{\"@type\":\"PropertyValueSpecification\",\"valueRequired\":true,\"valueName\":\"search_term_string\"}}],\"inLanguage\":\"es\"},{\"@type\":\"Person\",\"@id\":\"https:\/\/www.noticiasradioreflejos.com.ar\/2021\/#\/schema\/person\/ad82545263dcc5ec0996818884fd5fb1\",\"name\":\"Arnaldo Botto\",\"image\":{\"@type\":\"ImageObject\",\"inLanguage\":\"es\",\"@id\":\"https:\/\/www.noticiasradioreflejos.com.ar\/2021\/#\/schema\/person\/image\/\",\"url\":\"https:\/\/secure.gravatar.com\/avatar\/55cb5e37c1efa326397366e6974cb338056df65cb50e7d64d1cf314e87504837?s=96&d=mm&r=g\",\"contentUrl\":\"https:\/\/secure.gravatar.com\/avatar\/55cb5e37c1efa326397366e6974cb338056df65cb50e7d64d1cf314e87504837?s=96&d=mm&r=g\",\"caption\":\"Arnaldo Botto\"},\"url\":\"https:\/\/www.noticiasradioreflejos.com.ar\/2021\/author\/arnaldo\/\"}]}<\/script>\n<!-- \/ Yoast SEO plugin. -->","yoast_head_json":{"title":"Felicitaci\u00f3n de la escuela municipal de atletismo - Noticias Radio Reflejos","robots":{"index":"index","follow":"follow","max-snippet":"max-snippet:-1","max-image-preview":"max-image-preview:large","max-video-preview":"max-video-preview:-1"},"canonical":"https:\/\/www.noticiasradioreflejos.com.ar\/2021\/felicitacion-de-la-escuela-municipal-de-atletismo\/","og_locale":"es_ES","og_type":"article","og_title":"Felicitaci\u00f3n de la escuela municipal de atletismo - Noticias Radio Reflejos","og_description":"Queremos felicitar a todos los atletas que participaron en la final de los Juegos Bonaerenses 2017, tuvieron un comportamiento ejemplar, no solo en lo deportivo sino tambi\u00e9n en lo social. En todas las jornadas demostraron el compa\u00f1erismo y el esp\u00edritu de grupo. Participaciones as\u00ed, nos llenan de orgullo.","og_url":"https:\/\/www.noticiasradioreflejos.com.ar\/2021\/felicitacion-de-la-escuela-municipal-de-atletismo\/","og_site_name":"Noticias Radio Reflejos","article_published_time":"2017-10-06T11:19:39+00:00","og_image":[{"url":"http:\/\/farm5.staticflickr.com\/4454\/37498331842_84285e7a3e.jpg","type":"","width":"","height":""}],"author":"Arnaldo Botto","twitter_card":"summary_large_image","schema":{"@context":"https:\/\/schema.org","@graph":[{"@type":"WebPage","@id":"https:\/\/www.noticiasradioreflejos.com.ar\/2021\/felicitacion-de-la-escuela-municipal-de-atletismo\/","url":"https:\/\/www.noticiasradioreflejos.com.ar\/2021\/felicitacion-de-la-escuela-municipal-de-atletismo\/","name":"Felicitaci\u00f3n de la escuela municipal de atletismo - Noticias Radio Reflejos","isPartOf":{"@id":"https:\/\/www.noticiasradioreflejos.com.ar\/2021\/#website"},"primaryImageOfPage":{"@id":"https:\/\/www.noticiasradioreflejos.com.ar\/2021\/felicitacion-de-la-escuela-municipal-de-atletismo\/#primaryimage"},"image":{"@id":"https:\/\/www.noticiasradioreflejos.com.ar\/2021\/felicitacion-de-la-escuela-municipal-de-atletismo\/#primaryimage"},"thumbnailUrl":"http:\/\/farm5.staticflickr.com\/4454\/37498331842_84285e7a3e.jpg","datePublished":"2017-10-06T11:19:39+00:00","author":{"@id":"https:\/\/www.noticiasradioreflejos.com.ar\/2021\/#\/schema\/person\/ad82545263dcc5ec0996818884fd5fb1"},"breadcrumb":{"@id":"https:\/\/www.noticiasradioreflejos.com.ar\/2021\/felicitacion-de-la-escuela-municipal-de-atletismo\/#breadcrumb"},"inLanguage":"es","potentialAction":[{"@type":"ReadAction","target":["https:\/\/www.noticiasradioreflejos.com.ar\/2021\/felicitacion-de-la-escuela-municipal-de-atletismo\/"]}]},{"@type":"ImageObject","inLanguage":"es","@id":"https:\/\/www.noticiasradioreflejos.com.ar\/2021\/felicitacion-de-la-escuela-municipal-de-atletismo\/#primaryimage","url":"http:\/\/farm5.staticflickr.com\/4454\/37498331842_84285e7a3e.jpg","contentUrl":"http:\/\/farm5.staticflickr.com\/4454\/37498331842_84285e7a3e.jpg"},{"@type":"BreadcrumbList","@id":"https:\/\/www.noticiasradioreflejos.com.ar\/2021\/felicitacion-de-la-escuela-municipal-de-atletismo\/#breadcrumb","itemListElement":[{"@type":"ListItem","position":1,"name":"Portada","item":"https:\/\/www.noticiasradioreflejos.com.ar\/2021\/"},{"@type":"ListItem","position":2,"name":"Felicitaci\u00f3n de la escuela municipal de atletismo"}]},{"@type":"WebSite","@id":"https:\/\/www.noticiasradioreflejos.com.ar\/2021\/#website","url":"https:\/\/www.noticiasradioreflejos.com.ar\/2021\/","name":"Noticias Radio Reflejos","description":"Las noticias de mi comarca","potentialAction":[{"@type":"SearchAction","target":{"@type":"EntryPoint","urlTemplate":"https:\/\/www.noticiasradioreflejos.com.ar\/2021\/?s={search_term_string}"},"query-input":{"@type":"PropertyValueSpecification","valueRequired":true,"valueName":"search_term_string"}}],"inLanguage":"es"},{"@type":"Person","@id":"https:\/\/www.noticiasradioreflejos.com.ar\/2021\/#\/schema\/person\/ad82545263dcc5ec0996818884fd5fb1","name":"Arnaldo Botto","image":{"@type":"ImageObject","inLanguage":"es","@id":"https:\/\/www.noticiasradioreflejos.com.ar\/2021\/#\/schema\/person\/image\/","url":"https:\/\/secure.gravatar.com\/avatar\/55cb5e37c1efa326397366e6974cb338056df65cb50e7d64d1cf314e87504837?s=96&d=mm&r=g","contentUrl":"https:\/\/secure.gravatar.com\/avatar\/55cb5e37c1efa326397366e6974cb338056df65cb50e7d64d1cf314e87504837?s=96&d=mm&r=g","caption":"Arnaldo Botto"},"url":"https:\/\/www.noticiasradioreflejos.com.ar\/2021\/author\/arnaldo\/"}]}},"_links":{"self":[{"href":"https:\/\/www.noticiasradioreflejos.com.ar\/2021\/wp-json\/wp\/v2\/posts\/15073","targetHints":{"allow":["GET"]}}],"collection":[{"href":"https:\/\/www.noticiasradioreflejos.com.ar\/2021\/wp-json\/wp\/v2\/posts"}],"about":[{"href":"https:\/\/www.noticiasradioreflejos.com.ar\/2021\/wp-json\/wp\/v2\/types\/post"}],"author":[{"embeddable":true,"href":"https:\/\/www.noticiasradioreflejos.com.ar\/2021\/wp-json\/wp\/v2\/users\/3"}],"replies":[{"embeddable":true,"href":"https:\/\/www.noticiasradioreflejos.com.ar\/2021\/wp-json\/wp\/v2\/comments?post=15073"}],"version-history":[{"count":0,"href":"https:\/\/www.noticiasradioreflejos.com.ar\/2021\/wp-json\/wp\/v2\/posts\/15073\/revisions"}],"wp:attachment":[{"href":"https:\/\/www.noticiasradioreflejos.com.ar\/2021\/wp-json\/wp\/v2\/media?parent=15073"}],"wp:term":[{"taxonomy":"category","embeddable":true,"href":"https:\/\/www.noticiasradioreflejos.com.ar\/2021\/wp-json\/wp\/v2\/categories?post=15073"},{"taxonomy":"post_tag","embeddable":true,"href":"https:\/\/www.noticiasradioreflejos.com.ar\/2021\/wp-json\/wp\/v2\/tags?post=15073"}],"curies":[{"name":"wp","href":"https:\/\/api.w.org\/{rel}","templated":true}]}}