{"id":14712,"date":"2017-09-25T10:04:02","date_gmt":"2017-09-25T13:04:02","guid":{"rendered":"http:\/\/www.noticiasradioreflejos.com.ar\/noticias\/?p=14712"},"modified":"2017-09-25T10:04:02","modified_gmt":"2017-09-25T13:04:02","slug":"miles-de-personas-visitaron-la-expofierro-este-domingo","status":"publish","type":"post","link":"https:\/\/www.noticiasradioreflejos.com.ar\/2021\/miles-de-personas-visitaron-la-expofierro-este-domingo\/","title":{"rendered":"Miles de personas visitaron la Expofierro este domingo."},"content":{"rendered":"<p><a title=\"expofierro domingo (23)\" href=\"http:\/\/farm5.staticflickr.com\/4494\/37308057281_21a08fb699.jpg\" rel=\"\"><img loading=\"lazy\" decoding=\"async\" class=\"alignleft\" style=\"float: left;\" title=\"expofierro domingo (23)\" src=\"http:\/\/farm5.staticflickr.com\/4494\/37308057281_21a08fb699.jpg\" alt=\"expofierro domingo (23)\" width=\"500\" height=\"281\" \/><\/a>A pesar de tener una jornada con cielo cubierto e intensos vientos, la gente concurri\u00f3 en forma masiva al predio del Centro Cultural de Sierra de la Ventana.<br \/>\nOtra exitosa jornada con la 4ta Expofierro, se vivi\u00f3 durante todo el domingo en Sierra de la Ventana, donde asistieron unas 10 mil personas para disfrutar de la propuesta integral entre asombrosos veh\u00edculos, stands de artesan\u00edas y gastronom\u00eda, los juegos infantiles en un parque muy atractivo y los espect\u00e1culos musicales para todos los gustos.<!--more--><br \/>\nY como describ\u00edamos en el comienzo, el s\u00e1bado un d\u00eda hermoso de sol y a diferencia del domingo, muy dasapasible, la gente lleg\u00f3 en forma masiva y colm\u00f3 todo el predio. Muchos m\u00e1s autos se sumaron el domingo a la expo lo que hizo que el lugar se viera colmado.<br \/>\nLos espect\u00e1culos musicales arrancaron pasadas las 14,30 y en el comienzo fue HUMA Blues la que rompi\u00f3 el hielo, poco a poco el frente del escenario congreg\u00f3 al p\u00fablico que acompa\u00f1aba a las bandas con sus aplausos.<br \/>\nSucesivamente con 6 o 7 temas cada uno, los grupos fueron entregando su arte y de la partida fueron, \u00abMinga\u00bb, \u00abLo que Salga\u00bb, \u00abTodav\u00eda no\u00bb, F\u00f3sforo y la MH, \u00abPalito Corbera y los Marca Ca\u00f1\u00f3n\u00bby La Bulldozer, teloneando el cierre con la presentaci\u00f3n estelar de Mat\u00edas Carrica, con mucho m\u00e1s p\u00fablico que en la noche anterior.<br \/>\n<a title=\"expofierro domingo (21)\" href=\"http:\/\/farm5.staticflickr.com\/4388\/37278604102_fb2a148ca1_z.jpg\" rel=\"\"><img loading=\"lazy\" decoding=\"async\" class=\"aligncenter\" title=\"expofierro domingo (21)\" src=\"http:\/\/farm5.staticflickr.com\/4388\/37278604102_fb2a148ca1_z.jpg\" alt=\"expofierro domingo (21)\" width=\"640\" height=\"360\" \/><\/a><a title=\"expofierro domingo (15)\" href=\"http:\/\/farm5.staticflickr.com\/4452\/37278610152_92fa5c79fa_z.jpg\" rel=\"\"><img loading=\"lazy\" decoding=\"async\" class=\"aligncenter\" title=\"expofierro domingo (15)\" src=\"http:\/\/farm5.staticflickr.com\/4452\/37278610152_92fa5c79fa_z.jpg\" alt=\"expofierro domingo (15)\" width=\"640\" height=\"360\" \/><\/a><a title=\"expofierro domingo (32)\" href=\"http:\/\/farm5.staticflickr.com\/4414\/37450855475_5754fa91e6_z.jpg\" rel=\"\"><img loading=\"lazy\" decoding=\"async\" class=\"aligncenter\" title=\"expofierro domingo (32)\" src=\"http:\/\/farm5.staticflickr.com\/4414\/37450855475_5754fa91e6_z.jpg\" alt=\"expofierro domingo (32)\" width=\"640\" height=\"360\" \/><\/a><br \/>\n<a href=\"https:\/\/www.facebook.com\/reflejosfm\/media_set?set=a.10214259253624041.1073742059.1496587978&amp;type=3&amp;uploaded=58\">FOTOS<\/a><\/p>\n","protected":false},"excerpt":{"rendered":"<p>A pesar de tener una jornada con cielo cubierto e intensos vientos, la gente concurri\u00f3 en forma masiva al predio del Centro Cultural de Sierra de la Ventana. Otra exitosa jornada con la 4ta Expofierro, se vivi\u00f3 durante todo el domingo en Sierra de la Ventana, donde asistieron unas 10 mil personas para disfrutar de [&hellip;]<\/p>\n","protected":false},"author":3,"featured_media":0,"comment_status":"closed","ping_status":"open","sticky":false,"template":"","format":"standard","meta":{"footnotes":""},"categories":[26],"tags":[],"class_list":["post-14712","post","type-post","status-publish","format-standard","hentry","category-sociedad"],"yoast_head":"<!-- This site is optimized with the Yoast SEO plugin v25.9 - https:\/\/yoast.com\/wordpress\/plugins\/seo\/ -->\n<title>Miles de personas visitaron la Expofierro este domingo. - Noticias Radio Reflejos<\/title>\n<meta name=\"robots\" content=\"index, follow, max-snippet:-1, max-image-preview:large, max-video-preview:-1\" \/>\n<link rel=\"canonical\" href=\"https:\/\/www.noticiasradioreflejos.com.ar\/2021\/miles-de-personas-visitaron-la-expofierro-este-domingo\/\" \/>\n<meta property=\"og:locale\" content=\"es_ES\" \/>\n<meta property=\"og:type\" content=\"article\" \/>\n<meta property=\"og:title\" content=\"Miles de personas visitaron la Expofierro este domingo. - Noticias Radio Reflejos\" \/>\n<meta property=\"og:description\" content=\"A pesar de tener una jornada con cielo cubierto e intensos vientos, la gente concurri\u00f3 en forma masiva al predio del Centro Cultural de Sierra de la Ventana. Otra exitosa jornada con la 4ta Expofierro, se vivi\u00f3 durante todo el domingo en Sierra de la Ventana, donde asistieron unas 10 mil personas para disfrutar de [&hellip;]\" \/>\n<meta property=\"og:url\" content=\"https:\/\/www.noticiasradioreflejos.com.ar\/2021\/miles-de-personas-visitaron-la-expofierro-este-domingo\/\" \/>\n<meta property=\"og:site_name\" content=\"Noticias Radio Reflejos\" \/>\n<meta property=\"article:published_time\" content=\"2017-09-25T13:04:02+00:00\" \/>\n<meta property=\"og:image\" content=\"http:\/\/farm5.staticflickr.com\/4494\/37308057281_21a08fb699.jpg\" \/>\n<meta name=\"author\" content=\"Arnaldo Botto\" \/>\n<meta name=\"twitter:card\" content=\"summary_large_image\" \/>\n<script type=\"application\/ld+json\" class=\"yoast-schema-graph\">{\"@context\":\"https:\/\/schema.org\",\"@graph\":[{\"@type\":\"WebPage\",\"@id\":\"https:\/\/www.noticiasradioreflejos.com.ar\/2021\/miles-de-personas-visitaron-la-expofierro-este-domingo\/\",\"url\":\"https:\/\/www.noticiasradioreflejos.com.ar\/2021\/miles-de-personas-visitaron-la-expofierro-este-domingo\/\",\"name\":\"Miles de personas visitaron la Expofierro este domingo. - Noticias Radio Reflejos\",\"isPartOf\":{\"@id\":\"https:\/\/www.noticiasradioreflejos.com.ar\/2021\/#website\"},\"primaryImageOfPage\":{\"@id\":\"https:\/\/www.noticiasradioreflejos.com.ar\/2021\/miles-de-personas-visitaron-la-expofierro-este-domingo\/#primaryimage\"},\"image\":{\"@id\":\"https:\/\/www.noticiasradioreflejos.com.ar\/2021\/miles-de-personas-visitaron-la-expofierro-este-domingo\/#primaryimage\"},\"thumbnailUrl\":\"http:\/\/farm5.staticflickr.com\/4494\/37308057281_21a08fb699.jpg\",\"datePublished\":\"2017-09-25T13:04:02+00:00\",\"author\":{\"@id\":\"https:\/\/www.noticiasradioreflejos.com.ar\/2021\/#\/schema\/person\/ad82545263dcc5ec0996818884fd5fb1\"},\"breadcrumb\":{\"@id\":\"https:\/\/www.noticiasradioreflejos.com.ar\/2021\/miles-de-personas-visitaron-la-expofierro-este-domingo\/#breadcrumb\"},\"inLanguage\":\"es\",\"potentialAction\":[{\"@type\":\"ReadAction\",\"target\":[\"https:\/\/www.noticiasradioreflejos.com.ar\/2021\/miles-de-personas-visitaron-la-expofierro-este-domingo\/\"]}]},{\"@type\":\"ImageObject\",\"inLanguage\":\"es\",\"@id\":\"https:\/\/www.noticiasradioreflejos.com.ar\/2021\/miles-de-personas-visitaron-la-expofierro-este-domingo\/#primaryimage\",\"url\":\"http:\/\/farm5.staticflickr.com\/4494\/37308057281_21a08fb699.jpg\",\"contentUrl\":\"http:\/\/farm5.staticflickr.com\/4494\/37308057281_21a08fb699.jpg\"},{\"@type\":\"BreadcrumbList\",\"@id\":\"https:\/\/www.noticiasradioreflejos.com.ar\/2021\/miles-de-personas-visitaron-la-expofierro-este-domingo\/#breadcrumb\",\"itemListElement\":[{\"@type\":\"ListItem\",\"position\":1,\"name\":\"Portada\",\"item\":\"https:\/\/www.noticiasradioreflejos.com.ar\/2021\/\"},{\"@type\":\"ListItem\",\"position\":2,\"name\":\"Miles de personas visitaron la Expofierro este domingo.\"}]},{\"@type\":\"WebSite\",\"@id\":\"https:\/\/www.noticiasradioreflejos.com.ar\/2021\/#website\",\"url\":\"https:\/\/www.noticiasradioreflejos.com.ar\/2021\/\",\"name\":\"Noticias Radio Reflejos\",\"description\":\"Las noticias de mi comarca\",\"potentialAction\":[{\"@type\":\"SearchAction\",\"target\":{\"@type\":\"EntryPoint\",\"urlTemplate\":\"https:\/\/www.noticiasradioreflejos.com.ar\/2021\/?s={search_term_string}\"},\"query-input\":{\"@type\":\"PropertyValueSpecification\",\"valueRequired\":true,\"valueName\":\"search_term_string\"}}],\"inLanguage\":\"es\"},{\"@type\":\"Person\",\"@id\":\"https:\/\/www.noticiasradioreflejos.com.ar\/2021\/#\/schema\/person\/ad82545263dcc5ec0996818884fd5fb1\",\"name\":\"Arnaldo Botto\",\"image\":{\"@type\":\"ImageObject\",\"inLanguage\":\"es\",\"@id\":\"https:\/\/www.noticiasradioreflejos.com.ar\/2021\/#\/schema\/person\/image\/\",\"url\":\"https:\/\/secure.gravatar.com\/avatar\/55cb5e37c1efa326397366e6974cb338056df65cb50e7d64d1cf314e87504837?s=96&d=mm&r=g\",\"contentUrl\":\"https:\/\/secure.gravatar.com\/avatar\/55cb5e37c1efa326397366e6974cb338056df65cb50e7d64d1cf314e87504837?s=96&d=mm&r=g\",\"caption\":\"Arnaldo Botto\"},\"url\":\"https:\/\/www.noticiasradioreflejos.com.ar\/2021\/author\/arnaldo\/\"}]}<\/script>\n<!-- \/ Yoast SEO plugin. -->","yoast_head_json":{"title":"Miles de personas visitaron la Expofierro este domingo. - Noticias Radio Reflejos","robots":{"index":"index","follow":"follow","max-snippet":"max-snippet:-1","max-image-preview":"max-image-preview:large","max-video-preview":"max-video-preview:-1"},"canonical":"https:\/\/www.noticiasradioreflejos.com.ar\/2021\/miles-de-personas-visitaron-la-expofierro-este-domingo\/","og_locale":"es_ES","og_type":"article","og_title":"Miles de personas visitaron la Expofierro este domingo. - Noticias Radio Reflejos","og_description":"A pesar de tener una jornada con cielo cubierto e intensos vientos, la gente concurri\u00f3 en forma masiva al predio del Centro Cultural de Sierra de la Ventana. Otra exitosa jornada con la 4ta Expofierro, se vivi\u00f3 durante todo el domingo en Sierra de la Ventana, donde asistieron unas 10 mil personas para disfrutar de [&hellip;]","og_url":"https:\/\/www.noticiasradioreflejos.com.ar\/2021\/miles-de-personas-visitaron-la-expofierro-este-domingo\/","og_site_name":"Noticias Radio Reflejos","article_published_time":"2017-09-25T13:04:02+00:00","og_image":[{"url":"http:\/\/farm5.staticflickr.com\/4494\/37308057281_21a08fb699.jpg","type":"","width":"","height":""}],"author":"Arnaldo Botto","twitter_card":"summary_large_image","schema":{"@context":"https:\/\/schema.org","@graph":[{"@type":"WebPage","@id":"https:\/\/www.noticiasradioreflejos.com.ar\/2021\/miles-de-personas-visitaron-la-expofierro-este-domingo\/","url":"https:\/\/www.noticiasradioreflejos.com.ar\/2021\/miles-de-personas-visitaron-la-expofierro-este-domingo\/","name":"Miles de personas visitaron la Expofierro este domingo. - Noticias Radio Reflejos","isPartOf":{"@id":"https:\/\/www.noticiasradioreflejos.com.ar\/2021\/#website"},"primaryImageOfPage":{"@id":"https:\/\/www.noticiasradioreflejos.com.ar\/2021\/miles-de-personas-visitaron-la-expofierro-este-domingo\/#primaryimage"},"image":{"@id":"https:\/\/www.noticiasradioreflejos.com.ar\/2021\/miles-de-personas-visitaron-la-expofierro-este-domingo\/#primaryimage"},"thumbnailUrl":"http:\/\/farm5.staticflickr.com\/4494\/37308057281_21a08fb699.jpg","datePublished":"2017-09-25T13:04:02+00:00","author":{"@id":"https:\/\/www.noticiasradioreflejos.com.ar\/2021\/#\/schema\/person\/ad82545263dcc5ec0996818884fd5fb1"},"breadcrumb":{"@id":"https:\/\/www.noticiasradioreflejos.com.ar\/2021\/miles-de-personas-visitaron-la-expofierro-este-domingo\/#breadcrumb"},"inLanguage":"es","potentialAction":[{"@type":"ReadAction","target":["https:\/\/www.noticiasradioreflejos.com.ar\/2021\/miles-de-personas-visitaron-la-expofierro-este-domingo\/"]}]},{"@type":"ImageObject","inLanguage":"es","@id":"https:\/\/www.noticiasradioreflejos.com.ar\/2021\/miles-de-personas-visitaron-la-expofierro-este-domingo\/#primaryimage","url":"http:\/\/farm5.staticflickr.com\/4494\/37308057281_21a08fb699.jpg","contentUrl":"http:\/\/farm5.staticflickr.com\/4494\/37308057281_21a08fb699.jpg"},{"@type":"BreadcrumbList","@id":"https:\/\/www.noticiasradioreflejos.com.ar\/2021\/miles-de-personas-visitaron-la-expofierro-este-domingo\/#breadcrumb","itemListElement":[{"@type":"ListItem","position":1,"name":"Portada","item":"https:\/\/www.noticiasradioreflejos.com.ar\/2021\/"},{"@type":"ListItem","position":2,"name":"Miles de personas visitaron la Expofierro este domingo."}]},{"@type":"WebSite","@id":"https:\/\/www.noticiasradioreflejos.com.ar\/2021\/#website","url":"https:\/\/www.noticiasradioreflejos.com.ar\/2021\/","name":"Noticias Radio Reflejos","description":"Las noticias de mi comarca","potentialAction":[{"@type":"SearchAction","target":{"@type":"EntryPoint","urlTemplate":"https:\/\/www.noticiasradioreflejos.com.ar\/2021\/?s={search_term_string}"},"query-input":{"@type":"PropertyValueSpecification","valueRequired":true,"valueName":"search_term_string"}}],"inLanguage":"es"},{"@type":"Person","@id":"https:\/\/www.noticiasradioreflejos.com.ar\/2021\/#\/schema\/person\/ad82545263dcc5ec0996818884fd5fb1","name":"Arnaldo Botto","image":{"@type":"ImageObject","inLanguage":"es","@id":"https:\/\/www.noticiasradioreflejos.com.ar\/2021\/#\/schema\/person\/image\/","url":"https:\/\/secure.gravatar.com\/avatar\/55cb5e37c1efa326397366e6974cb338056df65cb50e7d64d1cf314e87504837?s=96&d=mm&r=g","contentUrl":"https:\/\/secure.gravatar.com\/avatar\/55cb5e37c1efa326397366e6974cb338056df65cb50e7d64d1cf314e87504837?s=96&d=mm&r=g","caption":"Arnaldo Botto"},"url":"https:\/\/www.noticiasradioreflejos.com.ar\/2021\/author\/arnaldo\/"}]}},"_links":{"self":[{"href":"https:\/\/www.noticiasradioreflejos.com.ar\/2021\/wp-json\/wp\/v2\/posts\/14712","targetHints":{"allow":["GET"]}}],"collection":[{"href":"https:\/\/www.noticiasradioreflejos.com.ar\/2021\/wp-json\/wp\/v2\/posts"}],"about":[{"href":"https:\/\/www.noticiasradioreflejos.com.ar\/2021\/wp-json\/wp\/v2\/types\/post"}],"author":[{"embeddable":true,"href":"https:\/\/www.noticiasradioreflejos.com.ar\/2021\/wp-json\/wp\/v2\/users\/3"}],"replies":[{"embeddable":true,"href":"https:\/\/www.noticiasradioreflejos.com.ar\/2021\/wp-json\/wp\/v2\/comments?post=14712"}],"version-history":[{"count":0,"href":"https:\/\/www.noticiasradioreflejos.com.ar\/2021\/wp-json\/wp\/v2\/posts\/14712\/revisions"}],"wp:attachment":[{"href":"https:\/\/www.noticiasradioreflejos.com.ar\/2021\/wp-json\/wp\/v2\/media?parent=14712"}],"wp:term":[{"taxonomy":"category","embeddable":true,"href":"https:\/\/www.noticiasradioreflejos.com.ar\/2021\/wp-json\/wp\/v2\/categories?post=14712"},{"taxonomy":"post_tag","embeddable":true,"href":"https:\/\/www.noticiasradioreflejos.com.ar\/2021\/wp-json\/wp\/v2\/tags?post=14712"}],"curies":[{"name":"wp","href":"https:\/\/api.w.org\/{rel}","templated":true}]}}