{"id":14710,"date":"2017-09-25T08:33:55","date_gmt":"2017-09-25T11:33:55","guid":{"rendered":"http:\/\/www.noticiasradioreflejos.com.ar\/noticias\/?p=14710"},"modified":"2017-09-25T08:33:55","modified_gmt":"2017-09-25T11:33:55","slug":"resultados-y-estadisticas-del-hockey-del-sudoeste","status":"publish","type":"post","link":"https:\/\/www.noticiasradioreflejos.com.ar\/2021\/resultados-y-estadisticas-del-hockey-del-sudoeste\/","title":{"rendered":"Resultados y estad\u00edsticas del Hockey del sudoeste."},"content":{"rendered":"<p>Informaci\u00f3n de las actividades de la Asociaci\u00f3n de Hockey del Sudoeste, \u00a0Fechas 11 y 12 del Torneo Anual de Mamis;<br \/>\n-Adelantos de la fecha 7 del Torneo Clausura de Damas.<!--more--><br \/>\n<strong>TORNEO ANUAL DE MAMIS<\/strong><br \/>\n<strong>DOMINGO24\/9 &#8211; PIG\u00dc\u00c9<\/strong><br \/>\n<strong><em>Fecha 11<\/em><\/strong><\/p>\n<table width=\"509\">\n<tbody>\n<tr>\n<td width=\"195\"><strong>CEF N\u00ba 83 Rojo<\/strong><\/td>\n<td width=\"40\"><strong>3<\/strong><\/td>\n<td width=\"40\"><strong>vs<\/strong><\/td>\n<td width=\"40\"><strong>0<\/strong><\/td>\n<td width=\"195\"><strong>CAI Puan Verde<\/strong><\/td>\n<\/tr>\n<tr>\n<td colspan=\"2\" width=\"235\">Micaela Iba\u00f1ezRocca -2-<\/td>\n<td rowspan=\"3\" width=\"40\">Goles<\/td>\n<td colspan=\"2\" width=\"235\"><\/td>\n<\/tr>\n<tr>\n<td colspan=\"2\" width=\"235\">Elisabet Arriaga<\/td>\n<td colspan=\"2\" width=\"235\"><\/td>\n<\/tr>\n<tr>\n<td colspan=\"2\" width=\"235\"><\/td>\n<td colspan=\"2\" width=\"235\"><\/td>\n<\/tr>\n<\/tbody>\n<\/table>\n<p><strong><em>\u00a0<\/em><\/strong><\/p>\n<table width=\"509\">\n<tbody>\n<tr>\n<td width=\"195\"><strong>CEF N\u00ba 83 Azul<\/strong><\/td>\n<td width=\"40\"><strong>14<\/strong><\/td>\n<td width=\"40\"><strong>vs<\/strong><\/td>\n<td width=\"40\"><strong>0<\/strong><\/td>\n<td width=\"195\"><strong>Pe\u00f1arol<\/strong><\/td>\n<\/tr>\n<tr>\n<td colspan=\"2\" width=\"235\">Soledad Fil\u00f3como -5-<\/td>\n<td rowspan=\"6\" width=\"40\">Goles<\/td>\n<td colspan=\"2\" width=\"235\"><\/td>\n<\/tr>\n<tr>\n<td colspan=\"2\" width=\"235\">Andrea Ochoa -3-<\/td>\n<td colspan=\"2\" width=\"235\"><\/td>\n<\/tr>\n<tr>\n<td colspan=\"2\" width=\"235\">Eugenia Bories -2-<\/td>\n<td colspan=\"2\" width=\"235\"><\/td>\n<\/tr>\n<tr>\n<td colspan=\"2\" width=\"235\">Eliana Disdel -2-<\/td>\n<td colspan=\"2\" width=\"235\"><\/td>\n<\/tr>\n<tr>\n<td colspan=\"2\" width=\"235\">Eliana Frutos<\/td>\n<td colspan=\"2\" width=\"235\"><\/td>\n<\/tr>\n<tr>\n<td colspan=\"2\" width=\"235\">Bel\u00e9n Guercio<\/td>\n<td colspan=\"2\" width=\"235\"><\/td>\n<\/tr>\n<\/tbody>\n<\/table>\n<p><strong><em>\u00a0<\/em><\/strong><\/p>\n<table width=\"509\">\n<tbody>\n<tr>\n<td width=\"195\"><strong>Municipalidad Pig\u00fc\u00e9<\/strong><\/td>\n<td width=\"40\"><strong>0<\/strong><\/td>\n<td width=\"40\"><strong>vs<\/strong><\/td>\n<td width=\"40\"><strong>5<\/strong><\/td>\n<td width=\"195\"><strong>Sarmiento<\/strong><\/td>\n<\/tr>\n<tr>\n<td colspan=\"2\" width=\"235\"><\/td>\n<td rowspan=\"3\" width=\"40\">Goles<\/td>\n<td colspan=\"2\" width=\"235\">Claudia Ferrero -3-<\/td>\n<\/tr>\n<tr>\n<td colspan=\"2\" width=\"235\"><\/td>\n<td colspan=\"2\" width=\"235\">Carina Graff<\/td>\n<\/tr>\n<tr>\n<td colspan=\"2\" width=\"235\"><\/td>\n<td colspan=\"2\" width=\"235\">Mariana Acosta<\/td>\n<\/tr>\n<\/tbody>\n<\/table>\n<p><strong><em>\u00a0<\/em><\/strong><br \/>\n<strong><em>Fecha 12<\/em><\/strong><\/p>\n<table width=\"509\">\n<tbody>\n<tr>\n<td width=\"195\"><strong>Pe\u00f1arol<\/strong><\/td>\n<td width=\"40\"><strong>0<\/strong><\/td>\n<td width=\"40\"><strong>vs<\/strong><\/td>\n<td width=\"40\"><strong>4<\/strong><\/td>\n<td width=\"195\"><strong>Municipalidad Pig\u00fc\u00e9<\/strong><\/td>\n<\/tr>\n<tr>\n<td colspan=\"2\" width=\"235\"><\/td>\n<td rowspan=\"3\" width=\"40\">Goles<\/td>\n<td colspan=\"2\" width=\"235\">Carolina Konrad -3-<\/td>\n<\/tr>\n<tr>\n<td colspan=\"2\" width=\"235\"><\/td>\n<td colspan=\"2\" width=\"235\">Silvina Ortega<\/td>\n<\/tr>\n<tr>\n<td colspan=\"2\" width=\"235\"><\/td>\n<td colspan=\"2\" width=\"235\"><\/td>\n<\/tr>\n<tr>\n<td colspan=\"2\" width=\"235\">Florencia Mu\u00f1oz<\/td>\n<td width=\"40\">TV<\/td>\n<td colspan=\"2\" width=\"235\"><\/td>\n<\/tr>\n<\/tbody>\n<\/table>\n<p><strong><em>\u00a0<\/em><\/strong><\/p>\n<table width=\"509\">\n<tbody>\n<tr>\n<td width=\"195\"><strong>CAI Puan Verde<\/strong><\/td>\n<td width=\"40\"><strong>0<\/strong><\/td>\n<td width=\"40\"><strong>vs<\/strong><\/td>\n<td width=\"40\"><strong>5<\/strong><\/td>\n<td width=\"195\"><strong>CEF N\u00ba 83 Azul<\/strong><\/td>\n<\/tr>\n<tr>\n<td colspan=\"2\" width=\"235\"><\/td>\n<td rowspan=\"3\" width=\"40\">Goles<\/td>\n<td colspan=\"2\" width=\"235\">Soledad Fil\u00f3como -3-<\/td>\n<\/tr>\n<tr>\n<td colspan=\"2\" width=\"235\"><\/td>\n<td colspan=\"2\" width=\"235\">Eliana Disdel<\/td>\n<\/tr>\n<tr>\n<td colspan=\"2\" width=\"235\"><\/td>\n<td colspan=\"2\" width=\"235\">Eliana Frutos<\/td>\n<\/tr>\n<tr>\n<td colspan=\"2\" width=\"235\">Luciana Villar, Miriam Gall\u00edtrico<\/td>\n<td width=\"40\">TV<\/td>\n<td colspan=\"2\" width=\"235\"><\/td>\n<\/tr>\n<\/tbody>\n<\/table>\n<p><strong><em>\u00a0<\/em><\/strong><\/p>\n<table width=\"509\">\n<tbody>\n<tr>\n<td width=\"195\"><strong>CAI Puan Rojo<\/strong><\/td>\n<td width=\"40\"><strong>2<\/strong><\/td>\n<td width=\"40\"><strong>vs<\/strong><\/td>\n<td width=\"40\"><strong>3<\/strong><\/td>\n<td width=\"195\"><strong>CEF N\u00ba 83 Rojo<\/strong><\/td>\n<\/tr>\n<tr>\n<td colspan=\"2\" width=\"235\">Laura Kasper<\/td>\n<td rowspan=\"3\" width=\"40\">Goles<\/td>\n<td colspan=\"2\" width=\"235\">ElisabetArriaaga<\/td>\n<\/tr>\n<tr>\n<td colspan=\"2\" width=\"235\"><\/td>\n<td colspan=\"2\" width=\"235\">Magdalena Simoncini<\/td>\n<\/tr>\n<tr>\n<td colspan=\"2\" width=\"235\"><\/td>\n<td colspan=\"2\" width=\"235\">Florencia Trujillo<\/td>\n<\/tr>\n<\/tbody>\n<\/table>\n<p><strong><em>\u00a0<\/em><\/strong><br \/>\n<strong><em>\u00a0<\/em><\/strong><br \/>\n<strong><u>TABLA DE POSICIONES<\/u><\/strong><\/p>\n<table width=\"592\">\n<tbody>\n<tr>\n<td width=\"219\"><strong>EQUIPO<\/strong><\/td>\n<td width=\"47\"><strong>PTS<\/strong><\/td>\n<td width=\"47\"><strong>PJ<\/strong><\/td>\n<td width=\"47\"><strong>PG<\/strong><\/td>\n<td width=\"47\"><strong>PE<\/strong><\/td>\n<td width=\"47\"><strong>PP<\/strong><\/td>\n<td width=\"47\"><strong>GF<\/strong><\/td>\n<td width=\"47\"><strong>GC<\/strong><\/td>\n<td width=\"47\"><strong>DG<\/strong><\/td>\n<\/tr>\n<tr>\n<td width=\"219\"><strong>CEF N\u00ba 83 ROJO<\/strong><\/td>\n<td width=\"47\"><strong>28<\/strong><\/td>\n<td width=\"47\">11<\/td>\n<td width=\"47\">9<\/td>\n<td width=\"47\">1<\/td>\n<td width=\"47\">1<\/td>\n<td width=\"47\">46<\/td>\n<td width=\"47\">7<\/td>\n<td width=\"47\">39<\/td>\n<\/tr>\n<tr>\n<td width=\"219\"><strong>CEF N\u00ba 83 AZUL<\/strong><\/td>\n<td width=\"47\"><strong>25<\/strong><\/td>\n<td width=\"47\">10<\/td>\n<td width=\"47\">8<\/td>\n<td width=\"47\">1<\/td>\n<td width=\"47\">1<\/td>\n<td width=\"47\">42<\/td>\n<td width=\"47\">6<\/td>\n<td width=\"47\">36<\/td>\n<\/tr>\n<tr>\n<td width=\"219\"><strong>SARMIENTO PIG\u00dc\u00c9<\/strong><\/td>\n<td width=\"47\"><strong>20<\/strong><\/td>\n<td width=\"47\">10<\/td>\n<td width=\"47\">6<\/td>\n<td width=\"47\">2<\/td>\n<td width=\"47\">2<\/td>\n<td width=\"47\">31<\/td>\n<td width=\"47\">10<\/td>\n<td width=\"47\">21<\/td>\n<\/tr>\n<tr>\n<td width=\"219\"><strong>CAI PUAN VERDE<\/strong><\/td>\n<td width=\"47\"><strong>13<\/strong><\/td>\n<td width=\"47\">10<\/td>\n<td width=\"47\">4<\/td>\n<td width=\"47\">1<\/td>\n<td width=\"47\">5<\/td>\n<td width=\"47\">23<\/td>\n<td width=\"47\">26<\/td>\n<td width=\"47\">-3<\/td>\n<\/tr>\n<tr>\n<td width=\"219\"><strong>CAI PUAN ROJO<\/strong><\/td>\n<td width=\"47\"><strong>13<\/strong><\/td>\n<td width=\"47\">10<\/td>\n<td width=\"47\">4<\/td>\n<td width=\"47\">0<\/td>\n<td width=\"47\">6<\/td>\n<td width=\"47\">25<\/td>\n<td width=\"47\">33<\/td>\n<td width=\"47\">-8<\/td>\n<\/tr>\n<tr>\n<td width=\"219\"><strong>MUNICIPALIDAD DE PIG\u00dc\u00c9<\/strong><\/td>\n<td width=\"47\"><strong>5<\/strong><\/td>\n<td width=\"47\">10<\/td>\n<td width=\"47\">1<\/td>\n<td width=\"47\">2<\/td>\n<td width=\"47\">7<\/td>\n<td width=\"47\">7<\/td>\n<td width=\"47\">50<\/td>\n<td width=\"47\">-43<\/td>\n<\/tr>\n<tr>\n<td width=\"219\"><strong>PE\u00d1AROL<\/strong><\/td>\n<td width=\"47\"><strong>1<\/strong><\/td>\n<td width=\"47\">11<\/td>\n<td width=\"47\">0<\/td>\n<td width=\"47\">1<\/td>\n<td width=\"47\">10<\/td>\n<td width=\"47\">1<\/td>\n<td width=\"47\">54<\/td>\n<td width=\"47\">-53<\/td>\n<\/tr>\n<\/tbody>\n<\/table>\n<p><strong><u>\u00a0<\/u><\/strong><br \/>\n<strong><u>GOLEADORAS<\/u><\/strong><\/p>\n<table width=\"368\">\n<tbody>\n<tr>\n<td width=\"159\"><strong>JUGADORA<\/strong><\/td>\n<td width=\"159\"><strong>EQUIPO<\/strong><\/td>\n<td width=\"51\"><strong>GOLES<\/strong><\/td>\n<\/tr>\n<tr>\n<td width=\"159\"><strong>Soledad Fil\u00f3como<\/strong><\/td>\n<td width=\"159\">CEF N\u00ba 83 Azul<\/td>\n<td width=\"51\">21<\/td>\n<\/tr>\n<tr>\n<td width=\"159\"><strong>Eliana Disdel<\/strong><\/td>\n<td width=\"159\">CEF N\u00ba 83<\/td>\n<td width=\"51\">13<\/td>\n<\/tr>\n<tr>\n<td width=\"159\"><strong>Claudia Ferrero<\/strong><\/td>\n<td width=\"159\">Sarmiento Pig\u00fc\u00e9<\/td>\n<td width=\"51\">11<\/td>\n<\/tr>\n<tr>\n<td width=\"159\"><strong>Andrea Ochoa<\/strong><\/td>\n<td width=\"159\">CEF N\u00ba 83 Rojo<\/td>\n<td width=\"51\">10<\/td>\n<\/tr>\n<tr>\n<td width=\"159\"><strong>Oriana Vincent<\/strong><\/td>\n<td width=\"159\">CEF N\u00ba 83<\/td>\n<td width=\"51\">9<\/td>\n<\/tr>\n<tr>\n<td width=\"159\"><strong>Laura Vicente<\/strong><\/td>\n<td width=\"159\">CAI Puan Verde<\/td>\n<td width=\"51\">9<\/td>\n<\/tr>\n<tr>\n<td width=\"159\"><strong>Carina Graff<\/strong><\/td>\n<td width=\"159\">Sarmiento Pig\u00fc\u00e9<\/td>\n<td width=\"51\">8<\/td>\n<\/tr>\n<tr>\n<td width=\"159\"><strong>Micaela Iba\u00f1ezRocca<\/strong><\/td>\n<td width=\"159\">CEF N\u00ba 83 Rojo<\/td>\n<td width=\"51\">7<\/td>\n<\/tr>\n<\/tbody>\n<\/table>\n<p><strong><u>\u00a0<\/u><\/strong><br \/>\n<strong>TORNEO CLAUSURA DE DAMAS<\/strong><br \/>\n<strong>ADELANTOS FECHA 7<\/strong><br \/>\n<strong><em>\u00a0<\/em><\/strong><br \/>\n<strong><em>Primera Divisi\u00f3n<\/em><\/strong><\/p>\n<table width=\"509\">\n<tbody>\n<tr>\n<td width=\"188\"><strong>CEF N\u00ba 83<\/strong><\/td>\n<td width=\"47\"><strong>6<\/strong><\/td>\n<td width=\"40\"><strong>vs<\/strong><\/td>\n<td width=\"47\"><strong>0<\/strong><\/td>\n<td width=\"188\"><strong>Pe\u00f1arol<\/strong><\/td>\n<\/tr>\n<tr>\n<td colspan=\"2\" width=\"235\">Camila Cappelletti -3-<\/td>\n<td rowspan=\"4\" width=\"40\">Goles<\/td>\n<td colspan=\"2\" width=\"235\"><\/td>\n<\/tr>\n<tr>\n<td colspan=\"2\" width=\"235\">Yuliana Vallejos<\/td>\n<td colspan=\"2\" width=\"235\"><\/td>\n<\/tr>\n<tr>\n<td colspan=\"2\" width=\"235\">Aitana Ringelmann<\/td>\n<td colspan=\"2\" width=\"235\"><\/td>\n<\/tr>\n<tr>\n<td colspan=\"2\" width=\"235\">Jennifer Lorenzo<\/td>\n<td colspan=\"2\" width=\"235\"><\/td>\n<\/tr>\n<tr>\n<td colspan=\"2\" width=\"235\"><\/td>\n<td width=\"40\">TV<\/td>\n<td colspan=\"2\" width=\"235\">Jazamin Jaime<\/td>\n<\/tr>\n<\/tbody>\n<\/table>\n<p><strong><em>\u00a0<\/em><\/strong><br \/>\n<strong><em>S\u00e9ptima Divisi\u00f3n<\/em><\/strong><\/p>\n<table width=\"509\">\n<tbody>\n<tr>\n<td width=\"188\"><strong>CEF N\u00ba 83<\/strong><\/td>\n<td width=\"47\"><strong>3<\/strong><\/td>\n<td width=\"40\"><strong>vs<\/strong><\/td>\n<td width=\"47\"><strong>0<\/strong><\/td>\n<td width=\"188\"><strong>CAI Puan<\/strong><\/td>\n<\/tr>\n<tr>\n<td colspan=\"2\" width=\"235\">Angelina Mochi<\/td>\n<td rowspan=\"3\" width=\"40\">Goles<\/td>\n<td colspan=\"2\" width=\"235\"><\/td>\n<\/tr>\n<tr>\n<td colspan=\"2\" width=\"235\">Catalina Grenada<\/td>\n<td colspan=\"2\" width=\"235\"><\/td>\n<\/tr>\n<tr>\n<td colspan=\"2\" width=\"235\">Mercedes Gonz\u00e1lez<\/td>\n<td colspan=\"2\" width=\"235\"><\/td>\n<\/tr>\n<tr>\n<td colspan=\"2\" width=\"235\">Celina Scoponi<\/td>\n<td width=\"40\">TV<\/td>\n<td colspan=\"2\" width=\"235\"><\/td>\n<\/tr>\n<\/tbody>\n<\/table>\n<p><strong><u>TABLAS DE POSICIONES<\/u><\/strong><br \/>\n&nbsp;<br \/>\n<strong><u><a title=\"Nueva imagen\" href=\"http:\/\/farm5.staticflickr.com\/4420\/37306555531_5d4939cd38.jpg\" rel=\"\"><img loading=\"lazy\" decoding=\"async\" class=\"aligncenter\" title=\"Nueva imagen\" src=\"http:\/\/farm5.staticflickr.com\/4420\/37306555531_5d4939cd38.jpg\" alt=\"Nueva imagen\" width=\"409\" height=\"500\" \/><\/a>El resto de la fecha se juega el s\u00e1bado 30 de septiembre<\/u><\/strong><br \/>\n<strong>PRIMERA<\/strong><\/p>\n<table width=\"416\">\n<tbody>\n<tr>\n<td width=\"188\"><strong>Ventana-Automoto<\/strong><\/td>\n<td width=\"40\"><strong>vs<\/strong><\/td>\n<td width=\"188\"><strong>Dep. Sarmiento<\/strong><\/td>\n<\/tr>\n<tr>\n<td width=\"188\"><strong>Club de Pelota<\/strong><\/td>\n<td width=\"40\"><strong>vs<\/strong><\/td>\n<td width=\"188\"><strong>Hockey Carhu\u00e9<\/strong><\/td>\n<\/tr>\n<tr>\n<td width=\"188\"><strong>Sarmiento Pig\u00fc\u00e9<\/strong><\/td>\n<td width=\"40\"><strong>vs<\/strong><\/td>\n<td width=\"188\"><strong>Rosario PB<\/strong><\/td>\n<\/tr>\n<\/tbody>\n<\/table>\n<p><strong><u>\u00a0<\/u><\/strong><br \/>\n<strong>SEXTA<\/strong><\/p>\n<table width=\"416\">\n<tbody>\n<tr>\n<td width=\"188\"><strong>Sarmiento Pig\u00fc\u00e9<\/strong><\/td>\n<td width=\"40\"><strong>vs<\/strong><\/td>\n<td width=\"188\"><strong>Rosario PB<\/strong><\/td>\n<\/tr>\n<\/tbody>\n<\/table>\n<p><strong><u>\u00a0<\/u><\/strong><br \/>\n<strong>S\u00c9PTIMA<\/strong><\/p>\n<table width=\"416\">\n<tbody>\n<tr>\n<td width=\"188\"><strong>Ventana-Automoto<\/strong><\/td>\n<td width=\"40\"><strong>vs<\/strong><\/td>\n<td width=\"188\"><strong>Dep. Sarmiento<\/strong><\/td>\n<\/tr>\n<tr>\n<td width=\"188\"><strong>Club de Pelota<\/strong><\/td>\n<td width=\"40\"><strong>vs<\/strong><\/td>\n<td width=\"188\"><strong>Hockey Carhu\u00e9<\/strong><\/td>\n<\/tr>\n<tr>\n<td width=\"188\"><strong>Sarmiento Pig\u00fc\u00e9<\/strong><\/td>\n<td width=\"40\"><strong>vs<\/strong><\/td>\n<td width=\"188\"><strong>Rosario PB<\/strong><\/td>\n<\/tr>\n<\/tbody>\n<\/table>\n<p><strong>\u00a0<\/strong><br \/>\n<strong>\u00a0<\/strong><br \/>\n<strong>\u00a0<\/strong><br \/>\n<strong><u>\u00a0<\/u><\/strong><\/p>\n","protected":false},"excerpt":{"rendered":"<p>Informaci\u00f3n de las actividades de la Asociaci\u00f3n de Hockey del Sudoeste, \u00a0Fechas 11 y 12 del Torneo Anual de Mamis; -Adelantos de la fecha 7 del Torneo Clausura de Damas.<\/p>\n","protected":false},"author":3,"featured_media":0,"comment_status":"closed","ping_status":"open","sticky":false,"template":"","format":"standard","meta":{"footnotes":""},"categories":[27],"tags":[],"class_list":["post-14710","post","type-post","status-publish","format-standard","hentry","category-deportes"],"yoast_head":"<!-- This site is optimized with the Yoast SEO plugin v25.9 - https:\/\/yoast.com\/wordpress\/plugins\/seo\/ -->\n<title>Resultados y estad\u00edsticas del Hockey del sudoeste. - Noticias Radio Reflejos<\/title>\n<meta name=\"robots\" content=\"index, follow, max-snippet:-1, max-image-preview:large, max-video-preview:-1\" \/>\n<link rel=\"canonical\" href=\"https:\/\/www.noticiasradioreflejos.com.ar\/2021\/resultados-y-estadisticas-del-hockey-del-sudoeste\/\" \/>\n<meta property=\"og:locale\" content=\"es_ES\" \/>\n<meta property=\"og:type\" content=\"article\" \/>\n<meta property=\"og:title\" content=\"Resultados y estad\u00edsticas del Hockey del sudoeste. - Noticias Radio Reflejos\" \/>\n<meta property=\"og:description\" content=\"Informaci\u00f3n de las actividades de la Asociaci\u00f3n de Hockey del Sudoeste, \u00a0Fechas 11 y 12 del Torneo Anual de Mamis; -Adelantos de la fecha 7 del Torneo Clausura de Damas.\" \/>\n<meta property=\"og:url\" content=\"https:\/\/www.noticiasradioreflejos.com.ar\/2021\/resultados-y-estadisticas-del-hockey-del-sudoeste\/\" \/>\n<meta property=\"og:site_name\" content=\"Noticias Radio Reflejos\" \/>\n<meta property=\"article:published_time\" content=\"2017-09-25T11:33:55+00:00\" \/>\n<meta property=\"og:image\" content=\"http:\/\/farm5.staticflickr.com\/4420\/37306555531_5d4939cd38.jpg\" \/>\n<meta name=\"author\" content=\"Arnaldo Botto\" \/>\n<meta name=\"twitter:card\" content=\"summary_large_image\" \/>\n<script type=\"application\/ld+json\" class=\"yoast-schema-graph\">{\"@context\":\"https:\/\/schema.org\",\"@graph\":[{\"@type\":\"WebPage\",\"@id\":\"https:\/\/www.noticiasradioreflejos.com.ar\/2021\/resultados-y-estadisticas-del-hockey-del-sudoeste\/\",\"url\":\"https:\/\/www.noticiasradioreflejos.com.ar\/2021\/resultados-y-estadisticas-del-hockey-del-sudoeste\/\",\"name\":\"Resultados y estad\u00edsticas del Hockey del sudoeste. - Noticias Radio Reflejos\",\"isPartOf\":{\"@id\":\"https:\/\/www.noticiasradioreflejos.com.ar\/2021\/#website\"},\"primaryImageOfPage\":{\"@id\":\"https:\/\/www.noticiasradioreflejos.com.ar\/2021\/resultados-y-estadisticas-del-hockey-del-sudoeste\/#primaryimage\"},\"image\":{\"@id\":\"https:\/\/www.noticiasradioreflejos.com.ar\/2021\/resultados-y-estadisticas-del-hockey-del-sudoeste\/#primaryimage\"},\"thumbnailUrl\":\"http:\/\/farm5.staticflickr.com\/4420\/37306555531_5d4939cd38.jpg\",\"datePublished\":\"2017-09-25T11:33:55+00:00\",\"author\":{\"@id\":\"https:\/\/www.noticiasradioreflejos.com.ar\/2021\/#\/schema\/person\/ad82545263dcc5ec0996818884fd5fb1\"},\"breadcrumb\":{\"@id\":\"https:\/\/www.noticiasradioreflejos.com.ar\/2021\/resultados-y-estadisticas-del-hockey-del-sudoeste\/#breadcrumb\"},\"inLanguage\":\"es\",\"potentialAction\":[{\"@type\":\"ReadAction\",\"target\":[\"https:\/\/www.noticiasradioreflejos.com.ar\/2021\/resultados-y-estadisticas-del-hockey-del-sudoeste\/\"]}]},{\"@type\":\"ImageObject\",\"inLanguage\":\"es\",\"@id\":\"https:\/\/www.noticiasradioreflejos.com.ar\/2021\/resultados-y-estadisticas-del-hockey-del-sudoeste\/#primaryimage\",\"url\":\"http:\/\/farm5.staticflickr.com\/4420\/37306555531_5d4939cd38.jpg\",\"contentUrl\":\"http:\/\/farm5.staticflickr.com\/4420\/37306555531_5d4939cd38.jpg\"},{\"@type\":\"BreadcrumbList\",\"@id\":\"https:\/\/www.noticiasradioreflejos.com.ar\/2021\/resultados-y-estadisticas-del-hockey-del-sudoeste\/#breadcrumb\",\"itemListElement\":[{\"@type\":\"ListItem\",\"position\":1,\"name\":\"Portada\",\"item\":\"https:\/\/www.noticiasradioreflejos.com.ar\/2021\/\"},{\"@type\":\"ListItem\",\"position\":2,\"name\":\"Resultados y estad\u00edsticas del Hockey del sudoeste.\"}]},{\"@type\":\"WebSite\",\"@id\":\"https:\/\/www.noticiasradioreflejos.com.ar\/2021\/#website\",\"url\":\"https:\/\/www.noticiasradioreflejos.com.ar\/2021\/\",\"name\":\"Noticias Radio Reflejos\",\"description\":\"Las noticias de mi comarca\",\"potentialAction\":[{\"@type\":\"SearchAction\",\"target\":{\"@type\":\"EntryPoint\",\"urlTemplate\":\"https:\/\/www.noticiasradioreflejos.com.ar\/2021\/?s={search_term_string}\"},\"query-input\":{\"@type\":\"PropertyValueSpecification\",\"valueRequired\":true,\"valueName\":\"search_term_string\"}}],\"inLanguage\":\"es\"},{\"@type\":\"Person\",\"@id\":\"https:\/\/www.noticiasradioreflejos.com.ar\/2021\/#\/schema\/person\/ad82545263dcc5ec0996818884fd5fb1\",\"name\":\"Arnaldo Botto\",\"image\":{\"@type\":\"ImageObject\",\"inLanguage\":\"es\",\"@id\":\"https:\/\/www.noticiasradioreflejos.com.ar\/2021\/#\/schema\/person\/image\/\",\"url\":\"https:\/\/secure.gravatar.com\/avatar\/55cb5e37c1efa326397366e6974cb338056df65cb50e7d64d1cf314e87504837?s=96&d=mm&r=g\",\"contentUrl\":\"https:\/\/secure.gravatar.com\/avatar\/55cb5e37c1efa326397366e6974cb338056df65cb50e7d64d1cf314e87504837?s=96&d=mm&r=g\",\"caption\":\"Arnaldo Botto\"},\"url\":\"https:\/\/www.noticiasradioreflejos.com.ar\/2021\/author\/arnaldo\/\"}]}<\/script>\n<!-- \/ Yoast SEO plugin. -->","yoast_head_json":{"title":"Resultados y estad\u00edsticas del Hockey del sudoeste. - Noticias Radio Reflejos","robots":{"index":"index","follow":"follow","max-snippet":"max-snippet:-1","max-image-preview":"max-image-preview:large","max-video-preview":"max-video-preview:-1"},"canonical":"https:\/\/www.noticiasradioreflejos.com.ar\/2021\/resultados-y-estadisticas-del-hockey-del-sudoeste\/","og_locale":"es_ES","og_type":"article","og_title":"Resultados y estad\u00edsticas del Hockey del sudoeste. - Noticias Radio Reflejos","og_description":"Informaci\u00f3n de las actividades de la Asociaci\u00f3n de Hockey del Sudoeste, \u00a0Fechas 11 y 12 del Torneo Anual de Mamis; -Adelantos de la fecha 7 del Torneo Clausura de Damas.","og_url":"https:\/\/www.noticiasradioreflejos.com.ar\/2021\/resultados-y-estadisticas-del-hockey-del-sudoeste\/","og_site_name":"Noticias Radio Reflejos","article_published_time":"2017-09-25T11:33:55+00:00","og_image":[{"url":"http:\/\/farm5.staticflickr.com\/4420\/37306555531_5d4939cd38.jpg","type":"","width":"","height":""}],"author":"Arnaldo Botto","twitter_card":"summary_large_image","schema":{"@context":"https:\/\/schema.org","@graph":[{"@type":"WebPage","@id":"https:\/\/www.noticiasradioreflejos.com.ar\/2021\/resultados-y-estadisticas-del-hockey-del-sudoeste\/","url":"https:\/\/www.noticiasradioreflejos.com.ar\/2021\/resultados-y-estadisticas-del-hockey-del-sudoeste\/","name":"Resultados y estad\u00edsticas del Hockey del sudoeste. - Noticias Radio Reflejos","isPartOf":{"@id":"https:\/\/www.noticiasradioreflejos.com.ar\/2021\/#website"},"primaryImageOfPage":{"@id":"https:\/\/www.noticiasradioreflejos.com.ar\/2021\/resultados-y-estadisticas-del-hockey-del-sudoeste\/#primaryimage"},"image":{"@id":"https:\/\/www.noticiasradioreflejos.com.ar\/2021\/resultados-y-estadisticas-del-hockey-del-sudoeste\/#primaryimage"},"thumbnailUrl":"http:\/\/farm5.staticflickr.com\/4420\/37306555531_5d4939cd38.jpg","datePublished":"2017-09-25T11:33:55+00:00","author":{"@id":"https:\/\/www.noticiasradioreflejos.com.ar\/2021\/#\/schema\/person\/ad82545263dcc5ec0996818884fd5fb1"},"breadcrumb":{"@id":"https:\/\/www.noticiasradioreflejos.com.ar\/2021\/resultados-y-estadisticas-del-hockey-del-sudoeste\/#breadcrumb"},"inLanguage":"es","potentialAction":[{"@type":"ReadAction","target":["https:\/\/www.noticiasradioreflejos.com.ar\/2021\/resultados-y-estadisticas-del-hockey-del-sudoeste\/"]}]},{"@type":"ImageObject","inLanguage":"es","@id":"https:\/\/www.noticiasradioreflejos.com.ar\/2021\/resultados-y-estadisticas-del-hockey-del-sudoeste\/#primaryimage","url":"http:\/\/farm5.staticflickr.com\/4420\/37306555531_5d4939cd38.jpg","contentUrl":"http:\/\/farm5.staticflickr.com\/4420\/37306555531_5d4939cd38.jpg"},{"@type":"BreadcrumbList","@id":"https:\/\/www.noticiasradioreflejos.com.ar\/2021\/resultados-y-estadisticas-del-hockey-del-sudoeste\/#breadcrumb","itemListElement":[{"@type":"ListItem","position":1,"name":"Portada","item":"https:\/\/www.noticiasradioreflejos.com.ar\/2021\/"},{"@type":"ListItem","position":2,"name":"Resultados y estad\u00edsticas del Hockey del sudoeste."}]},{"@type":"WebSite","@id":"https:\/\/www.noticiasradioreflejos.com.ar\/2021\/#website","url":"https:\/\/www.noticiasradioreflejos.com.ar\/2021\/","name":"Noticias Radio Reflejos","description":"Las noticias de mi comarca","potentialAction":[{"@type":"SearchAction","target":{"@type":"EntryPoint","urlTemplate":"https:\/\/www.noticiasradioreflejos.com.ar\/2021\/?s={search_term_string}"},"query-input":{"@type":"PropertyValueSpecification","valueRequired":true,"valueName":"search_term_string"}}],"inLanguage":"es"},{"@type":"Person","@id":"https:\/\/www.noticiasradioreflejos.com.ar\/2021\/#\/schema\/person\/ad82545263dcc5ec0996818884fd5fb1","name":"Arnaldo Botto","image":{"@type":"ImageObject","inLanguage":"es","@id":"https:\/\/www.noticiasradioreflejos.com.ar\/2021\/#\/schema\/person\/image\/","url":"https:\/\/secure.gravatar.com\/avatar\/55cb5e37c1efa326397366e6974cb338056df65cb50e7d64d1cf314e87504837?s=96&d=mm&r=g","contentUrl":"https:\/\/secure.gravatar.com\/avatar\/55cb5e37c1efa326397366e6974cb338056df65cb50e7d64d1cf314e87504837?s=96&d=mm&r=g","caption":"Arnaldo Botto"},"url":"https:\/\/www.noticiasradioreflejos.com.ar\/2021\/author\/arnaldo\/"}]}},"_links":{"self":[{"href":"https:\/\/www.noticiasradioreflejos.com.ar\/2021\/wp-json\/wp\/v2\/posts\/14710","targetHints":{"allow":["GET"]}}],"collection":[{"href":"https:\/\/www.noticiasradioreflejos.com.ar\/2021\/wp-json\/wp\/v2\/posts"}],"about":[{"href":"https:\/\/www.noticiasradioreflejos.com.ar\/2021\/wp-json\/wp\/v2\/types\/post"}],"author":[{"embeddable":true,"href":"https:\/\/www.noticiasradioreflejos.com.ar\/2021\/wp-json\/wp\/v2\/users\/3"}],"replies":[{"embeddable":true,"href":"https:\/\/www.noticiasradioreflejos.com.ar\/2021\/wp-json\/wp\/v2\/comments?post=14710"}],"version-history":[{"count":0,"href":"https:\/\/www.noticiasradioreflejos.com.ar\/2021\/wp-json\/wp\/v2\/posts\/14710\/revisions"}],"wp:attachment":[{"href":"https:\/\/www.noticiasradioreflejos.com.ar\/2021\/wp-json\/wp\/v2\/media?parent=14710"}],"wp:term":[{"taxonomy":"category","embeddable":true,"href":"https:\/\/www.noticiasradioreflejos.com.ar\/2021\/wp-json\/wp\/v2\/categories?post=14710"},{"taxonomy":"post_tag","embeddable":true,"href":"https:\/\/www.noticiasradioreflejos.com.ar\/2021\/wp-json\/wp\/v2\/tags?post=14710"}],"curies":[{"name":"wp","href":"https:\/\/api.w.org\/{rel}","templated":true}]}}