{"id":14707,"date":"2017-09-25T08:24:59","date_gmt":"2017-09-25T11:24:59","guid":{"rendered":"http:\/\/www.noticiasradioreflejos.com.ar\/noticias\/?p=14707"},"modified":"2017-09-25T08:24:59","modified_gmt":"2017-09-25T11:24:59","slug":"emprendedores-serranos-participaron-del-premio-joven-empresario-region-sur-bs-as","status":"publish","type":"post","link":"https:\/\/www.noticiasradioreflejos.com.ar\/2021\/emprendedores-serranos-participaron-del-premio-joven-empresario-region-sur-bs-as\/","title":{"rendered":"Emprendedores serranos participaron del  Premio Joven Empresario Regi\u00f3n Sur Bs. As"},"content":{"rendered":"<p><a title=\"IMG-20170923-WA0035 (1)\" href=\"http:\/\/farm5.staticflickr.com\/4511\/37449350655_47f60c94d4.jpg\" rel=\"\"><img loading=\"lazy\" decoding=\"async\" class=\"alignleft\" style=\"float: left;\" title=\"IMG-20170923-WA0035 (1)\" src=\"http:\/\/farm5.staticflickr.com\/4511\/37449350655_47f60c94d4.jpg\" alt=\"IMG-20170923-WA0035 (1)\" width=\"500\" height=\"418\" \/><\/a>El evento tuvo lugar en Coronel Pringles el pasado viernes y los emprendedores \u00a0fueron Cerveza Revolution y Hostel Ruta 76 representando a\u00a0\u00a0CAMCOTISAS:<br \/>\nOrganizada por la Asociaci\u00f3n del Comercio y la Industrial local (en el marco de su 70\u00ba aniversario), con el apoyo de J\u00f3venes Empresarios de la (FEBA) y CAME (Confederaci\u00f3n Argentina de la Mediana Empresa), se desarroll\u00f3 en Cnel Pringles la entrega del\u00a0Premio Empresario Joven del Sur de la Pcia de Buenos Aires.<!--more--><br \/>\nEl acto tuvo desarrollo en el teatro de la Casa del Bicentenario. Previo al acto formal, algunos empresarios y emprendedores exhibieron sus productos en una de las salas de la Cooperativa de las Artes, que se encuentran en el mismo edificio.<br \/>\nEn el encuentro acompa\u00f1aron el Vicepresidente de regi\u00f3n Sur de FEBA, Genaro Garc\u00eda; Secretario del Sudoeste de FEBA, Javier \u00c1lvarez; Presidente de la C\u00e1mara de Comercio local, Daniel Ockier; Coordinador Regional de J\u00f3venes Empresarios FEBA, Fernando Bueno; Director de Producci\u00f3n, Oscar Rossi; Presidente de la C\u00e1mara de J\u00f3venes Empresarios de Punta Alta, Ezequiel Aguilar; entre otros. Adem\u00e1s de representantes de las C\u00e1maras de Comercios de la regi\u00f3n como el caso de Monte Hermoso, Coronel Dorrego, Tres Arroyos, Sierra de la Ventana, M\u00e9danos, Coronel Su\u00e1rez, Salliquel\u00f3 y Bah\u00eda Blanca.<br \/>\nLas C\u00e1maras de J\u00f3venes Empresarios de la (FEBA) y CAME (Confederaci\u00f3n Argentina de la Mediana Empresa) distinguieron con el Premio Empresario Joven del Sur de la Provincia de Buenos Aires, al emprendedor puntaltense Gustavo D\u00b4Angelo, titular de la empresa familiar que fabrica la silla anfibia \u00abNeptuno\u00bb.<br \/>\nEl reconocimiento al esp\u00edritu innovador que permite a las personas con dificultades motoras disfrutar del esparcimiento acu\u00e1tico con seguridad, fue valorada como la m\u00e1s destacada entre un conjunto de 50 emprendimientos empresariales a escala, en el marco de la segunda distinci\u00f3n a nivel provincial, llevada a cabo en la v\u00edspera en Coronel Pringles.<br \/>\n<a title=\"IMG-20170923-WA0032\" href=\"http:\/\/farm5.staticflickr.com\/4397\/37277087942_9febc9c2cb.jpg\" rel=\"\"><img loading=\"lazy\" decoding=\"async\" class=\"aligncenter\" title=\"IMG-20170923-WA0032\" src=\"http:\/\/farm5.staticflickr.com\/4397\/37277087942_9febc9c2cb.jpg\" alt=\"IMG-20170923-WA0032\" width=\"500\" height=\"404\" \/><\/a><br \/>\n&nbsp;<\/p>\n","protected":false},"excerpt":{"rendered":"<p>El evento tuvo lugar en Coronel Pringles el pasado viernes y los emprendedores \u00a0fueron Cerveza Revolution y Hostel Ruta 76 representando a\u00a0\u00a0CAMCOTISAS: Organizada por la Asociaci\u00f3n del Comercio y la Industrial local (en el marco de su 70\u00ba aniversario), con el apoyo de J\u00f3venes Empresarios de la (FEBA) y CAME (Confederaci\u00f3n Argentina de la Mediana [&hellip;]<\/p>\n","protected":false},"author":3,"featured_media":0,"comment_status":"closed","ping_status":"open","sticky":false,"template":"","format":"standard","meta":{"footnotes":""},"categories":[36],"tags":[],"class_list":["post-14707","post","type-post","status-publish","format-standard","hentry","category-economia"],"yoast_head":"<!-- This site is optimized with the Yoast SEO plugin v25.9 - https:\/\/yoast.com\/wordpress\/plugins\/seo\/ -->\n<title>Emprendedores serranos participaron del Premio Joven Empresario Regi\u00f3n Sur Bs. As - Noticias Radio Reflejos<\/title>\n<meta name=\"robots\" content=\"index, follow, max-snippet:-1, max-image-preview:large, max-video-preview:-1\" \/>\n<link rel=\"canonical\" href=\"https:\/\/www.noticiasradioreflejos.com.ar\/2021\/emprendedores-serranos-participaron-del-premio-joven-empresario-region-sur-bs-as\/\" \/>\n<meta property=\"og:locale\" content=\"es_ES\" \/>\n<meta property=\"og:type\" content=\"article\" \/>\n<meta property=\"og:title\" content=\"Emprendedores serranos participaron del Premio Joven Empresario Regi\u00f3n Sur Bs. As - Noticias Radio Reflejos\" \/>\n<meta property=\"og:description\" content=\"El evento tuvo lugar en Coronel Pringles el pasado viernes y los emprendedores \u00a0fueron Cerveza Revolution y Hostel Ruta 76 representando a\u00a0\u00a0CAMCOTISAS: Organizada por la Asociaci\u00f3n del Comercio y la Industrial local (en el marco de su 70\u00ba aniversario), con el apoyo de J\u00f3venes Empresarios de la (FEBA) y CAME (Confederaci\u00f3n Argentina de la Mediana [&hellip;]\" \/>\n<meta property=\"og:url\" content=\"https:\/\/www.noticiasradioreflejos.com.ar\/2021\/emprendedores-serranos-participaron-del-premio-joven-empresario-region-sur-bs-as\/\" \/>\n<meta property=\"og:site_name\" content=\"Noticias Radio Reflejos\" \/>\n<meta property=\"article:published_time\" content=\"2017-09-25T11:24:59+00:00\" \/>\n<meta property=\"og:image\" content=\"http:\/\/farm5.staticflickr.com\/4511\/37449350655_47f60c94d4.jpg\" \/>\n<meta name=\"author\" content=\"Arnaldo Botto\" \/>\n<meta name=\"twitter:card\" content=\"summary_large_image\" \/>\n<script type=\"application\/ld+json\" class=\"yoast-schema-graph\">{\"@context\":\"https:\/\/schema.org\",\"@graph\":[{\"@type\":\"WebPage\",\"@id\":\"https:\/\/www.noticiasradioreflejos.com.ar\/2021\/emprendedores-serranos-participaron-del-premio-joven-empresario-region-sur-bs-as\/\",\"url\":\"https:\/\/www.noticiasradioreflejos.com.ar\/2021\/emprendedores-serranos-participaron-del-premio-joven-empresario-region-sur-bs-as\/\",\"name\":\"Emprendedores serranos participaron del Premio Joven Empresario Regi\u00f3n Sur Bs. As - Noticias Radio Reflejos\",\"isPartOf\":{\"@id\":\"https:\/\/www.noticiasradioreflejos.com.ar\/2021\/#website\"},\"primaryImageOfPage\":{\"@id\":\"https:\/\/www.noticiasradioreflejos.com.ar\/2021\/emprendedores-serranos-participaron-del-premio-joven-empresario-region-sur-bs-as\/#primaryimage\"},\"image\":{\"@id\":\"https:\/\/www.noticiasradioreflejos.com.ar\/2021\/emprendedores-serranos-participaron-del-premio-joven-empresario-region-sur-bs-as\/#primaryimage\"},\"thumbnailUrl\":\"http:\/\/farm5.staticflickr.com\/4511\/37449350655_47f60c94d4.jpg\",\"datePublished\":\"2017-09-25T11:24:59+00:00\",\"author\":{\"@id\":\"https:\/\/www.noticiasradioreflejos.com.ar\/2021\/#\/schema\/person\/ad82545263dcc5ec0996818884fd5fb1\"},\"breadcrumb\":{\"@id\":\"https:\/\/www.noticiasradioreflejos.com.ar\/2021\/emprendedores-serranos-participaron-del-premio-joven-empresario-region-sur-bs-as\/#breadcrumb\"},\"inLanguage\":\"es\",\"potentialAction\":[{\"@type\":\"ReadAction\",\"target\":[\"https:\/\/www.noticiasradioreflejos.com.ar\/2021\/emprendedores-serranos-participaron-del-premio-joven-empresario-region-sur-bs-as\/\"]}]},{\"@type\":\"ImageObject\",\"inLanguage\":\"es\",\"@id\":\"https:\/\/www.noticiasradioreflejos.com.ar\/2021\/emprendedores-serranos-participaron-del-premio-joven-empresario-region-sur-bs-as\/#primaryimage\",\"url\":\"http:\/\/farm5.staticflickr.com\/4511\/37449350655_47f60c94d4.jpg\",\"contentUrl\":\"http:\/\/farm5.staticflickr.com\/4511\/37449350655_47f60c94d4.jpg\"},{\"@type\":\"BreadcrumbList\",\"@id\":\"https:\/\/www.noticiasradioreflejos.com.ar\/2021\/emprendedores-serranos-participaron-del-premio-joven-empresario-region-sur-bs-as\/#breadcrumb\",\"itemListElement\":[{\"@type\":\"ListItem\",\"position\":1,\"name\":\"Portada\",\"item\":\"https:\/\/www.noticiasradioreflejos.com.ar\/2021\/\"},{\"@type\":\"ListItem\",\"position\":2,\"name\":\"Emprendedores serranos participaron del Premio Joven Empresario Regi\u00f3n Sur Bs. As\"}]},{\"@type\":\"WebSite\",\"@id\":\"https:\/\/www.noticiasradioreflejos.com.ar\/2021\/#website\",\"url\":\"https:\/\/www.noticiasradioreflejos.com.ar\/2021\/\",\"name\":\"Noticias Radio Reflejos\",\"description\":\"Las noticias de mi comarca\",\"potentialAction\":[{\"@type\":\"SearchAction\",\"target\":{\"@type\":\"EntryPoint\",\"urlTemplate\":\"https:\/\/www.noticiasradioreflejos.com.ar\/2021\/?s={search_term_string}\"},\"query-input\":{\"@type\":\"PropertyValueSpecification\",\"valueRequired\":true,\"valueName\":\"search_term_string\"}}],\"inLanguage\":\"es\"},{\"@type\":\"Person\",\"@id\":\"https:\/\/www.noticiasradioreflejos.com.ar\/2021\/#\/schema\/person\/ad82545263dcc5ec0996818884fd5fb1\",\"name\":\"Arnaldo Botto\",\"image\":{\"@type\":\"ImageObject\",\"inLanguage\":\"es\",\"@id\":\"https:\/\/www.noticiasradioreflejos.com.ar\/2021\/#\/schema\/person\/image\/\",\"url\":\"https:\/\/secure.gravatar.com\/avatar\/55cb5e37c1efa326397366e6974cb338056df65cb50e7d64d1cf314e87504837?s=96&d=mm&r=g\",\"contentUrl\":\"https:\/\/secure.gravatar.com\/avatar\/55cb5e37c1efa326397366e6974cb338056df65cb50e7d64d1cf314e87504837?s=96&d=mm&r=g\",\"caption\":\"Arnaldo Botto\"},\"url\":\"https:\/\/www.noticiasradioreflejos.com.ar\/2021\/author\/arnaldo\/\"}]}<\/script>\n<!-- \/ Yoast SEO plugin. -->","yoast_head_json":{"title":"Emprendedores serranos participaron del Premio Joven Empresario Regi\u00f3n Sur Bs. As - Noticias Radio Reflejos","robots":{"index":"index","follow":"follow","max-snippet":"max-snippet:-1","max-image-preview":"max-image-preview:large","max-video-preview":"max-video-preview:-1"},"canonical":"https:\/\/www.noticiasradioreflejos.com.ar\/2021\/emprendedores-serranos-participaron-del-premio-joven-empresario-region-sur-bs-as\/","og_locale":"es_ES","og_type":"article","og_title":"Emprendedores serranos participaron del Premio Joven Empresario Regi\u00f3n Sur Bs. As - Noticias Radio Reflejos","og_description":"El evento tuvo lugar en Coronel Pringles el pasado viernes y los emprendedores \u00a0fueron Cerveza Revolution y Hostel Ruta 76 representando a\u00a0\u00a0CAMCOTISAS: Organizada por la Asociaci\u00f3n del Comercio y la Industrial local (en el marco de su 70\u00ba aniversario), con el apoyo de J\u00f3venes Empresarios de la (FEBA) y CAME (Confederaci\u00f3n Argentina de la Mediana [&hellip;]","og_url":"https:\/\/www.noticiasradioreflejos.com.ar\/2021\/emprendedores-serranos-participaron-del-premio-joven-empresario-region-sur-bs-as\/","og_site_name":"Noticias Radio Reflejos","article_published_time":"2017-09-25T11:24:59+00:00","og_image":[{"url":"http:\/\/farm5.staticflickr.com\/4511\/37449350655_47f60c94d4.jpg","type":"","width":"","height":""}],"author":"Arnaldo Botto","twitter_card":"summary_large_image","schema":{"@context":"https:\/\/schema.org","@graph":[{"@type":"WebPage","@id":"https:\/\/www.noticiasradioreflejos.com.ar\/2021\/emprendedores-serranos-participaron-del-premio-joven-empresario-region-sur-bs-as\/","url":"https:\/\/www.noticiasradioreflejos.com.ar\/2021\/emprendedores-serranos-participaron-del-premio-joven-empresario-region-sur-bs-as\/","name":"Emprendedores serranos participaron del Premio Joven Empresario Regi\u00f3n Sur Bs. As - Noticias Radio Reflejos","isPartOf":{"@id":"https:\/\/www.noticiasradioreflejos.com.ar\/2021\/#website"},"primaryImageOfPage":{"@id":"https:\/\/www.noticiasradioreflejos.com.ar\/2021\/emprendedores-serranos-participaron-del-premio-joven-empresario-region-sur-bs-as\/#primaryimage"},"image":{"@id":"https:\/\/www.noticiasradioreflejos.com.ar\/2021\/emprendedores-serranos-participaron-del-premio-joven-empresario-region-sur-bs-as\/#primaryimage"},"thumbnailUrl":"http:\/\/farm5.staticflickr.com\/4511\/37449350655_47f60c94d4.jpg","datePublished":"2017-09-25T11:24:59+00:00","author":{"@id":"https:\/\/www.noticiasradioreflejos.com.ar\/2021\/#\/schema\/person\/ad82545263dcc5ec0996818884fd5fb1"},"breadcrumb":{"@id":"https:\/\/www.noticiasradioreflejos.com.ar\/2021\/emprendedores-serranos-participaron-del-premio-joven-empresario-region-sur-bs-as\/#breadcrumb"},"inLanguage":"es","potentialAction":[{"@type":"ReadAction","target":["https:\/\/www.noticiasradioreflejos.com.ar\/2021\/emprendedores-serranos-participaron-del-premio-joven-empresario-region-sur-bs-as\/"]}]},{"@type":"ImageObject","inLanguage":"es","@id":"https:\/\/www.noticiasradioreflejos.com.ar\/2021\/emprendedores-serranos-participaron-del-premio-joven-empresario-region-sur-bs-as\/#primaryimage","url":"http:\/\/farm5.staticflickr.com\/4511\/37449350655_47f60c94d4.jpg","contentUrl":"http:\/\/farm5.staticflickr.com\/4511\/37449350655_47f60c94d4.jpg"},{"@type":"BreadcrumbList","@id":"https:\/\/www.noticiasradioreflejos.com.ar\/2021\/emprendedores-serranos-participaron-del-premio-joven-empresario-region-sur-bs-as\/#breadcrumb","itemListElement":[{"@type":"ListItem","position":1,"name":"Portada","item":"https:\/\/www.noticiasradioreflejos.com.ar\/2021\/"},{"@type":"ListItem","position":2,"name":"Emprendedores serranos participaron del Premio Joven Empresario Regi\u00f3n Sur Bs. As"}]},{"@type":"WebSite","@id":"https:\/\/www.noticiasradioreflejos.com.ar\/2021\/#website","url":"https:\/\/www.noticiasradioreflejos.com.ar\/2021\/","name":"Noticias Radio Reflejos","description":"Las noticias de mi comarca","potentialAction":[{"@type":"SearchAction","target":{"@type":"EntryPoint","urlTemplate":"https:\/\/www.noticiasradioreflejos.com.ar\/2021\/?s={search_term_string}"},"query-input":{"@type":"PropertyValueSpecification","valueRequired":true,"valueName":"search_term_string"}}],"inLanguage":"es"},{"@type":"Person","@id":"https:\/\/www.noticiasradioreflejos.com.ar\/2021\/#\/schema\/person\/ad82545263dcc5ec0996818884fd5fb1","name":"Arnaldo Botto","image":{"@type":"ImageObject","inLanguage":"es","@id":"https:\/\/www.noticiasradioreflejos.com.ar\/2021\/#\/schema\/person\/image\/","url":"https:\/\/secure.gravatar.com\/avatar\/55cb5e37c1efa326397366e6974cb338056df65cb50e7d64d1cf314e87504837?s=96&d=mm&r=g","contentUrl":"https:\/\/secure.gravatar.com\/avatar\/55cb5e37c1efa326397366e6974cb338056df65cb50e7d64d1cf314e87504837?s=96&d=mm&r=g","caption":"Arnaldo Botto"},"url":"https:\/\/www.noticiasradioreflejos.com.ar\/2021\/author\/arnaldo\/"}]}},"_links":{"self":[{"href":"https:\/\/www.noticiasradioreflejos.com.ar\/2021\/wp-json\/wp\/v2\/posts\/14707","targetHints":{"allow":["GET"]}}],"collection":[{"href":"https:\/\/www.noticiasradioreflejos.com.ar\/2021\/wp-json\/wp\/v2\/posts"}],"about":[{"href":"https:\/\/www.noticiasradioreflejos.com.ar\/2021\/wp-json\/wp\/v2\/types\/post"}],"author":[{"embeddable":true,"href":"https:\/\/www.noticiasradioreflejos.com.ar\/2021\/wp-json\/wp\/v2\/users\/3"}],"replies":[{"embeddable":true,"href":"https:\/\/www.noticiasradioreflejos.com.ar\/2021\/wp-json\/wp\/v2\/comments?post=14707"}],"version-history":[{"count":0,"href":"https:\/\/www.noticiasradioreflejos.com.ar\/2021\/wp-json\/wp\/v2\/posts\/14707\/revisions"}],"wp:attachment":[{"href":"https:\/\/www.noticiasradioreflejos.com.ar\/2021\/wp-json\/wp\/v2\/media?parent=14707"}],"wp:term":[{"taxonomy":"category","embeddable":true,"href":"https:\/\/www.noticiasradioreflejos.com.ar\/2021\/wp-json\/wp\/v2\/categories?post=14707"},{"taxonomy":"post_tag","embeddable":true,"href":"https:\/\/www.noticiasradioreflejos.com.ar\/2021\/wp-json\/wp\/v2\/tags?post=14707"}],"curies":[{"name":"wp","href":"https:\/\/api.w.org\/{rel}","templated":true}]}}