{"id":14693,"date":"2017-09-24T23:26:40","date_gmt":"2017-09-25T02:26:40","guid":{"rendered":"http:\/\/www.noticiasradioreflejos.com.ar\/noticias\/?p=14693"},"modified":"2017-09-24T23:26:40","modified_gmt":"2017-09-25T02:26:40","slug":"comunicado-del-frente-popular-25-de-febrero-4","status":"publish","type":"post","link":"https:\/\/www.noticiasradioreflejos.com.ar\/2021\/comunicado-del-frente-popular-25-de-febrero-4\/","title":{"rendered":"Comunicado del Frente Popular 25 de febrero."},"content":{"rendered":"<p><a href=\"http:\/\/www.noticiasradioreflejos.com.ar\/noticias\/wp-content\/uploads\/2017\/09\/respuesta-Secretario-Gabella-sobre-accional-policial-en-marcha-por-aarici\u00f3n-con-vida-de-Santiago-Maldonado.jpg\"><img loading=\"lazy\" decoding=\"async\" class=\"alignleft size-full wp-image-14694\" src=\"http:\/\/www.noticiasradioreflejos.com.ar\/noticias\/wp-content\/uploads\/2017\/09\/respuesta-Secretario-Gabella-sobre-accional-policial-en-marcha-por-aarici\u00f3n-con-vida-de-Santiago-Maldonado.jpg\" alt=\"respuesta Secretario Gabella sobre accional policial en marcha por aarici\u00f3n con vida de Santiago Maldonado\" width=\"270\" height=\"480\" \/><\/a>Atendiendo a lo acontecido con el accionar policial y a la solicitud hecha por los participantes con motivo de las manifestaciones realizadas en Sierra de la Ventana y Villa Ventana cuando se pidi\u00f3 por la aparici\u00f3n con vida de Santiago Maldonado; el Concejo Deliberante de Tornquist, aprob\u00f3 un pedido de informe a Ezequiel Gabella,-<!--more-->s<\/p>\n<hr \/>\n<p>ecretario de Gobierno y Hacienda de la Municipalidad-, para que explicara los operativos policiales desplegados en esos acontecimientos.<br \/>\nEn la respuesta del secretario, que se adjunta al presente comunicado, desconocemos los motivos del sugestivo error en las fechas mencionadas por el funcionario en la respuesta dirigida al Cuerpo. En la nota alude al 20 y 22 de agosto cuando en realidad los vecinos de Sierra de la Ventana se manifestaron el 30 de Agosto y en Villa Ventana el 1 de Septiembre. \u00bfUna mirada distra\u00edda al calendario?, \u00bfcierta amnesia s\u00fabita?, \u00bfdesinter\u00e9s por un d\u00eda que quedar\u00e1 marcado en la historia de la violaci\u00f3n de los derechos humanos?, \u00bfargucia pol\u00edtica?. Aunque de apariencia menor, la raz\u00f3n del equ\u00edvoco deber\u00e1 ser explicada convincentemente teniendo en cuenta la gravedad que dio origen a la convocatoria.<br \/>\nAl respecto de contenido de la respuesta, es inobjetable que las fuerzas de seguridad adopten medidas para prevenir eventualidades en estos casos, pero sean cuales fueran esas acciones deben aplicarse con criterios de absoluto respeto por el derecho a la libertad de expresi\u00f3n y petici\u00f3n a las autoridades, consagrados en la Constituci\u00f3n, y dentro de los marcos legales pertinentes. En el accionar desplegado por las fuerzas de seguridad no se han respetado estos elementales y esenciales resguardos legales y no queda claro si el municipio estaba al tanto del accionar policial.<br \/>\nAdem\u00e1s el contenido de la respuesta del secretario de Gobierno abunda en presunciones ajenas a todo accionar preventivo desde el momento en que se sugiere la puesta en marcha del Operativo para \u201casegurar la integridad de las personas y los bienes ante eventuales desmanes\u201d, cuyo asidero deber\u00eda aclararse. \u00bfO el funcionario maneja informaci\u00f3n que no explicita y que nosotros desconocemos? Adem\u00e1s, se lo justifica pol\u00edticamente argumentando que \u201cdada la sensibilidad del tema de coyuntura y sobre todo la irritabilidad de ciertos sectores hacia las fuerzas de seguridad se opt\u00f3 por apostar pocos efectivos para no generar tensiones innecesarias siendo que de hecho durante la realizaci\u00f3n de las marchas no se registr\u00f3 ning\u00fan inconveniente\u201d.<br \/>\nDe la sensibilidad del asunto que nos moviliz\u00f3 no tenemos dudas, pero la sostenida \u201cirritabilidad de ciertos sectores hacia las fuerzas de seguridad\u201d creemos que es una apelaci\u00f3n subjetiva, falaz e insostenible a no ser que el secretario Ezequiel Gabella disponga de elementos probatorios de su, por lo menos, curiosa interpretaci\u00f3n. En ninguna de las marchas y manifestaciones realizadas en la historia de Sierra de la Ventana y Villa Ventana hubo tensiones, agresiones, ni provocaciones. Esta virtud ciudadana no fue consecuencia de operativos \u201cpreventivos, sino porque los convocantes fuimos y somos ciudadanos pac\u00edficos, ajenos a la promoci\u00f3n de la violencia y s\u00f3lo guiados por el derecho de saber qu\u00e9 fue de la vida de un argentino desaparecido en plena democracia.<br \/>\nSi en el d\u00eda de reclamos similares en todo el pa\u00eds hubo violencia, qued\u00f3 claro que proven\u00eda de patotas organizadas que se infiltraron en las marchas absolutamente pac\u00edficas para generar disturbios que justificaran la posterior represi\u00f3n y detenci\u00f3n de inocentes a los cuales no se les pudo ni siquiera formar causa judicial.<br \/>\nSabemos que el miedo y la malinterpretaci\u00f3n ha sido y es un recurso para desactivar y deslegitimar reclamos p\u00fablicos. Parece ser necesario inventar un supuesto \u201cenemigo interno\u201d para desmovilizar y para acallar, en este caso, la pregunta \u00bfD\u00f3nde est\u00e1 Santiago Maldonado? que seguiremos formulando el pr\u00f3ximo 1 de Octubre a las 16:30 en la Plaza del reloj de Sierra de la Ventana.<br \/>\nFRENTE POPULAR 25 DE FEBRERO.<\/p>\n","protected":false},"excerpt":{"rendered":"<p>Atendiendo a lo acontecido con el accionar policial y a la solicitud hecha por los participantes con motivo de las manifestaciones realizadas en Sierra de la Ventana y Villa Ventana cuando se pidi\u00f3 por la aparici\u00f3n con vida de Santiago Maldonado; el Concejo Deliberante de Tornquist, aprob\u00f3 un pedido de informe a Ezequiel Gabella,-<\/p>\n","protected":false},"author":3,"featured_media":0,"comment_status":"closed","ping_status":"open","sticky":false,"template":"","format":"standard","meta":{"footnotes":""},"categories":[25],"tags":[],"class_list":["post-14693","post","type-post","status-publish","format-standard","hentry","category-uncategorized"],"yoast_head":"<!-- This site is optimized with the Yoast SEO plugin v25.9 - https:\/\/yoast.com\/wordpress\/plugins\/seo\/ -->\n<title>Comunicado del Frente Popular 25 de febrero. - Noticias Radio Reflejos<\/title>\n<meta name=\"robots\" content=\"index, follow, max-snippet:-1, max-image-preview:large, max-video-preview:-1\" \/>\n<link rel=\"canonical\" href=\"https:\/\/www.noticiasradioreflejos.com.ar\/2021\/comunicado-del-frente-popular-25-de-febrero-4\/\" \/>\n<meta property=\"og:locale\" content=\"es_ES\" \/>\n<meta property=\"og:type\" content=\"article\" \/>\n<meta property=\"og:title\" content=\"Comunicado del Frente Popular 25 de febrero. - Noticias Radio Reflejos\" \/>\n<meta property=\"og:description\" content=\"Atendiendo a lo acontecido con el accionar policial y a la solicitud hecha por los participantes con motivo de las manifestaciones realizadas en Sierra de la Ventana y Villa Ventana cuando se pidi\u00f3 por la aparici\u00f3n con vida de Santiago Maldonado; el Concejo Deliberante de Tornquist, aprob\u00f3 un pedido de informe a Ezequiel Gabella,-\" \/>\n<meta property=\"og:url\" content=\"https:\/\/www.noticiasradioreflejos.com.ar\/2021\/comunicado-del-frente-popular-25-de-febrero-4\/\" \/>\n<meta property=\"og:site_name\" content=\"Noticias Radio Reflejos\" \/>\n<meta property=\"article:published_time\" content=\"2017-09-25T02:26:40+00:00\" \/>\n<meta property=\"og:image\" content=\"https:\/\/www.noticiasradioreflejos.com.ar\/2021\/wp-content\/uploads\/2021\/07\/logosol300x200.png\" \/>\n\t<meta property=\"og:image:width\" content=\"300\" \/>\n\t<meta property=\"og:image:height\" content=\"200\" \/>\n\t<meta property=\"og:image:type\" content=\"image\/png\" \/>\n<meta name=\"author\" content=\"Arnaldo Botto\" \/>\n<meta name=\"twitter:card\" content=\"summary_large_image\" \/>\n<script type=\"application\/ld+json\" class=\"yoast-schema-graph\">{\"@context\":\"https:\/\/schema.org\",\"@graph\":[{\"@type\":\"WebPage\",\"@id\":\"https:\/\/www.noticiasradioreflejos.com.ar\/2021\/comunicado-del-frente-popular-25-de-febrero-4\/\",\"url\":\"https:\/\/www.noticiasradioreflejos.com.ar\/2021\/comunicado-del-frente-popular-25-de-febrero-4\/\",\"name\":\"Comunicado del Frente Popular 25 de febrero. - Noticias Radio Reflejos\",\"isPartOf\":{\"@id\":\"https:\/\/www.noticiasradioreflejos.com.ar\/2021\/#website\"},\"datePublished\":\"2017-09-25T02:26:40+00:00\",\"author\":{\"@id\":\"https:\/\/www.noticiasradioreflejos.com.ar\/2021\/#\/schema\/person\/ad82545263dcc5ec0996818884fd5fb1\"},\"breadcrumb\":{\"@id\":\"https:\/\/www.noticiasradioreflejos.com.ar\/2021\/comunicado-del-frente-popular-25-de-febrero-4\/#breadcrumb\"},\"inLanguage\":\"es\",\"potentialAction\":[{\"@type\":\"ReadAction\",\"target\":[\"https:\/\/www.noticiasradioreflejos.com.ar\/2021\/comunicado-del-frente-popular-25-de-febrero-4\/\"]}]},{\"@type\":\"BreadcrumbList\",\"@id\":\"https:\/\/www.noticiasradioreflejos.com.ar\/2021\/comunicado-del-frente-popular-25-de-febrero-4\/#breadcrumb\",\"itemListElement\":[{\"@type\":\"ListItem\",\"position\":1,\"name\":\"Portada\",\"item\":\"https:\/\/www.noticiasradioreflejos.com.ar\/2021\/\"},{\"@type\":\"ListItem\",\"position\":2,\"name\":\"Comunicado del Frente Popular 25 de febrero.\"}]},{\"@type\":\"WebSite\",\"@id\":\"https:\/\/www.noticiasradioreflejos.com.ar\/2021\/#website\",\"url\":\"https:\/\/www.noticiasradioreflejos.com.ar\/2021\/\",\"name\":\"Noticias Radio Reflejos\",\"description\":\"Las noticias de mi comarca\",\"potentialAction\":[{\"@type\":\"SearchAction\",\"target\":{\"@type\":\"EntryPoint\",\"urlTemplate\":\"https:\/\/www.noticiasradioreflejos.com.ar\/2021\/?s={search_term_string}\"},\"query-input\":{\"@type\":\"PropertyValueSpecification\",\"valueRequired\":true,\"valueName\":\"search_term_string\"}}],\"inLanguage\":\"es\"},{\"@type\":\"Person\",\"@id\":\"https:\/\/www.noticiasradioreflejos.com.ar\/2021\/#\/schema\/person\/ad82545263dcc5ec0996818884fd5fb1\",\"name\":\"Arnaldo Botto\",\"image\":{\"@type\":\"ImageObject\",\"inLanguage\":\"es\",\"@id\":\"https:\/\/www.noticiasradioreflejos.com.ar\/2021\/#\/schema\/person\/image\/\",\"url\":\"https:\/\/secure.gravatar.com\/avatar\/55cb5e37c1efa326397366e6974cb338056df65cb50e7d64d1cf314e87504837?s=96&d=mm&r=g\",\"contentUrl\":\"https:\/\/secure.gravatar.com\/avatar\/55cb5e37c1efa326397366e6974cb338056df65cb50e7d64d1cf314e87504837?s=96&d=mm&r=g\",\"caption\":\"Arnaldo Botto\"},\"url\":\"https:\/\/www.noticiasradioreflejos.com.ar\/2021\/author\/arnaldo\/\"}]}<\/script>\n<!-- \/ Yoast SEO plugin. -->","yoast_head_json":{"title":"Comunicado del Frente Popular 25 de febrero. - Noticias Radio Reflejos","robots":{"index":"index","follow":"follow","max-snippet":"max-snippet:-1","max-image-preview":"max-image-preview:large","max-video-preview":"max-video-preview:-1"},"canonical":"https:\/\/www.noticiasradioreflejos.com.ar\/2021\/comunicado-del-frente-popular-25-de-febrero-4\/","og_locale":"es_ES","og_type":"article","og_title":"Comunicado del Frente Popular 25 de febrero. - Noticias Radio Reflejos","og_description":"Atendiendo a lo acontecido con el accionar policial y a la solicitud hecha por los participantes con motivo de las manifestaciones realizadas en Sierra de la Ventana y Villa Ventana cuando se pidi\u00f3 por la aparici\u00f3n con vida de Santiago Maldonado; el Concejo Deliberante de Tornquist, aprob\u00f3 un pedido de informe a Ezequiel Gabella,-","og_url":"https:\/\/www.noticiasradioreflejos.com.ar\/2021\/comunicado-del-frente-popular-25-de-febrero-4\/","og_site_name":"Noticias Radio Reflejos","article_published_time":"2017-09-25T02:26:40+00:00","og_image":[{"width":300,"height":200,"url":"https:\/\/www.noticiasradioreflejos.com.ar\/2021\/wp-content\/uploads\/2021\/07\/logosol300x200.png","type":"image\/png"}],"author":"Arnaldo Botto","twitter_card":"summary_large_image","schema":{"@context":"https:\/\/schema.org","@graph":[{"@type":"WebPage","@id":"https:\/\/www.noticiasradioreflejos.com.ar\/2021\/comunicado-del-frente-popular-25-de-febrero-4\/","url":"https:\/\/www.noticiasradioreflejos.com.ar\/2021\/comunicado-del-frente-popular-25-de-febrero-4\/","name":"Comunicado del Frente Popular 25 de febrero. - Noticias Radio Reflejos","isPartOf":{"@id":"https:\/\/www.noticiasradioreflejos.com.ar\/2021\/#website"},"datePublished":"2017-09-25T02:26:40+00:00","author":{"@id":"https:\/\/www.noticiasradioreflejos.com.ar\/2021\/#\/schema\/person\/ad82545263dcc5ec0996818884fd5fb1"},"breadcrumb":{"@id":"https:\/\/www.noticiasradioreflejos.com.ar\/2021\/comunicado-del-frente-popular-25-de-febrero-4\/#breadcrumb"},"inLanguage":"es","potentialAction":[{"@type":"ReadAction","target":["https:\/\/www.noticiasradioreflejos.com.ar\/2021\/comunicado-del-frente-popular-25-de-febrero-4\/"]}]},{"@type":"BreadcrumbList","@id":"https:\/\/www.noticiasradioreflejos.com.ar\/2021\/comunicado-del-frente-popular-25-de-febrero-4\/#breadcrumb","itemListElement":[{"@type":"ListItem","position":1,"name":"Portada","item":"https:\/\/www.noticiasradioreflejos.com.ar\/2021\/"},{"@type":"ListItem","position":2,"name":"Comunicado del Frente Popular 25 de febrero."}]},{"@type":"WebSite","@id":"https:\/\/www.noticiasradioreflejos.com.ar\/2021\/#website","url":"https:\/\/www.noticiasradioreflejos.com.ar\/2021\/","name":"Noticias Radio Reflejos","description":"Las noticias de mi comarca","potentialAction":[{"@type":"SearchAction","target":{"@type":"EntryPoint","urlTemplate":"https:\/\/www.noticiasradioreflejos.com.ar\/2021\/?s={search_term_string}"},"query-input":{"@type":"PropertyValueSpecification","valueRequired":true,"valueName":"search_term_string"}}],"inLanguage":"es"},{"@type":"Person","@id":"https:\/\/www.noticiasradioreflejos.com.ar\/2021\/#\/schema\/person\/ad82545263dcc5ec0996818884fd5fb1","name":"Arnaldo Botto","image":{"@type":"ImageObject","inLanguage":"es","@id":"https:\/\/www.noticiasradioreflejos.com.ar\/2021\/#\/schema\/person\/image\/","url":"https:\/\/secure.gravatar.com\/avatar\/55cb5e37c1efa326397366e6974cb338056df65cb50e7d64d1cf314e87504837?s=96&d=mm&r=g","contentUrl":"https:\/\/secure.gravatar.com\/avatar\/55cb5e37c1efa326397366e6974cb338056df65cb50e7d64d1cf314e87504837?s=96&d=mm&r=g","caption":"Arnaldo Botto"},"url":"https:\/\/www.noticiasradioreflejos.com.ar\/2021\/author\/arnaldo\/"}]}},"_links":{"self":[{"href":"https:\/\/www.noticiasradioreflejos.com.ar\/2021\/wp-json\/wp\/v2\/posts\/14693","targetHints":{"allow":["GET"]}}],"collection":[{"href":"https:\/\/www.noticiasradioreflejos.com.ar\/2021\/wp-json\/wp\/v2\/posts"}],"about":[{"href":"https:\/\/www.noticiasradioreflejos.com.ar\/2021\/wp-json\/wp\/v2\/types\/post"}],"author":[{"embeddable":true,"href":"https:\/\/www.noticiasradioreflejos.com.ar\/2021\/wp-json\/wp\/v2\/users\/3"}],"replies":[{"embeddable":true,"href":"https:\/\/www.noticiasradioreflejos.com.ar\/2021\/wp-json\/wp\/v2\/comments?post=14693"}],"version-history":[{"count":0,"href":"https:\/\/www.noticiasradioreflejos.com.ar\/2021\/wp-json\/wp\/v2\/posts\/14693\/revisions"}],"wp:attachment":[{"href":"https:\/\/www.noticiasradioreflejos.com.ar\/2021\/wp-json\/wp\/v2\/media?parent=14693"}],"wp:term":[{"taxonomy":"category","embeddable":true,"href":"https:\/\/www.noticiasradioreflejos.com.ar\/2021\/wp-json\/wp\/v2\/categories?post=14693"},{"taxonomy":"post_tag","embeddable":true,"href":"https:\/\/www.noticiasradioreflejos.com.ar\/2021\/wp-json\/wp\/v2\/tags?post=14693"}],"curies":[{"name":"wp","href":"https:\/\/api.w.org\/{rel}","templated":true}]}}