{"id":14652,"date":"2017-09-22T11:23:05","date_gmt":"2017-09-22T14:23:05","guid":{"rendered":"http:\/\/www.noticiasradioreflejos.com.ar\/noticias\/?p=14652"},"modified":"2017-09-22T11:23:05","modified_gmt":"2017-09-22T14:23:05","slug":"finalizo-la-primera-etapa-del-programa-sanitos","status":"publish","type":"post","link":"https:\/\/www.noticiasradioreflejos.com.ar\/2021\/finalizo-la-primera-etapa-del-programa-sanitos\/","title":{"rendered":"Finaliz\u00f3  la primera etapa del Programa Sanitos."},"content":{"rendered":"<p>La Direcci\u00f3n de Juventud del Municipio de Tornquist informa que ayer, 20 de septiembre de 2017, culmin\u00f3 la primera etapa del Programa Sanitos.<br \/>\nHasta la fecha se examinaron aproximadamente 70 j\u00f3venes que practican f\u00fatbol en el Club Automoto, pertenecientes a las categor\u00edas octava, s\u00e9ptima, sexta y quinta.<!--more--><br \/>\nProfesionales de pediatr\u00eda a cargo de la Dra. Geraldina Gribaldo, traumatolog\u00eda, Dr. Adri\u00e1n Gonz\u00e1lez, y Cardiolog\u00eda, Dr. Juan Carlos Battista en conjunto con la Licenciada en Enfermer\u00eda Sonia Hildalgo, han materializado los diferentes estudios de nuestros j\u00f3venes.<br \/>\nLos mismos se encuentran en etapa de an\u00e1lisis, y sus resultados ser\u00e1n entregados a la Instituci\u00f3n para que \u00e9sta les comunique los mismos a las familias de los jugadores.<a title=\"02082017-DSC_0340\" href=\"http:\/\/farm5.staticflickr.com\/4436\/37244537261_d220827a7d.jpg\" rel=\"\"><img loading=\"lazy\" decoding=\"async\" class=\"aligncenter\" title=\"02082017-DSC_0340\" src=\"http:\/\/farm5.staticflickr.com\/4436\/37244537261_d220827a7d.jpg\" alt=\"02082017-DSC_0340\" width=\"500\" height=\"281\" \/><\/a><br \/>\nEstos controles tienen por objetivo conocer el estado de salud de los j\u00f3venes que realizan las diferentes actividades deportivas, y asimismo relevar datos generales tambi\u00e9n de salud, a fin de dar respuesta a las posibles anomal\u00edas que pudieran presentarse en grupos sociales.<br \/>\nEn la segunda etapa el programa se ejecutar\u00e1 en las categor\u00edas de f\u00fatbol del Club Uni\u00f3n. Posteriormente est\u00e1 previsto trasladarlo a las restantes disciplinas en ambas Instituciones deportivas.<br \/>\nDestacamos el trabajo realizado por las estudiantes de enfermer\u00eda que han acompa\u00f1ado en las labores: la Licenciada Sonia Hidalgo: Cintia Hidalgo, Camila Cuevas y D\u00e1maris Gasparini Williams.<br \/>\nGracias a todos y continuamos en la misma senda.<br \/>\nDirecci\u00f3n de Juventud<br \/>\nTornquist Municipio<\/p>\n","protected":false},"excerpt":{"rendered":"<p>La Direcci\u00f3n de Juventud del Municipio de Tornquist informa que ayer, 20 de septiembre de 2017, culmin\u00f3 la primera etapa del Programa Sanitos. Hasta la fecha se examinaron aproximadamente 70 j\u00f3venes que practican f\u00fatbol en el Club Automoto, pertenecientes a las categor\u00edas octava, s\u00e9ptima, sexta y quinta.<\/p>\n","protected":false},"author":3,"featured_media":0,"comment_status":"closed","ping_status":"open","sticky":false,"template":"","format":"standard","meta":{"footnotes":""},"categories":[30],"tags":[],"class_list":["post-14652","post","type-post","status-publish","format-standard","hentry","category-salud"],"yoast_head":"<!-- This site is optimized with the Yoast SEO plugin v25.9 - https:\/\/yoast.com\/wordpress\/plugins\/seo\/ -->\n<title>Finaliz\u00f3 la primera etapa del Programa Sanitos. - Noticias Radio Reflejos<\/title>\n<meta name=\"robots\" content=\"index, follow, max-snippet:-1, max-image-preview:large, max-video-preview:-1\" \/>\n<link rel=\"canonical\" href=\"https:\/\/www.noticiasradioreflejos.com.ar\/2021\/finalizo-la-primera-etapa-del-programa-sanitos\/\" \/>\n<meta property=\"og:locale\" content=\"es_ES\" \/>\n<meta property=\"og:type\" content=\"article\" \/>\n<meta property=\"og:title\" content=\"Finaliz\u00f3 la primera etapa del Programa Sanitos. - Noticias Radio Reflejos\" \/>\n<meta property=\"og:description\" content=\"La Direcci\u00f3n de Juventud del Municipio de Tornquist informa que ayer, 20 de septiembre de 2017, culmin\u00f3 la primera etapa del Programa Sanitos. Hasta la fecha se examinaron aproximadamente 70 j\u00f3venes que practican f\u00fatbol en el Club Automoto, pertenecientes a las categor\u00edas octava, s\u00e9ptima, sexta y quinta.\" \/>\n<meta property=\"og:url\" content=\"https:\/\/www.noticiasradioreflejos.com.ar\/2021\/finalizo-la-primera-etapa-del-programa-sanitos\/\" \/>\n<meta property=\"og:site_name\" content=\"Noticias Radio Reflejos\" \/>\n<meta property=\"article:published_time\" content=\"2017-09-22T14:23:05+00:00\" \/>\n<meta property=\"og:image\" content=\"http:\/\/farm5.staticflickr.com\/4436\/37244537261_d220827a7d.jpg\" \/>\n<meta name=\"author\" content=\"Arnaldo Botto\" \/>\n<meta name=\"twitter:card\" content=\"summary_large_image\" \/>\n<script type=\"application\/ld+json\" class=\"yoast-schema-graph\">{\"@context\":\"https:\/\/schema.org\",\"@graph\":[{\"@type\":\"WebPage\",\"@id\":\"https:\/\/www.noticiasradioreflejos.com.ar\/2021\/finalizo-la-primera-etapa-del-programa-sanitos\/\",\"url\":\"https:\/\/www.noticiasradioreflejos.com.ar\/2021\/finalizo-la-primera-etapa-del-programa-sanitos\/\",\"name\":\"Finaliz\u00f3 la primera etapa del Programa Sanitos. - Noticias Radio Reflejos\",\"isPartOf\":{\"@id\":\"https:\/\/www.noticiasradioreflejos.com.ar\/2021\/#website\"},\"primaryImageOfPage\":{\"@id\":\"https:\/\/www.noticiasradioreflejos.com.ar\/2021\/finalizo-la-primera-etapa-del-programa-sanitos\/#primaryimage\"},\"image\":{\"@id\":\"https:\/\/www.noticiasradioreflejos.com.ar\/2021\/finalizo-la-primera-etapa-del-programa-sanitos\/#primaryimage\"},\"thumbnailUrl\":\"http:\/\/farm5.staticflickr.com\/4436\/37244537261_d220827a7d.jpg\",\"datePublished\":\"2017-09-22T14:23:05+00:00\",\"author\":{\"@id\":\"https:\/\/www.noticiasradioreflejos.com.ar\/2021\/#\/schema\/person\/ad82545263dcc5ec0996818884fd5fb1\"},\"breadcrumb\":{\"@id\":\"https:\/\/www.noticiasradioreflejos.com.ar\/2021\/finalizo-la-primera-etapa-del-programa-sanitos\/#breadcrumb\"},\"inLanguage\":\"es\",\"potentialAction\":[{\"@type\":\"ReadAction\",\"target\":[\"https:\/\/www.noticiasradioreflejos.com.ar\/2021\/finalizo-la-primera-etapa-del-programa-sanitos\/\"]}]},{\"@type\":\"ImageObject\",\"inLanguage\":\"es\",\"@id\":\"https:\/\/www.noticiasradioreflejos.com.ar\/2021\/finalizo-la-primera-etapa-del-programa-sanitos\/#primaryimage\",\"url\":\"http:\/\/farm5.staticflickr.com\/4436\/37244537261_d220827a7d.jpg\",\"contentUrl\":\"http:\/\/farm5.staticflickr.com\/4436\/37244537261_d220827a7d.jpg\"},{\"@type\":\"BreadcrumbList\",\"@id\":\"https:\/\/www.noticiasradioreflejos.com.ar\/2021\/finalizo-la-primera-etapa-del-programa-sanitos\/#breadcrumb\",\"itemListElement\":[{\"@type\":\"ListItem\",\"position\":1,\"name\":\"Portada\",\"item\":\"https:\/\/www.noticiasradioreflejos.com.ar\/2021\/\"},{\"@type\":\"ListItem\",\"position\":2,\"name\":\"Finaliz\u00f3 la primera etapa del Programa Sanitos.\"}]},{\"@type\":\"WebSite\",\"@id\":\"https:\/\/www.noticiasradioreflejos.com.ar\/2021\/#website\",\"url\":\"https:\/\/www.noticiasradioreflejos.com.ar\/2021\/\",\"name\":\"Noticias Radio Reflejos\",\"description\":\"Las noticias de mi comarca\",\"potentialAction\":[{\"@type\":\"SearchAction\",\"target\":{\"@type\":\"EntryPoint\",\"urlTemplate\":\"https:\/\/www.noticiasradioreflejos.com.ar\/2021\/?s={search_term_string}\"},\"query-input\":{\"@type\":\"PropertyValueSpecification\",\"valueRequired\":true,\"valueName\":\"search_term_string\"}}],\"inLanguage\":\"es\"},{\"@type\":\"Person\",\"@id\":\"https:\/\/www.noticiasradioreflejos.com.ar\/2021\/#\/schema\/person\/ad82545263dcc5ec0996818884fd5fb1\",\"name\":\"Arnaldo Botto\",\"image\":{\"@type\":\"ImageObject\",\"inLanguage\":\"es\",\"@id\":\"https:\/\/www.noticiasradioreflejos.com.ar\/2021\/#\/schema\/person\/image\/\",\"url\":\"https:\/\/secure.gravatar.com\/avatar\/55cb5e37c1efa326397366e6974cb338056df65cb50e7d64d1cf314e87504837?s=96&d=mm&r=g\",\"contentUrl\":\"https:\/\/secure.gravatar.com\/avatar\/55cb5e37c1efa326397366e6974cb338056df65cb50e7d64d1cf314e87504837?s=96&d=mm&r=g\",\"caption\":\"Arnaldo Botto\"},\"url\":\"https:\/\/www.noticiasradioreflejos.com.ar\/2021\/author\/arnaldo\/\"}]}<\/script>\n<!-- \/ Yoast SEO plugin. -->","yoast_head_json":{"title":"Finaliz\u00f3 la primera etapa del Programa Sanitos. - Noticias Radio Reflejos","robots":{"index":"index","follow":"follow","max-snippet":"max-snippet:-1","max-image-preview":"max-image-preview:large","max-video-preview":"max-video-preview:-1"},"canonical":"https:\/\/www.noticiasradioreflejos.com.ar\/2021\/finalizo-la-primera-etapa-del-programa-sanitos\/","og_locale":"es_ES","og_type":"article","og_title":"Finaliz\u00f3 la primera etapa del Programa Sanitos. - Noticias Radio Reflejos","og_description":"La Direcci\u00f3n de Juventud del Municipio de Tornquist informa que ayer, 20 de septiembre de 2017, culmin\u00f3 la primera etapa del Programa Sanitos. Hasta la fecha se examinaron aproximadamente 70 j\u00f3venes que practican f\u00fatbol en el Club Automoto, pertenecientes a las categor\u00edas octava, s\u00e9ptima, sexta y quinta.","og_url":"https:\/\/www.noticiasradioreflejos.com.ar\/2021\/finalizo-la-primera-etapa-del-programa-sanitos\/","og_site_name":"Noticias Radio Reflejos","article_published_time":"2017-09-22T14:23:05+00:00","og_image":[{"url":"http:\/\/farm5.staticflickr.com\/4436\/37244537261_d220827a7d.jpg","type":"","width":"","height":""}],"author":"Arnaldo Botto","twitter_card":"summary_large_image","schema":{"@context":"https:\/\/schema.org","@graph":[{"@type":"WebPage","@id":"https:\/\/www.noticiasradioreflejos.com.ar\/2021\/finalizo-la-primera-etapa-del-programa-sanitos\/","url":"https:\/\/www.noticiasradioreflejos.com.ar\/2021\/finalizo-la-primera-etapa-del-programa-sanitos\/","name":"Finaliz\u00f3 la primera etapa del Programa Sanitos. - Noticias Radio Reflejos","isPartOf":{"@id":"https:\/\/www.noticiasradioreflejos.com.ar\/2021\/#website"},"primaryImageOfPage":{"@id":"https:\/\/www.noticiasradioreflejos.com.ar\/2021\/finalizo-la-primera-etapa-del-programa-sanitos\/#primaryimage"},"image":{"@id":"https:\/\/www.noticiasradioreflejos.com.ar\/2021\/finalizo-la-primera-etapa-del-programa-sanitos\/#primaryimage"},"thumbnailUrl":"http:\/\/farm5.staticflickr.com\/4436\/37244537261_d220827a7d.jpg","datePublished":"2017-09-22T14:23:05+00:00","author":{"@id":"https:\/\/www.noticiasradioreflejos.com.ar\/2021\/#\/schema\/person\/ad82545263dcc5ec0996818884fd5fb1"},"breadcrumb":{"@id":"https:\/\/www.noticiasradioreflejos.com.ar\/2021\/finalizo-la-primera-etapa-del-programa-sanitos\/#breadcrumb"},"inLanguage":"es","potentialAction":[{"@type":"ReadAction","target":["https:\/\/www.noticiasradioreflejos.com.ar\/2021\/finalizo-la-primera-etapa-del-programa-sanitos\/"]}]},{"@type":"ImageObject","inLanguage":"es","@id":"https:\/\/www.noticiasradioreflejos.com.ar\/2021\/finalizo-la-primera-etapa-del-programa-sanitos\/#primaryimage","url":"http:\/\/farm5.staticflickr.com\/4436\/37244537261_d220827a7d.jpg","contentUrl":"http:\/\/farm5.staticflickr.com\/4436\/37244537261_d220827a7d.jpg"},{"@type":"BreadcrumbList","@id":"https:\/\/www.noticiasradioreflejos.com.ar\/2021\/finalizo-la-primera-etapa-del-programa-sanitos\/#breadcrumb","itemListElement":[{"@type":"ListItem","position":1,"name":"Portada","item":"https:\/\/www.noticiasradioreflejos.com.ar\/2021\/"},{"@type":"ListItem","position":2,"name":"Finaliz\u00f3 la primera etapa del Programa Sanitos."}]},{"@type":"WebSite","@id":"https:\/\/www.noticiasradioreflejos.com.ar\/2021\/#website","url":"https:\/\/www.noticiasradioreflejos.com.ar\/2021\/","name":"Noticias Radio Reflejos","description":"Las noticias de mi comarca","potentialAction":[{"@type":"SearchAction","target":{"@type":"EntryPoint","urlTemplate":"https:\/\/www.noticiasradioreflejos.com.ar\/2021\/?s={search_term_string}"},"query-input":{"@type":"PropertyValueSpecification","valueRequired":true,"valueName":"search_term_string"}}],"inLanguage":"es"},{"@type":"Person","@id":"https:\/\/www.noticiasradioreflejos.com.ar\/2021\/#\/schema\/person\/ad82545263dcc5ec0996818884fd5fb1","name":"Arnaldo Botto","image":{"@type":"ImageObject","inLanguage":"es","@id":"https:\/\/www.noticiasradioreflejos.com.ar\/2021\/#\/schema\/person\/image\/","url":"https:\/\/secure.gravatar.com\/avatar\/55cb5e37c1efa326397366e6974cb338056df65cb50e7d64d1cf314e87504837?s=96&d=mm&r=g","contentUrl":"https:\/\/secure.gravatar.com\/avatar\/55cb5e37c1efa326397366e6974cb338056df65cb50e7d64d1cf314e87504837?s=96&d=mm&r=g","caption":"Arnaldo Botto"},"url":"https:\/\/www.noticiasradioreflejos.com.ar\/2021\/author\/arnaldo\/"}]}},"_links":{"self":[{"href":"https:\/\/www.noticiasradioreflejos.com.ar\/2021\/wp-json\/wp\/v2\/posts\/14652","targetHints":{"allow":["GET"]}}],"collection":[{"href":"https:\/\/www.noticiasradioreflejos.com.ar\/2021\/wp-json\/wp\/v2\/posts"}],"about":[{"href":"https:\/\/www.noticiasradioreflejos.com.ar\/2021\/wp-json\/wp\/v2\/types\/post"}],"author":[{"embeddable":true,"href":"https:\/\/www.noticiasradioreflejos.com.ar\/2021\/wp-json\/wp\/v2\/users\/3"}],"replies":[{"embeddable":true,"href":"https:\/\/www.noticiasradioreflejos.com.ar\/2021\/wp-json\/wp\/v2\/comments?post=14652"}],"version-history":[{"count":0,"href":"https:\/\/www.noticiasradioreflejos.com.ar\/2021\/wp-json\/wp\/v2\/posts\/14652\/revisions"}],"wp:attachment":[{"href":"https:\/\/www.noticiasradioreflejos.com.ar\/2021\/wp-json\/wp\/v2\/media?parent=14652"}],"wp:term":[{"taxonomy":"category","embeddable":true,"href":"https:\/\/www.noticiasradioreflejos.com.ar\/2021\/wp-json\/wp\/v2\/categories?post=14652"},{"taxonomy":"post_tag","embeddable":true,"href":"https:\/\/www.noticiasradioreflejos.com.ar\/2021\/wp-json\/wp\/v2\/tags?post=14652"}],"curies":[{"name":"wp","href":"https:\/\/api.w.org\/{rel}","templated":true}]}}