{"id":14640,"date":"2017-09-22T08:45:49","date_gmt":"2017-09-22T11:45:49","guid":{"rendered":"http:\/\/www.noticiasradioreflejos.com.ar\/noticias\/?p=14640"},"modified":"2017-09-22T08:45:49","modified_gmt":"2017-09-22T11:45:49","slug":"cierra-la-tradicional-relojeria-y-joyeria-cavalli-hermanos","status":"publish","type":"post","link":"https:\/\/www.noticiasradioreflejos.com.ar\/2021\/cierra-la-tradicional-relojeria-y-joyeria-cavalli-hermanos\/","title":{"rendered":"Cierra la tradicional Relojeria y Joyeria Cavalli Hermanos"},"content":{"rendered":"<p><a title=\"DSC_0039 [1600x1200]\" href=\"http:\/\/farm5.staticflickr.com\/4514\/37242315841_36f2df29e6.jpg\" rel=\"\"><img loading=\"lazy\" decoding=\"async\" class=\"alignleft\" style=\"float: left;\" title=\"DSC_0039 [1600x1200]\" src=\"http:\/\/farm5.staticflickr.com\/4514\/37242315841_36f2df29e6.jpg\" alt=\"DSC_0039 [1600x1200]\" width=\"500\" height=\"334\" \/><\/a>Hace 74 a\u00f1os y cuando en el contexto globalizado se viv\u00eda la segunda guerra mundial nac\u00eda en Tornquist, Relojer\u00eda y Joyer\u00eda Cavalli Hermanos impulsada por N\u00e9stor, Ilvio(Bocha) y \u201cCoco\u201d Cavalli, un 1 de Marzo del a\u00f1o 1943.<br \/>\nEsta hist\u00f3rica casa que surc\u00f3 la vida comercial de la ciudad, pas\u00f3 por todos los momentos de gobernabilidad y vivi\u00f3 a\u00f1os de democracia con golpes de estado, pero supo sostenerse con el paso del tiempo a los avatares econ\u00f3micos.<br \/>\nHoy, en 2017, cuando pasamos por la avenida Ernesto Tornquist, un cartel reza \u201cLiquidaci\u00f3n por cierre\u201d y no es v\u00edctima de ninguna situaci\u00f3n econ\u00f3mica, sino de un ciclo que se cumple y con el \u00fanico sobreviviente de esa gran firma, N\u00e9stor Cavalli, pr\u00f3ximo a celebrar 93 a\u00f1os.<!--more--><br \/>\nCuantos hemos ingresado a esa puerta tradicional con su fino picaporte y el llamador colgado en el ingreso. Como siempre todo luc\u00eda impecable. Inclusive en la atenci\u00f3n personal con gran presencia y c\u00e1lido trato.<br \/>\nCopas o trofeos relucientes de brillo, regalos finos, medallas y relojes de todo tipo y color con su archi conocido taller de reparaciones, donde el tiempo nunca se detuvo porque siempre a mano como el aire, estaban esas pilas o los dedos que permit\u00edan hacer girar la aguja o el calendario de un Citizen.<br \/>\nEn el lugar de siempre estaba N\u00e9stor. Justo a la hora del mate me permiti\u00f3 tomar un respiro y contemplar como el tiempo hab\u00eda marcado la vida de esas familias que con respeto, racionalidad y tes\u00f3n supieron forjar y formar grandes personas en sus familias.<br \/>\nUna banqueta antigua, un anaf\u00e9 y la pava chillando. Me acord\u00e9 de una radiograf\u00eda similar que me llev\u00f3 a pocos metros de ah\u00ed cuando en mi infancia compart\u00eda los ratos con Feliciano Heiland, mi t\u00edo, en su sastrer\u00eda.<br \/>\nEl sorbo caliente me volvi\u00f3 al lugar y me permiti\u00f3 poder disfrutar de unos pocos minutos antes de que pronto se convierta en otro emprendimiento.<br \/>\nN\u00e9stor, amablemente y muy correcto solo dijo sentir una molestia en una pierna pero con 93 a\u00f1os uno pedir\u00eda tambi\u00e9n una molestia en la otra. Aunque eso no lo detiene por su efectivo \u201c\u00b7Actr\u00f3n\u201d.<br \/>\n<a title=\"DSC_0038 [1600x1200]\" href=\"http:\/\/farm5.staticflickr.com\/4378\/37195352886_2c9455de7d.jpg\" rel=\"\"><img loading=\"lazy\" decoding=\"async\" class=\"aligncenter\" title=\"DSC_0038 [1600x1200]\" src=\"http:\/\/farm5.staticflickr.com\/4378\/37195352886_2c9455de7d.jpg\" alt=\"DSC_0038 [1600x1200]\" width=\"500\" height=\"334\" \/><\/a><br \/>\n\u201cCuando inauguramos en 1943 ten\u00edamos los palenques adelante. Ven\u00edan del \u201cChaco\u201d y ataban la jardinera. En esa \u00e9poca se vend\u00edan cuchillos, Copas, Piezas de acero y siempre funcion\u00f3 el taller. Ahora seguir\u00e1 la etapa de casero. Esto me distrae es mucha la costumbre. He arreglado relojes de todas clases. En bicicleta iba hasta lo de Ohlsson a arreglar los relojes de pared\u201d comentaba con alegr\u00eda a nuestro medio.<br \/>\n\u201cYo empec\u00e9 a trabajar con Dom\u00ednguez que era otro relojero que hab\u00eda ac\u00e1 y despu\u00e9s se fue y me vendieron las cosas del taller. \u201cBocha\u201d(uno de los hermanos) iba al colegio todav\u00eda y cuando termin\u00f3 se vino a trabajar con nosotros junto a Coco nuestro hermano mayor\u201d sintetiz\u00f3.<br \/>\n\u201cAhora se arreglan los relojes a pila pero antes con los de cuerda hab\u00eda mas trabajo. Intent\u00e9 una vez subir a arreglar el reloj municipal fue una sola vez pero nunca mas sub\u00ed. Mis vecinos eran los Garriz, los Picado, Gambirassi y nosotros hasta hoy. En cualquier momento cerramos a esta hora tomo un mate y voy a cumplir el 3 de marzo del a\u00f1o que viene 93 a\u00f1os\u201d Coment\u00f3. \u201cLo \u00fanico que disfruto es ver a los nietos y a los hijos\u201d resalt\u00f3.<br \/>\nLa campanilla de la puerta anunci\u00f3 el ingreso de una cliente y r\u00e1pidamente como hace siete d\u00e9cadas, N\u00e9stor tom\u00f3 sus anteojos y fue hasta la vidriera, esa que tantos regalos atesor\u00f3. Me desped\u00ed de el y sal\u00ed del lugar. Me pregunte a mi mismo porque prest\u00e9 tanta atenci\u00f3n en ese momento si pasamos millones de veces por ah\u00ed.<br \/>\nAlgo me indicaba que el tiempo estaba a punto de pararse pero se resist\u00eda. Una placa recordatoria en la pared destacaba la trayectoria de esta familia educada con grandes valores y ese tic-tac interminable. Ah\u00ed me di cuenta que deb\u00eda seguir. Frente a m\u00ed, otra ilusi\u00f3n se pon\u00eda en camino. Abr\u00edan un nuevo comercio, pero a mi espalda N\u00e9stor insist\u00eda y le daba cuerda a la vida, la que tanto le regal\u00f3 y a la que llevaron adelante con gran decoro junto a Bocha y Coco.<br \/>\n<a title=\"DSC_0041 [1600x1200]\" href=\"http:\/\/farm5.staticflickr.com\/4476\/37242317741_1b30742327_z.jpg\" rel=\"\"><img loading=\"lazy\" decoding=\"async\" class=\"aligncenter\" title=\"DSC_0041 [1600x1200]\" src=\"http:\/\/farm5.staticflickr.com\/4476\/37242317741_1b30742327_z.jpg\" alt=\"DSC_0041 [1600x1200]\" width=\"640\" height=\"427\" \/><\/a><br \/>\nEl respeto a la familia Cavalli y el agradecimiento por la vida comercial brindada a la comunidad.<br \/>\n<iframe loading=\"lazy\" src=\"https:\/\/w.soundcloud.com\/player\/?url=https%3A\/\/api.soundcloud.com\/tracks\/343525443&amp;color=%23ff5500&amp;auto_play=false&amp;hide_related=false&amp;show_comments=true&amp;show_user=true&amp;show_reposts=false\" width=\"100%\" height=\"166\" frameborder=\"no\" scrolling=\"no\"><\/iframe><br \/>\nGentileza: Noticias Tornquist<\/p>\n","protected":false},"excerpt":{"rendered":"<p>Hace 74 a\u00f1os y cuando en el contexto globalizado se viv\u00eda la segunda guerra mundial nac\u00eda en Tornquist, Relojer\u00eda y Joyer\u00eda Cavalli Hermanos impulsada por N\u00e9stor, Ilvio(Bocha) y \u201cCoco\u201d Cavalli, un 1 de Marzo del a\u00f1o 1943. Esta hist\u00f3rica casa que surc\u00f3 la vida comercial de la ciudad, pas\u00f3 por todos los momentos de gobernabilidad [&hellip;]<\/p>\n","protected":false},"author":3,"featured_media":0,"comment_status":"closed","ping_status":"open","sticky":false,"template":"","format":"standard","meta":{"footnotes":""},"categories":[26],"tags":[],"class_list":["post-14640","post","type-post","status-publish","format-standard","hentry","category-sociedad"],"yoast_head":"<!-- This site is optimized with the Yoast SEO plugin v25.9 - https:\/\/yoast.com\/wordpress\/plugins\/seo\/ -->\n<title>Cierra la tradicional Relojeria y Joyeria Cavalli Hermanos - Noticias Radio Reflejos<\/title>\n<meta name=\"robots\" content=\"index, follow, max-snippet:-1, max-image-preview:large, max-video-preview:-1\" \/>\n<link rel=\"canonical\" href=\"https:\/\/www.noticiasradioreflejos.com.ar\/2021\/cierra-la-tradicional-relojeria-y-joyeria-cavalli-hermanos\/\" \/>\n<meta property=\"og:locale\" content=\"es_ES\" \/>\n<meta property=\"og:type\" content=\"article\" \/>\n<meta property=\"og:title\" content=\"Cierra la tradicional Relojeria y Joyeria Cavalli Hermanos - Noticias Radio Reflejos\" \/>\n<meta property=\"og:description\" content=\"Hace 74 a\u00f1os y cuando en el contexto globalizado se viv\u00eda la segunda guerra mundial nac\u00eda en Tornquist, Relojer\u00eda y Joyer\u00eda Cavalli Hermanos impulsada por N\u00e9stor, Ilvio(Bocha) y \u201cCoco\u201d Cavalli, un 1 de Marzo del a\u00f1o 1943. Esta hist\u00f3rica casa que surc\u00f3 la vida comercial de la ciudad, pas\u00f3 por todos los momentos de gobernabilidad [&hellip;]\" \/>\n<meta property=\"og:url\" content=\"https:\/\/www.noticiasradioreflejos.com.ar\/2021\/cierra-la-tradicional-relojeria-y-joyeria-cavalli-hermanos\/\" \/>\n<meta property=\"og:site_name\" content=\"Noticias Radio Reflejos\" \/>\n<meta property=\"article:published_time\" content=\"2017-09-22T11:45:49+00:00\" \/>\n<meta property=\"og:image\" content=\"http:\/\/farm5.staticflickr.com\/4514\/37242315841_36f2df29e6.jpg\" \/>\n<meta name=\"author\" content=\"Arnaldo Botto\" \/>\n<meta name=\"twitter:card\" content=\"summary_large_image\" \/>\n<script type=\"application\/ld+json\" class=\"yoast-schema-graph\">{\"@context\":\"https:\/\/schema.org\",\"@graph\":[{\"@type\":\"WebPage\",\"@id\":\"https:\/\/www.noticiasradioreflejos.com.ar\/2021\/cierra-la-tradicional-relojeria-y-joyeria-cavalli-hermanos\/\",\"url\":\"https:\/\/www.noticiasradioreflejos.com.ar\/2021\/cierra-la-tradicional-relojeria-y-joyeria-cavalli-hermanos\/\",\"name\":\"Cierra la tradicional Relojeria y Joyeria Cavalli Hermanos - Noticias Radio Reflejos\",\"isPartOf\":{\"@id\":\"https:\/\/www.noticiasradioreflejos.com.ar\/2021\/#website\"},\"primaryImageOfPage\":{\"@id\":\"https:\/\/www.noticiasradioreflejos.com.ar\/2021\/cierra-la-tradicional-relojeria-y-joyeria-cavalli-hermanos\/#primaryimage\"},\"image\":{\"@id\":\"https:\/\/www.noticiasradioreflejos.com.ar\/2021\/cierra-la-tradicional-relojeria-y-joyeria-cavalli-hermanos\/#primaryimage\"},\"thumbnailUrl\":\"http:\/\/farm5.staticflickr.com\/4514\/37242315841_36f2df29e6.jpg\",\"datePublished\":\"2017-09-22T11:45:49+00:00\",\"author\":{\"@id\":\"https:\/\/www.noticiasradioreflejos.com.ar\/2021\/#\/schema\/person\/ad82545263dcc5ec0996818884fd5fb1\"},\"breadcrumb\":{\"@id\":\"https:\/\/www.noticiasradioreflejos.com.ar\/2021\/cierra-la-tradicional-relojeria-y-joyeria-cavalli-hermanos\/#breadcrumb\"},\"inLanguage\":\"es\",\"potentialAction\":[{\"@type\":\"ReadAction\",\"target\":[\"https:\/\/www.noticiasradioreflejos.com.ar\/2021\/cierra-la-tradicional-relojeria-y-joyeria-cavalli-hermanos\/\"]}]},{\"@type\":\"ImageObject\",\"inLanguage\":\"es\",\"@id\":\"https:\/\/www.noticiasradioreflejos.com.ar\/2021\/cierra-la-tradicional-relojeria-y-joyeria-cavalli-hermanos\/#primaryimage\",\"url\":\"http:\/\/farm5.staticflickr.com\/4514\/37242315841_36f2df29e6.jpg\",\"contentUrl\":\"http:\/\/farm5.staticflickr.com\/4514\/37242315841_36f2df29e6.jpg\"},{\"@type\":\"BreadcrumbList\",\"@id\":\"https:\/\/www.noticiasradioreflejos.com.ar\/2021\/cierra-la-tradicional-relojeria-y-joyeria-cavalli-hermanos\/#breadcrumb\",\"itemListElement\":[{\"@type\":\"ListItem\",\"position\":1,\"name\":\"Portada\",\"item\":\"https:\/\/www.noticiasradioreflejos.com.ar\/2021\/\"},{\"@type\":\"ListItem\",\"position\":2,\"name\":\"Cierra la tradicional Relojeria y Joyeria Cavalli Hermanos\"}]},{\"@type\":\"WebSite\",\"@id\":\"https:\/\/www.noticiasradioreflejos.com.ar\/2021\/#website\",\"url\":\"https:\/\/www.noticiasradioreflejos.com.ar\/2021\/\",\"name\":\"Noticias Radio Reflejos\",\"description\":\"Las noticias de mi comarca\",\"potentialAction\":[{\"@type\":\"SearchAction\",\"target\":{\"@type\":\"EntryPoint\",\"urlTemplate\":\"https:\/\/www.noticiasradioreflejos.com.ar\/2021\/?s={search_term_string}\"},\"query-input\":{\"@type\":\"PropertyValueSpecification\",\"valueRequired\":true,\"valueName\":\"search_term_string\"}}],\"inLanguage\":\"es\"},{\"@type\":\"Person\",\"@id\":\"https:\/\/www.noticiasradioreflejos.com.ar\/2021\/#\/schema\/person\/ad82545263dcc5ec0996818884fd5fb1\",\"name\":\"Arnaldo Botto\",\"image\":{\"@type\":\"ImageObject\",\"inLanguage\":\"es\",\"@id\":\"https:\/\/www.noticiasradioreflejos.com.ar\/2021\/#\/schema\/person\/image\/\",\"url\":\"https:\/\/secure.gravatar.com\/avatar\/55cb5e37c1efa326397366e6974cb338056df65cb50e7d64d1cf314e87504837?s=96&d=mm&r=g\",\"contentUrl\":\"https:\/\/secure.gravatar.com\/avatar\/55cb5e37c1efa326397366e6974cb338056df65cb50e7d64d1cf314e87504837?s=96&d=mm&r=g\",\"caption\":\"Arnaldo Botto\"},\"url\":\"https:\/\/www.noticiasradioreflejos.com.ar\/2021\/author\/arnaldo\/\"}]}<\/script>\n<!-- \/ Yoast SEO plugin. -->","yoast_head_json":{"title":"Cierra la tradicional Relojeria y Joyeria Cavalli Hermanos - Noticias Radio Reflejos","robots":{"index":"index","follow":"follow","max-snippet":"max-snippet:-1","max-image-preview":"max-image-preview:large","max-video-preview":"max-video-preview:-1"},"canonical":"https:\/\/www.noticiasradioreflejos.com.ar\/2021\/cierra-la-tradicional-relojeria-y-joyeria-cavalli-hermanos\/","og_locale":"es_ES","og_type":"article","og_title":"Cierra la tradicional Relojeria y Joyeria Cavalli Hermanos - Noticias Radio Reflejos","og_description":"Hace 74 a\u00f1os y cuando en el contexto globalizado se viv\u00eda la segunda guerra mundial nac\u00eda en Tornquist, Relojer\u00eda y Joyer\u00eda Cavalli Hermanos impulsada por N\u00e9stor, Ilvio(Bocha) y \u201cCoco\u201d Cavalli, un 1 de Marzo del a\u00f1o 1943. Esta hist\u00f3rica casa que surc\u00f3 la vida comercial de la ciudad, pas\u00f3 por todos los momentos de gobernabilidad [&hellip;]","og_url":"https:\/\/www.noticiasradioreflejos.com.ar\/2021\/cierra-la-tradicional-relojeria-y-joyeria-cavalli-hermanos\/","og_site_name":"Noticias Radio Reflejos","article_published_time":"2017-09-22T11:45:49+00:00","og_image":[{"url":"http:\/\/farm5.staticflickr.com\/4514\/37242315841_36f2df29e6.jpg","type":"","width":"","height":""}],"author":"Arnaldo Botto","twitter_card":"summary_large_image","schema":{"@context":"https:\/\/schema.org","@graph":[{"@type":"WebPage","@id":"https:\/\/www.noticiasradioreflejos.com.ar\/2021\/cierra-la-tradicional-relojeria-y-joyeria-cavalli-hermanos\/","url":"https:\/\/www.noticiasradioreflejos.com.ar\/2021\/cierra-la-tradicional-relojeria-y-joyeria-cavalli-hermanos\/","name":"Cierra la tradicional Relojeria y Joyeria Cavalli Hermanos - Noticias Radio Reflejos","isPartOf":{"@id":"https:\/\/www.noticiasradioreflejos.com.ar\/2021\/#website"},"primaryImageOfPage":{"@id":"https:\/\/www.noticiasradioreflejos.com.ar\/2021\/cierra-la-tradicional-relojeria-y-joyeria-cavalli-hermanos\/#primaryimage"},"image":{"@id":"https:\/\/www.noticiasradioreflejos.com.ar\/2021\/cierra-la-tradicional-relojeria-y-joyeria-cavalli-hermanos\/#primaryimage"},"thumbnailUrl":"http:\/\/farm5.staticflickr.com\/4514\/37242315841_36f2df29e6.jpg","datePublished":"2017-09-22T11:45:49+00:00","author":{"@id":"https:\/\/www.noticiasradioreflejos.com.ar\/2021\/#\/schema\/person\/ad82545263dcc5ec0996818884fd5fb1"},"breadcrumb":{"@id":"https:\/\/www.noticiasradioreflejos.com.ar\/2021\/cierra-la-tradicional-relojeria-y-joyeria-cavalli-hermanos\/#breadcrumb"},"inLanguage":"es","potentialAction":[{"@type":"ReadAction","target":["https:\/\/www.noticiasradioreflejos.com.ar\/2021\/cierra-la-tradicional-relojeria-y-joyeria-cavalli-hermanos\/"]}]},{"@type":"ImageObject","inLanguage":"es","@id":"https:\/\/www.noticiasradioreflejos.com.ar\/2021\/cierra-la-tradicional-relojeria-y-joyeria-cavalli-hermanos\/#primaryimage","url":"http:\/\/farm5.staticflickr.com\/4514\/37242315841_36f2df29e6.jpg","contentUrl":"http:\/\/farm5.staticflickr.com\/4514\/37242315841_36f2df29e6.jpg"},{"@type":"BreadcrumbList","@id":"https:\/\/www.noticiasradioreflejos.com.ar\/2021\/cierra-la-tradicional-relojeria-y-joyeria-cavalli-hermanos\/#breadcrumb","itemListElement":[{"@type":"ListItem","position":1,"name":"Portada","item":"https:\/\/www.noticiasradioreflejos.com.ar\/2021\/"},{"@type":"ListItem","position":2,"name":"Cierra la tradicional Relojeria y Joyeria Cavalli Hermanos"}]},{"@type":"WebSite","@id":"https:\/\/www.noticiasradioreflejos.com.ar\/2021\/#website","url":"https:\/\/www.noticiasradioreflejos.com.ar\/2021\/","name":"Noticias Radio Reflejos","description":"Las noticias de mi comarca","potentialAction":[{"@type":"SearchAction","target":{"@type":"EntryPoint","urlTemplate":"https:\/\/www.noticiasradioreflejos.com.ar\/2021\/?s={search_term_string}"},"query-input":{"@type":"PropertyValueSpecification","valueRequired":true,"valueName":"search_term_string"}}],"inLanguage":"es"},{"@type":"Person","@id":"https:\/\/www.noticiasradioreflejos.com.ar\/2021\/#\/schema\/person\/ad82545263dcc5ec0996818884fd5fb1","name":"Arnaldo Botto","image":{"@type":"ImageObject","inLanguage":"es","@id":"https:\/\/www.noticiasradioreflejos.com.ar\/2021\/#\/schema\/person\/image\/","url":"https:\/\/secure.gravatar.com\/avatar\/55cb5e37c1efa326397366e6974cb338056df65cb50e7d64d1cf314e87504837?s=96&d=mm&r=g","contentUrl":"https:\/\/secure.gravatar.com\/avatar\/55cb5e37c1efa326397366e6974cb338056df65cb50e7d64d1cf314e87504837?s=96&d=mm&r=g","caption":"Arnaldo Botto"},"url":"https:\/\/www.noticiasradioreflejos.com.ar\/2021\/author\/arnaldo\/"}]}},"_links":{"self":[{"href":"https:\/\/www.noticiasradioreflejos.com.ar\/2021\/wp-json\/wp\/v2\/posts\/14640","targetHints":{"allow":["GET"]}}],"collection":[{"href":"https:\/\/www.noticiasradioreflejos.com.ar\/2021\/wp-json\/wp\/v2\/posts"}],"about":[{"href":"https:\/\/www.noticiasradioreflejos.com.ar\/2021\/wp-json\/wp\/v2\/types\/post"}],"author":[{"embeddable":true,"href":"https:\/\/www.noticiasradioreflejos.com.ar\/2021\/wp-json\/wp\/v2\/users\/3"}],"replies":[{"embeddable":true,"href":"https:\/\/www.noticiasradioreflejos.com.ar\/2021\/wp-json\/wp\/v2\/comments?post=14640"}],"version-history":[{"count":0,"href":"https:\/\/www.noticiasradioreflejos.com.ar\/2021\/wp-json\/wp\/v2\/posts\/14640\/revisions"}],"wp:attachment":[{"href":"https:\/\/www.noticiasradioreflejos.com.ar\/2021\/wp-json\/wp\/v2\/media?parent=14640"}],"wp:term":[{"taxonomy":"category","embeddable":true,"href":"https:\/\/www.noticiasradioreflejos.com.ar\/2021\/wp-json\/wp\/v2\/categories?post=14640"},{"taxonomy":"post_tag","embeddable":true,"href":"https:\/\/www.noticiasradioreflejos.com.ar\/2021\/wp-json\/wp\/v2\/tags?post=14640"}],"curies":[{"name":"wp","href":"https:\/\/api.w.org\/{rel}","templated":true}]}}