{"id":14631,"date":"2017-09-21T12:34:18","date_gmt":"2017-09-21T15:34:18","guid":{"rendered":"http:\/\/www.noticiasradioreflejos.com.ar\/noticias\/?p=14631"},"modified":"2017-09-21T12:34:18","modified_gmt":"2017-09-21T15:34:18","slug":"canciones-resurreccion-de-la-alegria-cesar-isella-joan-manuel-serrat","status":"publish","type":"post","link":"https:\/\/www.noticiasradioreflejos.com.ar\/2021\/canciones-resurreccion-de-la-alegria-cesar-isella-joan-manuel-serrat\/","title":{"rendered":"Canciones. \u201cResurrecci\u00f3n de la alegr\u00eda\u201d \u2013 Cesar Isella \/ Joan Manuel Serrat."},"content":{"rendered":"<p>Hoy vamos a seguir hablando de bell\u00edsimos poemas de grandes autores que posteriormente, con suerte diversa, fueron musicalizados. Dijimos tener el convencimiento que cada poes\u00eda tiene m\u00fasica, una sola, que anda por el aire a la espera de ser descubierta por el compositor que se esmera en su b\u00fasqueda. Cuando la encuentra se produce el milagro de la armon\u00eda, aquel que al escucharla nos hace decir: no puede haber otra, esa es la m\u00fasica que el poema buscaba.<!--more--><br \/>\nPor supuesto que la elecci\u00f3n es absolutamente subjetiva y esto habilita la controversia o el desacuerdo de ustedes. As\u00ed es el juego. Nuestro faro hoy ilumina una bella creaci\u00f3n de un inmenso poeta, esta vez argentino. Pero hay una particularidad porque nos vamos a encontrar con alguien que no s\u00f3lo escribi\u00f3 poemas, sino que adem\u00e1s fue un talentoso letrista de canciones populares. Que no es lo mismo, aunque parezca. Los enfoques son distintos, los puntos de partida son otros, las construcciones literarias y hasta los desenlaces difieren. Hoy nos visita Armando Tejada G\u00f3mez, letrista de canciones que seguramente hemos cantado en alg\u00fan momento (Canci\u00f3n con todos, Canci\u00f3n de las simples cosas, Hay un ni\u00f1o en la calle, Coplera del viento, Coplera del prisionero y tantas m\u00e1s). Pero paralelamente escribi\u00f3 poemas-poemas, es decir aquellas obras desentendidas de la m\u00fasica y presentadas en formato de libros, que fueron muchos: Pachamama, Antolog\u00eda de Juan, Ah\u00ed va Lucas Romero, Amanecer bajo los puentes, Canto popular de las comidas, entre otros. De uno de ellos elegimos un poema, \u201cResurecci\u00f3n de la alegr\u00eda\u201d, que bastante tiempo despu\u00e9s de su escritura fue abrazado musicalmente por C\u00e9sar Isella. Y como dec\u00edamos antes\u2026hubo milagro, porque poes\u00eda y m\u00fasica comulgaron en el altar de los encuentros celestiales.<br \/>\nPorque creo que el tema lo amerita, vamos a hacer algo no muy com\u00fan en radio, pero esto lo sabr\u00e1 despu\u00e9s de escuchar \u201cResurrecci\u00f3n de la Alegr\u00eda\u201d, poema de Armando Tejada G\u00f3mez, m\u00fasica y voz: C\u00e9sar Isella.<br \/>\nUrgando y urgando se encuentran cosas sorprendentes. Quiz\u00e1s usted lo sepa, yo, lo ignoraba. Aunque no la incluy\u00f3 en ninguno de sus \u00e1lbumes, la misma canci\u00f3n fue grabada, juro que no s\u00e9 cu\u00e1ndo ni d\u00f3nde, por Joan Manuel Serrat. Y esto es lo infrecuente en radio. La misma canci\u00f3n entonada, una tras otra, por int\u00e9rpretes diferentes. Llega el catal\u00e1n Serrat con \u201cResurreci\u00f3n de la alegr\u00eda\u201d. Usted juzga.<br \/>\nLOCUTOR: a este mismo lugar seguir\u00e1n llegando\u2026CANCIONES.<br \/>\n<iframe loading=\"lazy\" src=\"https:\/\/w.soundcloud.com\/player\/?url=https%3A\/\/api.soundcloud.com\/tracks\/343396087&amp;color=%23ff5500&amp;auto_play=false&amp;hide_related=false&amp;show_comments=true&amp;show_user=true&amp;show_reposts=false\" width=\"100%\" height=\"166\" frameborder=\"no\" scrolling=\"no\"><\/iframe><\/p>\n","protected":false},"excerpt":{"rendered":"<p>Hoy vamos a seguir hablando de bell\u00edsimos poemas de grandes autores que posteriormente, con suerte diversa, fueron musicalizados. Dijimos tener el convencimiento que cada poes\u00eda tiene m\u00fasica, una sola, que anda por el aire a la espera de ser descubierta por el compositor que se esmera en su b\u00fasqueda. Cuando la encuentra se produce el [&hellip;]<\/p>\n","protected":false},"author":3,"featured_media":0,"comment_status":"closed","ping_status":"open","sticky":false,"template":"","format":"standard","meta":{"footnotes":""},"categories":[31],"tags":[],"class_list":["post-14631","post","type-post","status-publish","format-standard","hentry","category-programas"],"yoast_head":"<!-- This site is optimized with the Yoast SEO plugin v25.9 - https:\/\/yoast.com\/wordpress\/plugins\/seo\/ -->\n<title>Canciones. \u201cResurrecci\u00f3n de la alegr\u00eda\u201d \u2013 Cesar Isella \/ Joan Manuel Serrat. - Noticias Radio Reflejos<\/title>\n<meta name=\"robots\" content=\"index, follow, max-snippet:-1, max-image-preview:large, max-video-preview:-1\" \/>\n<link rel=\"canonical\" href=\"https:\/\/www.noticiasradioreflejos.com.ar\/2021\/canciones-resurreccion-de-la-alegria-cesar-isella-joan-manuel-serrat\/\" \/>\n<meta property=\"og:locale\" content=\"es_ES\" \/>\n<meta property=\"og:type\" content=\"article\" \/>\n<meta property=\"og:title\" content=\"Canciones. \u201cResurrecci\u00f3n de la alegr\u00eda\u201d \u2013 Cesar Isella \/ Joan Manuel Serrat. - Noticias Radio Reflejos\" \/>\n<meta property=\"og:description\" content=\"Hoy vamos a seguir hablando de bell\u00edsimos poemas de grandes autores que posteriormente, con suerte diversa, fueron musicalizados. Dijimos tener el convencimiento que cada poes\u00eda tiene m\u00fasica, una sola, que anda por el aire a la espera de ser descubierta por el compositor que se esmera en su b\u00fasqueda. Cuando la encuentra se produce el [&hellip;]\" \/>\n<meta property=\"og:url\" content=\"https:\/\/www.noticiasradioreflejos.com.ar\/2021\/canciones-resurreccion-de-la-alegria-cesar-isella-joan-manuel-serrat\/\" \/>\n<meta property=\"og:site_name\" content=\"Noticias Radio Reflejos\" \/>\n<meta property=\"article:published_time\" content=\"2017-09-21T15:34:18+00:00\" \/>\n<meta property=\"og:image\" content=\"https:\/\/www.noticiasradioreflejos.com.ar\/2021\/wp-content\/uploads\/2021\/07\/logosol300x200.png\" \/>\n\t<meta property=\"og:image:width\" content=\"300\" \/>\n\t<meta property=\"og:image:height\" content=\"200\" \/>\n\t<meta property=\"og:image:type\" content=\"image\/png\" \/>\n<meta name=\"author\" content=\"Arnaldo Botto\" \/>\n<meta name=\"twitter:card\" content=\"summary_large_image\" \/>\n<script type=\"application\/ld+json\" class=\"yoast-schema-graph\">{\"@context\":\"https:\/\/schema.org\",\"@graph\":[{\"@type\":\"WebPage\",\"@id\":\"https:\/\/www.noticiasradioreflejos.com.ar\/2021\/canciones-resurreccion-de-la-alegria-cesar-isella-joan-manuel-serrat\/\",\"url\":\"https:\/\/www.noticiasradioreflejos.com.ar\/2021\/canciones-resurreccion-de-la-alegria-cesar-isella-joan-manuel-serrat\/\",\"name\":\"Canciones. \u201cResurrecci\u00f3n de la alegr\u00eda\u201d \u2013 Cesar Isella \/ Joan Manuel Serrat. - Noticias Radio Reflejos\",\"isPartOf\":{\"@id\":\"https:\/\/www.noticiasradioreflejos.com.ar\/2021\/#website\"},\"datePublished\":\"2017-09-21T15:34:18+00:00\",\"author\":{\"@id\":\"https:\/\/www.noticiasradioreflejos.com.ar\/2021\/#\/schema\/person\/ad82545263dcc5ec0996818884fd5fb1\"},\"breadcrumb\":{\"@id\":\"https:\/\/www.noticiasradioreflejos.com.ar\/2021\/canciones-resurreccion-de-la-alegria-cesar-isella-joan-manuel-serrat\/#breadcrumb\"},\"inLanguage\":\"es\",\"potentialAction\":[{\"@type\":\"ReadAction\",\"target\":[\"https:\/\/www.noticiasradioreflejos.com.ar\/2021\/canciones-resurreccion-de-la-alegria-cesar-isella-joan-manuel-serrat\/\"]}]},{\"@type\":\"BreadcrumbList\",\"@id\":\"https:\/\/www.noticiasradioreflejos.com.ar\/2021\/canciones-resurreccion-de-la-alegria-cesar-isella-joan-manuel-serrat\/#breadcrumb\",\"itemListElement\":[{\"@type\":\"ListItem\",\"position\":1,\"name\":\"Portada\",\"item\":\"https:\/\/www.noticiasradioreflejos.com.ar\/2021\/\"},{\"@type\":\"ListItem\",\"position\":2,\"name\":\"Canciones. \u201cResurrecci\u00f3n de la alegr\u00eda\u201d \u2013 Cesar Isella \/ Joan Manuel Serrat.\"}]},{\"@type\":\"WebSite\",\"@id\":\"https:\/\/www.noticiasradioreflejos.com.ar\/2021\/#website\",\"url\":\"https:\/\/www.noticiasradioreflejos.com.ar\/2021\/\",\"name\":\"Noticias Radio Reflejos\",\"description\":\"Las noticias de mi comarca\",\"potentialAction\":[{\"@type\":\"SearchAction\",\"target\":{\"@type\":\"EntryPoint\",\"urlTemplate\":\"https:\/\/www.noticiasradioreflejos.com.ar\/2021\/?s={search_term_string}\"},\"query-input\":{\"@type\":\"PropertyValueSpecification\",\"valueRequired\":true,\"valueName\":\"search_term_string\"}}],\"inLanguage\":\"es\"},{\"@type\":\"Person\",\"@id\":\"https:\/\/www.noticiasradioreflejos.com.ar\/2021\/#\/schema\/person\/ad82545263dcc5ec0996818884fd5fb1\",\"name\":\"Arnaldo Botto\",\"image\":{\"@type\":\"ImageObject\",\"inLanguage\":\"es\",\"@id\":\"https:\/\/www.noticiasradioreflejos.com.ar\/2021\/#\/schema\/person\/image\/\",\"url\":\"https:\/\/secure.gravatar.com\/avatar\/55cb5e37c1efa326397366e6974cb338056df65cb50e7d64d1cf314e87504837?s=96&d=mm&r=g\",\"contentUrl\":\"https:\/\/secure.gravatar.com\/avatar\/55cb5e37c1efa326397366e6974cb338056df65cb50e7d64d1cf314e87504837?s=96&d=mm&r=g\",\"caption\":\"Arnaldo Botto\"},\"url\":\"https:\/\/www.noticiasradioreflejos.com.ar\/2021\/author\/arnaldo\/\"}]}<\/script>\n<!-- \/ Yoast SEO plugin. -->","yoast_head_json":{"title":"Canciones. \u201cResurrecci\u00f3n de la alegr\u00eda\u201d \u2013 Cesar Isella \/ Joan Manuel Serrat. - Noticias Radio Reflejos","robots":{"index":"index","follow":"follow","max-snippet":"max-snippet:-1","max-image-preview":"max-image-preview:large","max-video-preview":"max-video-preview:-1"},"canonical":"https:\/\/www.noticiasradioreflejos.com.ar\/2021\/canciones-resurreccion-de-la-alegria-cesar-isella-joan-manuel-serrat\/","og_locale":"es_ES","og_type":"article","og_title":"Canciones. \u201cResurrecci\u00f3n de la alegr\u00eda\u201d \u2013 Cesar Isella \/ Joan Manuel Serrat. - Noticias Radio Reflejos","og_description":"Hoy vamos a seguir hablando de bell\u00edsimos poemas de grandes autores que posteriormente, con suerte diversa, fueron musicalizados. Dijimos tener el convencimiento que cada poes\u00eda tiene m\u00fasica, una sola, que anda por el aire a la espera de ser descubierta por el compositor que se esmera en su b\u00fasqueda. Cuando la encuentra se produce el [&hellip;]","og_url":"https:\/\/www.noticiasradioreflejos.com.ar\/2021\/canciones-resurreccion-de-la-alegria-cesar-isella-joan-manuel-serrat\/","og_site_name":"Noticias Radio Reflejos","article_published_time":"2017-09-21T15:34:18+00:00","og_image":[{"width":300,"height":200,"url":"https:\/\/www.noticiasradioreflejos.com.ar\/2021\/wp-content\/uploads\/2021\/07\/logosol300x200.png","type":"image\/png"}],"author":"Arnaldo Botto","twitter_card":"summary_large_image","schema":{"@context":"https:\/\/schema.org","@graph":[{"@type":"WebPage","@id":"https:\/\/www.noticiasradioreflejos.com.ar\/2021\/canciones-resurreccion-de-la-alegria-cesar-isella-joan-manuel-serrat\/","url":"https:\/\/www.noticiasradioreflejos.com.ar\/2021\/canciones-resurreccion-de-la-alegria-cesar-isella-joan-manuel-serrat\/","name":"Canciones. \u201cResurrecci\u00f3n de la alegr\u00eda\u201d \u2013 Cesar Isella \/ Joan Manuel Serrat. - Noticias Radio Reflejos","isPartOf":{"@id":"https:\/\/www.noticiasradioreflejos.com.ar\/2021\/#website"},"datePublished":"2017-09-21T15:34:18+00:00","author":{"@id":"https:\/\/www.noticiasradioreflejos.com.ar\/2021\/#\/schema\/person\/ad82545263dcc5ec0996818884fd5fb1"},"breadcrumb":{"@id":"https:\/\/www.noticiasradioreflejos.com.ar\/2021\/canciones-resurreccion-de-la-alegria-cesar-isella-joan-manuel-serrat\/#breadcrumb"},"inLanguage":"es","potentialAction":[{"@type":"ReadAction","target":["https:\/\/www.noticiasradioreflejos.com.ar\/2021\/canciones-resurreccion-de-la-alegria-cesar-isella-joan-manuel-serrat\/"]}]},{"@type":"BreadcrumbList","@id":"https:\/\/www.noticiasradioreflejos.com.ar\/2021\/canciones-resurreccion-de-la-alegria-cesar-isella-joan-manuel-serrat\/#breadcrumb","itemListElement":[{"@type":"ListItem","position":1,"name":"Portada","item":"https:\/\/www.noticiasradioreflejos.com.ar\/2021\/"},{"@type":"ListItem","position":2,"name":"Canciones. \u201cResurrecci\u00f3n de la alegr\u00eda\u201d \u2013 Cesar Isella \/ Joan Manuel Serrat."}]},{"@type":"WebSite","@id":"https:\/\/www.noticiasradioreflejos.com.ar\/2021\/#website","url":"https:\/\/www.noticiasradioreflejos.com.ar\/2021\/","name":"Noticias Radio Reflejos","description":"Las noticias de mi comarca","potentialAction":[{"@type":"SearchAction","target":{"@type":"EntryPoint","urlTemplate":"https:\/\/www.noticiasradioreflejos.com.ar\/2021\/?s={search_term_string}"},"query-input":{"@type":"PropertyValueSpecification","valueRequired":true,"valueName":"search_term_string"}}],"inLanguage":"es"},{"@type":"Person","@id":"https:\/\/www.noticiasradioreflejos.com.ar\/2021\/#\/schema\/person\/ad82545263dcc5ec0996818884fd5fb1","name":"Arnaldo Botto","image":{"@type":"ImageObject","inLanguage":"es","@id":"https:\/\/www.noticiasradioreflejos.com.ar\/2021\/#\/schema\/person\/image\/","url":"https:\/\/secure.gravatar.com\/avatar\/55cb5e37c1efa326397366e6974cb338056df65cb50e7d64d1cf314e87504837?s=96&d=mm&r=g","contentUrl":"https:\/\/secure.gravatar.com\/avatar\/55cb5e37c1efa326397366e6974cb338056df65cb50e7d64d1cf314e87504837?s=96&d=mm&r=g","caption":"Arnaldo Botto"},"url":"https:\/\/www.noticiasradioreflejos.com.ar\/2021\/author\/arnaldo\/"}]}},"_links":{"self":[{"href":"https:\/\/www.noticiasradioreflejos.com.ar\/2021\/wp-json\/wp\/v2\/posts\/14631","targetHints":{"allow":["GET"]}}],"collection":[{"href":"https:\/\/www.noticiasradioreflejos.com.ar\/2021\/wp-json\/wp\/v2\/posts"}],"about":[{"href":"https:\/\/www.noticiasradioreflejos.com.ar\/2021\/wp-json\/wp\/v2\/types\/post"}],"author":[{"embeddable":true,"href":"https:\/\/www.noticiasradioreflejos.com.ar\/2021\/wp-json\/wp\/v2\/users\/3"}],"replies":[{"embeddable":true,"href":"https:\/\/www.noticiasradioreflejos.com.ar\/2021\/wp-json\/wp\/v2\/comments?post=14631"}],"version-history":[{"count":0,"href":"https:\/\/www.noticiasradioreflejos.com.ar\/2021\/wp-json\/wp\/v2\/posts\/14631\/revisions"}],"wp:attachment":[{"href":"https:\/\/www.noticiasradioreflejos.com.ar\/2021\/wp-json\/wp\/v2\/media?parent=14631"}],"wp:term":[{"taxonomy":"category","embeddable":true,"href":"https:\/\/www.noticiasradioreflejos.com.ar\/2021\/wp-json\/wp\/v2\/categories?post=14631"},{"taxonomy":"post_tag","embeddable":true,"href":"https:\/\/www.noticiasradioreflejos.com.ar\/2021\/wp-json\/wp\/v2\/tags?post=14631"}],"curies":[{"name":"wp","href":"https:\/\/api.w.org\/{rel}","templated":true}]}}