{"id":14626,"date":"2017-09-21T12:20:43","date_gmt":"2017-09-21T15:20:43","guid":{"rendered":"http:\/\/www.noticiasradioreflejos.com.ar\/noticias\/?p=14626"},"modified":"2017-09-21T12:20:43","modified_gmt":"2017-09-21T15:20:43","slug":"canciones-la-poesia-es-un-arma-cargada-de-futuro-paco-ibanez","status":"publish","type":"post","link":"https:\/\/www.noticiasradioreflejos.com.ar\/2021\/canciones-la-poesia-es-un-arma-cargada-de-futuro-paco-ibanez\/","title":{"rendered":"Canciones . &quot;La poes\u00eda es un arma cargada de futuro&quot; &#8211; Paco Iba\u00f1ez."},"content":{"rendered":"<p>\u00bfLas obras de los grandes poetas tienen m\u00fasica?. Para clarificar, pregunto de manera distinta: \u00bflos autores de inmensos poemas imaginan que hay sonidos musicales, por ellos desconocidos, que pueden armonizar bellamente con sus creaciones po\u00e9ticas?. Seguramente no debe pensar en ello cuando desde su interior va brotando cada verso. No obstante, en las \u00faltimas d\u00e9cadas, no s\u00e9, cuatro o cinco, algunos poetas aceptaron propuestas para que sus trabajos fueran musicalizados y hubo quienes participaron con entusiasmo de estas arriesgadas sugerencias. \u00bfHabr\u00e1n quedado satisfechos?. \u00bfHabr\u00e1n pensado que las melod\u00edas se hermanaban con su poes\u00eda?. Otra inc\u00f3gnita. <!--more-->\u00a0Sin embargo, y como simple oyente, uno tiene la impresi\u00f3n que cada poema tiene su propia m\u00fasica, una sola. Una sola que vuela libre buscando la inspiraci\u00f3n del compositor que procura encontrarla. No siempre coinciden. A veces no hay sinton\u00eda entre palabras y m\u00fasica. Se producen desencuentros, desajustes y aproximaciones forzadas que indican que el ansiado idilio no prosper\u00f3.<br \/>\nPero en otras el prodigio llega, estalla y se celebra: esa es la m\u00fasica, la \u00fanica, que el poema aguardaba.<br \/>\nHoy iniciamos una serie de bellos poemas de grandes autores de habla hispana que fueron musicalizados. El poeta se llamaba Rafael Gabriel Juan Mugica Celaya Leceta. Pero para el mundo de las letras fue simplemente Gabriel Celaya. Hab\u00eda nacido en 1911 en Hernani, un peque\u00f1o pueblito cercano a San Sebasti\u00e1n en el Pa\u00eds Vasco. Fue uno de los m\u00e1s c\u00e9lebres representantes de la generaci\u00f3n espa\u00f1ola de los posguerra y dentro de ella qued\u00f3 acotado a la denominada poes\u00eda comprometida o social. Injusto. Fue un poeta sin r\u00f3tulos. Si lo encasillamos lo empeque\u00f1ecemos. Combati\u00f3 en el bando republicano durante la Guerra Civil Espa\u00f1ola. Sobrevivi\u00f3 en un campo de concentraci\u00f3n y el destino le reserv\u00f3 el exilio, una yapa que le dio la vida y que el franquismo neg\u00f3 a uno de sus amigos, Federico Garc\u00eda Lorca. Hablando de su concepci\u00f3n de la poes\u00eda pero mucho m\u00e1s de si mismo y de su obra, cierto d\u00eda dijo: \u201cCantemos como quien respira. Hablemos de lo que cada d\u00eda nos ocupa. Nada de lo humano debe quedar fuera de nuestra obra. En el poema debe haber barro, con perd\u00f3n de los poetas poet\u00edsimos. La Poes\u00eda no es un fin en s\u00ed. La Poes\u00eda es un instrumento, entre otros, para transformar el mundo\u201d.<br \/>\n\u00bfSus libros?. Muchos: Marea del silencio (1935),La soledad cerrada (1947), Movimientos elementales (1947),Tranquilamente hablando (1947), Las cosas como son (1949), Las cartas boca arriba (1951), Lo dem\u00e1s es silencio (1952) y Cantos Iberos (1955).<br \/>\nYa nos encontramos con el poeta, Gabriel Celaya. Ahora buscamos al m\u00fasico, al hombre que le puso sonidos musicales a uno de sus poemas m\u00e1s recordados. Nos encontramos con alguien que es la mayor referencia en este asunto de musicalizar a inmensos poetas. Trabaj\u00f3 con versos de Rafael Alberti, Luis Cernuda, Le\u00f3n Felipe, Antonio Machado, Pablo Neruda y Jos\u00e9 Agust\u00edn Goytisolo. Ya est\u00e1 con nosotros el se\u00f1or Francisco Ib\u00e1\u00f1ez Gorostidi. \u00bfQui\u00e9n?. Se trata del se\u00f1or Paco Ib\u00e1\u00f1ez, quien le puso m\u00fasica y canta La poes\u00eda es un arma cargada de futuro, poema de Gabriel Celaya.<br \/>\nA\u00a0este mismo lugar van a seguir llegando\u2026CANCIONES. Lo prometo.<br \/>\n<iframe loading=\"lazy\" src=\"https:\/\/w.soundcloud.com\/player\/?url=https%3A\/\/api.soundcloud.com\/tracks\/343394228&amp;color=%23ff5500&amp;auto_play=false&amp;hide_related=false&amp;show_comments=true&amp;show_user=true&amp;show_reposts=false\" width=\"100%\" height=\"166\" frameborder=\"no\" scrolling=\"no\"><\/iframe><\/p>\n","protected":false},"excerpt":{"rendered":"<p>\u00bfLas obras de los grandes poetas tienen m\u00fasica?. Para clarificar, pregunto de manera distinta: \u00bflos autores de inmensos poemas imaginan que hay sonidos musicales, por ellos desconocidos, que pueden armonizar bellamente con sus creaciones po\u00e9ticas?. Seguramente no debe pensar en ello cuando desde su interior va brotando cada verso. No obstante, en las \u00faltimas d\u00e9cadas, [&hellip;]<\/p>\n","protected":false},"author":3,"featured_media":0,"comment_status":"closed","ping_status":"open","sticky":false,"template":"","format":"standard","meta":{"footnotes":""},"categories":[31],"tags":[],"class_list":["post-14626","post","type-post","status-publish","format-standard","hentry","category-programas"],"yoast_head":"<!-- This site is optimized with the Yoast SEO plugin v25.9 - https:\/\/yoast.com\/wordpress\/plugins\/seo\/ -->\n<title>Canciones . &quot;La poes\u00eda es un arma cargada de futuro&quot; - Paco Iba\u00f1ez. - Noticias Radio Reflejos<\/title>\n<meta name=\"robots\" content=\"index, follow, max-snippet:-1, max-image-preview:large, max-video-preview:-1\" \/>\n<link rel=\"canonical\" href=\"https:\/\/www.noticiasradioreflejos.com.ar\/2021\/canciones-la-poesia-es-un-arma-cargada-de-futuro-paco-ibanez\/\" \/>\n<meta property=\"og:locale\" content=\"es_ES\" \/>\n<meta property=\"og:type\" content=\"article\" \/>\n<meta property=\"og:title\" content=\"Canciones . &quot;La poes\u00eda es un arma cargada de futuro&quot; - Paco Iba\u00f1ez. - Noticias Radio Reflejos\" \/>\n<meta property=\"og:description\" content=\"\u00bfLas obras de los grandes poetas tienen m\u00fasica?. Para clarificar, pregunto de manera distinta: \u00bflos autores de inmensos poemas imaginan que hay sonidos musicales, por ellos desconocidos, que pueden armonizar bellamente con sus creaciones po\u00e9ticas?. Seguramente no debe pensar en ello cuando desde su interior va brotando cada verso. No obstante, en las \u00faltimas d\u00e9cadas, [&hellip;]\" \/>\n<meta property=\"og:url\" content=\"https:\/\/www.noticiasradioreflejos.com.ar\/2021\/canciones-la-poesia-es-un-arma-cargada-de-futuro-paco-ibanez\/\" \/>\n<meta property=\"og:site_name\" content=\"Noticias Radio Reflejos\" \/>\n<meta property=\"article:published_time\" content=\"2017-09-21T15:20:43+00:00\" \/>\n<meta property=\"og:image\" content=\"https:\/\/www.noticiasradioreflejos.com.ar\/2021\/wp-content\/uploads\/2021\/07\/logosol300x200.png\" \/>\n\t<meta property=\"og:image:width\" content=\"300\" \/>\n\t<meta property=\"og:image:height\" content=\"200\" \/>\n\t<meta property=\"og:image:type\" content=\"image\/png\" \/>\n<meta name=\"author\" content=\"Arnaldo Botto\" \/>\n<meta name=\"twitter:card\" content=\"summary_large_image\" \/>\n<script type=\"application\/ld+json\" class=\"yoast-schema-graph\">{\"@context\":\"https:\/\/schema.org\",\"@graph\":[{\"@type\":\"WebPage\",\"@id\":\"https:\/\/www.noticiasradioreflejos.com.ar\/2021\/canciones-la-poesia-es-un-arma-cargada-de-futuro-paco-ibanez\/\",\"url\":\"https:\/\/www.noticiasradioreflejos.com.ar\/2021\/canciones-la-poesia-es-un-arma-cargada-de-futuro-paco-ibanez\/\",\"name\":\"Canciones . &quot;La poes\u00eda es un arma cargada de futuro&quot; - Paco Iba\u00f1ez. - Noticias Radio Reflejos\",\"isPartOf\":{\"@id\":\"https:\/\/www.noticiasradioreflejos.com.ar\/2021\/#website\"},\"datePublished\":\"2017-09-21T15:20:43+00:00\",\"author\":{\"@id\":\"https:\/\/www.noticiasradioreflejos.com.ar\/2021\/#\/schema\/person\/ad82545263dcc5ec0996818884fd5fb1\"},\"breadcrumb\":{\"@id\":\"https:\/\/www.noticiasradioreflejos.com.ar\/2021\/canciones-la-poesia-es-un-arma-cargada-de-futuro-paco-ibanez\/#breadcrumb\"},\"inLanguage\":\"es\",\"potentialAction\":[{\"@type\":\"ReadAction\",\"target\":[\"https:\/\/www.noticiasradioreflejos.com.ar\/2021\/canciones-la-poesia-es-un-arma-cargada-de-futuro-paco-ibanez\/\"]}]},{\"@type\":\"BreadcrumbList\",\"@id\":\"https:\/\/www.noticiasradioreflejos.com.ar\/2021\/canciones-la-poesia-es-un-arma-cargada-de-futuro-paco-ibanez\/#breadcrumb\",\"itemListElement\":[{\"@type\":\"ListItem\",\"position\":1,\"name\":\"Portada\",\"item\":\"https:\/\/www.noticiasradioreflejos.com.ar\/2021\/\"},{\"@type\":\"ListItem\",\"position\":2,\"name\":\"Canciones . &quot;La poes\u00eda es un arma cargada de futuro&quot; &#8211; Paco Iba\u00f1ez.\"}]},{\"@type\":\"WebSite\",\"@id\":\"https:\/\/www.noticiasradioreflejos.com.ar\/2021\/#website\",\"url\":\"https:\/\/www.noticiasradioreflejos.com.ar\/2021\/\",\"name\":\"Noticias Radio Reflejos\",\"description\":\"Las noticias de mi comarca\",\"potentialAction\":[{\"@type\":\"SearchAction\",\"target\":{\"@type\":\"EntryPoint\",\"urlTemplate\":\"https:\/\/www.noticiasradioreflejos.com.ar\/2021\/?s={search_term_string}\"},\"query-input\":{\"@type\":\"PropertyValueSpecification\",\"valueRequired\":true,\"valueName\":\"search_term_string\"}}],\"inLanguage\":\"es\"},{\"@type\":\"Person\",\"@id\":\"https:\/\/www.noticiasradioreflejos.com.ar\/2021\/#\/schema\/person\/ad82545263dcc5ec0996818884fd5fb1\",\"name\":\"Arnaldo Botto\",\"image\":{\"@type\":\"ImageObject\",\"inLanguage\":\"es\",\"@id\":\"https:\/\/www.noticiasradioreflejos.com.ar\/2021\/#\/schema\/person\/image\/\",\"url\":\"https:\/\/secure.gravatar.com\/avatar\/55cb5e37c1efa326397366e6974cb338056df65cb50e7d64d1cf314e87504837?s=96&d=mm&r=g\",\"contentUrl\":\"https:\/\/secure.gravatar.com\/avatar\/55cb5e37c1efa326397366e6974cb338056df65cb50e7d64d1cf314e87504837?s=96&d=mm&r=g\",\"caption\":\"Arnaldo Botto\"},\"url\":\"https:\/\/www.noticiasradioreflejos.com.ar\/2021\/author\/arnaldo\/\"}]}<\/script>\n<!-- \/ Yoast SEO plugin. -->","yoast_head_json":{"title":"Canciones . &quot;La poes\u00eda es un arma cargada de futuro&quot; - Paco Iba\u00f1ez. - Noticias Radio Reflejos","robots":{"index":"index","follow":"follow","max-snippet":"max-snippet:-1","max-image-preview":"max-image-preview:large","max-video-preview":"max-video-preview:-1"},"canonical":"https:\/\/www.noticiasradioreflejos.com.ar\/2021\/canciones-la-poesia-es-un-arma-cargada-de-futuro-paco-ibanez\/","og_locale":"es_ES","og_type":"article","og_title":"Canciones . &quot;La poes\u00eda es un arma cargada de futuro&quot; - Paco Iba\u00f1ez. - Noticias Radio Reflejos","og_description":"\u00bfLas obras de los grandes poetas tienen m\u00fasica?. Para clarificar, pregunto de manera distinta: \u00bflos autores de inmensos poemas imaginan que hay sonidos musicales, por ellos desconocidos, que pueden armonizar bellamente con sus creaciones po\u00e9ticas?. Seguramente no debe pensar en ello cuando desde su interior va brotando cada verso. No obstante, en las \u00faltimas d\u00e9cadas, [&hellip;]","og_url":"https:\/\/www.noticiasradioreflejos.com.ar\/2021\/canciones-la-poesia-es-un-arma-cargada-de-futuro-paco-ibanez\/","og_site_name":"Noticias Radio Reflejos","article_published_time":"2017-09-21T15:20:43+00:00","og_image":[{"width":300,"height":200,"url":"https:\/\/www.noticiasradioreflejos.com.ar\/2021\/wp-content\/uploads\/2021\/07\/logosol300x200.png","type":"image\/png"}],"author":"Arnaldo Botto","twitter_card":"summary_large_image","schema":{"@context":"https:\/\/schema.org","@graph":[{"@type":"WebPage","@id":"https:\/\/www.noticiasradioreflejos.com.ar\/2021\/canciones-la-poesia-es-un-arma-cargada-de-futuro-paco-ibanez\/","url":"https:\/\/www.noticiasradioreflejos.com.ar\/2021\/canciones-la-poesia-es-un-arma-cargada-de-futuro-paco-ibanez\/","name":"Canciones . &quot;La poes\u00eda es un arma cargada de futuro&quot; - Paco Iba\u00f1ez. - Noticias Radio Reflejos","isPartOf":{"@id":"https:\/\/www.noticiasradioreflejos.com.ar\/2021\/#website"},"datePublished":"2017-09-21T15:20:43+00:00","author":{"@id":"https:\/\/www.noticiasradioreflejos.com.ar\/2021\/#\/schema\/person\/ad82545263dcc5ec0996818884fd5fb1"},"breadcrumb":{"@id":"https:\/\/www.noticiasradioreflejos.com.ar\/2021\/canciones-la-poesia-es-un-arma-cargada-de-futuro-paco-ibanez\/#breadcrumb"},"inLanguage":"es","potentialAction":[{"@type":"ReadAction","target":["https:\/\/www.noticiasradioreflejos.com.ar\/2021\/canciones-la-poesia-es-un-arma-cargada-de-futuro-paco-ibanez\/"]}]},{"@type":"BreadcrumbList","@id":"https:\/\/www.noticiasradioreflejos.com.ar\/2021\/canciones-la-poesia-es-un-arma-cargada-de-futuro-paco-ibanez\/#breadcrumb","itemListElement":[{"@type":"ListItem","position":1,"name":"Portada","item":"https:\/\/www.noticiasradioreflejos.com.ar\/2021\/"},{"@type":"ListItem","position":2,"name":"Canciones . &quot;La poes\u00eda es un arma cargada de futuro&quot; &#8211; Paco Iba\u00f1ez."}]},{"@type":"WebSite","@id":"https:\/\/www.noticiasradioreflejos.com.ar\/2021\/#website","url":"https:\/\/www.noticiasradioreflejos.com.ar\/2021\/","name":"Noticias Radio Reflejos","description":"Las noticias de mi comarca","potentialAction":[{"@type":"SearchAction","target":{"@type":"EntryPoint","urlTemplate":"https:\/\/www.noticiasradioreflejos.com.ar\/2021\/?s={search_term_string}"},"query-input":{"@type":"PropertyValueSpecification","valueRequired":true,"valueName":"search_term_string"}}],"inLanguage":"es"},{"@type":"Person","@id":"https:\/\/www.noticiasradioreflejos.com.ar\/2021\/#\/schema\/person\/ad82545263dcc5ec0996818884fd5fb1","name":"Arnaldo Botto","image":{"@type":"ImageObject","inLanguage":"es","@id":"https:\/\/www.noticiasradioreflejos.com.ar\/2021\/#\/schema\/person\/image\/","url":"https:\/\/secure.gravatar.com\/avatar\/55cb5e37c1efa326397366e6974cb338056df65cb50e7d64d1cf314e87504837?s=96&d=mm&r=g","contentUrl":"https:\/\/secure.gravatar.com\/avatar\/55cb5e37c1efa326397366e6974cb338056df65cb50e7d64d1cf314e87504837?s=96&d=mm&r=g","caption":"Arnaldo Botto"},"url":"https:\/\/www.noticiasradioreflejos.com.ar\/2021\/author\/arnaldo\/"}]}},"_links":{"self":[{"href":"https:\/\/www.noticiasradioreflejos.com.ar\/2021\/wp-json\/wp\/v2\/posts\/14626","targetHints":{"allow":["GET"]}}],"collection":[{"href":"https:\/\/www.noticiasradioreflejos.com.ar\/2021\/wp-json\/wp\/v2\/posts"}],"about":[{"href":"https:\/\/www.noticiasradioreflejos.com.ar\/2021\/wp-json\/wp\/v2\/types\/post"}],"author":[{"embeddable":true,"href":"https:\/\/www.noticiasradioreflejos.com.ar\/2021\/wp-json\/wp\/v2\/users\/3"}],"replies":[{"embeddable":true,"href":"https:\/\/www.noticiasradioreflejos.com.ar\/2021\/wp-json\/wp\/v2\/comments?post=14626"}],"version-history":[{"count":0,"href":"https:\/\/www.noticiasradioreflejos.com.ar\/2021\/wp-json\/wp\/v2\/posts\/14626\/revisions"}],"wp:attachment":[{"href":"https:\/\/www.noticiasradioreflejos.com.ar\/2021\/wp-json\/wp\/v2\/media?parent=14626"}],"wp:term":[{"taxonomy":"category","embeddable":true,"href":"https:\/\/www.noticiasradioreflejos.com.ar\/2021\/wp-json\/wp\/v2\/categories?post=14626"},{"taxonomy":"post_tag","embeddable":true,"href":"https:\/\/www.noticiasradioreflejos.com.ar\/2021\/wp-json\/wp\/v2\/tags?post=14626"}],"curies":[{"name":"wp","href":"https:\/\/api.w.org\/{rel}","templated":true}]}}