{"id":14619,"date":"2017-09-21T08:45:48","date_gmt":"2017-09-21T11:45:48","guid":{"rendered":"http:\/\/www.noticiasradioreflejos.com.ar\/noticias\/?p=14619"},"modified":"2017-09-21T08:45:48","modified_gmt":"2017-09-21T11:45:48","slug":"xvi-jornadas-cardiologicas-en-sierra-de-la-ventana","status":"publish","type":"post","link":"https:\/\/www.noticiasradioreflejos.com.ar\/2021\/xvi-jornadas-cardiologicas-en-sierra-de-la-ventana\/","title":{"rendered":"XVI Jornadas Cardiol\u00f3gicas en Sierra de la Ventana."},"content":{"rendered":"<p><a title=\"21905711_1430467980407415_556305150_n\" href=\"http:\/\/farm5.staticflickr.com\/4425\/37365486325_32c0b3c953.jpg\" rel=\"\"><img loading=\"lazy\" decoding=\"async\" class=\"alignleft\" style=\"float: left;\" title=\"21905711_1430467980407415_556305150_n\" src=\"http:\/\/farm5.staticflickr.com\/4425\/37365486325_32c0b3c953.jpg\" alt=\"21905711_1430467980407415_556305150_n\" width=\"346\" height=\"500\" \/><\/a>Los d\u00edas 30 de Septiembre y 1\u00ba de Octubre de 2017 se realizar\u00e1n las XVI Jornadas Cardiol\u00f3gicas en Sierra de la Ventana, Encuentro de Cardi\u00f3logos, Cl\u00ednicos y Diabet\u00f3logos.<br \/>\nLas mismas se desarrollar\u00e1n en el Hotel Provincial, Casino &amp; Resorts de Sierra de la Ventana, calle Drago 130, Provincia de Buenos Aires.<!--more--><br \/>\nOrganizan: Sociedad Argentina de Cardiolog\u00eda distrito Bah\u00eda Blanca; Sociedad de Medicina Interna distrito Bah\u00eda Blanca de la SAM; Cap\u00edtulo Atrl\u00e1ntico de la Sociedad Argentina de Diabetes (AtlanSAD).<br \/>\nTemas: Insuficiencia Card\u00edaca, S\u00edndrome Coronario Agudo, Tromboembolismo Pulmonar Agudo, Pre-Diabetes, Polifarmacia e Interacci\u00f3n Farmacol\u00f3gica.<br \/>\nModalidad: conferencias &#8211; mesa redonda.<br \/>\nCarga horaria: 16 horas c\u00e1tedra.<br \/>\n<strong>Actividad arancelada<\/strong>.<br \/>\nIncripci\u00f3n, completando el formulario:<a href=\"https:\/\/goo.gl\/rdUvnp\"> https:\/\/goo.gl\/rdUvnp<\/a><br \/>\n<a href=\"https:\/\/es.scribd.com\/document\/359502179\/Programa-Jornadas-2017\"><strong>Programa<\/strong><\/a><br \/>\nCurr\u00edculum de los panelistas:<br \/>\nProf. Dr. Ernesto A. Duronto MTSAC<br \/>\nJefe del Departamento de Docencia e Investigaci\u00f3n.<br \/>\nJefe de Unidad Coronaria Hospital Universitario Fundaci\u00f3n Favaloro.<br \/>\nDr. Jos\u00e9 Luis Barisani MTSAC<br \/>\nJefe de Unidad Coronaria del Instituto Cardiovascular Adventista, Cl\u00ednica Adventista Belgrano<br \/>\nAsesor del Consejo Argentino de Insuficiencia Card\u00edaca e Hipertensi\u00f3n Pulmonar \u2013 SAC<br \/>\nDelegado de Argentina en el Consejo de Falla Card\u00edaca de la Sociedad Interamericana de Cardiolog\u00eda<br \/>\nProf. Dr. Lucio Criado<br \/>\n<span style=\"line-height: 1.5;\">Esp. Cl\u00ednica M\u00e9dica<\/span><br \/>\nCoordinador Cl\u00ednico del Sanatorio de la Providencia -CABA<br \/>\nVice-Presidente Sociedad Argentina de Medicina &#8211; SAM-<br \/>\nMagister en Farmacopol\u00edtica<br \/>\nProf. Dra. Marina In\u00e9s Curri\u00e1<br \/>\nJefa del Servicio de Endocrinolog\u00eda, Metabolismo, Nutrici\u00f3n y Diabetes.<br \/>\nHospital Brit\u00e1nico.<br \/>\nDoctora en Medicina. Profesora adjunta Medicina II UCA.<br \/>\nProf. Dr. Jos\u00e9 Esteban Costa Gil<br \/>\nConsultor en endocrinolog\u00eda y nutrici\u00f3n del Instituto de Cardiolog\u00eda de La Plata<br \/>\nPresidente de la SAD 2007-2008.<br \/>\nPresidente electo de la Asociaci\u00f3n Latinoamericana de Diabetes.<br \/>\nDra. Ver\u00f3nica Gonz\u00e1lez Pardo<br \/>\nLic. en Ciencias Biol\u00f3gicas<br \/>\nDra. en Biolog\u00eda Inv. Adjunto CONICET Asistente, Qu\u00edmica Biol\u00f3gica &#8211; Dedicaci\u00f3n semi exclusiva UNS.<br \/>\nDr. Rodrigo de la Faba<br \/>\nM\u00e9dico Cardi\u00f3logo Universitario<br \/>\nStaff Servicio Cardiolog\u00eda Hospital Municipal de Agudos \u201cLe\u00f3nidas Lucero\u201d<br \/>\nPresidente Distrito Bah\u00eda Blanca de la Sociedad Argentina de Cardiolog\u00eda.<br \/>\nDirector del Instituto Cl\u00ednico Cardiovascular.<br \/>\nDr. Lucas A. Sosa<br \/>\nEspecialista en endocrinolog\u00eda \u2013 UBA<br \/>\nEspecializado en diabetes \u2013 Sociedad Argentina de Diabetes<br \/>\nMiembro titular de la Sociedad Argentina de Diabetes<br \/>\nDocente universitario \u2013 Carrera de medicina \u2013 Universidad Nacional del Sur<br \/>\nDr. Matias Alberto Mirofsky<br \/>\nServicio Clinica Medica -Hospital Municipal de Agudos \u00abDr. Leonidas Lucero\u00bb &#8211; Master en Gerontologia- AMBAR \u2013 INSTITUTO MEDICO<br \/>\nDr. Gustavo Pr\u00edncipe<br \/>\nM\u00e9dico Cirujano, Universidas Nacional de C\u00f3rdoba Especialista Jerarquizado en Cl\u00ednica M\u00e9dica, Facultad de Medicina, Universidad Nacional de la Plata Especialista Universitario en Cuidados Cr\u00edticos y Terapia Intensiva, Universidad Nacional de Buenos Aires.<br \/>\nSub-Jefe del Servivio de Cl\u00ednica M\u00e9dica del Hospital Municipal \u201cLe\u00f3nidas Lucero\u201d, Bah\u00eda Blanca Ayudante \u00abA\u00bb, dedicaci\u00f3n simple, Departamento de Ciencias de la Salud, UNS Bah\u00eda Blanca<br \/>\nDr. Jorge Casas<br \/>\nM\u00e9dico Cardi\u00f3logo<br \/>\nEspecialista en Cardiolog\u00eda y Medicina Interna<br \/>\nStaff CEDIC<br \/>\nStaff INOVA Bah\u00eda Blanca.<br \/>\nProf. Mariela Asprea<br \/>\nProfesor en acondicionamiento f\u00edsico y auxiliar en actividades recreativas M.441\/97<br \/>\nDr. Fernando Gonz\u00e1lez Pardo<br \/>\nEspecialista Universitario en Cardiolog\u00eda Mp: 1726<br \/>\nSe form\u00f3 en la Universidad de La Plata en 1995.<br \/>\nRealiz\u00f3 la residencia m\u00e9dica de cardiolog\u00eda en el Centro de Cardiolog\u00eda y Cirug\u00eda cardiovascular del Sanatorio Trinidad Mitre de Buenos Aires. (1996-2000).<br \/>\nAsisti\u00f3 durante esos a\u00f1os a la Universidad de Buenos Aires obteniendo as\u00ed el t\u00edtulo de Especialista Universitario en Cardiolog\u00eda.<br \/>\nEspecialista Jerarquizado en Cardiolog\u00eda, habiendo recertificado su t\u00edtulo en naci\u00f3n y en la provincia de Buenos Aires en dos ocasiones, siendo la \u00faltima en el 2015 .<br \/>\nConcurrente \u2013 Fellow -de Ecocardiograf\u00eda en el Sanatorio Mitre (2000-2001).<br \/>\nSe especializ\u00f3 en im\u00e1genes cardiovasculares no invasivas en argentina y realiz\u00f3 diferentes cursos y cl\u00ednicas en exterior adquiriendo habilidad en ese campo.<br \/>\n* Unidad coronaria como instructor de la residencia de cardiolog\u00eda, (2006-2007)<br \/>\n* Coordinador de recuperaci\u00f3n de cirug\u00eda cardiovascular (2003-2004)<br \/>\n* Staff de Ecocardiograf\u00eda del Hospital Privado del Sur de Bah\u00eda Blanca. Desde 2004<br \/>\n* Staff de Ecocardiograf\u00eda del Hospital Espa\u00f1ol de Bah\u00eda Blanca (desde 2009)<br \/>\n* Desempe\u00f1a su actividad asistencial privada como director de CEDIC, Centro de Diagn\u00f3stico Integral Cardiopulmonar del Adulto y Ni\u00f1o (desde 2013)<br \/>\n* Miembro de la Sociedad Argentina de Cardiolog\u00eda, siendo presidente del Distrito Bah\u00eda Blanca durante el a\u00f1o 2013.<br \/>\n* Miembro del Consejo de Ecocardiograf\u00eda e Im\u00e1genes Cardiovasculares No Invasivas de la Sociedad Argentina de Cardiolog\u00eda para el Distrito Regional Bah\u00eda Blanca. Creado octubre de 2013<br \/>\n* Miembro de la Sociedad Interamericana de Ecocardiograf\u00eda. Ecosiac desde su fundaci\u00f3n<br \/>\n* Miembro de la ASE. Sociedad Americana de Ecocardiograf\u00eda.<br \/>\nDr. MARCELO GUIMARAENZ<br \/>\nOtorgado por la UNIVERSIDAD NACIONAL DE LA PLATA 7 de agosto de 1990<br \/>\nMIEMBRO ADHERENTE SOCIEDAD ARGENTINA DE CARDIOLOGIA<br \/>\nCERTIFICADO DE ESPECIALISTA EN CARDIOLOGIA<br \/>\nPRESIDENTE DEL DISTRITO REGIONAL BAHIA BLANCA \u2013<br \/>\nSOCIEDAD ARGENTINA DE CARDIOLOG\u00cdA A\u00f1o. 2014<br \/>\nA\u00f1o 2001. M\u00e9dico de staff en el Servicio de Unidad de Emergencia cardiovascular del<br \/>\nHospital Privado del Sur \u2013 Bah\u00eda Blanca<br \/>\nPuesto ganado por concurso el 01\/02\/2001, hasta el d\u00eda 21\/08\/2016.<br \/>\nA\u00f1o 2006. M\u00e9dico de staff del Servicio de Ecocardiograf\u00eda del Hospital de la Asociaci\u00f3n<br \/>\nM\u00e9dica de Bah\u00eda Blanco Dr. Felipe Glasman, desde junio de 2006 hasta la actualidad.<br \/>\nA\u00f1o 2016 Coordinador del Servicio de Cardiolog\u00eda y Unidad Coronaria del Hospital Privado del Sur de Bah\u00eda Blanca, desde el 01\/09\/2016 hasta la actualidad.<br \/>\nSecretario de Asuntos Sanatoriales Asociaci\u00f3n M\u00e9dica de Bah\u00eda Blanca-<br \/>\nDr Walter Mauricio Zukerman<br \/>\nConsultor en Cardiolog\u00eda<br \/>\n\u2022 M\u00e9dico Consultor en Cardiolog\u00eda Colegio M\u00e9dico Provincia Buenos Aires.<br \/>\n+ Especialista en Cardiolog\u00eda Hospital Universitario Fundaci\u00f3n Favaloro.<br \/>\n+ Residencia de Cl\u00ednica M\u00e9dica Hospital Italiano Regional del Sur.<br \/>\n+ Residencia Cardiolog\u00eda Hospital Universitario Fundaci\u00f3n Favaloro.<br \/>\n+ Subespecialidad Im\u00e1genes Cardiovasculares no Invasivas.<br \/>\n+ Director Medico IMNBB Hospital Privado del Sur y Hospital Italiano Regional del Sur.<br \/>\n+ Director Medico de Instituto de Diagnostico por Imagenes de Sur , del Hospital Privado del Sur.<br \/>\n+ Jefe de departamento de Im\u00e1genes del Hospital Italiano Regional del Sur.<br \/>\nDr. Walter Villalba<br \/>\nM\u00e9dico Cardi\u00f3logo<br \/>\nEspecialista en Cardiolog\u00eda, otorgado por el Colegio de M\u00e9dicos de la Provincia de Buenos Aires.<br \/>\nDirector Asociado FUMEBA \u2013 HOSPITAL PRIVADO DEL SUR<br \/>\nDra. Vanesa Mateu<br \/>\nM\u00e9dica, t\u00edtulo otorgado por la Facultad de Medicina de la Universidad de Buenos Aires. 1996. Promedio de la carrera 9,16. Medalla de honor.<br \/>\nResidencia de Cl\u00ednica M\u00e9dica en el Sanatorio Mitre. Buenos Aires. 1997-2001<br \/>\nEspecialista en Medicina Interna, t\u00edtulo otorgado por la Universidad de Buenos Aires y aceptado por el Colegio de M\u00e9dicos de Bah\u00eda Blanca.<br \/>\nM\u00e9dica integrada del Servicio de Emergencias de Hospital Municipal de Agudos de Bah\u00eda Blanca, Dr. L. Lucero. Bah\u00eda Blanca. Desde diciembre 2003 a la fecha.<br \/>\nDra. Vanina Mart\u00ednez<br \/>\nCarrera de Medicina en la Universidad Nacional del Sur, Bah\u00eda Blanca, Provincia de Buenos Aires, Rep\u00fablica Argentina.<br \/>\nTitulo recibido: Medica. Promedio general: 9.08<br \/>\nEDUCACION DE POSGRADO<br \/>\n* 2011- 2015 Residencia de Cardiolog\u00eda completa en el Hospital Privado del Sur, Bah\u00eda Blanca, Provincia de Buenos Aires, Rep\u00fablica Argentina.<br \/>\nTitulo recibido: Especialista en Cardiolog\u00eda, otorgado por el Colegio de M\u00e9dicos de la Provincia de Buenos Aires.<br \/>\n* Medica de 12 horas de guardia en Unidad Coronaria del Hospital Privado del Sur de Bah\u00eda Blanca desde el a\u00f1o 2014 hasta la actualidad.<br \/>\n* Medica de 24 horas de guardia en Recuperaci\u00f3n Cardiovascular, Instituto del Coraz\u00f3n del Hospital Privado del Sur de Bah\u00eda Blanca desde el a\u00f1o 2014 hasta la actualidad.<br \/>\nDra. Mar\u00eda Jos\u00e9 Estebanez<br \/>\nM\u00e9dica, expedido por la Facultad de Medicina de la Universidad de Buenos Aires, en el a\u00f1o 1993.<br \/>\nResidente en la especialidad Cl\u00ednica M\u00e9dica, en el Servicio de Cl\u00ednica M\u00e9dica de la Policl\u00ednica Bancaria \u201c9 de julio\u201d, desde 1993 hasta 1994.<br \/>\nResidencia completa en la especialidad Cardiolog\u00eda, en el Servicio de Cardiolog\u00eda de la Policl\u00ednica Bancaria \u201c9 de julio\u201d, desde 1994 hasta 1997.<br \/>\nEspecialista en Cardiolog\u00eda, expedido por el Ministerio de Salud y Acci\u00f3n Social, en el a\u00f1o 1997.<br \/>\nEspecialista Universitaria en la Carrera de Cardiolog\u00eda UBA-SAC.1997.<br \/>\nM\u00e9dica Cardi\u00f3loga del Hospital de la Asociaci\u00f3n M\u00e9dica de Bah\u00eda Blanca, Dr Felipe Glasman. Cubriendo el cargo en forma interina desde Mayo de 1998 hasta Diciembre de 1999. Desde Enero del 2000 hasta la actualidad cargo obtenido por concurso.<br \/>\nM\u00e9dica de guardia de 24 Hs en Unidad Coronaria del Hospital Privado del Sur. desde el 2000 hasta la actualidad.<br \/>\nStaff de la Unidad Coronaria del Hospital Privado del Sur desde el 2000 hasta la actualidad.<br \/>\nDra. Adriana Montovani<br \/>\nM\u00e9dica Cardi\u00f3loga.<br \/>\nEspecialista en Cardiolog\u00eda, otorgado por el Colegio de M\u00e9dicos de la Provincia de Buenos Aires.<br \/>\nStaff Unidad Coronaria Hospital Privado del Sur.<br \/>\nStaff Servicio Electrofisiolog\u00eda Hospital Privado del Sur.<br \/>\nDr. Franco Gregorietti<br \/>\nM\u00e9dico Cardi\u00f3logo<br \/>\nEspecialista en Cardiolog\u00eda, otorgado por el Colegio de M\u00e9dicos de la Provincia de Buenos Aires.<br \/>\nM\u00e9dico de Guardia Unidad Coronaria Hospital Privado el Sur.<br \/>\nDr. Javier Ludue\u00f1a<br \/>\nM\u00e9dico Cardi\u00f3logo<br \/>\nEspecialista en Cardiolog\u00eda, otorgado por el Colegio de M\u00e9dicos de la Provincia de Buenos Aires.<br \/>\nM\u00e9dico de Guardia Unidad Coronaria Hospital Privado el Sur.<br \/>\nStaff Hospital Interzonal de Agudos Dr. Jos\u00e9 Penna\u201d<br \/>\nDr. Maximiliano Garcia<br \/>\nM\u00e9dico Cardi\u00f3logo<br \/>\nEspecialista en Cardiolog\u00eda, otorgado por el Colegio de M\u00e9dicos de la Provincia de Buenos Aires.<br \/>\nM\u00e9dico de Guardia Unidad Coronaria Hospital Privado el Sur.<br \/>\nInstructor de Residentes Unidad Coronaria Hospital Privado del Sur.<br \/>\nSegundo Guzman Rodriguez<br \/>\nEspecialista consultor en Cl\u00ednica M\u00e9dica. Epecializado en diabetes.<br \/>\nMiembro titular de la Sociedad Argentina de Diabetes. Miembro de la Sociedad Latinoamericana de Diabetes.<br \/>\nCarlos Alejandro Alvarez Iorio<br \/>\nM\u00e9dico Cardi\u00f3logo<br \/>\nEspecialista en Cardiolog\u00eda.<br \/>\ncardi\u00f3logo intervencionista<br \/>\nServicio de Cardiolog\u00eda Intervencionista Del Hospital. Privado Del Sur, Hospital Regional Espa\u00f1ol, Hospital.<br \/>\nDra. Claudia Flores<br \/>\nM\u00e9dica especialista jerarquizada en Cl\u00ednica M\u00e9dica y diabet\u00f3loga<br \/>\nDra. Mariana Gonzalez Molina<br \/>\nM\u00e9dica Cl\u00ednica M\u00e9dica Clinica General<br \/>\nHospital Municipal de Agudos Dr. Le\u00f3nidas Lucero<\/p>\n","protected":false},"excerpt":{"rendered":"<p>Los d\u00edas 30 de Septiembre y 1\u00ba de Octubre de 2017 se realizar\u00e1n las XVI Jornadas Cardiol\u00f3gicas en Sierra de la Ventana, Encuentro de Cardi\u00f3logos, Cl\u00ednicos y Diabet\u00f3logos. Las mismas se desarrollar\u00e1n en el Hotel Provincial, Casino &amp; Resorts de Sierra de la Ventana, calle Drago 130, Provincia de Buenos Aires.<\/p>\n","protected":false},"author":3,"featured_media":0,"comment_status":"closed","ping_status":"open","sticky":false,"template":"","format":"standard","meta":{"footnotes":""},"categories":[30],"tags":[],"class_list":["post-14619","post","type-post","status-publish","format-standard","hentry","category-salud"],"yoast_head":"<!-- This site is optimized with the Yoast SEO plugin v25.9 - https:\/\/yoast.com\/wordpress\/plugins\/seo\/ -->\n<title>XVI Jornadas Cardiol\u00f3gicas en Sierra de la Ventana. - Noticias Radio Reflejos<\/title>\n<meta name=\"robots\" content=\"index, follow, max-snippet:-1, max-image-preview:large, max-video-preview:-1\" \/>\n<link rel=\"canonical\" href=\"https:\/\/www.noticiasradioreflejos.com.ar\/2021\/xvi-jornadas-cardiologicas-en-sierra-de-la-ventana\/\" \/>\n<meta property=\"og:locale\" content=\"es_ES\" \/>\n<meta property=\"og:type\" content=\"article\" \/>\n<meta property=\"og:title\" content=\"XVI Jornadas Cardiol\u00f3gicas en Sierra de la Ventana. - Noticias Radio Reflejos\" \/>\n<meta property=\"og:description\" content=\"Los d\u00edas 30 de Septiembre y 1\u00ba de Octubre de 2017 se realizar\u00e1n las XVI Jornadas Cardiol\u00f3gicas en Sierra de la Ventana, Encuentro de Cardi\u00f3logos, Cl\u00ednicos y Diabet\u00f3logos. Las mismas se desarrollar\u00e1n en el Hotel Provincial, Casino &amp; Resorts de Sierra de la Ventana, calle Drago 130, Provincia de Buenos Aires.\" \/>\n<meta property=\"og:url\" content=\"https:\/\/www.noticiasradioreflejos.com.ar\/2021\/xvi-jornadas-cardiologicas-en-sierra-de-la-ventana\/\" \/>\n<meta property=\"og:site_name\" content=\"Noticias Radio Reflejos\" \/>\n<meta property=\"article:published_time\" content=\"2017-09-21T11:45:48+00:00\" \/>\n<meta property=\"og:image\" content=\"http:\/\/farm5.staticflickr.com\/4425\/37365486325_32c0b3c953.jpg\" \/>\n<meta name=\"author\" content=\"Arnaldo Botto\" \/>\n<meta name=\"twitter:card\" content=\"summary_large_image\" \/>\n<script type=\"application\/ld+json\" class=\"yoast-schema-graph\">{\"@context\":\"https:\/\/schema.org\",\"@graph\":[{\"@type\":\"WebPage\",\"@id\":\"https:\/\/www.noticiasradioreflejos.com.ar\/2021\/xvi-jornadas-cardiologicas-en-sierra-de-la-ventana\/\",\"url\":\"https:\/\/www.noticiasradioreflejos.com.ar\/2021\/xvi-jornadas-cardiologicas-en-sierra-de-la-ventana\/\",\"name\":\"XVI Jornadas Cardiol\u00f3gicas en Sierra de la Ventana. - Noticias Radio Reflejos\",\"isPartOf\":{\"@id\":\"https:\/\/www.noticiasradioreflejos.com.ar\/2021\/#website\"},\"primaryImageOfPage\":{\"@id\":\"https:\/\/www.noticiasradioreflejos.com.ar\/2021\/xvi-jornadas-cardiologicas-en-sierra-de-la-ventana\/#primaryimage\"},\"image\":{\"@id\":\"https:\/\/www.noticiasradioreflejos.com.ar\/2021\/xvi-jornadas-cardiologicas-en-sierra-de-la-ventana\/#primaryimage\"},\"thumbnailUrl\":\"http:\/\/farm5.staticflickr.com\/4425\/37365486325_32c0b3c953.jpg\",\"datePublished\":\"2017-09-21T11:45:48+00:00\",\"author\":{\"@id\":\"https:\/\/www.noticiasradioreflejos.com.ar\/2021\/#\/schema\/person\/ad82545263dcc5ec0996818884fd5fb1\"},\"breadcrumb\":{\"@id\":\"https:\/\/www.noticiasradioreflejos.com.ar\/2021\/xvi-jornadas-cardiologicas-en-sierra-de-la-ventana\/#breadcrumb\"},\"inLanguage\":\"es\",\"potentialAction\":[{\"@type\":\"ReadAction\",\"target\":[\"https:\/\/www.noticiasradioreflejos.com.ar\/2021\/xvi-jornadas-cardiologicas-en-sierra-de-la-ventana\/\"]}]},{\"@type\":\"ImageObject\",\"inLanguage\":\"es\",\"@id\":\"https:\/\/www.noticiasradioreflejos.com.ar\/2021\/xvi-jornadas-cardiologicas-en-sierra-de-la-ventana\/#primaryimage\",\"url\":\"http:\/\/farm5.staticflickr.com\/4425\/37365486325_32c0b3c953.jpg\",\"contentUrl\":\"http:\/\/farm5.staticflickr.com\/4425\/37365486325_32c0b3c953.jpg\"},{\"@type\":\"BreadcrumbList\",\"@id\":\"https:\/\/www.noticiasradioreflejos.com.ar\/2021\/xvi-jornadas-cardiologicas-en-sierra-de-la-ventana\/#breadcrumb\",\"itemListElement\":[{\"@type\":\"ListItem\",\"position\":1,\"name\":\"Portada\",\"item\":\"https:\/\/www.noticiasradioreflejos.com.ar\/2021\/\"},{\"@type\":\"ListItem\",\"position\":2,\"name\":\"XVI Jornadas Cardiol\u00f3gicas en Sierra de la Ventana.\"}]},{\"@type\":\"WebSite\",\"@id\":\"https:\/\/www.noticiasradioreflejos.com.ar\/2021\/#website\",\"url\":\"https:\/\/www.noticiasradioreflejos.com.ar\/2021\/\",\"name\":\"Noticias Radio Reflejos\",\"description\":\"Las noticias de mi comarca\",\"potentialAction\":[{\"@type\":\"SearchAction\",\"target\":{\"@type\":\"EntryPoint\",\"urlTemplate\":\"https:\/\/www.noticiasradioreflejos.com.ar\/2021\/?s={search_term_string}\"},\"query-input\":{\"@type\":\"PropertyValueSpecification\",\"valueRequired\":true,\"valueName\":\"search_term_string\"}}],\"inLanguage\":\"es\"},{\"@type\":\"Person\",\"@id\":\"https:\/\/www.noticiasradioreflejos.com.ar\/2021\/#\/schema\/person\/ad82545263dcc5ec0996818884fd5fb1\",\"name\":\"Arnaldo Botto\",\"image\":{\"@type\":\"ImageObject\",\"inLanguage\":\"es\",\"@id\":\"https:\/\/www.noticiasradioreflejos.com.ar\/2021\/#\/schema\/person\/image\/\",\"url\":\"https:\/\/secure.gravatar.com\/avatar\/55cb5e37c1efa326397366e6974cb338056df65cb50e7d64d1cf314e87504837?s=96&d=mm&r=g\",\"contentUrl\":\"https:\/\/secure.gravatar.com\/avatar\/55cb5e37c1efa326397366e6974cb338056df65cb50e7d64d1cf314e87504837?s=96&d=mm&r=g\",\"caption\":\"Arnaldo Botto\"},\"url\":\"https:\/\/www.noticiasradioreflejos.com.ar\/2021\/author\/arnaldo\/\"}]}<\/script>\n<!-- \/ Yoast SEO plugin. -->","yoast_head_json":{"title":"XVI Jornadas Cardiol\u00f3gicas en Sierra de la Ventana. - Noticias Radio Reflejos","robots":{"index":"index","follow":"follow","max-snippet":"max-snippet:-1","max-image-preview":"max-image-preview:large","max-video-preview":"max-video-preview:-1"},"canonical":"https:\/\/www.noticiasradioreflejos.com.ar\/2021\/xvi-jornadas-cardiologicas-en-sierra-de-la-ventana\/","og_locale":"es_ES","og_type":"article","og_title":"XVI Jornadas Cardiol\u00f3gicas en Sierra de la Ventana. - Noticias Radio Reflejos","og_description":"Los d\u00edas 30 de Septiembre y 1\u00ba de Octubre de 2017 se realizar\u00e1n las XVI Jornadas Cardiol\u00f3gicas en Sierra de la Ventana, Encuentro de Cardi\u00f3logos, Cl\u00ednicos y Diabet\u00f3logos. Las mismas se desarrollar\u00e1n en el Hotel Provincial, Casino &amp; Resorts de Sierra de la Ventana, calle Drago 130, Provincia de Buenos Aires.","og_url":"https:\/\/www.noticiasradioreflejos.com.ar\/2021\/xvi-jornadas-cardiologicas-en-sierra-de-la-ventana\/","og_site_name":"Noticias Radio Reflejos","article_published_time":"2017-09-21T11:45:48+00:00","og_image":[{"url":"http:\/\/farm5.staticflickr.com\/4425\/37365486325_32c0b3c953.jpg","type":"","width":"","height":""}],"author":"Arnaldo Botto","twitter_card":"summary_large_image","schema":{"@context":"https:\/\/schema.org","@graph":[{"@type":"WebPage","@id":"https:\/\/www.noticiasradioreflejos.com.ar\/2021\/xvi-jornadas-cardiologicas-en-sierra-de-la-ventana\/","url":"https:\/\/www.noticiasradioreflejos.com.ar\/2021\/xvi-jornadas-cardiologicas-en-sierra-de-la-ventana\/","name":"XVI Jornadas Cardiol\u00f3gicas en Sierra de la Ventana. - Noticias Radio Reflejos","isPartOf":{"@id":"https:\/\/www.noticiasradioreflejos.com.ar\/2021\/#website"},"primaryImageOfPage":{"@id":"https:\/\/www.noticiasradioreflejos.com.ar\/2021\/xvi-jornadas-cardiologicas-en-sierra-de-la-ventana\/#primaryimage"},"image":{"@id":"https:\/\/www.noticiasradioreflejos.com.ar\/2021\/xvi-jornadas-cardiologicas-en-sierra-de-la-ventana\/#primaryimage"},"thumbnailUrl":"http:\/\/farm5.staticflickr.com\/4425\/37365486325_32c0b3c953.jpg","datePublished":"2017-09-21T11:45:48+00:00","author":{"@id":"https:\/\/www.noticiasradioreflejos.com.ar\/2021\/#\/schema\/person\/ad82545263dcc5ec0996818884fd5fb1"},"breadcrumb":{"@id":"https:\/\/www.noticiasradioreflejos.com.ar\/2021\/xvi-jornadas-cardiologicas-en-sierra-de-la-ventana\/#breadcrumb"},"inLanguage":"es","potentialAction":[{"@type":"ReadAction","target":["https:\/\/www.noticiasradioreflejos.com.ar\/2021\/xvi-jornadas-cardiologicas-en-sierra-de-la-ventana\/"]}]},{"@type":"ImageObject","inLanguage":"es","@id":"https:\/\/www.noticiasradioreflejos.com.ar\/2021\/xvi-jornadas-cardiologicas-en-sierra-de-la-ventana\/#primaryimage","url":"http:\/\/farm5.staticflickr.com\/4425\/37365486325_32c0b3c953.jpg","contentUrl":"http:\/\/farm5.staticflickr.com\/4425\/37365486325_32c0b3c953.jpg"},{"@type":"BreadcrumbList","@id":"https:\/\/www.noticiasradioreflejos.com.ar\/2021\/xvi-jornadas-cardiologicas-en-sierra-de-la-ventana\/#breadcrumb","itemListElement":[{"@type":"ListItem","position":1,"name":"Portada","item":"https:\/\/www.noticiasradioreflejos.com.ar\/2021\/"},{"@type":"ListItem","position":2,"name":"XVI Jornadas Cardiol\u00f3gicas en Sierra de la Ventana."}]},{"@type":"WebSite","@id":"https:\/\/www.noticiasradioreflejos.com.ar\/2021\/#website","url":"https:\/\/www.noticiasradioreflejos.com.ar\/2021\/","name":"Noticias Radio Reflejos","description":"Las noticias de mi comarca","potentialAction":[{"@type":"SearchAction","target":{"@type":"EntryPoint","urlTemplate":"https:\/\/www.noticiasradioreflejos.com.ar\/2021\/?s={search_term_string}"},"query-input":{"@type":"PropertyValueSpecification","valueRequired":true,"valueName":"search_term_string"}}],"inLanguage":"es"},{"@type":"Person","@id":"https:\/\/www.noticiasradioreflejos.com.ar\/2021\/#\/schema\/person\/ad82545263dcc5ec0996818884fd5fb1","name":"Arnaldo Botto","image":{"@type":"ImageObject","inLanguage":"es","@id":"https:\/\/www.noticiasradioreflejos.com.ar\/2021\/#\/schema\/person\/image\/","url":"https:\/\/secure.gravatar.com\/avatar\/55cb5e37c1efa326397366e6974cb338056df65cb50e7d64d1cf314e87504837?s=96&d=mm&r=g","contentUrl":"https:\/\/secure.gravatar.com\/avatar\/55cb5e37c1efa326397366e6974cb338056df65cb50e7d64d1cf314e87504837?s=96&d=mm&r=g","caption":"Arnaldo Botto"},"url":"https:\/\/www.noticiasradioreflejos.com.ar\/2021\/author\/arnaldo\/"}]}},"_links":{"self":[{"href":"https:\/\/www.noticiasradioreflejos.com.ar\/2021\/wp-json\/wp\/v2\/posts\/14619","targetHints":{"allow":["GET"]}}],"collection":[{"href":"https:\/\/www.noticiasradioreflejos.com.ar\/2021\/wp-json\/wp\/v2\/posts"}],"about":[{"href":"https:\/\/www.noticiasradioreflejos.com.ar\/2021\/wp-json\/wp\/v2\/types\/post"}],"author":[{"embeddable":true,"href":"https:\/\/www.noticiasradioreflejos.com.ar\/2021\/wp-json\/wp\/v2\/users\/3"}],"replies":[{"embeddable":true,"href":"https:\/\/www.noticiasradioreflejos.com.ar\/2021\/wp-json\/wp\/v2\/comments?post=14619"}],"version-history":[{"count":0,"href":"https:\/\/www.noticiasradioreflejos.com.ar\/2021\/wp-json\/wp\/v2\/posts\/14619\/revisions"}],"wp:attachment":[{"href":"https:\/\/www.noticiasradioreflejos.com.ar\/2021\/wp-json\/wp\/v2\/media?parent=14619"}],"wp:term":[{"taxonomy":"category","embeddable":true,"href":"https:\/\/www.noticiasradioreflejos.com.ar\/2021\/wp-json\/wp\/v2\/categories?post=14619"},{"taxonomy":"post_tag","embeddable":true,"href":"https:\/\/www.noticiasradioreflejos.com.ar\/2021\/wp-json\/wp\/v2\/tags?post=14619"}],"curies":[{"name":"wp","href":"https:\/\/api.w.org\/{rel}","templated":true}]}}