{"id":14550,"date":"2017-09-19T08:06:36","date_gmt":"2017-09-19T11:06:36","guid":{"rendered":"http:\/\/www.noticiasradioreflejos.com.ar\/noticias\/?p=14550"},"modified":"2017-09-19T08:06:36","modified_gmt":"2017-09-19T11:06:36","slug":"con-randazzo-a-la-cabeza-cumplir-reunio-a-sus-referentes-en-tornquist","status":"publish","type":"post","link":"https:\/\/www.noticiasradioreflejos.com.ar\/2021\/con-randazzo-a-la-cabeza-cumplir-reunio-a-sus-referentes-en-tornquist\/","title":{"rendered":"Con Randazzo a la cabeza, Cumplir reuni\u00f3 a sus referentes en Tornquist."},"content":{"rendered":"<p><a title=\"fff14c76-4be0-4bdf-bdea-315cdbdf1854\" href=\"http:\/\/farm5.staticflickr.com\/4391\/36915137920_a37fe09e19.jpg\" rel=\"\"><img loading=\"lazy\" decoding=\"async\" class=\"alignleft\" style=\"float: left;\" title=\"fff14c76-4be0-4bdf-bdea-315cdbdf1854\" src=\"http:\/\/farm5.staticflickr.com\/4391\/36915137920_a37fe09e19.jpg\" alt=\"fff14c76-4be0-4bdf-bdea-315cdbdf1854\" width=\"371\" height=\"500\" \/><\/a>El candidato a senador nacional por el <strong>Frente Justicialista Cumplir<\/strong>, <strong>Florencio Randazzo<\/strong>, encabez\u00f3 hoy una reuni\u00f3n desarrollada en <strong>Sierra de la Ventana<\/strong> y de la cual participaron dirigentes del espacio de la Sexta Secci\u00f3n Electoral.<!--more--><br \/>\nLa jornada, en la cual se analizaron diferentes aspectos relacionados con la campa\u00f1a para las elecciones generales del pr\u00f3ximo 22 de octubre, se desarroll\u00f3 en el Hotel Provincial de la mencionada localidad, con el exintendente y candidato a diputado provincial <strong>Gustavo Trankels<\/strong> como anfitri\u00f3n.<br \/>\n\u201cLa Argentina necesita discutir el futuro. La mejor forma de ganarle a Macri es mirar el 2019. No hay que votar en contra de, sino a favor de alguien. Eso es lo que debemos transmitirle al electorado. El objetivo de nuestro espacio es cumplir con la palabra, sostener nuestros valores\u201d, afirm\u00f3 Randazzo.<br \/>\n\u201cSi un compa\u00f1ero se fue de nuestro espacio es porque no estaba convencido del lugar en el cual estaba\u201d, a\u00f1adi\u00f3.<br \/>\nLa reuni\u00f3n cont\u00f3 con representantes de todos los distritos de la secci\u00f3n, entre ellos el candidato a primer diputado provincial, Alejandro Dichiara. Tambi\u00e9n estuvieron presentes integrantes de la lista local de Cumplir, como el caso de la primera candidata a concejal, Laura \u201cLaly\u201d Rosatelli.<br \/>\nAdem\u00e1s de los principales lineamientos para la campa\u00f1a, durante la reuni\u00f3n se abordaron otros aspectos relacionados con la actualidad del pa\u00eds, la cr\u00edtica actualidad de la econom\u00eda y varios proyectos que Randazzo y su equipo tienen en carpeta.<br \/>\nUna vez finalizado el encuentro con los dirigentes del espacio, el exministro del Interior y Transporte de la Naci\u00f3n brind\u00f3 una conferencia de prensa para los medios del distrito, durante la cual respondi\u00f3 todas las inquietudes planteadas.<a title=\"e7d5c35f-7fe2-46ca-a563-297566524fd6\" href=\"http:\/\/farm5.staticflickr.com\/4371\/36475348534_d1e490d423_z.jpg\" rel=\"\"><br \/>\n<\/a><\/p>\n","protected":false},"excerpt":{"rendered":"<p>El candidato a senador nacional por el Frente Justicialista Cumplir, Florencio Randazzo, encabez\u00f3 hoy una reuni\u00f3n desarrollada en Sierra de la Ventana y de la cual participaron dirigentes del espacio de la Sexta Secci\u00f3n Electoral.<\/p>\n","protected":false},"author":3,"featured_media":0,"comment_status":"closed","ping_status":"open","sticky":false,"template":"","format":"standard","meta":{"footnotes":""},"categories":[24],"tags":[],"class_list":["post-14550","post","type-post","status-publish","format-standard","hentry","category-politica"],"yoast_head":"<!-- This site is optimized with the Yoast SEO plugin v25.9 - https:\/\/yoast.com\/wordpress\/plugins\/seo\/ -->\n<title>Con Randazzo a la cabeza, Cumplir reuni\u00f3 a sus referentes en Tornquist. - Noticias Radio Reflejos<\/title>\n<meta name=\"robots\" content=\"index, follow, max-snippet:-1, max-image-preview:large, max-video-preview:-1\" \/>\n<link rel=\"canonical\" href=\"https:\/\/www.noticiasradioreflejos.com.ar\/2021\/con-randazzo-a-la-cabeza-cumplir-reunio-a-sus-referentes-en-tornquist\/\" \/>\n<meta property=\"og:locale\" content=\"es_ES\" \/>\n<meta property=\"og:type\" content=\"article\" \/>\n<meta property=\"og:title\" content=\"Con Randazzo a la cabeza, Cumplir reuni\u00f3 a sus referentes en Tornquist. - Noticias Radio Reflejos\" \/>\n<meta property=\"og:description\" content=\"El candidato a senador nacional por el Frente Justicialista Cumplir, Florencio Randazzo, encabez\u00f3 hoy una reuni\u00f3n desarrollada en Sierra de la Ventana y de la cual participaron dirigentes del espacio de la Sexta Secci\u00f3n Electoral.\" \/>\n<meta property=\"og:url\" content=\"https:\/\/www.noticiasradioreflejos.com.ar\/2021\/con-randazzo-a-la-cabeza-cumplir-reunio-a-sus-referentes-en-tornquist\/\" \/>\n<meta property=\"og:site_name\" content=\"Noticias Radio Reflejos\" \/>\n<meta property=\"article:published_time\" content=\"2017-09-19T11:06:36+00:00\" \/>\n<meta property=\"og:image\" content=\"http:\/\/farm5.staticflickr.com\/4391\/36915137920_a37fe09e19.jpg\" \/>\n<meta name=\"author\" content=\"Arnaldo Botto\" \/>\n<meta name=\"twitter:card\" content=\"summary_large_image\" \/>\n<script type=\"application\/ld+json\" class=\"yoast-schema-graph\">{\"@context\":\"https:\/\/schema.org\",\"@graph\":[{\"@type\":\"WebPage\",\"@id\":\"https:\/\/www.noticiasradioreflejos.com.ar\/2021\/con-randazzo-a-la-cabeza-cumplir-reunio-a-sus-referentes-en-tornquist\/\",\"url\":\"https:\/\/www.noticiasradioreflejos.com.ar\/2021\/con-randazzo-a-la-cabeza-cumplir-reunio-a-sus-referentes-en-tornquist\/\",\"name\":\"Con Randazzo a la cabeza, Cumplir reuni\u00f3 a sus referentes en Tornquist. - Noticias Radio Reflejos\",\"isPartOf\":{\"@id\":\"https:\/\/www.noticiasradioreflejos.com.ar\/2021\/#website\"},\"primaryImageOfPage\":{\"@id\":\"https:\/\/www.noticiasradioreflejos.com.ar\/2021\/con-randazzo-a-la-cabeza-cumplir-reunio-a-sus-referentes-en-tornquist\/#primaryimage\"},\"image\":{\"@id\":\"https:\/\/www.noticiasradioreflejos.com.ar\/2021\/con-randazzo-a-la-cabeza-cumplir-reunio-a-sus-referentes-en-tornquist\/#primaryimage\"},\"thumbnailUrl\":\"http:\/\/farm5.staticflickr.com\/4391\/36915137920_a37fe09e19.jpg\",\"datePublished\":\"2017-09-19T11:06:36+00:00\",\"author\":{\"@id\":\"https:\/\/www.noticiasradioreflejos.com.ar\/2021\/#\/schema\/person\/ad82545263dcc5ec0996818884fd5fb1\"},\"breadcrumb\":{\"@id\":\"https:\/\/www.noticiasradioreflejos.com.ar\/2021\/con-randazzo-a-la-cabeza-cumplir-reunio-a-sus-referentes-en-tornquist\/#breadcrumb\"},\"inLanguage\":\"es\",\"potentialAction\":[{\"@type\":\"ReadAction\",\"target\":[\"https:\/\/www.noticiasradioreflejos.com.ar\/2021\/con-randazzo-a-la-cabeza-cumplir-reunio-a-sus-referentes-en-tornquist\/\"]}]},{\"@type\":\"ImageObject\",\"inLanguage\":\"es\",\"@id\":\"https:\/\/www.noticiasradioreflejos.com.ar\/2021\/con-randazzo-a-la-cabeza-cumplir-reunio-a-sus-referentes-en-tornquist\/#primaryimage\",\"url\":\"http:\/\/farm5.staticflickr.com\/4391\/36915137920_a37fe09e19.jpg\",\"contentUrl\":\"http:\/\/farm5.staticflickr.com\/4391\/36915137920_a37fe09e19.jpg\"},{\"@type\":\"BreadcrumbList\",\"@id\":\"https:\/\/www.noticiasradioreflejos.com.ar\/2021\/con-randazzo-a-la-cabeza-cumplir-reunio-a-sus-referentes-en-tornquist\/#breadcrumb\",\"itemListElement\":[{\"@type\":\"ListItem\",\"position\":1,\"name\":\"Portada\",\"item\":\"https:\/\/www.noticiasradioreflejos.com.ar\/2021\/\"},{\"@type\":\"ListItem\",\"position\":2,\"name\":\"Con Randazzo a la cabeza, Cumplir reuni\u00f3 a sus referentes en Tornquist.\"}]},{\"@type\":\"WebSite\",\"@id\":\"https:\/\/www.noticiasradioreflejos.com.ar\/2021\/#website\",\"url\":\"https:\/\/www.noticiasradioreflejos.com.ar\/2021\/\",\"name\":\"Noticias Radio Reflejos\",\"description\":\"Las noticias de mi comarca\",\"potentialAction\":[{\"@type\":\"SearchAction\",\"target\":{\"@type\":\"EntryPoint\",\"urlTemplate\":\"https:\/\/www.noticiasradioreflejos.com.ar\/2021\/?s={search_term_string}\"},\"query-input\":{\"@type\":\"PropertyValueSpecification\",\"valueRequired\":true,\"valueName\":\"search_term_string\"}}],\"inLanguage\":\"es\"},{\"@type\":\"Person\",\"@id\":\"https:\/\/www.noticiasradioreflejos.com.ar\/2021\/#\/schema\/person\/ad82545263dcc5ec0996818884fd5fb1\",\"name\":\"Arnaldo Botto\",\"image\":{\"@type\":\"ImageObject\",\"inLanguage\":\"es\",\"@id\":\"https:\/\/www.noticiasradioreflejos.com.ar\/2021\/#\/schema\/person\/image\/\",\"url\":\"https:\/\/secure.gravatar.com\/avatar\/55cb5e37c1efa326397366e6974cb338056df65cb50e7d64d1cf314e87504837?s=96&d=mm&r=g\",\"contentUrl\":\"https:\/\/secure.gravatar.com\/avatar\/55cb5e37c1efa326397366e6974cb338056df65cb50e7d64d1cf314e87504837?s=96&d=mm&r=g\",\"caption\":\"Arnaldo Botto\"},\"url\":\"https:\/\/www.noticiasradioreflejos.com.ar\/2021\/author\/arnaldo\/\"}]}<\/script>\n<!-- \/ Yoast SEO plugin. -->","yoast_head_json":{"title":"Con Randazzo a la cabeza, Cumplir reuni\u00f3 a sus referentes en Tornquist. - Noticias Radio Reflejos","robots":{"index":"index","follow":"follow","max-snippet":"max-snippet:-1","max-image-preview":"max-image-preview:large","max-video-preview":"max-video-preview:-1"},"canonical":"https:\/\/www.noticiasradioreflejos.com.ar\/2021\/con-randazzo-a-la-cabeza-cumplir-reunio-a-sus-referentes-en-tornquist\/","og_locale":"es_ES","og_type":"article","og_title":"Con Randazzo a la cabeza, Cumplir reuni\u00f3 a sus referentes en Tornquist. - Noticias Radio Reflejos","og_description":"El candidato a senador nacional por el Frente Justicialista Cumplir, Florencio Randazzo, encabez\u00f3 hoy una reuni\u00f3n desarrollada en Sierra de la Ventana y de la cual participaron dirigentes del espacio de la Sexta Secci\u00f3n Electoral.","og_url":"https:\/\/www.noticiasradioreflejos.com.ar\/2021\/con-randazzo-a-la-cabeza-cumplir-reunio-a-sus-referentes-en-tornquist\/","og_site_name":"Noticias Radio Reflejos","article_published_time":"2017-09-19T11:06:36+00:00","og_image":[{"url":"http:\/\/farm5.staticflickr.com\/4391\/36915137920_a37fe09e19.jpg","type":"","width":"","height":""}],"author":"Arnaldo Botto","twitter_card":"summary_large_image","schema":{"@context":"https:\/\/schema.org","@graph":[{"@type":"WebPage","@id":"https:\/\/www.noticiasradioreflejos.com.ar\/2021\/con-randazzo-a-la-cabeza-cumplir-reunio-a-sus-referentes-en-tornquist\/","url":"https:\/\/www.noticiasradioreflejos.com.ar\/2021\/con-randazzo-a-la-cabeza-cumplir-reunio-a-sus-referentes-en-tornquist\/","name":"Con Randazzo a la cabeza, Cumplir reuni\u00f3 a sus referentes en Tornquist. - Noticias Radio Reflejos","isPartOf":{"@id":"https:\/\/www.noticiasradioreflejos.com.ar\/2021\/#website"},"primaryImageOfPage":{"@id":"https:\/\/www.noticiasradioreflejos.com.ar\/2021\/con-randazzo-a-la-cabeza-cumplir-reunio-a-sus-referentes-en-tornquist\/#primaryimage"},"image":{"@id":"https:\/\/www.noticiasradioreflejos.com.ar\/2021\/con-randazzo-a-la-cabeza-cumplir-reunio-a-sus-referentes-en-tornquist\/#primaryimage"},"thumbnailUrl":"http:\/\/farm5.staticflickr.com\/4391\/36915137920_a37fe09e19.jpg","datePublished":"2017-09-19T11:06:36+00:00","author":{"@id":"https:\/\/www.noticiasradioreflejos.com.ar\/2021\/#\/schema\/person\/ad82545263dcc5ec0996818884fd5fb1"},"breadcrumb":{"@id":"https:\/\/www.noticiasradioreflejos.com.ar\/2021\/con-randazzo-a-la-cabeza-cumplir-reunio-a-sus-referentes-en-tornquist\/#breadcrumb"},"inLanguage":"es","potentialAction":[{"@type":"ReadAction","target":["https:\/\/www.noticiasradioreflejos.com.ar\/2021\/con-randazzo-a-la-cabeza-cumplir-reunio-a-sus-referentes-en-tornquist\/"]}]},{"@type":"ImageObject","inLanguage":"es","@id":"https:\/\/www.noticiasradioreflejos.com.ar\/2021\/con-randazzo-a-la-cabeza-cumplir-reunio-a-sus-referentes-en-tornquist\/#primaryimage","url":"http:\/\/farm5.staticflickr.com\/4391\/36915137920_a37fe09e19.jpg","contentUrl":"http:\/\/farm5.staticflickr.com\/4391\/36915137920_a37fe09e19.jpg"},{"@type":"BreadcrumbList","@id":"https:\/\/www.noticiasradioreflejos.com.ar\/2021\/con-randazzo-a-la-cabeza-cumplir-reunio-a-sus-referentes-en-tornquist\/#breadcrumb","itemListElement":[{"@type":"ListItem","position":1,"name":"Portada","item":"https:\/\/www.noticiasradioreflejos.com.ar\/2021\/"},{"@type":"ListItem","position":2,"name":"Con Randazzo a la cabeza, Cumplir reuni\u00f3 a sus referentes en Tornquist."}]},{"@type":"WebSite","@id":"https:\/\/www.noticiasradioreflejos.com.ar\/2021\/#website","url":"https:\/\/www.noticiasradioreflejos.com.ar\/2021\/","name":"Noticias Radio Reflejos","description":"Las noticias de mi comarca","potentialAction":[{"@type":"SearchAction","target":{"@type":"EntryPoint","urlTemplate":"https:\/\/www.noticiasradioreflejos.com.ar\/2021\/?s={search_term_string}"},"query-input":{"@type":"PropertyValueSpecification","valueRequired":true,"valueName":"search_term_string"}}],"inLanguage":"es"},{"@type":"Person","@id":"https:\/\/www.noticiasradioreflejos.com.ar\/2021\/#\/schema\/person\/ad82545263dcc5ec0996818884fd5fb1","name":"Arnaldo Botto","image":{"@type":"ImageObject","inLanguage":"es","@id":"https:\/\/www.noticiasradioreflejos.com.ar\/2021\/#\/schema\/person\/image\/","url":"https:\/\/secure.gravatar.com\/avatar\/55cb5e37c1efa326397366e6974cb338056df65cb50e7d64d1cf314e87504837?s=96&d=mm&r=g","contentUrl":"https:\/\/secure.gravatar.com\/avatar\/55cb5e37c1efa326397366e6974cb338056df65cb50e7d64d1cf314e87504837?s=96&d=mm&r=g","caption":"Arnaldo Botto"},"url":"https:\/\/www.noticiasradioreflejos.com.ar\/2021\/author\/arnaldo\/"}]}},"_links":{"self":[{"href":"https:\/\/www.noticiasradioreflejos.com.ar\/2021\/wp-json\/wp\/v2\/posts\/14550","targetHints":{"allow":["GET"]}}],"collection":[{"href":"https:\/\/www.noticiasradioreflejos.com.ar\/2021\/wp-json\/wp\/v2\/posts"}],"about":[{"href":"https:\/\/www.noticiasradioreflejos.com.ar\/2021\/wp-json\/wp\/v2\/types\/post"}],"author":[{"embeddable":true,"href":"https:\/\/www.noticiasradioreflejos.com.ar\/2021\/wp-json\/wp\/v2\/users\/3"}],"replies":[{"embeddable":true,"href":"https:\/\/www.noticiasradioreflejos.com.ar\/2021\/wp-json\/wp\/v2\/comments?post=14550"}],"version-history":[{"count":0,"href":"https:\/\/www.noticiasradioreflejos.com.ar\/2021\/wp-json\/wp\/v2\/posts\/14550\/revisions"}],"wp:attachment":[{"href":"https:\/\/www.noticiasradioreflejos.com.ar\/2021\/wp-json\/wp\/v2\/media?parent=14550"}],"wp:term":[{"taxonomy":"category","embeddable":true,"href":"https:\/\/www.noticiasradioreflejos.com.ar\/2021\/wp-json\/wp\/v2\/categories?post=14550"},{"taxonomy":"post_tag","embeddable":true,"href":"https:\/\/www.noticiasradioreflejos.com.ar\/2021\/wp-json\/wp\/v2\/tags?post=14550"}],"curies":[{"name":"wp","href":"https:\/\/api.w.org\/{rel}","templated":true}]}}