{"id":143148,"date":"2026-09-06T11:46:02","date_gmt":"2026-09-06T14:46:02","guid":{"rendered":"https:\/\/www.noticiasradioreflejos.com.ar\/2021\/?p=143148"},"modified":"2026-09-06T11:47:20","modified_gmt":"2026-09-06T14:47:20","slug":"destacada-actuacion-de-tobias-garcia-en-torneo-de-golf-de-cnel-suarez","status":"publish","type":"post","link":"https:\/\/www.noticiasradioreflejos.com.ar\/2021\/destacada-actuacion-de-tobias-garcia-en-torneo-de-golf-de-cnel-suarez\/","title":{"rendered":"Destacada actuaci\u00f3n de Tob\u00edas Garc\u00eda en Torneo de Golf en Cnel. Suarez"},"content":{"rendered":"<p data-path-to-node=\"1\">El deporte de Tornquist vuelve a decir presente a nivel regional de la mano del golf local. En esta oportunidad, el joven deportista Tob\u00edas Garc\u00eda tuvo una brillante participaci\u00f3n en el Torneo Gayoso Hermanos, disputado en las instalaciones del Golf Club El Polo.<!--more--><\/p>\n<p data-path-to-node=\"2\">Competiendo en la categor\u00eda Sin H\u00e1ndicap de 9 hoyos frente a golfistas adultos y representando con orgullo al distrito de Tornquist, Tob\u00edas logr\u00f3 adjudicarse el 3\u00b0 puesto del certamen.<\/p>\n<p data-path-to-node=\"2\"><a href=\"https:\/\/www.noticiasradioreflejos.com.ar\/2021\/destacada-actuacion-de-tobias-garcia-en-torneo-de-golf-de-cnel-suarez\/tobi-garcia-2\/\" rel=\"attachment wp-att-143150\"><img loading=\"lazy\" decoding=\"async\" class=\"aligncenter size-full wp-image-143150\" src=\"https:\/\/www.noticiasradioreflejos.com.ar\/2021\/wp-content\/uploads\/2026\/09\/tobi-garcia-2.jpeg\" alt=\"\" width=\"1200\" height=\"1600\" srcset=\"https:\/\/www.noticiasradioreflejos.com.ar\/2021\/wp-content\/uploads\/2026\/09\/tobi-garcia-2.jpeg 1200w, https:\/\/www.noticiasradioreflejos.com.ar\/2021\/wp-content\/uploads\/2026\/09\/tobi-garcia-2-225x300.jpeg 225w, https:\/\/www.noticiasradioreflejos.com.ar\/2021\/wp-content\/uploads\/2026\/09\/tobi-garcia-2-768x1024.jpeg 768w, https:\/\/www.noticiasradioreflejos.com.ar\/2021\/wp-content\/uploads\/2026\/09\/tobi-garcia-2-1152x1536.jpeg 1152w, https:\/\/www.noticiasradioreflejos.com.ar\/2021\/wp-content\/uploads\/2026\/09\/tobi-garcia-2-750x1000.jpeg 750w, https:\/\/www.noticiasradioreflejos.com.ar\/2021\/wp-content\/uploads\/2026\/09\/tobi-garcia-2-1140x1520.jpeg 1140w\" sizes=\"auto, (max-width: 1200px) 100vw, 1200px\" \/><\/a><\/p>\n<p data-path-to-node=\"3\">Como reconocimiento a su esfuerzo y gran nivel, se hizo acreedor de un premio muy especial: un palo de golf Callaway Opus 56. Seg\u00fan indicaron los organizadores al momento de la entrega, dicho palo perteneci\u00f3 al reconocido golfista profesional Juli\u00e1n Etulain, quien lo utiliz\u00f3 durante su participaci\u00f3n en torneos del tour profesional, lo que le otorga un significativo valor a la distinci\u00f3n.<\/p>\n<p data-path-to-node=\"4\">Desde la delegaci\u00f3n local expresaron un sincero agradecimiento a las autoridades y al personal del Golf Club El Polo por la excelente atenci\u00f3n recibida a lo largo de toda la jornada deportiva. Asimismo, se destac\u00f3 el constante acompa\u00f1amiento de<strong> Deportes Tornquist<\/strong> para hacer posible el desarrollo y la participaci\u00f3n de nuestros deportistas.<\/p>\n<p data-path-to-node=\"5\">M\u00e1s all\u00e1 de los excelentes resultados obtenidos, se remarca la importancia de participar, compartir y disfrutar de esta disciplina en un marco de camarader\u00eda y sano entretenimiento.<\/p>\n","protected":false},"excerpt":{"rendered":"<p>El deporte de Tornquist vuelve a decir presente a nivel regional de la mano del golf local. En esta oportunidad, el joven deportista Tob\u00edas Garc\u00eda tuvo una brillante participaci\u00f3n en el Torneo Gayoso Hermanos, disputado en las instalaciones del Golf Club El Polo.<\/p>\n","protected":false},"author":3,"featured_media":143149,"comment_status":"closed","ping_status":"closed","sticky":false,"template":"","format":"standard","meta":{"footnotes":""},"categories":[27],"tags":[],"class_list":["post-143148","post","type-post","status-publish","format-standard","has-post-thumbnail","hentry","category-deportes"],"yoast_head":"<!-- This site is optimized with the Yoast SEO plugin v25.9 - https:\/\/yoast.com\/wordpress\/plugins\/seo\/ -->\n<title>Destacada actuaci\u00f3n de Tob\u00edas Garc\u00eda en Torneo de Golf en Cnel. Suarez - Noticias Radio Reflejos<\/title>\n<meta name=\"robots\" content=\"index, follow, max-snippet:-1, max-image-preview:large, max-video-preview:-1\" \/>\n<link rel=\"canonical\" href=\"https:\/\/www.noticiasradioreflejos.com.ar\/2021\/destacada-actuacion-de-tobias-garcia-en-torneo-de-golf-de-cnel-suarez\/\" \/>\n<meta property=\"og:locale\" content=\"es_ES\" \/>\n<meta property=\"og:type\" content=\"article\" \/>\n<meta property=\"og:title\" content=\"Destacada actuaci\u00f3n de Tob\u00edas Garc\u00eda en Torneo de Golf en Cnel. Suarez - Noticias Radio Reflejos\" \/>\n<meta property=\"og:description\" content=\"El deporte de Tornquist vuelve a decir presente a nivel regional de la mano del golf local. En esta oportunidad, el joven deportista Tob\u00edas Garc\u00eda tuvo una brillante participaci\u00f3n en el Torneo Gayoso Hermanos, disputado en las instalaciones del Golf Club El Polo.\" \/>\n<meta property=\"og:url\" content=\"https:\/\/www.noticiasradioreflejos.com.ar\/2021\/destacada-actuacion-de-tobias-garcia-en-torneo-de-golf-de-cnel-suarez\/\" \/>\n<meta property=\"og:site_name\" content=\"Noticias Radio Reflejos\" \/>\n<meta property=\"article:published_time\" content=\"2026-09-06T14:46:02+00:00\" \/>\n<meta property=\"article:modified_time\" content=\"2026-09-06T14:47:20+00:00\" \/>\n<meta property=\"og:image\" content=\"https:\/\/www.noticiasradioreflejos.com.ar\/2021\/wp-content\/uploads\/2026\/09\/tobi-garcia-1.jpeg\" \/>\n\t<meta property=\"og:image:width\" content=\"1200\" \/>\n\t<meta property=\"og:image:height\" content=\"1600\" \/>\n\t<meta property=\"og:image:type\" content=\"image\/jpeg\" \/>\n<meta name=\"author\" content=\"Arnaldo Botto\" \/>\n<meta name=\"twitter:card\" content=\"summary_large_image\" \/>\n<script type=\"application\/ld+json\" class=\"yoast-schema-graph\">{\"@context\":\"https:\/\/schema.org\",\"@graph\":[{\"@type\":\"WebPage\",\"@id\":\"https:\/\/www.noticiasradioreflejos.com.ar\/2021\/destacada-actuacion-de-tobias-garcia-en-torneo-de-golf-de-cnel-suarez\/\",\"url\":\"https:\/\/www.noticiasradioreflejos.com.ar\/2021\/destacada-actuacion-de-tobias-garcia-en-torneo-de-golf-de-cnel-suarez\/\",\"name\":\"Destacada actuaci\u00f3n de Tob\u00edas Garc\u00eda en Torneo de Golf en Cnel. Suarez - Noticias Radio Reflejos\",\"isPartOf\":{\"@id\":\"https:\/\/www.noticiasradioreflejos.com.ar\/2021\/#website\"},\"primaryImageOfPage\":{\"@id\":\"https:\/\/www.noticiasradioreflejos.com.ar\/2021\/destacada-actuacion-de-tobias-garcia-en-torneo-de-golf-de-cnel-suarez\/#primaryimage\"},\"image\":{\"@id\":\"https:\/\/www.noticiasradioreflejos.com.ar\/2021\/destacada-actuacion-de-tobias-garcia-en-torneo-de-golf-de-cnel-suarez\/#primaryimage\"},\"thumbnailUrl\":\"https:\/\/www.noticiasradioreflejos.com.ar\/2021\/wp-content\/uploads\/2026\/09\/tobi-garcia-1.jpeg\",\"datePublished\":\"2026-09-06T14:46:02+00:00\",\"dateModified\":\"2026-09-06T14:47:20+00:00\",\"author\":{\"@id\":\"https:\/\/www.noticiasradioreflejos.com.ar\/2021\/#\/schema\/person\/ad82545263dcc5ec0996818884fd5fb1\"},\"breadcrumb\":{\"@id\":\"https:\/\/www.noticiasradioreflejos.com.ar\/2021\/destacada-actuacion-de-tobias-garcia-en-torneo-de-golf-de-cnel-suarez\/#breadcrumb\"},\"inLanguage\":\"es\",\"potentialAction\":[{\"@type\":\"ReadAction\",\"target\":[\"https:\/\/www.noticiasradioreflejos.com.ar\/2021\/destacada-actuacion-de-tobias-garcia-en-torneo-de-golf-de-cnel-suarez\/\"]}]},{\"@type\":\"ImageObject\",\"inLanguage\":\"es\",\"@id\":\"https:\/\/www.noticiasradioreflejos.com.ar\/2021\/destacada-actuacion-de-tobias-garcia-en-torneo-de-golf-de-cnel-suarez\/#primaryimage\",\"url\":\"https:\/\/www.noticiasradioreflejos.com.ar\/2021\/wp-content\/uploads\/2026\/09\/tobi-garcia-1.jpeg\",\"contentUrl\":\"https:\/\/www.noticiasradioreflejos.com.ar\/2021\/wp-content\/uploads\/2026\/09\/tobi-garcia-1.jpeg\",\"width\":1200,\"height\":1600},{\"@type\":\"BreadcrumbList\",\"@id\":\"https:\/\/www.noticiasradioreflejos.com.ar\/2021\/destacada-actuacion-de-tobias-garcia-en-torneo-de-golf-de-cnel-suarez\/#breadcrumb\",\"itemListElement\":[{\"@type\":\"ListItem\",\"position\":1,\"name\":\"Portada\",\"item\":\"https:\/\/www.noticiasradioreflejos.com.ar\/2021\/\"},{\"@type\":\"ListItem\",\"position\":2,\"name\":\"Destacada actuaci\u00f3n de Tob\u00edas Garc\u00eda en Torneo de Golf en Cnel. Suarez\"}]},{\"@type\":\"WebSite\",\"@id\":\"https:\/\/www.noticiasradioreflejos.com.ar\/2021\/#website\",\"url\":\"https:\/\/www.noticiasradioreflejos.com.ar\/2021\/\",\"name\":\"Noticias Radio Reflejos\",\"description\":\"Las noticias de mi comarca\",\"potentialAction\":[{\"@type\":\"SearchAction\",\"target\":{\"@type\":\"EntryPoint\",\"urlTemplate\":\"https:\/\/www.noticiasradioreflejos.com.ar\/2021\/?s={search_term_string}\"},\"query-input\":{\"@type\":\"PropertyValueSpecification\",\"valueRequired\":true,\"valueName\":\"search_term_string\"}}],\"inLanguage\":\"es\"},{\"@type\":\"Person\",\"@id\":\"https:\/\/www.noticiasradioreflejos.com.ar\/2021\/#\/schema\/person\/ad82545263dcc5ec0996818884fd5fb1\",\"name\":\"Arnaldo Botto\",\"image\":{\"@type\":\"ImageObject\",\"inLanguage\":\"es\",\"@id\":\"https:\/\/www.noticiasradioreflejos.com.ar\/2021\/#\/schema\/person\/image\/\",\"url\":\"https:\/\/secure.gravatar.com\/avatar\/55cb5e37c1efa326397366e6974cb338056df65cb50e7d64d1cf314e87504837?s=96&d=mm&r=g\",\"contentUrl\":\"https:\/\/secure.gravatar.com\/avatar\/55cb5e37c1efa326397366e6974cb338056df65cb50e7d64d1cf314e87504837?s=96&d=mm&r=g\",\"caption\":\"Arnaldo Botto\"},\"url\":\"https:\/\/www.noticiasradioreflejos.com.ar\/2021\/author\/arnaldo\/\"}]}<\/script>\n<!-- \/ Yoast SEO plugin. -->","yoast_head_json":{"title":"Destacada actuaci\u00f3n de Tob\u00edas Garc\u00eda en Torneo de Golf en Cnel. Suarez - Noticias Radio Reflejos","robots":{"index":"index","follow":"follow","max-snippet":"max-snippet:-1","max-image-preview":"max-image-preview:large","max-video-preview":"max-video-preview:-1"},"canonical":"https:\/\/www.noticiasradioreflejos.com.ar\/2021\/destacada-actuacion-de-tobias-garcia-en-torneo-de-golf-de-cnel-suarez\/","og_locale":"es_ES","og_type":"article","og_title":"Destacada actuaci\u00f3n de Tob\u00edas Garc\u00eda en Torneo de Golf en Cnel. Suarez - Noticias Radio Reflejos","og_description":"El deporte de Tornquist vuelve a decir presente a nivel regional de la mano del golf local. En esta oportunidad, el joven deportista Tob\u00edas Garc\u00eda tuvo una brillante participaci\u00f3n en el Torneo Gayoso Hermanos, disputado en las instalaciones del Golf Club El Polo.","og_url":"https:\/\/www.noticiasradioreflejos.com.ar\/2021\/destacada-actuacion-de-tobias-garcia-en-torneo-de-golf-de-cnel-suarez\/","og_site_name":"Noticias Radio Reflejos","article_published_time":"2026-09-06T14:46:02+00:00","article_modified_time":"2026-09-06T14:47:20+00:00","og_image":[{"width":1200,"height":1600,"url":"https:\/\/www.noticiasradioreflejos.com.ar\/2021\/wp-content\/uploads\/2026\/09\/tobi-garcia-1.jpeg","type":"image\/jpeg"}],"author":"Arnaldo Botto","twitter_card":"summary_large_image","schema":{"@context":"https:\/\/schema.org","@graph":[{"@type":"WebPage","@id":"https:\/\/www.noticiasradioreflejos.com.ar\/2021\/destacada-actuacion-de-tobias-garcia-en-torneo-de-golf-de-cnel-suarez\/","url":"https:\/\/www.noticiasradioreflejos.com.ar\/2021\/destacada-actuacion-de-tobias-garcia-en-torneo-de-golf-de-cnel-suarez\/","name":"Destacada actuaci\u00f3n de Tob\u00edas Garc\u00eda en Torneo de Golf en Cnel. Suarez - Noticias Radio Reflejos","isPartOf":{"@id":"https:\/\/www.noticiasradioreflejos.com.ar\/2021\/#website"},"primaryImageOfPage":{"@id":"https:\/\/www.noticiasradioreflejos.com.ar\/2021\/destacada-actuacion-de-tobias-garcia-en-torneo-de-golf-de-cnel-suarez\/#primaryimage"},"image":{"@id":"https:\/\/www.noticiasradioreflejos.com.ar\/2021\/destacada-actuacion-de-tobias-garcia-en-torneo-de-golf-de-cnel-suarez\/#primaryimage"},"thumbnailUrl":"https:\/\/www.noticiasradioreflejos.com.ar\/2021\/wp-content\/uploads\/2026\/09\/tobi-garcia-1.jpeg","datePublished":"2026-09-06T14:46:02+00:00","dateModified":"2026-09-06T14:47:20+00:00","author":{"@id":"https:\/\/www.noticiasradioreflejos.com.ar\/2021\/#\/schema\/person\/ad82545263dcc5ec0996818884fd5fb1"},"breadcrumb":{"@id":"https:\/\/www.noticiasradioreflejos.com.ar\/2021\/destacada-actuacion-de-tobias-garcia-en-torneo-de-golf-de-cnel-suarez\/#breadcrumb"},"inLanguage":"es","potentialAction":[{"@type":"ReadAction","target":["https:\/\/www.noticiasradioreflejos.com.ar\/2021\/destacada-actuacion-de-tobias-garcia-en-torneo-de-golf-de-cnel-suarez\/"]}]},{"@type":"ImageObject","inLanguage":"es","@id":"https:\/\/www.noticiasradioreflejos.com.ar\/2021\/destacada-actuacion-de-tobias-garcia-en-torneo-de-golf-de-cnel-suarez\/#primaryimage","url":"https:\/\/www.noticiasradioreflejos.com.ar\/2021\/wp-content\/uploads\/2026\/09\/tobi-garcia-1.jpeg","contentUrl":"https:\/\/www.noticiasradioreflejos.com.ar\/2021\/wp-content\/uploads\/2026\/09\/tobi-garcia-1.jpeg","width":1200,"height":1600},{"@type":"BreadcrumbList","@id":"https:\/\/www.noticiasradioreflejos.com.ar\/2021\/destacada-actuacion-de-tobias-garcia-en-torneo-de-golf-de-cnel-suarez\/#breadcrumb","itemListElement":[{"@type":"ListItem","position":1,"name":"Portada","item":"https:\/\/www.noticiasradioreflejos.com.ar\/2021\/"},{"@type":"ListItem","position":2,"name":"Destacada actuaci\u00f3n de Tob\u00edas Garc\u00eda en Torneo de Golf en Cnel. Suarez"}]},{"@type":"WebSite","@id":"https:\/\/www.noticiasradioreflejos.com.ar\/2021\/#website","url":"https:\/\/www.noticiasradioreflejos.com.ar\/2021\/","name":"Noticias Radio Reflejos","description":"Las noticias de mi comarca","potentialAction":[{"@type":"SearchAction","target":{"@type":"EntryPoint","urlTemplate":"https:\/\/www.noticiasradioreflejos.com.ar\/2021\/?s={search_term_string}"},"query-input":{"@type":"PropertyValueSpecification","valueRequired":true,"valueName":"search_term_string"}}],"inLanguage":"es"},{"@type":"Person","@id":"https:\/\/www.noticiasradioreflejos.com.ar\/2021\/#\/schema\/person\/ad82545263dcc5ec0996818884fd5fb1","name":"Arnaldo Botto","image":{"@type":"ImageObject","inLanguage":"es","@id":"https:\/\/www.noticiasradioreflejos.com.ar\/2021\/#\/schema\/person\/image\/","url":"https:\/\/secure.gravatar.com\/avatar\/55cb5e37c1efa326397366e6974cb338056df65cb50e7d64d1cf314e87504837?s=96&d=mm&r=g","contentUrl":"https:\/\/secure.gravatar.com\/avatar\/55cb5e37c1efa326397366e6974cb338056df65cb50e7d64d1cf314e87504837?s=96&d=mm&r=g","caption":"Arnaldo Botto"},"url":"https:\/\/www.noticiasradioreflejos.com.ar\/2021\/author\/arnaldo\/"}]}},"_links":{"self":[{"href":"https:\/\/www.noticiasradioreflejos.com.ar\/2021\/wp-json\/wp\/v2\/posts\/143148","targetHints":{"allow":["GET"]}}],"collection":[{"href":"https:\/\/www.noticiasradioreflejos.com.ar\/2021\/wp-json\/wp\/v2\/posts"}],"about":[{"href":"https:\/\/www.noticiasradioreflejos.com.ar\/2021\/wp-json\/wp\/v2\/types\/post"}],"author":[{"embeddable":true,"href":"https:\/\/www.noticiasradioreflejos.com.ar\/2021\/wp-json\/wp\/v2\/users\/3"}],"replies":[{"embeddable":true,"href":"https:\/\/www.noticiasradioreflejos.com.ar\/2021\/wp-json\/wp\/v2\/comments?post=143148"}],"version-history":[{"count":4,"href":"https:\/\/www.noticiasradioreflejos.com.ar\/2021\/wp-json\/wp\/v2\/posts\/143148\/revisions"}],"predecessor-version":[{"id":143154,"href":"https:\/\/www.noticiasradioreflejos.com.ar\/2021\/wp-json\/wp\/v2\/posts\/143148\/revisions\/143154"}],"wp:featuredmedia":[{"embeddable":true,"href":"https:\/\/www.noticiasradioreflejos.com.ar\/2021\/wp-json\/wp\/v2\/media\/143149"}],"wp:attachment":[{"href":"https:\/\/www.noticiasradioreflejos.com.ar\/2021\/wp-json\/wp\/v2\/media?parent=143148"}],"wp:term":[{"taxonomy":"category","embeddable":true,"href":"https:\/\/www.noticiasradioreflejos.com.ar\/2021\/wp-json\/wp\/v2\/categories?post=143148"},{"taxonomy":"post_tag","embeddable":true,"href":"https:\/\/www.noticiasradioreflejos.com.ar\/2021\/wp-json\/wp\/v2\/tags?post=143148"}],"curies":[{"name":"wp","href":"https:\/\/api.w.org\/{rel}","templated":true}]}}